{"id":96178,"date":"2022-10-12T00:35:37","date_gmt":"2022-10-12T00:35:37","guid":{"rendered":"https:\/\/quehacerpolitico.mx\/?p=96178"},"modified":"2022-10-12T00:35:41","modified_gmt":"2022-10-12T00:35:41","slug":"adios-ricardo-pelaez-sale-de-chivas","status":"publish","type":"post","link":"https:\/\/quehacerpolitico.mx\/?p=96178","title":{"rendered":"Adi\u00f3s Ricardo Pel\u00e1ez sale de Chivas"},"content":{"rendered":"\n<p>Por Redacci\u00f3n QP<\/p>\n\n\n\n<p>Ricardo Pel\u00e1ez anunci\u00f3 su salida de las Chivas tras consumar un fracaso m\u00e1s<\/p>\n\n\n\n<p><strong>Ricardo Pel\u00e1ez\u00a0<\/strong>en conferencia de prensa anunci\u00f3 su salida de\u00a0<strong>Chivas\u00a0<\/strong>y\u00a0as\u00ed termina una gesti\u00f3n marcada por el fracaso.\u00a0La eliminaci\u00f3n m\u00e1s reciente del\u00a0<strong>Reba\u00f1o Sagrado\u00a0<\/strong>en el\u00a0<strong>Repechaje\u00a0<\/strong>ha sido la gota que derram\u00f3 el vaso y hoy se ha tomado la primera decisi\u00f3n importante en el\u00a0<strong>equipo\u00a0<\/strong>derivado de ello.<\/p>\n\n\n\n<figure class=\"wp-block-embed is-type-rich is-provider-twitter wp-block-embed-twitter\"><div class=\"wp-block-embed__wrapper\">\n<blockquote class=\"twitter-tweet\" data-width=\"550\" data-dnt=\"true\"><p lang=\"es\" dir=\"ltr\">Agradecemos a Ricardo Pel\u00e1ez por su compromiso con el Club Deportivo Guadalajara y le deseamos \u00e9xito en sus futuros proyectos. <br>\u27a1\ufe0f <a href=\"https:\/\/t.co\/KJqNpojooG\">https:\/\/t.co\/KJqNpojooG<\/a> <a href=\"https:\/\/t.co\/eXx6UpHJG2\">pic.twitter.com\/eXx6UpHJG2<\/a><\/p>&mdash; CHIVAS (@Chivas) <a href=\"https:\/\/twitter.com\/Chivas\/status\/1579970738551132160?ref_src=twsrc%5Etfw\">October 11, 2022<\/a><\/blockquote><script async src=\"https:\/\/platform.twitter.com\/widgets.js\" charset=\"utf-8\"><\/script>\n<\/div><\/figure>\n\n\n\n<p>El hasta ahora director deportivo de\u00a0<strong>Chivas<\/strong>, se despidi\u00f3 en conferencia de prensa y reconoci\u00f3 que fracas\u00f3 durante su paso por el\u00a0<strong>Guadalajara<\/strong>.<\/p>\n\n\n\n<p>El hasta ahora director deportivo de\u00a0<strong>Chivas<\/strong>, se despidi\u00f3 en conferencia de prensa y reconoci\u00f3 que fracas\u00f3 durante su paso por el\u00a0<strong>Guadalajara<\/strong>.<\/p>\n\n\n\n<p><strong>Ricardo Pel\u00e1ez\u00a0<\/strong>tambi\u00e9n agradeci\u00f3 a su familia, a\u00a0<strong>Amaury Vergara,\u00a0<\/strong>a la afici\u00f3n<strong>\u00a0<\/strong>e incluso a los clubes en los que estuvo porque cree que toda esta etapa ha sido de aprendizaje y hoy cree que es un hombre m\u00e1s preparado.\u00a0<\/p>\n\n\n\n<p><strong>Ricardo Pel\u00e1ez\u00a0<\/strong>estuvo al frente de las\u00a0<strong>Chivas\u00a0<\/strong>durante 6\u00a0torneos y aunque en un principio su discurso fue que jam\u00e1s se volver\u00eda a hablar de descensos ni de derrotas en el\u00a0<strong>Reba\u00f1o Sagrado<\/strong>, la realidad fue bien distinta, pues en 3 de esos 6\u00a0torneos, el\u00a0<strong>Guadalajara\u00a0<\/strong>cay\u00f3 eliminado en el\u00a0<strong>Repechaje<\/strong>.<\/p>\n\n\n\n<figure class=\"wp-block-embed is-type-video is-provider-youtube wp-block-embed-youtube wp-embed-aspect-16-9 wp-has-aspect-ratio\"><div class=\"wp-block-embed__wrapper\">\n<iframe loading=\"lazy\" title=\"EN VIVO | Conferencia de Prensa con Ricardo Pel\u00e1ez | Chivas | Apertura 2022\" width=\"640\" height=\"360\" src=\"https:\/\/www.youtube.com\/embed\/EQIdQZWcTL0?feature=oembed\" frameborder=\"0\" allow=\"accelerometer; autoplay; clipboard-write; encrypted-media; gyroscope; picture-in-picture; web-share\" referrerpolicy=\"strict-origin-when-cross-origin\" allowfullscreen><\/iframe>\n<\/div><\/figure>\n\n\n\n<p>Durante la era de&nbsp;<strong>Ricardo Pel\u00e1ez<\/strong>,&nbsp;<strong>Chivas&nbsp;<\/strong>hizo un importante desembolso econ\u00f3mico para armar un plantel plagado de jugadores que a priori pintaban para llevar al equipo a los t\u00edtulos que promet\u00eda su director deportivo, sin embargo, muchos de esos futbolistas se diluyeron y no trascendieron en el&nbsp;<strong>Reba\u00f1o<\/strong>.&nbsp;<strong>Pel\u00e1ez&nbsp;<\/strong>y compa\u00f1\u00eda fueron incapaces de controlar la disciplina dentro del plantel una y otra vez.&nbsp;<\/p>\n\n\n\n<h2 class=\"wp-block-heading\">Coleccionista de fracasos&nbsp;<\/h2>\n\n\n\n<p><strong>Ricardo Pel\u00e1ez\u00a0<\/strong>lleg\u00f3 al\u00a0<strong>Guadalajara\u00a0<\/strong>como uno de los mejores directivos del futbol mexicano durante los \u00faltimos a\u00f1os, sin embargo, desde que arrib\u00f3 a las\u00a0<strong>Chivas\u00a0<\/strong>el ex futbolista se ha convertido en un especialista en fracasos.<\/p>\n\n\n\n<p>Seis torneos se han ido desde que asumi\u00f3 el reto de gestionar al equipo rojiblanco, pero dejando de lado el\u00a0<strong>Clausura 2020\u00a0<\/strong>que se suspendi\u00f3 por pandemia, el director deportivo del Guadalajara ha estado lejos de cumplir con sus promesas en un total de cinco torneos.<\/p>\n\n\n\n<p>Con la eliminaci\u00f3n m\u00e1s reciente a manos del&nbsp;<strong>Puebla<\/strong>, el&nbsp;<strong>Reba\u00f1o&nbsp;<\/strong>dej\u00f3 escapar, una vez m\u00e1s, la posibilidad de disputar dos&nbsp;<strong>Liguillas&nbsp;<\/strong>consecutivas, situaci\u00f3n que no ha acontecido desde que&nbsp;<strong>Ricardo Pel\u00e1ez&nbsp;<\/strong>asumi\u00f3 el puesto de director deportivo del&nbsp;<strong>Guadalajara<\/strong>.<\/p>\n\n\n\n<figure class=\"wp-block-image\"><img decoding=\"async\" src=\"https:\/\/www.informador.mx\/export\/sites\/elinformador\/img\/2022\/10\/11\/imago-1203762.jpg_348344665.jpg\" alt=\"\" title=\"\"\/><figcaption>IMAGO7&nbsp;<\/figcaption><\/figure>\n\n\n\n<h2 class=\"wp-block-heading\">En Resumen<\/h2>\n\n\n\n<h4 class=\"wp-block-heading\">Una gesti\u00f3n con resultados de terror<\/h4>\n\n\n\n<ul class=\"wp-block-list\"><li>Tres a\u00f1os al mando del club<\/li><li>Una eliminaci\u00f3n de Copa MX en penales<\/li><li>Dos Liguillas en cinco torneos completos<\/li><li>Una Semifinal<\/li><li>Unos Cuartos de Final<\/li><li>Tres eliminaciones en Repechaje<\/li><li>Cuatro entrenadores<\/li><li>Ninguna clasificaci\u00f3n directa a Liguilla<\/li><\/ul>\n","protected":false},"excerpt":{"rendered":"<p>Por Redacci\u00f3n QP Ricardo Pel\u00e1ez anunci\u00f3 su salida de las Chivas tras consumar un fracaso&#8230;<\/p>\n","protected":false},"author":2,"featured_media":96179,"comment_status":"open","ping_status":"open","sticky":false,"template":"","format":"standard","meta":{"_monsterinsights_skip_tracking":false,"_monsterinsights_sitenote_active":false,"_monsterinsights_sitenote_note":"","_monsterinsights_sitenote_category":0,"footnotes":""},"categories":[54],"tags":[],"class_list":["post-96178","post","type-post","status-publish","format-standard","has-post-thumbnail","hentry","category-deportes"],"yoast_head":"<!-- This site is optimized with the Yoast SEO plugin v27.3 - https:\/\/yoast.com\/product\/yoast-seo-wordpress\/ -->\n<title>Adi\u00f3s Ricardo Pel\u00e1ez sale de Chivas -<\/title>\n<meta name=\"robots\" content=\"index, follow, max-snippet:-1, max-image-preview:large, max-video-preview:-1\" \/>\n<link rel=\"canonical\" href=\"https:\/\/quehacerpolitico.mx\/?p=96178\" \/>\n<meta property=\"og:locale\" content=\"es_MX\" \/>\n<meta property=\"og:type\" content=\"article\" \/>\n<meta property=\"og:title\" content=\"Adi\u00f3s Ricardo Pel\u00e1ez sale de Chivas -\" \/>\n<meta property=\"og:description\" content=\"Por Redacci\u00f3n QP Ricardo Pel\u00e1ez anunci\u00f3 su salida de las Chivas tras consumar un fracaso...\" \/>\n<meta property=\"og:url\" content=\"https:\/\/quehacerpolitico.mx\/?p=96178\" \/>\n<meta property=\"article:published_time\" content=\"2022-10-12T00:35:37+00:00\" \/>\n<meta property=\"article:modified_time\" content=\"2022-10-12T00:35:41+00:00\" \/>\n<meta property=\"og:image\" content=\"https:\/\/quehacerpolitico.mx\/wp-content\/uploads\/2022\/10\/9D719C6B-2C8E-41DB-98B2-DE272FF5A80C.jpeg\" \/>\n\t<meta property=\"og:image:width\" content=\"1284\" \/>\n\t<meta property=\"og:image:height\" content=\"719\" \/>\n\t<meta property=\"og:image:type\" content=\"image\/jpeg\" \/>\n<meta name=\"author\" content=\"Redacci\u00f3n QP\" \/>\n<meta name=\"twitter:card\" content=\"summary_large_image\" \/>\n<meta name=\"twitter:label1\" content=\"Escrito por\" \/>\n\t<meta name=\"twitter:data1\" content=\"Redacci\u00f3n QP\" \/>\n\t<meta name=\"twitter:label2\" content=\"Tiempo de lectura\" \/>\n\t<meta name=\"twitter:data2\" content=\"3 minutos\" \/>\n<script type=\"application\/ld+json\" class=\"yoast-schema-graph\">{\"@context\":\"https:\\\/\\\/schema.org\",\"@graph\":[{\"@type\":\"Article\",\"@id\":\"https:\\\/\\\/quehacerpolitico.mx\\\/?p=96178#article\",\"isPartOf\":{\"@id\":\"https:\\\/\\\/quehacerpolitico.mx\\\/?p=96178\"},\"author\":{\"name\":\"Redacci\u00f3n QP\",\"@id\":\"https:\\\/\\\/quehacerpolitico.mx\\\/#\\\/schema\\\/person\\\/496d8ad2d1d3f8036101dca7ee39e585\"},\"headline\":\"Adi\u00f3s Ricardo Pel\u00e1ez sale de Chivas\",\"datePublished\":\"2022-10-12T00:35:37+00:00\",\"dateModified\":\"2022-10-12T00:35:41+00:00\",\"mainEntityOfPage\":{\"@id\":\"https:\\\/\\\/quehacerpolitico.mx\\\/?p=96178\"},\"wordCount\":517,\"commentCount\":0,\"image\":{\"@id\":\"https:\\\/\\\/quehacerpolitico.mx\\\/?p=96178#primaryimage\"},\"thumbnailUrl\":\"https:\\\/\\\/quehacerpolitico.mx\\\/wp-content\\\/uploads\\\/2022\\\/10\\\/9D719C6B-2C8E-41DB-98B2-DE272FF5A80C.jpeg\",\"articleSection\":[\"Deportes\"],\"inLanguage\":\"es\",\"potentialAction\":[{\"@type\":\"CommentAction\",\"name\":\"Comment\",\"target\":[\"https:\\\/\\\/quehacerpolitico.mx\\\/?p=96178#respond\"]}]},{\"@type\":\"WebPage\",\"@id\":\"https:\\\/\\\/quehacerpolitico.mx\\\/?p=96178\",\"url\":\"https:\\\/\\\/quehacerpolitico.mx\\\/?p=96178\",\"name\":\"Adi\u00f3s Ricardo Pel\u00e1ez sale de Chivas -\",\"isPartOf\":{\"@id\":\"https:\\\/\\\/quehacerpolitico.mx\\\/#website\"},\"primaryImageOfPage\":{\"@id\":\"https:\\\/\\\/quehacerpolitico.mx\\\/?p=96178#primaryimage\"},\"image\":{\"@id\":\"https:\\\/\\\/quehacerpolitico.mx\\\/?p=96178#primaryimage\"},\"thumbnailUrl\":\"https:\\\/\\\/quehacerpolitico.mx\\\/wp-content\\\/uploads\\\/2022\\\/10\\\/9D719C6B-2C8E-41DB-98B2-DE272FF5A80C.jpeg\",\"datePublished\":\"2022-10-12T00:35:37+00:00\",\"dateModified\":\"2022-10-12T00:35:41+00:00\",\"author\":{\"@id\":\"https:\\\/\\\/quehacerpolitico.mx\\\/#\\\/schema\\\/person\\\/496d8ad2d1d3f8036101dca7ee39e585\"},\"breadcrumb\":{\"@id\":\"https:\\\/\\\/quehacerpolitico.mx\\\/?p=96178#breadcrumb\"},\"inLanguage\":\"es\",\"potentialAction\":[{\"@type\":\"ReadAction\",\"target\":[\"https:\\\/\\\/quehacerpolitico.mx\\\/?p=96178\"]}]},{\"@type\":\"ImageObject\",\"inLanguage\":\"es\",\"@id\":\"https:\\\/\\\/quehacerpolitico.mx\\\/?p=96178#primaryimage\",\"url\":\"https:\\\/\\\/quehacerpolitico.mx\\\/wp-content\\\/uploads\\\/2022\\\/10\\\/9D719C6B-2C8E-41DB-98B2-DE272FF5A80C.jpeg\",\"contentUrl\":\"https:\\\/\\\/quehacerpolitico.mx\\\/wp-content\\\/uploads\\\/2022\\\/10\\\/9D719C6B-2C8E-41DB-98B2-DE272FF5A80C.jpeg\",\"width\":1284,\"height\":719},{\"@type\":\"BreadcrumbList\",\"@id\":\"https:\\\/\\\/quehacerpolitico.mx\\\/?p=96178#breadcrumb\",\"itemListElement\":[{\"@type\":\"ListItem\",\"position\":1,\"name\":\"Inicio\",\"item\":\"https:\\\/\\\/quehacerpolitico.mx\\\/\"},{\"@type\":\"ListItem\",\"position\":2,\"name\":\"Adi\u00f3s Ricardo Pel\u00e1ez sale de Chivas\"}]},{\"@type\":\"WebSite\",\"@id\":\"https:\\\/\\\/quehacerpolitico.mx\\\/#website\",\"url\":\"https:\\\/\\\/quehacerpolitico.mx\\\/\",\"name\":\"\",\"description\":\"\",\"potentialAction\":[{\"@type\":\"SearchAction\",\"target\":{\"@type\":\"EntryPoint\",\"urlTemplate\":\"https:\\\/\\\/quehacerpolitico.mx\\\/?s={search_term_string}\"},\"query-input\":{\"@type\":\"PropertyValueSpecification\",\"valueRequired\":true,\"valueName\":\"search_term_string\"}}],\"inLanguage\":\"es\"},{\"@type\":\"Person\",\"@id\":\"https:\\\/\\\/quehacerpolitico.mx\\\/#\\\/schema\\\/person\\\/496d8ad2d1d3f8036101dca7ee39e585\",\"name\":\"Redacci\u00f3n QP\",\"image\":{\"@type\":\"ImageObject\",\"inLanguage\":\"es\",\"@id\":\"https:\\\/\\\/secure.gravatar.com\\\/avatar\\\/c7164ed6fdec453195284ad24a5ae5b6e1eed2b848477fa2a4787ba9adf39a41?s=96&d=mm&r=g\",\"url\":\"https:\\\/\\\/secure.gravatar.com\\\/avatar\\\/c7164ed6fdec453195284ad24a5ae5b6e1eed2b848477fa2a4787ba9adf39a41?s=96&d=mm&r=g\",\"contentUrl\":\"https:\\\/\\\/secure.gravatar.com\\\/avatar\\\/c7164ed6fdec453195284ad24a5ae5b6e1eed2b848477fa2a4787ba9adf39a41?s=96&d=mm&r=g\",\"caption\":\"Redacci\u00f3n QP\"},\"url\":\"https:\\\/\\\/quehacerpolitico.mx\\\/?author=2\"}]}<\/script>\n<!-- \/ Yoast SEO plugin. -->","yoast_head_json":{"title":"Adi\u00f3s Ricardo Pel\u00e1ez sale de Chivas -","robots":{"index":"index","follow":"follow","max-snippet":"max-snippet:-1","max-image-preview":"max-image-preview:large","max-video-preview":"max-video-preview:-1"},"canonical":"https:\/\/quehacerpolitico.mx\/?p=96178","og_locale":"es_MX","og_type":"article","og_title":"Adi\u00f3s Ricardo Pel\u00e1ez sale de Chivas -","og_description":"Por Redacci\u00f3n QP Ricardo Pel\u00e1ez anunci\u00f3 su salida de las Chivas tras consumar un fracaso...","og_url":"https:\/\/quehacerpolitico.mx\/?p=96178","article_published_time":"2022-10-12T00:35:37+00:00","article_modified_time":"2022-10-12T00:35:41+00:00","og_image":[{"width":1284,"height":719,"url":"https:\/\/quehacerpolitico.mx\/wp-content\/uploads\/2022\/10\/9D719C6B-2C8E-41DB-98B2-DE272FF5A80C.jpeg","type":"image\/jpeg"}],"author":"Redacci\u00f3n QP","twitter_card":"summary_large_image","twitter_misc":{"Escrito por":"Redacci\u00f3n QP","Tiempo de lectura":"3 minutos"},"schema":{"@context":"https:\/\/schema.org","@graph":[{"@type":"Article","@id":"https:\/\/quehacerpolitico.mx\/?p=96178#article","isPartOf":{"@id":"https:\/\/quehacerpolitico.mx\/?p=96178"},"author":{"name":"Redacci\u00f3n QP","@id":"https:\/\/quehacerpolitico.mx\/#\/schema\/person\/496d8ad2d1d3f8036101dca7ee39e585"},"headline":"Adi\u00f3s Ricardo Pel\u00e1ez sale de Chivas","datePublished":"2022-10-12T00:35:37+00:00","dateModified":"2022-10-12T00:35:41+00:00","mainEntityOfPage":{"@id":"https:\/\/quehacerpolitico.mx\/?p=96178"},"wordCount":517,"commentCount":0,"image":{"@id":"https:\/\/quehacerpolitico.mx\/?p=96178#primaryimage"},"thumbnailUrl":"https:\/\/quehacerpolitico.mx\/wp-content\/uploads\/2022\/10\/9D719C6B-2C8E-41DB-98B2-DE272FF5A80C.jpeg","articleSection":["Deportes"],"inLanguage":"es","potentialAction":[{"@type":"CommentAction","name":"Comment","target":["https:\/\/quehacerpolitico.mx\/?p=96178#respond"]}]},{"@type":"WebPage","@id":"https:\/\/quehacerpolitico.mx\/?p=96178","url":"https:\/\/quehacerpolitico.mx\/?p=96178","name":"Adi\u00f3s Ricardo Pel\u00e1ez sale de Chivas -","isPartOf":{"@id":"https:\/\/quehacerpolitico.mx\/#website"},"primaryImageOfPage":{"@id":"https:\/\/quehacerpolitico.mx\/?p=96178#primaryimage"},"image":{"@id":"https:\/\/quehacerpolitico.mx\/?p=96178#primaryimage"},"thumbnailUrl":"https:\/\/quehacerpolitico.mx\/wp-content\/uploads\/2022\/10\/9D719C6B-2C8E-41DB-98B2-DE272FF5A80C.jpeg","datePublished":"2022-10-12T00:35:37+00:00","dateModified":"2022-10-12T00:35:41+00:00","author":{"@id":"https:\/\/quehacerpolitico.mx\/#\/schema\/person\/496d8ad2d1d3f8036101dca7ee39e585"},"breadcrumb":{"@id":"https:\/\/quehacerpolitico.mx\/?p=96178#breadcrumb"},"inLanguage":"es","potentialAction":[{"@type":"ReadAction","target":["https:\/\/quehacerpolitico.mx\/?p=96178"]}]},{"@type":"ImageObject","inLanguage":"es","@id":"https:\/\/quehacerpolitico.mx\/?p=96178#primaryimage","url":"https:\/\/quehacerpolitico.mx\/wp-content\/uploads\/2022\/10\/9D719C6B-2C8E-41DB-98B2-DE272FF5A80C.jpeg","contentUrl":"https:\/\/quehacerpolitico.mx\/wp-content\/uploads\/2022\/10\/9D719C6B-2C8E-41DB-98B2-DE272FF5A80C.jpeg","width":1284,"height":719},{"@type":"BreadcrumbList","@id":"https:\/\/quehacerpolitico.mx\/?p=96178#breadcrumb","itemListElement":[{"@type":"ListItem","position":1,"name":"Inicio","item":"https:\/\/quehacerpolitico.mx\/"},{"@type":"ListItem","position":2,"name":"Adi\u00f3s Ricardo Pel\u00e1ez sale de Chivas"}]},{"@type":"WebSite","@id":"https:\/\/quehacerpolitico.mx\/#website","url":"https:\/\/quehacerpolitico.mx\/","name":"","description":"","potentialAction":[{"@type":"SearchAction","target":{"@type":"EntryPoint","urlTemplate":"https:\/\/quehacerpolitico.mx\/?s={search_term_string}"},"query-input":{"@type":"PropertyValueSpecification","valueRequired":true,"valueName":"search_term_string"}}],"inLanguage":"es"},{"@type":"Person","@id":"https:\/\/quehacerpolitico.mx\/#\/schema\/person\/496d8ad2d1d3f8036101dca7ee39e585","name":"Redacci\u00f3n QP","image":{"@type":"ImageObject","inLanguage":"es","@id":"https:\/\/secure.gravatar.com\/avatar\/c7164ed6fdec453195284ad24a5ae5b6e1eed2b848477fa2a4787ba9adf39a41?s=96&d=mm&r=g","url":"https:\/\/secure.gravatar.com\/avatar\/c7164ed6fdec453195284ad24a5ae5b6e1eed2b848477fa2a4787ba9adf39a41?s=96&d=mm&r=g","contentUrl":"https:\/\/secure.gravatar.com\/avatar\/c7164ed6fdec453195284ad24a5ae5b6e1eed2b848477fa2a4787ba9adf39a41?s=96&d=mm&r=g","caption":"Redacci\u00f3n QP"},"url":"https:\/\/quehacerpolitico.mx\/?author=2"}]}},"featured_image_urls":{"full":["https:\/\/quehacerpolitico.mx\/wp-content\/uploads\/2022\/10\/9D719C6B-2C8E-41DB-98B2-DE272FF5A80C.jpeg",1284,719,false],"thumbnail":["https:\/\/quehacerpolitico.mx\/wp-content\/uploads\/2022\/10\/9D719C6B-2C8E-41DB-98B2-DE272FF5A80C-150x150.jpeg",150,150,true],"medium":["https:\/\/quehacerpolitico.mx\/wp-content\/uploads\/2022\/10\/9D719C6B-2C8E-41DB-98B2-DE272FF5A80C-300x168.jpeg",300,168,true],"medium_large":["https:\/\/quehacerpolitico.mx\/wp-content\/uploads\/2022\/10\/9D719C6B-2C8E-41DB-98B2-DE272FF5A80C-768x430.jpeg",640,358,true],"large":["https:\/\/quehacerpolitico.mx\/wp-content\/uploads\/2022\/10\/9D719C6B-2C8E-41DB-98B2-DE272FF5A80C-1024x573.jpeg",640,358,true],"1536x1536":["https:\/\/quehacerpolitico.mx\/wp-content\/uploads\/2022\/10\/9D719C6B-2C8E-41DB-98B2-DE272FF5A80C.jpeg",1284,719,false],"2048x2048":["https:\/\/quehacerpolitico.mx\/wp-content\/uploads\/2022\/10\/9D719C6B-2C8E-41DB-98B2-DE272FF5A80C.jpeg",1284,719,false],"covernews-featured":["https:\/\/quehacerpolitico.mx\/wp-content\/uploads\/2022\/10\/9D719C6B-2C8E-41DB-98B2-DE272FF5A80C.jpeg",1024,573,false],"covernews-medium":["https:\/\/quehacerpolitico.mx\/wp-content\/uploads\/2022\/10\/9D719C6B-2C8E-41DB-98B2-DE272FF5A80C.jpeg",540,302,false]},"author_info":{"display_name":"Redacci\u00f3n QP","author_link":"https:\/\/quehacerpolitico.mx\/?author=2"},"category_info":"<a href=\"https:\/\/quehacerpolitico.mx\/?cat=54\" rel=\"category\">Deportes<\/a>","tag_info":"Deportes","comment_count":"0","_links":{"self":[{"href":"https:\/\/quehacerpolitico.mx\/index.php?rest_route=\/wp\/v2\/posts\/96178","targetHints":{"allow":["GET"]}}],"collection":[{"href":"https:\/\/quehacerpolitico.mx\/index.php?rest_route=\/wp\/v2\/posts"}],"about":[{"href":"https:\/\/quehacerpolitico.mx\/index.php?rest_route=\/wp\/v2\/types\/post"}],"author":[{"embeddable":true,"href":"https:\/\/quehacerpolitico.mx\/index.php?rest_route=\/wp\/v2\/users\/2"}],"replies":[{"embeddable":true,"href":"https:\/\/quehacerpolitico.mx\/index.php?rest_route=%2Fwp%2Fv2%2Fcomments&post=96178"}],"version-history":[{"count":1,"href":"https:\/\/quehacerpolitico.mx\/index.php?rest_route=\/wp\/v2\/posts\/96178\/revisions"}],"predecessor-version":[{"id":96180,"href":"https:\/\/quehacerpolitico.mx\/index.php?rest_route=\/wp\/v2\/posts\/96178\/revisions\/96180"}],"wp:featuredmedia":[{"embeddable":true,"href":"https:\/\/quehacerpolitico.mx\/index.php?rest_route=\/wp\/v2\/media\/96179"}],"wp:attachment":[{"href":"https:\/\/quehacerpolitico.mx\/index.php?rest_route=%2Fwp%2Fv2%2Fmedia&parent=96178"}],"wp:term":[{"taxonomy":"category","embeddable":true,"href":"https:\/\/quehacerpolitico.mx\/index.php?rest_route=%2Fwp%2Fv2%2Fcategories&post=96178"},{"taxonomy":"post_tag","embeddable":true,"href":"https:\/\/quehacerpolitico.mx\/index.php?rest_route=%2Fwp%2Fv2%2Ftags&post=96178"}],"curies":[{"name":"wp","href":"https:\/\/api.w.org\/{rel}","templated":true}]}}