{"id":96173,"date":"2022-10-11T23:13:53","date_gmt":"2022-10-11T23:13:53","guid":{"rendered":"https:\/\/quehacerpolitico.mx\/?p=96173"},"modified":"2022-10-11T23:13:57","modified_gmt":"2022-10-11T23:13:57","slug":"mexico-necesita-de-vivienda-sustentable","status":"publish","type":"post","link":"https:\/\/quehacerpolitico.mx\/?p=96173","title":{"rendered":"Mexico necesita de vivienda sustentable"},"content":{"rendered":"\n<p>Por Redacci\u00f3n NotiExpress | La Revista del Sector Inmobiliario<\/p>\n\n\n\n<p>Una\u00a0investigaci\u00f3n realizada por E<strong>studios Demogr\u00e1ficos y Urbanos del Colegio de M\u00e9xico<\/strong>\u00a0indica que\u00a0<strong>el 4.62% de las emisiones de CO2 provienen del sector habitacional<\/strong>, de ah\u00ed la<strong>\u00a0importancia de incrementar el n\u00famero de vivienda sustentable<\/strong>, y con ello contribuir a f<strong>renar los efectos del cambio clim\u00e1tico<\/strong><\/p>\n\n\n\n<p>En las \u00faltimas cinco d\u00e9cadas,<strong>&nbsp;el tema de la sustentabilidad ha cobrado relevancia cada vez con mayor intensidad&nbsp;<\/strong>debido al&nbsp;<strong>incremento de la contaminaci\u00f3n ambiental y a sus efectos asociados con el cambio clim\u00e1tico.<\/strong><\/p>\n\n\n\n<p>Simult\u00e1neamente,\u00a0<strong>el desarrollo tecnol\u00f3gico ha buscado cambiar la relaci\u00f3n ser humano-naturaleza<\/strong>\u00a0al modificar las formas tradicionales de extracci\u00f3n y transformaci\u00f3n de los recursos naturales desde diferentes perspectivas y modelos.<\/p>\n\n\n\n<figure class=\"wp-block-image\"><img decoding=\"async\" src=\"https:\/\/inmobiliare.com\/himalaya\/wp-content\/uploads\/2021\/06\/vivienda-sustentable-eolica-1024x576.jpg\" alt=\"\"\/><\/figure>\n\n\n\n<h3 class=\"wp-block-heading\">Ecotecnolog\u00edas para una vivienda sustentable<\/h3>\n\n\n\n<p><strong>Las ecotecnolog\u00edas para la vivienda son dispositivos con potencial para reducir emisiones de gases de efecto invernadero, as\u00ed como para ahorrar.<\/strong>\u00a0Estos instrumentos est\u00e1n<strong>\u00a0cada vez m\u00e1s disponibles en el mercado<\/strong>, sin que se utilicen de manera generalizada en las viviendas de la Ciudad de M\u00e9xico.<\/p>\n\n\n\n<p><strong>Las ventajas generales que se derivan del uso de las ecotecnolog\u00edas en la edificaci\u00f3n son:<\/strong><\/p>\n\n\n\n<ul class=\"wp-block-list\"><li>Reducci\u00f3n de la demanda de combustibles f\u00f3siles y de la emisi\u00f3n de gases de efecto invernadero (GEI).<\/li><li>Prevenci\u00f3n del agotamiento de los recursos naturales.<\/li><li>Eliminaci\u00f3n de residuos que provocan la contaminaci\u00f3n del aire, agua y suelo.<\/li><li>Beneficios asociados con la salud humana.<\/li><li>Confort clim\u00e1tico.<\/li><li>Bienestar y calidad de vida.<\/li><li>Ahorro monetario.<\/li><\/ul>\n\n\n\n<p>Dentro de las acciones que se han implementado se encuentran el Sistema de Evaluaci\u00f3n de la Vivienda Verde (<strong>Sisevive-Ecocasa<\/strong>), operado por la Comisi\u00f3n Nacional de Vivienda (<strong>Conavi<\/strong>) y la<strong>\u00a0Hipoteca Verde\u00a0<\/strong>del Infonavit, entre otras.<\/p>\n\n\n\n<figure class=\"wp-block-image size-full\"><img loading=\"lazy\" decoding=\"async\" width=\"663\" height=\"463\" src=\"https:\/\/quehacerpolitico.mx\/wp-content\/uploads\/2022\/10\/image-38.jpeg\" alt=\"\" class=\"wp-image-96175\" srcset=\"https:\/\/quehacerpolitico.mx\/wp-content\/uploads\/2022\/10\/image-38.jpeg 663w, https:\/\/quehacerpolitico.mx\/wp-content\/uploads\/2022\/10\/image-38-300x210.jpeg 300w, https:\/\/quehacerpolitico.mx\/wp-content\/uploads\/2022\/10\/image-38-209x146.jpeg 209w, https:\/\/quehacerpolitico.mx\/wp-content\/uploads\/2022\/10\/image-38-50x35.jpeg 50w, https:\/\/quehacerpolitico.mx\/wp-content\/uploads\/2022\/10\/image-38-107x75.jpeg 107w\" sizes=\"auto, (max-width: 663px) 100vw, 663px\" \/><\/figure>\n\n\n\n<p>Adicionalmente, en el mismo periodo se&nbsp;<strong>otorgaron alrededor de 1,425,000 cr\u00e9ditos de Hipoteca Verde del Instituto del Fondo Nacional de la Vivienda para los Trabajadores.<\/strong><\/p>\n\n\n\n<p><strong>Las viviendas con calentadores solares de agua<\/strong>&nbsp;instalados en&nbsp;<strong>2018&nbsp;<\/strong>iban desde&nbsp;<strong>2% para la regi\u00f3n c\u00e1lida extrema, hasta 20% para la regi\u00f3n templada<\/strong>&nbsp;(la Ciudad de M\u00e9xico corresponde a esta \u00faltima),&nbsp;<strong>y solo 0.55% de los hogares de todo M\u00e9xico en 2015 ten\u00edan paneles fotovoltaicos.<\/strong><\/p>\n\n\n\n<p>Con todo lo anterior, y&nbsp;<strong>a pesar de que el Infonavit financia anualmente alrededor de 350,000 viviendas con Hipoteca Verde en el pa\u00eds<\/strong>, la cobertura de los programas de car\u00e1cter federal no tiene alcance significativo en la Ciudad de M\u00e9xico (alrededor de 2% para la Hipoteca Verde y menos de 1% para el Sisevive).<\/p>\n\n\n\n<p><strong>Las cifras que se muestran no son alentadora<\/strong>s cuando se sabe que de los\u00a0<strong>31.95 millones de viviendas que exist\u00edan en M\u00e9xico en 2015, 64.2% fueron construidas por autoproducci\u00f3n<\/strong>; es decir, con el presupuesto, el control y la supervisi\u00f3n del propietario.<\/p>\n\n\n\n<figure class=\"wp-block-image\"><img decoding=\"async\" src=\"https:\/\/inmobiliare.com\/himalaya\/wp-content\/uploads\/2021\/06\/vivienda-sustentable-solar-1024x673.jpg\" alt=\"vivienda sustentable\"\/><\/figure>\n\n\n\n<p>Adem\u00e1s,&nbsp;<strong>el Colmex se\u00f1ala que solo alrededor del 13% del total de las viviendas que se producen en M\u00e9xico tienen el potencial de poder implementar los programas que incluyen ecotecnolog\u00edas.<\/strong><\/p>\n\n\n\n<p><strong>Las ecotecnolog\u00edas para la vivienda se vuelven imprescindibles para minimizar los efectos del calentamiento global\u00a0<\/strong>cuando las cifras muestran que el\u00a0<strong>17% de la energ\u00eda final en M\u00e9xico es utilizada por el sector residencial<\/strong>; entre\u00a0<strong>30 y 40% del agua potable en M\u00e9xico es para uso dom\u00e9stico y se producen diariamente 5.85 kg de desechos s\u00f3lidos por vivienda.<\/strong><\/p>\n\n\n\n<p>No se te olvide que?<\/p>\n\n\n\n<p>En\u00a0NotiExpress | La Revista del Sector Inmobiliario nos ocupamos en la difusi\u00f3n de la industria inmobiliaria generamos contenidos que te ayudar\u00e1n a mantenerte a la vanguardia en tecnolog\u00eda y en tendencias del sector inmobiliario para que puedas ofrecer el mejor servicio y generar m\u00e1s clientes.<\/p>\n\n\n\n<p>\u00c9chale una miradita a nuestra revista mensual donde encontrar\u00e1s la informaci\u00f3n precisa y oportuna con todo lo relacionado al sector inmobiliario aqu\u00ed\u00a0?<a href=\"https:\/\/issuu.com\/notiexpressmx\/docs\/notiexpress_07\">https:\/\/issuu.com\/notiexpressmx\/docs\/notiexpress_07\u00a0<\/a>\u00a0NotiExpress | La Revista del Sector Inmobiliario<\/p>\n\n\n\n<figure class=\"wp-block-image size-large\"><img loading=\"lazy\" decoding=\"async\" width=\"1024\" height=\"378\" src=\"https:\/\/quehacerpolitico.mx\/wp-content\/uploads\/2022\/10\/image-37-1024x378.jpeg\" alt=\"\" class=\"wp-image-96174\" srcset=\"https:\/\/quehacerpolitico.mx\/wp-content\/uploads\/2022\/10\/image-37-1024x378.jpeg 1024w, https:\/\/quehacerpolitico.mx\/wp-content\/uploads\/2022\/10\/image-37-300x111.jpeg 300w, https:\/\/quehacerpolitico.mx\/wp-content\/uploads\/2022\/10\/image-37-768x284.jpeg 768w, https:\/\/quehacerpolitico.mx\/wp-content\/uploads\/2022\/10\/image-37-260x96.jpeg 260w, https:\/\/quehacerpolitico.mx\/wp-content\/uploads\/2022\/10\/image-37-50x18.jpeg 50w, https:\/\/quehacerpolitico.mx\/wp-content\/uploads\/2022\/10\/image-37-150x55.jpeg 150w, https:\/\/quehacerpolitico.mx\/wp-content\/uploads\/2022\/10\/image-37.jpeg 1280w\" sizes=\"auto, (max-width: 1024px) 100vw, 1024px\" \/><\/figure>\n","protected":false},"excerpt":{"rendered":"<p>Por Redacci\u00f3n NotiExpress | La Revista del Sector Inmobiliario Una\u00a0investigaci\u00f3n realizada por Estudios Demogr\u00e1ficos y&#8230;<\/p>\n","protected":false},"author":2,"featured_media":96176,"comment_status":"open","ping_status":"open","sticky":false,"template":"","format":"standard","meta":{"_monsterinsights_skip_tracking":false,"_monsterinsights_sitenote_active":false,"_monsterinsights_sitenote_note":"","_monsterinsights_sitenote_category":0,"footnotes":""},"categories":[56],"tags":[],"class_list":["post-96173","post","type-post","status-publish","format-standard","has-post-thumbnail","hentry","category-economia"],"yoast_head":"<!-- This site is optimized with the Yoast SEO plugin v27.3 - https:\/\/yoast.com\/product\/yoast-seo-wordpress\/ -->\n<title>Mexico necesita de vivienda sustentable -<\/title>\n<meta name=\"robots\" content=\"index, follow, max-snippet:-1, max-image-preview:large, max-video-preview:-1\" \/>\n<link rel=\"canonical\" href=\"https:\/\/quehacerpolitico.mx\/?p=96173\" \/>\n<meta property=\"og:locale\" content=\"es_MX\" \/>\n<meta property=\"og:type\" content=\"article\" \/>\n<meta property=\"og:title\" content=\"Mexico necesita de vivienda sustentable -\" \/>\n<meta property=\"og:description\" content=\"Por Redacci\u00f3n NotiExpress | La Revista del Sector Inmobiliario Una\u00a0investigaci\u00f3n realizada por Estudios Demogr\u00e1ficos y...\" \/>\n<meta property=\"og:url\" content=\"https:\/\/quehacerpolitico.mx\/?p=96173\" \/>\n<meta property=\"article:published_time\" content=\"2022-10-11T23:13:53+00:00\" \/>\n<meta property=\"article:modified_time\" content=\"2022-10-11T23:13:57+00:00\" \/>\n<meta property=\"og:image\" content=\"https:\/\/quehacerpolitico.mx\/wp-content\/uploads\/2022\/10\/9596CBE6-6205-4D5C-AFED-614F2FCD0000.jpeg\" \/>\n\t<meta property=\"og:image:width\" content=\"2046\" \/>\n\t<meta property=\"og:image:height\" content=\"873\" \/>\n\t<meta property=\"og:image:type\" content=\"image\/jpeg\" \/>\n<meta name=\"author\" content=\"Redacci\u00f3n QP\" \/>\n<meta name=\"twitter:card\" content=\"summary_large_image\" \/>\n<meta name=\"twitter:label1\" content=\"Escrito por\" \/>\n\t<meta name=\"twitter:data1\" content=\"Redacci\u00f3n QP\" \/>\n\t<meta name=\"twitter:label2\" content=\"Tiempo de lectura\" \/>\n\t<meta name=\"twitter:data2\" content=\"3 minutos\" \/>\n<script type=\"application\/ld+json\" class=\"yoast-schema-graph\">{\"@context\":\"https:\\\/\\\/schema.org\",\"@graph\":[{\"@type\":\"Article\",\"@id\":\"https:\\\/\\\/quehacerpolitico.mx\\\/?p=96173#article\",\"isPartOf\":{\"@id\":\"https:\\\/\\\/quehacerpolitico.mx\\\/?p=96173\"},\"author\":{\"name\":\"Redacci\u00f3n QP\",\"@id\":\"https:\\\/\\\/quehacerpolitico.mx\\\/#\\\/schema\\\/person\\\/496d8ad2d1d3f8036101dca7ee39e585\"},\"headline\":\"Mexico necesita de vivienda sustentable\",\"datePublished\":\"2022-10-11T23:13:53+00:00\",\"dateModified\":\"2022-10-11T23:13:57+00:00\",\"mainEntityOfPage\":{\"@id\":\"https:\\\/\\\/quehacerpolitico.mx\\\/?p=96173\"},\"wordCount\":667,\"commentCount\":0,\"image\":{\"@id\":\"https:\\\/\\\/quehacerpolitico.mx\\\/?p=96173#primaryimage\"},\"thumbnailUrl\":\"https:\\\/\\\/quehacerpolitico.mx\\\/wp-content\\\/uploads\\\/2022\\\/10\\\/9596CBE6-6205-4D5C-AFED-614F2FCD0000.jpeg\",\"articleSection\":[\"Econom\u00eda\"],\"inLanguage\":\"es\",\"potentialAction\":[{\"@type\":\"CommentAction\",\"name\":\"Comment\",\"target\":[\"https:\\\/\\\/quehacerpolitico.mx\\\/?p=96173#respond\"]}]},{\"@type\":\"WebPage\",\"@id\":\"https:\\\/\\\/quehacerpolitico.mx\\\/?p=96173\",\"url\":\"https:\\\/\\\/quehacerpolitico.mx\\\/?p=96173\",\"name\":\"Mexico necesita de vivienda sustentable -\",\"isPartOf\":{\"@id\":\"https:\\\/\\\/quehacerpolitico.mx\\\/#website\"},\"primaryImageOfPage\":{\"@id\":\"https:\\\/\\\/quehacerpolitico.mx\\\/?p=96173#primaryimage\"},\"image\":{\"@id\":\"https:\\\/\\\/quehacerpolitico.mx\\\/?p=96173#primaryimage\"},\"thumbnailUrl\":\"https:\\\/\\\/quehacerpolitico.mx\\\/wp-content\\\/uploads\\\/2022\\\/10\\\/9596CBE6-6205-4D5C-AFED-614F2FCD0000.jpeg\",\"datePublished\":\"2022-10-11T23:13:53+00:00\",\"dateModified\":\"2022-10-11T23:13:57+00:00\",\"author\":{\"@id\":\"https:\\\/\\\/quehacerpolitico.mx\\\/#\\\/schema\\\/person\\\/496d8ad2d1d3f8036101dca7ee39e585\"},\"breadcrumb\":{\"@id\":\"https:\\\/\\\/quehacerpolitico.mx\\\/?p=96173#breadcrumb\"},\"inLanguage\":\"es\",\"potentialAction\":[{\"@type\":\"ReadAction\",\"target\":[\"https:\\\/\\\/quehacerpolitico.mx\\\/?p=96173\"]}]},{\"@type\":\"ImageObject\",\"inLanguage\":\"es\",\"@id\":\"https:\\\/\\\/quehacerpolitico.mx\\\/?p=96173#primaryimage\",\"url\":\"https:\\\/\\\/quehacerpolitico.mx\\\/wp-content\\\/uploads\\\/2022\\\/10\\\/9596CBE6-6205-4D5C-AFED-614F2FCD0000.jpeg\",\"contentUrl\":\"https:\\\/\\\/quehacerpolitico.mx\\\/wp-content\\\/uploads\\\/2022\\\/10\\\/9596CBE6-6205-4D5C-AFED-614F2FCD0000.jpeg\",\"width\":2046,\"height\":873},{\"@type\":\"BreadcrumbList\",\"@id\":\"https:\\\/\\\/quehacerpolitico.mx\\\/?p=96173#breadcrumb\",\"itemListElement\":[{\"@type\":\"ListItem\",\"position\":1,\"name\":\"Inicio\",\"item\":\"https:\\\/\\\/quehacerpolitico.mx\\\/\"},{\"@type\":\"ListItem\",\"position\":2,\"name\":\"Mexico necesita de vivienda sustentable\"}]},{\"@type\":\"WebSite\",\"@id\":\"https:\\\/\\\/quehacerpolitico.mx\\\/#website\",\"url\":\"https:\\\/\\\/quehacerpolitico.mx\\\/\",\"name\":\"\",\"description\":\"\",\"potentialAction\":[{\"@type\":\"SearchAction\",\"target\":{\"@type\":\"EntryPoint\",\"urlTemplate\":\"https:\\\/\\\/quehacerpolitico.mx\\\/?s={search_term_string}\"},\"query-input\":{\"@type\":\"PropertyValueSpecification\",\"valueRequired\":true,\"valueName\":\"search_term_string\"}}],\"inLanguage\":\"es\"},{\"@type\":\"Person\",\"@id\":\"https:\\\/\\\/quehacerpolitico.mx\\\/#\\\/schema\\\/person\\\/496d8ad2d1d3f8036101dca7ee39e585\",\"name\":\"Redacci\u00f3n QP\",\"image\":{\"@type\":\"ImageObject\",\"inLanguage\":\"es\",\"@id\":\"https:\\\/\\\/secure.gravatar.com\\\/avatar\\\/c7164ed6fdec453195284ad24a5ae5b6e1eed2b848477fa2a4787ba9adf39a41?s=96&d=mm&r=g\",\"url\":\"https:\\\/\\\/secure.gravatar.com\\\/avatar\\\/c7164ed6fdec453195284ad24a5ae5b6e1eed2b848477fa2a4787ba9adf39a41?s=96&d=mm&r=g\",\"contentUrl\":\"https:\\\/\\\/secure.gravatar.com\\\/avatar\\\/c7164ed6fdec453195284ad24a5ae5b6e1eed2b848477fa2a4787ba9adf39a41?s=96&d=mm&r=g\",\"caption\":\"Redacci\u00f3n QP\"},\"url\":\"https:\\\/\\\/quehacerpolitico.mx\\\/?author=2\"}]}<\/script>\n<!-- \/ Yoast SEO plugin. -->","yoast_head_json":{"title":"Mexico necesita de vivienda sustentable -","robots":{"index":"index","follow":"follow","max-snippet":"max-snippet:-1","max-image-preview":"max-image-preview:large","max-video-preview":"max-video-preview:-1"},"canonical":"https:\/\/quehacerpolitico.mx\/?p=96173","og_locale":"es_MX","og_type":"article","og_title":"Mexico necesita de vivienda sustentable -","og_description":"Por Redacci\u00f3n NotiExpress | La Revista del Sector Inmobiliario Una\u00a0investigaci\u00f3n realizada por Estudios Demogr\u00e1ficos y...","og_url":"https:\/\/quehacerpolitico.mx\/?p=96173","article_published_time":"2022-10-11T23:13:53+00:00","article_modified_time":"2022-10-11T23:13:57+00:00","og_image":[{"width":2046,"height":873,"url":"https:\/\/quehacerpolitico.mx\/wp-content\/uploads\/2022\/10\/9596CBE6-6205-4D5C-AFED-614F2FCD0000.jpeg","type":"image\/jpeg"}],"author":"Redacci\u00f3n QP","twitter_card":"summary_large_image","twitter_misc":{"Escrito por":"Redacci\u00f3n QP","Tiempo de lectura":"3 minutos"},"schema":{"@context":"https:\/\/schema.org","@graph":[{"@type":"Article","@id":"https:\/\/quehacerpolitico.mx\/?p=96173#article","isPartOf":{"@id":"https:\/\/quehacerpolitico.mx\/?p=96173"},"author":{"name":"Redacci\u00f3n QP","@id":"https:\/\/quehacerpolitico.mx\/#\/schema\/person\/496d8ad2d1d3f8036101dca7ee39e585"},"headline":"Mexico necesita de vivienda sustentable","datePublished":"2022-10-11T23:13:53+00:00","dateModified":"2022-10-11T23:13:57+00:00","mainEntityOfPage":{"@id":"https:\/\/quehacerpolitico.mx\/?p=96173"},"wordCount":667,"commentCount":0,"image":{"@id":"https:\/\/quehacerpolitico.mx\/?p=96173#primaryimage"},"thumbnailUrl":"https:\/\/quehacerpolitico.mx\/wp-content\/uploads\/2022\/10\/9596CBE6-6205-4D5C-AFED-614F2FCD0000.jpeg","articleSection":["Econom\u00eda"],"inLanguage":"es","potentialAction":[{"@type":"CommentAction","name":"Comment","target":["https:\/\/quehacerpolitico.mx\/?p=96173#respond"]}]},{"@type":"WebPage","@id":"https:\/\/quehacerpolitico.mx\/?p=96173","url":"https:\/\/quehacerpolitico.mx\/?p=96173","name":"Mexico necesita de vivienda sustentable -","isPartOf":{"@id":"https:\/\/quehacerpolitico.mx\/#website"},"primaryImageOfPage":{"@id":"https:\/\/quehacerpolitico.mx\/?p=96173#primaryimage"},"image":{"@id":"https:\/\/quehacerpolitico.mx\/?p=96173#primaryimage"},"thumbnailUrl":"https:\/\/quehacerpolitico.mx\/wp-content\/uploads\/2022\/10\/9596CBE6-6205-4D5C-AFED-614F2FCD0000.jpeg","datePublished":"2022-10-11T23:13:53+00:00","dateModified":"2022-10-11T23:13:57+00:00","author":{"@id":"https:\/\/quehacerpolitico.mx\/#\/schema\/person\/496d8ad2d1d3f8036101dca7ee39e585"},"breadcrumb":{"@id":"https:\/\/quehacerpolitico.mx\/?p=96173#breadcrumb"},"inLanguage":"es","potentialAction":[{"@type":"ReadAction","target":["https:\/\/quehacerpolitico.mx\/?p=96173"]}]},{"@type":"ImageObject","inLanguage":"es","@id":"https:\/\/quehacerpolitico.mx\/?p=96173#primaryimage","url":"https:\/\/quehacerpolitico.mx\/wp-content\/uploads\/2022\/10\/9596CBE6-6205-4D5C-AFED-614F2FCD0000.jpeg","contentUrl":"https:\/\/quehacerpolitico.mx\/wp-content\/uploads\/2022\/10\/9596CBE6-6205-4D5C-AFED-614F2FCD0000.jpeg","width":2046,"height":873},{"@type":"BreadcrumbList","@id":"https:\/\/quehacerpolitico.mx\/?p=96173#breadcrumb","itemListElement":[{"@type":"ListItem","position":1,"name":"Inicio","item":"https:\/\/quehacerpolitico.mx\/"},{"@type":"ListItem","position":2,"name":"Mexico necesita de vivienda sustentable"}]},{"@type":"WebSite","@id":"https:\/\/quehacerpolitico.mx\/#website","url":"https:\/\/quehacerpolitico.mx\/","name":"","description":"","potentialAction":[{"@type":"SearchAction","target":{"@type":"EntryPoint","urlTemplate":"https:\/\/quehacerpolitico.mx\/?s={search_term_string}"},"query-input":{"@type":"PropertyValueSpecification","valueRequired":true,"valueName":"search_term_string"}}],"inLanguage":"es"},{"@type":"Person","@id":"https:\/\/quehacerpolitico.mx\/#\/schema\/person\/496d8ad2d1d3f8036101dca7ee39e585","name":"Redacci\u00f3n QP","image":{"@type":"ImageObject","inLanguage":"es","@id":"https:\/\/secure.gravatar.com\/avatar\/c7164ed6fdec453195284ad24a5ae5b6e1eed2b848477fa2a4787ba9adf39a41?s=96&d=mm&r=g","url":"https:\/\/secure.gravatar.com\/avatar\/c7164ed6fdec453195284ad24a5ae5b6e1eed2b848477fa2a4787ba9adf39a41?s=96&d=mm&r=g","contentUrl":"https:\/\/secure.gravatar.com\/avatar\/c7164ed6fdec453195284ad24a5ae5b6e1eed2b848477fa2a4787ba9adf39a41?s=96&d=mm&r=g","caption":"Redacci\u00f3n QP"},"url":"https:\/\/quehacerpolitico.mx\/?author=2"}]}},"featured_image_urls":{"full":["https:\/\/quehacerpolitico.mx\/wp-content\/uploads\/2022\/10\/9596CBE6-6205-4D5C-AFED-614F2FCD0000.jpeg",2046,873,false],"thumbnail":["https:\/\/quehacerpolitico.mx\/wp-content\/uploads\/2022\/10\/9596CBE6-6205-4D5C-AFED-614F2FCD0000-150x150.jpeg",150,150,true],"medium":["https:\/\/quehacerpolitico.mx\/wp-content\/uploads\/2022\/10\/9596CBE6-6205-4D5C-AFED-614F2FCD0000-300x128.jpeg",300,128,true],"medium_large":["https:\/\/quehacerpolitico.mx\/wp-content\/uploads\/2022\/10\/9596CBE6-6205-4D5C-AFED-614F2FCD0000-768x328.jpeg",640,273,true],"large":["https:\/\/quehacerpolitico.mx\/wp-content\/uploads\/2022\/10\/9596CBE6-6205-4D5C-AFED-614F2FCD0000-1024x437.jpeg",640,273,true],"1536x1536":["https:\/\/quehacerpolitico.mx\/wp-content\/uploads\/2022\/10\/9596CBE6-6205-4D5C-AFED-614F2FCD0000-1536x655.jpeg",1536,655,true],"2048x2048":["https:\/\/quehacerpolitico.mx\/wp-content\/uploads\/2022\/10\/9596CBE6-6205-4D5C-AFED-614F2FCD0000.jpeg",2046,873,false],"covernews-featured":["https:\/\/quehacerpolitico.mx\/wp-content\/uploads\/2022\/10\/9596CBE6-6205-4D5C-AFED-614F2FCD0000.jpeg",1024,437,false],"covernews-medium":["https:\/\/quehacerpolitico.mx\/wp-content\/uploads\/2022\/10\/9596CBE6-6205-4D5C-AFED-614F2FCD0000.jpeg",540,230,false]},"author_info":{"display_name":"Redacci\u00f3n QP","author_link":"https:\/\/quehacerpolitico.mx\/?author=2"},"category_info":"<a href=\"https:\/\/quehacerpolitico.mx\/?cat=56\" rel=\"category\">Econom\u00eda<\/a>","tag_info":"Econom\u00eda","comment_count":"0","_links":{"self":[{"href":"https:\/\/quehacerpolitico.mx\/index.php?rest_route=\/wp\/v2\/posts\/96173","targetHints":{"allow":["GET"]}}],"collection":[{"href":"https:\/\/quehacerpolitico.mx\/index.php?rest_route=\/wp\/v2\/posts"}],"about":[{"href":"https:\/\/quehacerpolitico.mx\/index.php?rest_route=\/wp\/v2\/types\/post"}],"author":[{"embeddable":true,"href":"https:\/\/quehacerpolitico.mx\/index.php?rest_route=\/wp\/v2\/users\/2"}],"replies":[{"embeddable":true,"href":"https:\/\/quehacerpolitico.mx\/index.php?rest_route=%2Fwp%2Fv2%2Fcomments&post=96173"}],"version-history":[{"count":1,"href":"https:\/\/quehacerpolitico.mx\/index.php?rest_route=\/wp\/v2\/posts\/96173\/revisions"}],"predecessor-version":[{"id":96177,"href":"https:\/\/quehacerpolitico.mx\/index.php?rest_route=\/wp\/v2\/posts\/96173\/revisions\/96177"}],"wp:featuredmedia":[{"embeddable":true,"href":"https:\/\/quehacerpolitico.mx\/index.php?rest_route=\/wp\/v2\/media\/96176"}],"wp:attachment":[{"href":"https:\/\/quehacerpolitico.mx\/index.php?rest_route=%2Fwp%2Fv2%2Fmedia&parent=96173"}],"wp:term":[{"taxonomy":"category","embeddable":true,"href":"https:\/\/quehacerpolitico.mx\/index.php?rest_route=%2Fwp%2Fv2%2Fcategories&post=96173"},{"taxonomy":"post_tag","embeddable":true,"href":"https:\/\/quehacerpolitico.mx\/index.php?rest_route=%2Fwp%2Fv2%2Ftags&post=96173"}],"curies":[{"name":"wp","href":"https:\/\/api.w.org\/{rel}","templated":true}]}}