{"id":96166,"date":"2022-10-11T18:43:21","date_gmt":"2022-10-11T18:43:21","guid":{"rendered":"https:\/\/quehacerpolitico.mx\/?p=96166"},"modified":"2022-10-11T18:43:24","modified_gmt":"2022-10-11T18:43:24","slug":"afirman-que-lenguas-indigenas-desapareceran-de-mexico-en-cien-anos","status":"publish","type":"post","link":"https:\/\/quehacerpolitico.mx\/?p=96166","title":{"rendered":"Afirman que lenguas ind\u00edgenas desaparecer\u00e1n de M\u00e9xico en cien a\u00f1os\u00a0"},"content":{"rendered":"\n<p>Por Redacci\u00f3n QP<\/p>\n\n\n\n<p>&#8220;Las lenguas ind\u00edgenas tienen un futuro negativo ya que no existen pol\u00edticas que cuiden al mundo ind\u00edgena y que apuesten por la continuidad de su patrimonio identitario&#8221;, se lamentan expertos<\/p>\n\n\n\n<p><strong>Las m\u00e1s de 300 lenguas ind\u00edgenas y 68 familias ling\u00fc\u00edsticas de M\u00e9xico<\/strong>\u00a0terminar\u00e1n desapareciendo en un plazo de unos cien a\u00f1os si el Estado no decide invertir &#8220;en mantenerlas vivas&#8221;, seg\u00fan la ling\u00fcista y acad\u00e9mica hispano-mexicana Concepci\u00f3n Company.<\/p>\n\n\n\n<p>Las lenguas ind\u00edgenas no existir\u00e1n en el plazo de un siglo porque las familias mexicanas abogan por ense\u00f1ar idiomas como el ingl\u00e9s, asociados a mayores oportunidades de empleo en el futuro y,\u00a0<strong>por ende, a una mejor calidad de vida, subray\u00f3 la ling\u00fcista, seg\u00fan inform\u00f3 la Universidad de La Laguna. Company particip\u00f3 en el Campus Am\u00e9rica 2022, que organiza esa universidad canaria, donde imparti\u00f3 la conferencia &#8220;El espa\u00f1ol de M\u00e9xico hoy. Lengua, historia y cultura<\/strong>&#8220;. &#8220;Las lenguas ind\u00edgenas tienen un futuro negativo ya que no existen pol\u00edticas que cuiden al mundo ind\u00edgena y que apuesten por la continuidad de su patrimonio identitario&#8221;, lament\u00f3.<\/p>\n\n\n\n<p>La ling\u00fcista confi\u00f3 en que sus colegas de profesi\u00f3n &#8220;logren realizar las gram\u00e1ticas de todas estas lenguas para, de alguna manera, conservarlas antes de que desaparezcan&#8221;.\u00a0<strong>Durante su intervenci\u00f3n en Campus Am\u00e9rica, Concepci\u00f3n Company repas\u00f3 los principales hechos hist\u00f3ricos que provocaron el surgimiento de la lengua mexicana, relacionados directamente con el cambio de dinast\u00eda<\/strong>\u00a0en Espa\u00f1a de Austrias y Borbones a mediados del siglo XVIII. &#8220;Podr\u00edamos decir que, en ese momento hist\u00f3rico comenzamos a ser mexicanos, una relaci\u00f3n de hitos que construy\u00f3 un lenguaje caracterizado por ser cort\u00e9s, hospitalario y cercano&#8221;, explic\u00f3.<\/p>\n\n\n\n<p>Al respecto, la ling\u00fcista destac\u00f3 &#8220;el excesivo uso&#8221; de diminutivos, posesivos y la atenuaci\u00f3n del lenguaje como algunos de los factores que diferencian al espa\u00f1ol que se habla en territorio mexicano.\u00a0<strong>Las \u00e1reas de investigaci\u00f3n de Compay se centran en la teor\u00eda del cambio ling\u00fc\u00edstico, la sintaxis hist\u00f3rica del espa\u00f1ol, la filolog\u00eda, la variaci\u00f3n ling\u00fc\u00edstica y la ecd\u00f3tica<\/strong>. Concepci\u00f3n Company es investigadora em\u00e9rita del Instituto de Investigaciones Filol\u00f3gicas de la Universidad Nacional Aut\u00f3noma de M\u00e9xico (UNAM) y miembro nivel III del Sistema Nacional de Investigadores del Consejo Nacional de Ciencia y Tecnolog\u00eda y, tras ser elegida miembro de n\u00famero de la Academia Mexicana de la Lengua en 2004, es presidenta de la Comisi\u00f3n de Lexicograf\u00eda de dicha instituci\u00f3n.<\/p>\n\n\n\n<p>Con informaci\u00f3n de EFE<\/p>\n","protected":false},"excerpt":{"rendered":"<p>Por Redacci\u00f3n QP &#8220;Las lenguas ind\u00edgenas tienen un futuro negativo ya que no existen pol\u00edticas&#8230;<\/p>\n","protected":false},"author":2,"featured_media":96167,"comment_status":"open","ping_status":"open","sticky":false,"template":"","format":"standard","meta":{"_monsterinsights_skip_tracking":false,"_monsterinsights_sitenote_active":false,"_monsterinsights_sitenote_note":"","_monsterinsights_sitenote_category":0,"footnotes":""},"categories":[58],"tags":[],"class_list":["post-96166","post","type-post","status-publish","format-standard","has-post-thumbnail","hentry","category-cultura"],"yoast_head":"<!-- This site is optimized with the Yoast SEO plugin v27.3 - https:\/\/yoast.com\/product\/yoast-seo-wordpress\/ -->\n<title>Afirman que lenguas ind\u00edgenas desaparecer\u00e1n de M\u00e9xico en cien a\u00f1os\u00a0 -<\/title>\n<meta name=\"robots\" content=\"index, follow, max-snippet:-1, max-image-preview:large, max-video-preview:-1\" \/>\n<link rel=\"canonical\" href=\"https:\/\/quehacerpolitico.mx\/?p=96166\" \/>\n<meta property=\"og:locale\" content=\"es_MX\" \/>\n<meta property=\"og:type\" content=\"article\" \/>\n<meta property=\"og:title\" content=\"Afirman que lenguas ind\u00edgenas desaparecer\u00e1n de M\u00e9xico en cien a\u00f1os\u00a0 -\" \/>\n<meta property=\"og:description\" content=\"Por Redacci\u00f3n QP &#8220;Las lenguas ind\u00edgenas tienen un futuro negativo ya que no existen pol\u00edticas...\" \/>\n<meta property=\"og:url\" content=\"https:\/\/quehacerpolitico.mx\/?p=96166\" \/>\n<meta property=\"article:published_time\" content=\"2022-10-11T18:43:21+00:00\" \/>\n<meta property=\"article:modified_time\" content=\"2022-10-11T18:43:24+00:00\" \/>\n<meta property=\"og:image\" content=\"https:\/\/quehacerpolitico.mx\/wp-content\/uploads\/2022\/10\/09742E32-CFDC-448B-8E28-48CF7BCD0E9A.jpeg\" \/>\n\t<meta property=\"og:image:width\" content=\"739\" \/>\n\t<meta property=\"og:image:height\" content=\"415\" \/>\n\t<meta property=\"og:image:type\" content=\"image\/jpeg\" \/>\n<meta name=\"author\" content=\"Redacci\u00f3n QP\" \/>\n<meta name=\"twitter:card\" content=\"summary_large_image\" \/>\n<meta name=\"twitter:label1\" content=\"Escrito por\" \/>\n\t<meta name=\"twitter:data1\" content=\"Redacci\u00f3n QP\" \/>\n\t<meta name=\"twitter:label2\" content=\"Tiempo de lectura\" \/>\n\t<meta name=\"twitter:data2\" content=\"2 minutos\" \/>\n<script type=\"application\/ld+json\" class=\"yoast-schema-graph\">{\"@context\":\"https:\\\/\\\/schema.org\",\"@graph\":[{\"@type\":\"Article\",\"@id\":\"https:\\\/\\\/quehacerpolitico.mx\\\/?p=96166#article\",\"isPartOf\":{\"@id\":\"https:\\\/\\\/quehacerpolitico.mx\\\/?p=96166\"},\"author\":{\"name\":\"Redacci\u00f3n QP\",\"@id\":\"https:\\\/\\\/quehacerpolitico.mx\\\/#\\\/schema\\\/person\\\/496d8ad2d1d3f8036101dca7ee39e585\"},\"headline\":\"Afirman que lenguas ind\u00edgenas desaparecer\u00e1n de M\u00e9xico en cien a\u00f1os\u00a0\",\"datePublished\":\"2022-10-11T18:43:21+00:00\",\"dateModified\":\"2022-10-11T18:43:24+00:00\",\"mainEntityOfPage\":{\"@id\":\"https:\\\/\\\/quehacerpolitico.mx\\\/?p=96166\"},\"wordCount\":460,\"commentCount\":0,\"image\":{\"@id\":\"https:\\\/\\\/quehacerpolitico.mx\\\/?p=96166#primaryimage\"},\"thumbnailUrl\":\"https:\\\/\\\/quehacerpolitico.mx\\\/wp-content\\\/uploads\\\/2022\\\/10\\\/09742E32-CFDC-448B-8E28-48CF7BCD0E9A.jpeg\",\"articleSection\":[\"Cultura y Entretenimiento\"],\"inLanguage\":\"es\",\"potentialAction\":[{\"@type\":\"CommentAction\",\"name\":\"Comment\",\"target\":[\"https:\\\/\\\/quehacerpolitico.mx\\\/?p=96166#respond\"]}]},{\"@type\":\"WebPage\",\"@id\":\"https:\\\/\\\/quehacerpolitico.mx\\\/?p=96166\",\"url\":\"https:\\\/\\\/quehacerpolitico.mx\\\/?p=96166\",\"name\":\"Afirman que lenguas ind\u00edgenas desaparecer\u00e1n de M\u00e9xico en cien a\u00f1os\u00a0 -\",\"isPartOf\":{\"@id\":\"https:\\\/\\\/quehacerpolitico.mx\\\/#website\"},\"primaryImageOfPage\":{\"@id\":\"https:\\\/\\\/quehacerpolitico.mx\\\/?p=96166#primaryimage\"},\"image\":{\"@id\":\"https:\\\/\\\/quehacerpolitico.mx\\\/?p=96166#primaryimage\"},\"thumbnailUrl\":\"https:\\\/\\\/quehacerpolitico.mx\\\/wp-content\\\/uploads\\\/2022\\\/10\\\/09742E32-CFDC-448B-8E28-48CF7BCD0E9A.jpeg\",\"datePublished\":\"2022-10-11T18:43:21+00:00\",\"dateModified\":\"2022-10-11T18:43:24+00:00\",\"author\":{\"@id\":\"https:\\\/\\\/quehacerpolitico.mx\\\/#\\\/schema\\\/person\\\/496d8ad2d1d3f8036101dca7ee39e585\"},\"breadcrumb\":{\"@id\":\"https:\\\/\\\/quehacerpolitico.mx\\\/?p=96166#breadcrumb\"},\"inLanguage\":\"es\",\"potentialAction\":[{\"@type\":\"ReadAction\",\"target\":[\"https:\\\/\\\/quehacerpolitico.mx\\\/?p=96166\"]}]},{\"@type\":\"ImageObject\",\"inLanguage\":\"es\",\"@id\":\"https:\\\/\\\/quehacerpolitico.mx\\\/?p=96166#primaryimage\",\"url\":\"https:\\\/\\\/quehacerpolitico.mx\\\/wp-content\\\/uploads\\\/2022\\\/10\\\/09742E32-CFDC-448B-8E28-48CF7BCD0E9A.jpeg\",\"contentUrl\":\"https:\\\/\\\/quehacerpolitico.mx\\\/wp-content\\\/uploads\\\/2022\\\/10\\\/09742E32-CFDC-448B-8E28-48CF7BCD0E9A.jpeg\",\"width\":739,\"height\":415},{\"@type\":\"BreadcrumbList\",\"@id\":\"https:\\\/\\\/quehacerpolitico.mx\\\/?p=96166#breadcrumb\",\"itemListElement\":[{\"@type\":\"ListItem\",\"position\":1,\"name\":\"Inicio\",\"item\":\"https:\\\/\\\/quehacerpolitico.mx\\\/\"},{\"@type\":\"ListItem\",\"position\":2,\"name\":\"Afirman que lenguas ind\u00edgenas desaparecer\u00e1n de M\u00e9xico en cien a\u00f1os\u00a0\"}]},{\"@type\":\"WebSite\",\"@id\":\"https:\\\/\\\/quehacerpolitico.mx\\\/#website\",\"url\":\"https:\\\/\\\/quehacerpolitico.mx\\\/\",\"name\":\"\",\"description\":\"\",\"potentialAction\":[{\"@type\":\"SearchAction\",\"target\":{\"@type\":\"EntryPoint\",\"urlTemplate\":\"https:\\\/\\\/quehacerpolitico.mx\\\/?s={search_term_string}\"},\"query-input\":{\"@type\":\"PropertyValueSpecification\",\"valueRequired\":true,\"valueName\":\"search_term_string\"}}],\"inLanguage\":\"es\"},{\"@type\":\"Person\",\"@id\":\"https:\\\/\\\/quehacerpolitico.mx\\\/#\\\/schema\\\/person\\\/496d8ad2d1d3f8036101dca7ee39e585\",\"name\":\"Redacci\u00f3n QP\",\"image\":{\"@type\":\"ImageObject\",\"inLanguage\":\"es\",\"@id\":\"https:\\\/\\\/secure.gravatar.com\\\/avatar\\\/c7164ed6fdec453195284ad24a5ae5b6e1eed2b848477fa2a4787ba9adf39a41?s=96&d=mm&r=g\",\"url\":\"https:\\\/\\\/secure.gravatar.com\\\/avatar\\\/c7164ed6fdec453195284ad24a5ae5b6e1eed2b848477fa2a4787ba9adf39a41?s=96&d=mm&r=g\",\"contentUrl\":\"https:\\\/\\\/secure.gravatar.com\\\/avatar\\\/c7164ed6fdec453195284ad24a5ae5b6e1eed2b848477fa2a4787ba9adf39a41?s=96&d=mm&r=g\",\"caption\":\"Redacci\u00f3n QP\"},\"url\":\"https:\\\/\\\/quehacerpolitico.mx\\\/?author=2\"}]}<\/script>\n<!-- \/ Yoast SEO plugin. -->","yoast_head_json":{"title":"Afirman que lenguas ind\u00edgenas desaparecer\u00e1n de M\u00e9xico en cien a\u00f1os\u00a0 -","robots":{"index":"index","follow":"follow","max-snippet":"max-snippet:-1","max-image-preview":"max-image-preview:large","max-video-preview":"max-video-preview:-1"},"canonical":"https:\/\/quehacerpolitico.mx\/?p=96166","og_locale":"es_MX","og_type":"article","og_title":"Afirman que lenguas ind\u00edgenas desaparecer\u00e1n de M\u00e9xico en cien a\u00f1os\u00a0 -","og_description":"Por Redacci\u00f3n QP &#8220;Las lenguas ind\u00edgenas tienen un futuro negativo ya que no existen pol\u00edticas...","og_url":"https:\/\/quehacerpolitico.mx\/?p=96166","article_published_time":"2022-10-11T18:43:21+00:00","article_modified_time":"2022-10-11T18:43:24+00:00","og_image":[{"width":739,"height":415,"url":"https:\/\/quehacerpolitico.mx\/wp-content\/uploads\/2022\/10\/09742E32-CFDC-448B-8E28-48CF7BCD0E9A.jpeg","type":"image\/jpeg"}],"author":"Redacci\u00f3n QP","twitter_card":"summary_large_image","twitter_misc":{"Escrito por":"Redacci\u00f3n QP","Tiempo de lectura":"2 minutos"},"schema":{"@context":"https:\/\/schema.org","@graph":[{"@type":"Article","@id":"https:\/\/quehacerpolitico.mx\/?p=96166#article","isPartOf":{"@id":"https:\/\/quehacerpolitico.mx\/?p=96166"},"author":{"name":"Redacci\u00f3n QP","@id":"https:\/\/quehacerpolitico.mx\/#\/schema\/person\/496d8ad2d1d3f8036101dca7ee39e585"},"headline":"Afirman que lenguas ind\u00edgenas desaparecer\u00e1n de M\u00e9xico en cien a\u00f1os\u00a0","datePublished":"2022-10-11T18:43:21+00:00","dateModified":"2022-10-11T18:43:24+00:00","mainEntityOfPage":{"@id":"https:\/\/quehacerpolitico.mx\/?p=96166"},"wordCount":460,"commentCount":0,"image":{"@id":"https:\/\/quehacerpolitico.mx\/?p=96166#primaryimage"},"thumbnailUrl":"https:\/\/quehacerpolitico.mx\/wp-content\/uploads\/2022\/10\/09742E32-CFDC-448B-8E28-48CF7BCD0E9A.jpeg","articleSection":["Cultura y Entretenimiento"],"inLanguage":"es","potentialAction":[{"@type":"CommentAction","name":"Comment","target":["https:\/\/quehacerpolitico.mx\/?p=96166#respond"]}]},{"@type":"WebPage","@id":"https:\/\/quehacerpolitico.mx\/?p=96166","url":"https:\/\/quehacerpolitico.mx\/?p=96166","name":"Afirman que lenguas ind\u00edgenas desaparecer\u00e1n de M\u00e9xico en cien a\u00f1os\u00a0 -","isPartOf":{"@id":"https:\/\/quehacerpolitico.mx\/#website"},"primaryImageOfPage":{"@id":"https:\/\/quehacerpolitico.mx\/?p=96166#primaryimage"},"image":{"@id":"https:\/\/quehacerpolitico.mx\/?p=96166#primaryimage"},"thumbnailUrl":"https:\/\/quehacerpolitico.mx\/wp-content\/uploads\/2022\/10\/09742E32-CFDC-448B-8E28-48CF7BCD0E9A.jpeg","datePublished":"2022-10-11T18:43:21+00:00","dateModified":"2022-10-11T18:43:24+00:00","author":{"@id":"https:\/\/quehacerpolitico.mx\/#\/schema\/person\/496d8ad2d1d3f8036101dca7ee39e585"},"breadcrumb":{"@id":"https:\/\/quehacerpolitico.mx\/?p=96166#breadcrumb"},"inLanguage":"es","potentialAction":[{"@type":"ReadAction","target":["https:\/\/quehacerpolitico.mx\/?p=96166"]}]},{"@type":"ImageObject","inLanguage":"es","@id":"https:\/\/quehacerpolitico.mx\/?p=96166#primaryimage","url":"https:\/\/quehacerpolitico.mx\/wp-content\/uploads\/2022\/10\/09742E32-CFDC-448B-8E28-48CF7BCD0E9A.jpeg","contentUrl":"https:\/\/quehacerpolitico.mx\/wp-content\/uploads\/2022\/10\/09742E32-CFDC-448B-8E28-48CF7BCD0E9A.jpeg","width":739,"height":415},{"@type":"BreadcrumbList","@id":"https:\/\/quehacerpolitico.mx\/?p=96166#breadcrumb","itemListElement":[{"@type":"ListItem","position":1,"name":"Inicio","item":"https:\/\/quehacerpolitico.mx\/"},{"@type":"ListItem","position":2,"name":"Afirman que lenguas ind\u00edgenas desaparecer\u00e1n de M\u00e9xico en cien a\u00f1os\u00a0"}]},{"@type":"WebSite","@id":"https:\/\/quehacerpolitico.mx\/#website","url":"https:\/\/quehacerpolitico.mx\/","name":"","description":"","potentialAction":[{"@type":"SearchAction","target":{"@type":"EntryPoint","urlTemplate":"https:\/\/quehacerpolitico.mx\/?s={search_term_string}"},"query-input":{"@type":"PropertyValueSpecification","valueRequired":true,"valueName":"search_term_string"}}],"inLanguage":"es"},{"@type":"Person","@id":"https:\/\/quehacerpolitico.mx\/#\/schema\/person\/496d8ad2d1d3f8036101dca7ee39e585","name":"Redacci\u00f3n QP","image":{"@type":"ImageObject","inLanguage":"es","@id":"https:\/\/secure.gravatar.com\/avatar\/c7164ed6fdec453195284ad24a5ae5b6e1eed2b848477fa2a4787ba9adf39a41?s=96&d=mm&r=g","url":"https:\/\/secure.gravatar.com\/avatar\/c7164ed6fdec453195284ad24a5ae5b6e1eed2b848477fa2a4787ba9adf39a41?s=96&d=mm&r=g","contentUrl":"https:\/\/secure.gravatar.com\/avatar\/c7164ed6fdec453195284ad24a5ae5b6e1eed2b848477fa2a4787ba9adf39a41?s=96&d=mm&r=g","caption":"Redacci\u00f3n QP"},"url":"https:\/\/quehacerpolitico.mx\/?author=2"}]}},"featured_image_urls":{"full":["https:\/\/quehacerpolitico.mx\/wp-content\/uploads\/2022\/10\/09742E32-CFDC-448B-8E28-48CF7BCD0E9A.jpeg",739,415,false],"thumbnail":["https:\/\/quehacerpolitico.mx\/wp-content\/uploads\/2022\/10\/09742E32-CFDC-448B-8E28-48CF7BCD0E9A-150x150.jpeg",150,150,true],"medium":["https:\/\/quehacerpolitico.mx\/wp-content\/uploads\/2022\/10\/09742E32-CFDC-448B-8E28-48CF7BCD0E9A-300x168.jpeg",300,168,true],"medium_large":["https:\/\/quehacerpolitico.mx\/wp-content\/uploads\/2022\/10\/09742E32-CFDC-448B-8E28-48CF7BCD0E9A.jpeg",640,359,false],"large":["https:\/\/quehacerpolitico.mx\/wp-content\/uploads\/2022\/10\/09742E32-CFDC-448B-8E28-48CF7BCD0E9A.jpeg",640,359,false],"1536x1536":["https:\/\/quehacerpolitico.mx\/wp-content\/uploads\/2022\/10\/09742E32-CFDC-448B-8E28-48CF7BCD0E9A.jpeg",739,415,false],"2048x2048":["https:\/\/quehacerpolitico.mx\/wp-content\/uploads\/2022\/10\/09742E32-CFDC-448B-8E28-48CF7BCD0E9A.jpeg",739,415,false],"covernews-featured":["https:\/\/quehacerpolitico.mx\/wp-content\/uploads\/2022\/10\/09742E32-CFDC-448B-8E28-48CF7BCD0E9A.jpeg",739,415,false],"covernews-medium":["https:\/\/quehacerpolitico.mx\/wp-content\/uploads\/2022\/10\/09742E32-CFDC-448B-8E28-48CF7BCD0E9A.jpeg",540,303,false]},"author_info":{"display_name":"Redacci\u00f3n QP","author_link":"https:\/\/quehacerpolitico.mx\/?author=2"},"category_info":"<a href=\"https:\/\/quehacerpolitico.mx\/?cat=58\" rel=\"category\">Cultura y Entretenimiento<\/a>","tag_info":"Cultura y Entretenimiento","comment_count":"0","_links":{"self":[{"href":"https:\/\/quehacerpolitico.mx\/index.php?rest_route=\/wp\/v2\/posts\/96166","targetHints":{"allow":["GET"]}}],"collection":[{"href":"https:\/\/quehacerpolitico.mx\/index.php?rest_route=\/wp\/v2\/posts"}],"about":[{"href":"https:\/\/quehacerpolitico.mx\/index.php?rest_route=\/wp\/v2\/types\/post"}],"author":[{"embeddable":true,"href":"https:\/\/quehacerpolitico.mx\/index.php?rest_route=\/wp\/v2\/users\/2"}],"replies":[{"embeddable":true,"href":"https:\/\/quehacerpolitico.mx\/index.php?rest_route=%2Fwp%2Fv2%2Fcomments&post=96166"}],"version-history":[{"count":1,"href":"https:\/\/quehacerpolitico.mx\/index.php?rest_route=\/wp\/v2\/posts\/96166\/revisions"}],"predecessor-version":[{"id":96168,"href":"https:\/\/quehacerpolitico.mx\/index.php?rest_route=\/wp\/v2\/posts\/96166\/revisions\/96168"}],"wp:featuredmedia":[{"embeddable":true,"href":"https:\/\/quehacerpolitico.mx\/index.php?rest_route=\/wp\/v2\/media\/96167"}],"wp:attachment":[{"href":"https:\/\/quehacerpolitico.mx\/index.php?rest_route=%2Fwp%2Fv2%2Fmedia&parent=96166"}],"wp:term":[{"taxonomy":"category","embeddable":true,"href":"https:\/\/quehacerpolitico.mx\/index.php?rest_route=%2Fwp%2Fv2%2Fcategories&post=96166"},{"taxonomy":"post_tag","embeddable":true,"href":"https:\/\/quehacerpolitico.mx\/index.php?rest_route=%2Fwp%2Fv2%2Ftags&post=96166"}],"curies":[{"name":"wp","href":"https:\/\/api.w.org\/{rel}","templated":true}]}}