{"id":9616,"date":"2018-11-19T17:02:48","date_gmt":"2018-11-19T17:02:48","guid":{"rendered":"http:\/\/quehacerpolitico.mx\/con-la-llegada-del-nuevo-entrenador-del-tri-seguira-el-llamado-a-los-jovenes\/"},"modified":"2018-11-19T17:02:48","modified_gmt":"2018-11-19T17:02:48","slug":"con-la-llegada-del-nuevo-entrenador-del-tri-seguira-el-llamado-a-los-jovenes","status":"publish","type":"post","link":"https:\/\/quehacerpolitico.mx\/?p=9616","title":{"rendered":"Con la llegada del nuevo entrenador del Tri, seguir\u00e1 el llamado a los j\u00f3venes"},"content":{"rendered":"<h3 class=\"mtitle\">Con la llegada del nuevo entrenador del Tri, seguir\u00e1 el llamado a los j\u00f3venes<\/h3>\n<p>Por Redacci\u00f3n QP<\/p>\n<div class=\"sumary single\">\n<p>En selecci\u00f3n mexicana no cortar\u00e1n el proyecto que han iniciado al darle la oportunidad a una nueva generaci\u00f3n rumbo a la Copa Mundial de Qatar 2022.<\/p>\n<\/div>\n<div class=\"singleNote\">\n<p>Cuando se firme al pr\u00f3ximo t\u00e9cnico nacional, y que ya se vislumbra sea el argentino Gerardo Martino, se har\u00e1 una gira por Europa para platicar con cada uno de los mexicanos que militan por aquellas tierras. La idea es platicar sobre el proyecto que tienen rumbo a Qatar 2022, seg\u00fan explic\u00f3 Guillermo Cant\u00fa, director general de selecciones nacionales.<\/p>\n<p>Adem\u00e1s, el directivo hizo hincapi\u00e9 en que seguir\u00e1n dando oportunidad a los j\u00f3venes que han participado en estos seis meses con Ricardo Ferretti, entrenador interino.<\/p>\n<blockquote>\n<p>\u201cEl di\u00e1logo es clave y el poder hacerlo en persona es mucho m\u00e1s f\u00e1cil. Nosotros nos tomaremos el tiempo necesario con el nuevo t\u00e9cnico para platicar con todos y que entiendan de la importancia que tuvieron estos seis meses. Hemos querido aprovechar para tener minutos contra rivales importantes con j\u00f3venes para que empiecen a sentir lo que es estar en selecci\u00f3n\u201d, declar\u00f3 Cant\u00fa.<\/p>\n<\/blockquote>\n<p>El dirigente detall\u00f3 que quieren que los j\u00f3venes a los que les ven calidad crezcan y puedan ser piezas importantes en el combinado azteca. Cabe destacar que se ha rumorado mucho sobre la molestia de algunos jugadores que militan en Europa, y que por ello, no han aparecido en las \u00faltimas convocatorias. Se trata de Javier Hern\u00e1ndez, H\u00e9ctor Moreno y Andr\u00e9s Guardado.<\/p>\n<p>En el caso de guardado, al finalizar la Copa del Mundo de Rusia mencion\u00f3 que analizar\u00eda su retiro de la selecci\u00f3n mexicana, aunque despu\u00e9s ha mencionado que no se negar\u00eda a portar la playera verde.<\/p>\n<blockquote>\n<p>\u201cHay un plan y ese siempre estar\u00e1 abierto a todas las posibilidades, hoy hemos tenido esa oportunidad de jugar y tener ese roster m\u00e1s amplio con j\u00f3venes que empiezan a tener actividad en la Liga MX\u201d.<\/p>\n<\/blockquote>\n<\/div>\n","protected":false},"excerpt":{"rendered":"<p>Con la llegada del nuevo entrenador del Tri, seguir\u00e1 el llamado a los j\u00f3venes Por&#8230;<\/p>\n","protected":false},"author":2,"featured_media":9615,"comment_status":"open","ping_status":"open","sticky":false,"template":"","format":"standard","meta":{"_monsterinsights_skip_tracking":false,"_monsterinsights_sitenote_active":false,"_monsterinsights_sitenote_note":"","_monsterinsights_sitenote_category":0,"footnotes":""},"categories":[54],"tags":[],"class_list":["post-9616","post","type-post","status-publish","format-standard","has-post-thumbnail","hentry","category-deportes"],"yoast_head":"<!-- This site is optimized with the Yoast SEO plugin v27.3 - https:\/\/yoast.com\/product\/yoast-seo-wordpress\/ -->\n<title>Con la llegada del nuevo entrenador del Tri, seguir\u00e1 el llamado a los j\u00f3venes -<\/title>\n<meta name=\"robots\" content=\"index, follow, max-snippet:-1, max-image-preview:large, max-video-preview:-1\" \/>\n<link rel=\"canonical\" href=\"https:\/\/quehacerpolitico.mx\/?p=9616\" \/>\n<meta property=\"og:locale\" content=\"es_MX\" \/>\n<meta property=\"og:type\" content=\"article\" \/>\n<meta property=\"og:title\" content=\"Con la llegada del nuevo entrenador del Tri, seguir\u00e1 el llamado a los j\u00f3venes -\" \/>\n<meta property=\"og:description\" content=\"Con la llegada del nuevo entrenador del Tri, seguir\u00e1 el llamado a los j\u00f3venes Por...\" \/>\n<meta property=\"og:url\" content=\"https:\/\/quehacerpolitico.mx\/?p=9616\" \/>\n<meta property=\"article:published_time\" content=\"2018-11-19T17:02:48+00:00\" \/>\n<meta name=\"author\" content=\"Redacci\u00f3n QP\" \/>\n<meta name=\"twitter:card\" content=\"summary_large_image\" \/>\n<meta name=\"twitter:label1\" content=\"Escrito por\" \/>\n\t<meta name=\"twitter:data1\" content=\"Redacci\u00f3n QP\" \/>\n\t<meta name=\"twitter:label2\" content=\"Tiempo de lectura\" \/>\n\t<meta name=\"twitter:data2\" content=\"2 minutos\" \/>\n<script type=\"application\/ld+json\" class=\"yoast-schema-graph\">{\"@context\":\"https:\\\/\\\/schema.org\",\"@graph\":[{\"@type\":\"Article\",\"@id\":\"https:\\\/\\\/quehacerpolitico.mx\\\/?p=9616#article\",\"isPartOf\":{\"@id\":\"https:\\\/\\\/quehacerpolitico.mx\\\/?p=9616\"},\"author\":{\"name\":\"Redacci\u00f3n QP\",\"@id\":\"https:\\\/\\\/quehacerpolitico.mx\\\/#\\\/schema\\\/person\\\/496d8ad2d1d3f8036101dca7ee39e585\"},\"headline\":\"Con la llegada del nuevo entrenador del Tri, seguir\u00e1 el llamado a los j\u00f3venes\",\"datePublished\":\"2018-11-19T17:02:48+00:00\",\"mainEntityOfPage\":{\"@id\":\"https:\\\/\\\/quehacerpolitico.mx\\\/?p=9616\"},\"wordCount\":362,\"commentCount\":0,\"image\":{\"@id\":\"https:\\\/\\\/quehacerpolitico.mx\\\/?p=9616#primaryimage\"},\"thumbnailUrl\":\"\",\"articleSection\":[\"Deportes\"],\"inLanguage\":\"es\",\"potentialAction\":[{\"@type\":\"CommentAction\",\"name\":\"Comment\",\"target\":[\"https:\\\/\\\/quehacerpolitico.mx\\\/?p=9616#respond\"]}]},{\"@type\":\"WebPage\",\"@id\":\"https:\\\/\\\/quehacerpolitico.mx\\\/?p=9616\",\"url\":\"https:\\\/\\\/quehacerpolitico.mx\\\/?p=9616\",\"name\":\"Con la llegada del nuevo entrenador del Tri, seguir\u00e1 el llamado a los j\u00f3venes -\",\"isPartOf\":{\"@id\":\"https:\\\/\\\/quehacerpolitico.mx\\\/#website\"},\"primaryImageOfPage\":{\"@id\":\"https:\\\/\\\/quehacerpolitico.mx\\\/?p=9616#primaryimage\"},\"image\":{\"@id\":\"https:\\\/\\\/quehacerpolitico.mx\\\/?p=9616#primaryimage\"},\"thumbnailUrl\":\"\",\"datePublished\":\"2018-11-19T17:02:48+00:00\",\"author\":{\"@id\":\"https:\\\/\\\/quehacerpolitico.mx\\\/#\\\/schema\\\/person\\\/496d8ad2d1d3f8036101dca7ee39e585\"},\"breadcrumb\":{\"@id\":\"https:\\\/\\\/quehacerpolitico.mx\\\/?p=9616#breadcrumb\"},\"inLanguage\":\"es\",\"potentialAction\":[{\"@type\":\"ReadAction\",\"target\":[\"https:\\\/\\\/quehacerpolitico.mx\\\/?p=9616\"]}]},{\"@type\":\"ImageObject\",\"inLanguage\":\"es\",\"@id\":\"https:\\\/\\\/quehacerpolitico.mx\\\/?p=9616#primaryimage\",\"url\":\"\",\"contentUrl\":\"\"},{\"@type\":\"BreadcrumbList\",\"@id\":\"https:\\\/\\\/quehacerpolitico.mx\\\/?p=9616#breadcrumb\",\"itemListElement\":[{\"@type\":\"ListItem\",\"position\":1,\"name\":\"Inicio\",\"item\":\"https:\\\/\\\/quehacerpolitico.mx\\\/\"},{\"@type\":\"ListItem\",\"position\":2,\"name\":\"Con la llegada del nuevo entrenador del Tri, seguir\u00e1 el llamado a los j\u00f3venes\"}]},{\"@type\":\"WebSite\",\"@id\":\"https:\\\/\\\/quehacerpolitico.mx\\\/#website\",\"url\":\"https:\\\/\\\/quehacerpolitico.mx\\\/\",\"name\":\"\",\"description\":\"\",\"potentialAction\":[{\"@type\":\"SearchAction\",\"target\":{\"@type\":\"EntryPoint\",\"urlTemplate\":\"https:\\\/\\\/quehacerpolitico.mx\\\/?s={search_term_string}\"},\"query-input\":{\"@type\":\"PropertyValueSpecification\",\"valueRequired\":true,\"valueName\":\"search_term_string\"}}],\"inLanguage\":\"es\"},{\"@type\":\"Person\",\"@id\":\"https:\\\/\\\/quehacerpolitico.mx\\\/#\\\/schema\\\/person\\\/496d8ad2d1d3f8036101dca7ee39e585\",\"name\":\"Redacci\u00f3n QP\",\"image\":{\"@type\":\"ImageObject\",\"inLanguage\":\"es\",\"@id\":\"https:\\\/\\\/secure.gravatar.com\\\/avatar\\\/c7164ed6fdec453195284ad24a5ae5b6e1eed2b848477fa2a4787ba9adf39a41?s=96&d=mm&r=g\",\"url\":\"https:\\\/\\\/secure.gravatar.com\\\/avatar\\\/c7164ed6fdec453195284ad24a5ae5b6e1eed2b848477fa2a4787ba9adf39a41?s=96&d=mm&r=g\",\"contentUrl\":\"https:\\\/\\\/secure.gravatar.com\\\/avatar\\\/c7164ed6fdec453195284ad24a5ae5b6e1eed2b848477fa2a4787ba9adf39a41?s=96&d=mm&r=g\",\"caption\":\"Redacci\u00f3n QP\"},\"url\":\"https:\\\/\\\/quehacerpolitico.mx\\\/?author=2\"}]}<\/script>\n<!-- \/ Yoast SEO plugin. -->","yoast_head_json":{"title":"Con la llegada del nuevo entrenador del Tri, seguir\u00e1 el llamado a los j\u00f3venes -","robots":{"index":"index","follow":"follow","max-snippet":"max-snippet:-1","max-image-preview":"max-image-preview:large","max-video-preview":"max-video-preview:-1"},"canonical":"https:\/\/quehacerpolitico.mx\/?p=9616","og_locale":"es_MX","og_type":"article","og_title":"Con la llegada del nuevo entrenador del Tri, seguir\u00e1 el llamado a los j\u00f3venes -","og_description":"Con la llegada del nuevo entrenador del Tri, seguir\u00e1 el llamado a los j\u00f3venes Por...","og_url":"https:\/\/quehacerpolitico.mx\/?p=9616","article_published_time":"2018-11-19T17:02:48+00:00","author":"Redacci\u00f3n QP","twitter_card":"summary_large_image","twitter_misc":{"Escrito por":"Redacci\u00f3n QP","Tiempo de lectura":"2 minutos"},"schema":{"@context":"https:\/\/schema.org","@graph":[{"@type":"Article","@id":"https:\/\/quehacerpolitico.mx\/?p=9616#article","isPartOf":{"@id":"https:\/\/quehacerpolitico.mx\/?p=9616"},"author":{"name":"Redacci\u00f3n QP","@id":"https:\/\/quehacerpolitico.mx\/#\/schema\/person\/496d8ad2d1d3f8036101dca7ee39e585"},"headline":"Con la llegada del nuevo entrenador del Tri, seguir\u00e1 el llamado a los j\u00f3venes","datePublished":"2018-11-19T17:02:48+00:00","mainEntityOfPage":{"@id":"https:\/\/quehacerpolitico.mx\/?p=9616"},"wordCount":362,"commentCount":0,"image":{"@id":"https:\/\/quehacerpolitico.mx\/?p=9616#primaryimage"},"thumbnailUrl":"","articleSection":["Deportes"],"inLanguage":"es","potentialAction":[{"@type":"CommentAction","name":"Comment","target":["https:\/\/quehacerpolitico.mx\/?p=9616#respond"]}]},{"@type":"WebPage","@id":"https:\/\/quehacerpolitico.mx\/?p=9616","url":"https:\/\/quehacerpolitico.mx\/?p=9616","name":"Con la llegada del nuevo entrenador del Tri, seguir\u00e1 el llamado a los j\u00f3venes -","isPartOf":{"@id":"https:\/\/quehacerpolitico.mx\/#website"},"primaryImageOfPage":{"@id":"https:\/\/quehacerpolitico.mx\/?p=9616#primaryimage"},"image":{"@id":"https:\/\/quehacerpolitico.mx\/?p=9616#primaryimage"},"thumbnailUrl":"","datePublished":"2018-11-19T17:02:48+00:00","author":{"@id":"https:\/\/quehacerpolitico.mx\/#\/schema\/person\/496d8ad2d1d3f8036101dca7ee39e585"},"breadcrumb":{"@id":"https:\/\/quehacerpolitico.mx\/?p=9616#breadcrumb"},"inLanguage":"es","potentialAction":[{"@type":"ReadAction","target":["https:\/\/quehacerpolitico.mx\/?p=9616"]}]},{"@type":"ImageObject","inLanguage":"es","@id":"https:\/\/quehacerpolitico.mx\/?p=9616#primaryimage","url":"","contentUrl":""},{"@type":"BreadcrumbList","@id":"https:\/\/quehacerpolitico.mx\/?p=9616#breadcrumb","itemListElement":[{"@type":"ListItem","position":1,"name":"Inicio","item":"https:\/\/quehacerpolitico.mx\/"},{"@type":"ListItem","position":2,"name":"Con la llegada del nuevo entrenador del Tri, seguir\u00e1 el llamado a los j\u00f3venes"}]},{"@type":"WebSite","@id":"https:\/\/quehacerpolitico.mx\/#website","url":"https:\/\/quehacerpolitico.mx\/","name":"","description":"","potentialAction":[{"@type":"SearchAction","target":{"@type":"EntryPoint","urlTemplate":"https:\/\/quehacerpolitico.mx\/?s={search_term_string}"},"query-input":{"@type":"PropertyValueSpecification","valueRequired":true,"valueName":"search_term_string"}}],"inLanguage":"es"},{"@type":"Person","@id":"https:\/\/quehacerpolitico.mx\/#\/schema\/person\/496d8ad2d1d3f8036101dca7ee39e585","name":"Redacci\u00f3n QP","image":{"@type":"ImageObject","inLanguage":"es","@id":"https:\/\/secure.gravatar.com\/avatar\/c7164ed6fdec453195284ad24a5ae5b6e1eed2b848477fa2a4787ba9adf39a41?s=96&d=mm&r=g","url":"https:\/\/secure.gravatar.com\/avatar\/c7164ed6fdec453195284ad24a5ae5b6e1eed2b848477fa2a4787ba9adf39a41?s=96&d=mm&r=g","contentUrl":"https:\/\/secure.gravatar.com\/avatar\/c7164ed6fdec453195284ad24a5ae5b6e1eed2b848477fa2a4787ba9adf39a41?s=96&d=mm&r=g","caption":"Redacci\u00f3n QP"},"url":"https:\/\/quehacerpolitico.mx\/?author=2"}]}},"featured_image_urls":{"full":"","thumbnail":"","medium":"","medium_large":"","large":"","1536x1536":"","2048x2048":"","covernews-featured":"","covernews-medium":""},"author_info":{"display_name":"Redacci\u00f3n QP","author_link":"https:\/\/quehacerpolitico.mx\/?author=2"},"category_info":"<a href=\"https:\/\/quehacerpolitico.mx\/?cat=54\" rel=\"category\">Deportes<\/a>","tag_info":"Deportes","comment_count":"0","_links":{"self":[{"href":"https:\/\/quehacerpolitico.mx\/index.php?rest_route=\/wp\/v2\/posts\/9616","targetHints":{"allow":["GET"]}}],"collection":[{"href":"https:\/\/quehacerpolitico.mx\/index.php?rest_route=\/wp\/v2\/posts"}],"about":[{"href":"https:\/\/quehacerpolitico.mx\/index.php?rest_route=\/wp\/v2\/types\/post"}],"author":[{"embeddable":true,"href":"https:\/\/quehacerpolitico.mx\/index.php?rest_route=\/wp\/v2\/users\/2"}],"replies":[{"embeddable":true,"href":"https:\/\/quehacerpolitico.mx\/index.php?rest_route=%2Fwp%2Fv2%2Fcomments&post=9616"}],"version-history":[{"count":0,"href":"https:\/\/quehacerpolitico.mx\/index.php?rest_route=\/wp\/v2\/posts\/9616\/revisions"}],"wp:featuredmedia":[{"embeddable":true,"href":"https:\/\/quehacerpolitico.mx\/index.php?rest_route=\/"}],"wp:attachment":[{"href":"https:\/\/quehacerpolitico.mx\/index.php?rest_route=%2Fwp%2Fv2%2Fmedia&parent=9616"}],"wp:term":[{"taxonomy":"category","embeddable":true,"href":"https:\/\/quehacerpolitico.mx\/index.php?rest_route=%2Fwp%2Fv2%2Fcategories&post=9616"},{"taxonomy":"post_tag","embeddable":true,"href":"https:\/\/quehacerpolitico.mx\/index.php?rest_route=%2Fwp%2Fv2%2Ftags&post=9616"}],"curies":[{"name":"wp","href":"https:\/\/api.w.org\/{rel}","templated":true}]}}