{"id":96124,"date":"2022-10-10T19:53:45","date_gmt":"2022-10-10T19:53:45","guid":{"rendered":"https:\/\/quehacerpolitico.mx\/?p=96124"},"modified":"2022-10-10T19:53:49","modified_gmt":"2022-10-10T19:53:49","slug":"internacionales-carolina-alonso-romei-biden-promete-que-putin-rendira-cuentas-por-ataques-a-ucrania","status":"publish","type":"post","link":"https:\/\/quehacerpolitico.mx\/?p=96124","title":{"rendered":"Internacionales\/\/\/Carolina Alonso Romei\/\/\/Biden promete que Putin rendir\u00e1 cuentas por ataques a Ucrania"},"content":{"rendered":"\n<p>Por Carolina Alonso Romei<\/p>\n\n\n\n<p>Internacionalista <\/p>\n\n\n\n<p>Biden hace\u00a0un llamamiento a Mosc\u00fa a &#8220;terminar esta agresi\u00f3n injustificada de forma inmediata y retirar sus tropas de Ucrania&#8221;<\/p>\n\n\n\n<p>El presidente de Estados Unidos, Joe Biden,\u00a0<strong>conden\u00f3 este lunes los bombardeos a gran escala de Rusia contra varias ciudades de Ucrania\u00a0<\/strong>y prometi\u00f3 que el mandatario ruso,\u00a0<strong>Vlad\u00edmir Putin, rendir\u00e1 cuentas por las &#8220;atrocidades&#8221; cometidas durante la guerra<\/strong>.<\/p>\n\n\n\n<p><strong>&#8220;Estados Unidos condena firmemente los ataques rusos con misiles de hoy en Ucrania, incluida Kiev. Estos ataques mataron e hirieron a civiles, adem\u00e1s de destruir infraestructura no militar&#8221;<\/strong>, critic\u00f3 el presidente estadounidense en un comunicado.<\/p>\n\n\n\n<figure class=\"wp-block-embed is-type-rich is-provider-twitter wp-block-embed-twitter\"><div class=\"wp-block-embed__wrapper\">\n<blockquote class=\"twitter-tweet\" data-width=\"550\" data-dnt=\"true\"><p lang=\"en\" dir=\"ltr\">The U.S. condemns Russia&#39;s missile strikes today across Ukraine which injured and killed civilians and demonstrated once again the brutality of Putin\u2019s illegal war.<br><br>These attacks only reinforce our commitment to stand with the people of Ukraine for as long as it takes.<\/p>&mdash; President Biden (@POTUS) <a href=\"https:\/\/twitter.com\/POTUS\/status\/1579530154627723266?ref_src=twsrc%5Etfw\">October 10, 2022<\/a><\/blockquote><script async src=\"https:\/\/platform.twitter.com\/widgets.js\" charset=\"utf-8\"><\/script>\n<\/div><\/figure>\n\n\n\n<p>Biden, quien\u00a0<strong>ofreci\u00f3 sus condolencias a los familiares de las v\u00edctimas<\/strong>, consider\u00f3 que dichos bombardeos\u00a0<strong>&#8220;demuestran una vez m\u00e1s la completa brutalidad de la guerra ilegal del se\u00f1or Putin contra el pueblo ucraniano&#8221;.<\/strong><\/p>\n\n\n\n<p><strong>&#8220;Estos ataques solo refuerzan nuestro compromiso con el pueblo de Ucrania<\/strong>. Junto con nuestros aliados, seguiremos imponiendo costes a Rusia por su agresi\u00f3n, haremos que Putin y Rusia rindan cuentas por sus atrocidades y cr\u00edmenes de guerra; y suministraremos el apoyo necesario para que las fuerzas ucranianas defiendan a su pa\u00eds&#8221;, asever\u00f3.<\/p>\n\n\n\n<p>Asimismo,\u00a0<strong>Biden hizo un llamamiento a Mosc\u00fa a &#8220;terminar esta agresi\u00f3n injustificada de forma inmediata y retirar sus tropas de Ucrania&#8221;<\/strong>.<\/p>\n\n\n\n<p>Minutos antes, el secretario de Estado de Estados Unidos, Antony Blinken, llam\u00f3 a su hom\u00f3logo ucraniano, Dymitro Kuleba, para expresarle su apoyo ante los ataques de Rusia.<\/p>\n\n\n\n<p>Los bombardeos rusos a gran escala lanzados este lunes contra ciudades ucranianas, entre ellas Kiev,\u00a0<strong>han causado un n\u00famero todav\u00eda indeterminado de muertos<\/strong>, mientras la poblaci\u00f3n busca protecci\u00f3n en refugios.<\/p>\n\n\n\n<p>El presidente ucraniano, Volod\u00edmir Zelenski, se\u00f1al\u00f3 en un mensaje al pueblo ucraniano que los ataques masivos en varias regiones de Ucrania tienen como objetivo da\u00f1ar la infraestructura energ\u00e9tica y causar bajas entre la poblaci\u00f3n civil.<\/p>\n\n\n\n<p><strong>Rusia present\u00f3 los bombardeos como una respuesta al ataque perpetrado este fin de semana contra el puente de Crimea<\/strong>, que une esta pen\u00ednsula con su territorio y del que el Kremlin responsabiliza a los servicios secretos de Ucrania.<\/p>\n\n\n\n<p>El presidente ruso, Vlad\u00edmir Putin, amenaz\u00f3 con lanzar nuevos ataques de este tipo si Kiev perpetra &#8220;atentados terroristas&#8221; de envergadura en Rusia.<\/p>\n\n\n\n<p>Con informaci\u00f3n de EFE<\/p>\n","protected":false},"excerpt":{"rendered":"<p>Por Carolina Alonso Romei Internacionalista Biden hace\u00a0un llamamiento a Mosc\u00fa a &#8220;terminar esta agresi\u00f3n injustificada&#8230;<\/p>\n","protected":false},"author":2,"featured_media":96125,"comment_status":"open","ping_status":"open","sticky":false,"template":"","format":"standard","meta":{"_monsterinsights_skip_tracking":false,"_monsterinsights_sitenote_active":false,"_monsterinsights_sitenote_note":"","_monsterinsights_sitenote_category":0,"footnotes":""},"categories":[1],"tags":[],"class_list":["post-96124","post","type-post","status-publish","format-standard","has-post-thumbnail","hentry","category-sin-categoria"],"yoast_head":"<!-- This site is optimized with the Yoast SEO plugin v27.3 - https:\/\/yoast.com\/product\/yoast-seo-wordpress\/ -->\n<title>Internacionales\/\/\/Carolina Alonso Romei\/\/\/Biden promete que Putin rendir\u00e1 cuentas por ataques a Ucrania -<\/title>\n<meta name=\"robots\" content=\"index, follow, max-snippet:-1, max-image-preview:large, max-video-preview:-1\" \/>\n<link rel=\"canonical\" href=\"https:\/\/quehacerpolitico.mx\/?p=96124\" \/>\n<meta property=\"og:locale\" content=\"es_MX\" \/>\n<meta property=\"og:type\" content=\"article\" \/>\n<meta property=\"og:title\" content=\"Internacionales\/\/\/Carolina Alonso Romei\/\/\/Biden promete que Putin rendir\u00e1 cuentas por ataques a Ucrania -\" \/>\n<meta property=\"og:description\" content=\"Por Carolina Alonso Romei Internacionalista Biden hace\u00a0un llamamiento a Mosc\u00fa a &#8220;terminar esta agresi\u00f3n injustificada...\" \/>\n<meta property=\"og:url\" content=\"https:\/\/quehacerpolitico.mx\/?p=96124\" \/>\n<meta property=\"article:published_time\" content=\"2022-10-10T19:53:45+00:00\" \/>\n<meta property=\"article:modified_time\" content=\"2022-10-10T19:53:49+00:00\" \/>\n<meta property=\"og:image\" content=\"https:\/\/quehacerpolitico.mx\/wp-content\/uploads\/2022\/10\/F7EF2E3E-763A-40EB-B827-A38840E12A29.jpeg\" \/>\n\t<meta property=\"og:image:width\" content=\"1282\" \/>\n\t<meta property=\"og:image:height\" content=\"611\" \/>\n\t<meta property=\"og:image:type\" content=\"image\/jpeg\" \/>\n<meta name=\"author\" content=\"Redacci\u00f3n QP\" \/>\n<meta name=\"twitter:card\" content=\"summary_large_image\" \/>\n<meta name=\"twitter:label1\" content=\"Escrito por\" \/>\n\t<meta name=\"twitter:data1\" content=\"Redacci\u00f3n QP\" \/>\n\t<meta name=\"twitter:label2\" content=\"Tiempo de lectura\" \/>\n\t<meta name=\"twitter:data2\" content=\"2 minutos\" \/>\n<script type=\"application\/ld+json\" class=\"yoast-schema-graph\">{\"@context\":\"https:\\\/\\\/schema.org\",\"@graph\":[{\"@type\":\"Article\",\"@id\":\"https:\\\/\\\/quehacerpolitico.mx\\\/?p=96124#article\",\"isPartOf\":{\"@id\":\"https:\\\/\\\/quehacerpolitico.mx\\\/?p=96124\"},\"author\":{\"name\":\"Redacci\u00f3n QP\",\"@id\":\"https:\\\/\\\/quehacerpolitico.mx\\\/#\\\/schema\\\/person\\\/496d8ad2d1d3f8036101dca7ee39e585\"},\"headline\":\"Internacionales\\\/\\\/\\\/Carolina Alonso Romei\\\/\\\/\\\/Biden promete que Putin rendir\u00e1 cuentas por ataques a Ucrania\",\"datePublished\":\"2022-10-10T19:53:45+00:00\",\"dateModified\":\"2022-10-10T19:53:49+00:00\",\"mainEntityOfPage\":{\"@id\":\"https:\\\/\\\/quehacerpolitico.mx\\\/?p=96124\"},\"wordCount\":412,\"commentCount\":0,\"image\":{\"@id\":\"https:\\\/\\\/quehacerpolitico.mx\\\/?p=96124#primaryimage\"},\"thumbnailUrl\":\"https:\\\/\\\/quehacerpolitico.mx\\\/wp-content\\\/uploads\\\/2022\\\/10\\\/F7EF2E3E-763A-40EB-B827-A38840E12A29.jpeg\",\"articleSection\":[\"Internacionales\"],\"inLanguage\":\"es\",\"potentialAction\":[{\"@type\":\"CommentAction\",\"name\":\"Comment\",\"target\":[\"https:\\\/\\\/quehacerpolitico.mx\\\/?p=96124#respond\"]}]},{\"@type\":\"WebPage\",\"@id\":\"https:\\\/\\\/quehacerpolitico.mx\\\/?p=96124\",\"url\":\"https:\\\/\\\/quehacerpolitico.mx\\\/?p=96124\",\"name\":\"Internacionales\\\/\\\/\\\/Carolina Alonso Romei\\\/\\\/\\\/Biden promete que Putin rendir\u00e1 cuentas por ataques a Ucrania -\",\"isPartOf\":{\"@id\":\"https:\\\/\\\/quehacerpolitico.mx\\\/#website\"},\"primaryImageOfPage\":{\"@id\":\"https:\\\/\\\/quehacerpolitico.mx\\\/?p=96124#primaryimage\"},\"image\":{\"@id\":\"https:\\\/\\\/quehacerpolitico.mx\\\/?p=96124#primaryimage\"},\"thumbnailUrl\":\"https:\\\/\\\/quehacerpolitico.mx\\\/wp-content\\\/uploads\\\/2022\\\/10\\\/F7EF2E3E-763A-40EB-B827-A38840E12A29.jpeg\",\"datePublished\":\"2022-10-10T19:53:45+00:00\",\"dateModified\":\"2022-10-10T19:53:49+00:00\",\"author\":{\"@id\":\"https:\\\/\\\/quehacerpolitico.mx\\\/#\\\/schema\\\/person\\\/496d8ad2d1d3f8036101dca7ee39e585\"},\"breadcrumb\":{\"@id\":\"https:\\\/\\\/quehacerpolitico.mx\\\/?p=96124#breadcrumb\"},\"inLanguage\":\"es\",\"potentialAction\":[{\"@type\":\"ReadAction\",\"target\":[\"https:\\\/\\\/quehacerpolitico.mx\\\/?p=96124\"]}]},{\"@type\":\"ImageObject\",\"inLanguage\":\"es\",\"@id\":\"https:\\\/\\\/quehacerpolitico.mx\\\/?p=96124#primaryimage\",\"url\":\"https:\\\/\\\/quehacerpolitico.mx\\\/wp-content\\\/uploads\\\/2022\\\/10\\\/F7EF2E3E-763A-40EB-B827-A38840E12A29.jpeg\",\"contentUrl\":\"https:\\\/\\\/quehacerpolitico.mx\\\/wp-content\\\/uploads\\\/2022\\\/10\\\/F7EF2E3E-763A-40EB-B827-A38840E12A29.jpeg\",\"width\":1282,\"height\":611},{\"@type\":\"BreadcrumbList\",\"@id\":\"https:\\\/\\\/quehacerpolitico.mx\\\/?p=96124#breadcrumb\",\"itemListElement\":[{\"@type\":\"ListItem\",\"position\":1,\"name\":\"Inicio\",\"item\":\"https:\\\/\\\/quehacerpolitico.mx\\\/\"},{\"@type\":\"ListItem\",\"position\":2,\"name\":\"Internacionales\\\/\\\/\\\/Carolina Alonso Romei\\\/\\\/\\\/Biden promete que Putin rendir\u00e1 cuentas por ataques a Ucrania\"}]},{\"@type\":\"WebSite\",\"@id\":\"https:\\\/\\\/quehacerpolitico.mx\\\/#website\",\"url\":\"https:\\\/\\\/quehacerpolitico.mx\\\/\",\"name\":\"\",\"description\":\"\",\"potentialAction\":[{\"@type\":\"SearchAction\",\"target\":{\"@type\":\"EntryPoint\",\"urlTemplate\":\"https:\\\/\\\/quehacerpolitico.mx\\\/?s={search_term_string}\"},\"query-input\":{\"@type\":\"PropertyValueSpecification\",\"valueRequired\":true,\"valueName\":\"search_term_string\"}}],\"inLanguage\":\"es\"},{\"@type\":\"Person\",\"@id\":\"https:\\\/\\\/quehacerpolitico.mx\\\/#\\\/schema\\\/person\\\/496d8ad2d1d3f8036101dca7ee39e585\",\"name\":\"Redacci\u00f3n QP\",\"image\":{\"@type\":\"ImageObject\",\"inLanguage\":\"es\",\"@id\":\"https:\\\/\\\/secure.gravatar.com\\\/avatar\\\/c7164ed6fdec453195284ad24a5ae5b6e1eed2b848477fa2a4787ba9adf39a41?s=96&d=mm&r=g\",\"url\":\"https:\\\/\\\/secure.gravatar.com\\\/avatar\\\/c7164ed6fdec453195284ad24a5ae5b6e1eed2b848477fa2a4787ba9adf39a41?s=96&d=mm&r=g\",\"contentUrl\":\"https:\\\/\\\/secure.gravatar.com\\\/avatar\\\/c7164ed6fdec453195284ad24a5ae5b6e1eed2b848477fa2a4787ba9adf39a41?s=96&d=mm&r=g\",\"caption\":\"Redacci\u00f3n QP\"},\"url\":\"https:\\\/\\\/quehacerpolitico.mx\\\/?author=2\"}]}<\/script>\n<!-- \/ Yoast SEO plugin. -->","yoast_head_json":{"title":"Internacionales\/\/\/Carolina Alonso Romei\/\/\/Biden promete que Putin rendir\u00e1 cuentas por ataques a Ucrania -","robots":{"index":"index","follow":"follow","max-snippet":"max-snippet:-1","max-image-preview":"max-image-preview:large","max-video-preview":"max-video-preview:-1"},"canonical":"https:\/\/quehacerpolitico.mx\/?p=96124","og_locale":"es_MX","og_type":"article","og_title":"Internacionales\/\/\/Carolina Alonso Romei\/\/\/Biden promete que Putin rendir\u00e1 cuentas por ataques a Ucrania -","og_description":"Por Carolina Alonso Romei Internacionalista Biden hace\u00a0un llamamiento a Mosc\u00fa a &#8220;terminar esta agresi\u00f3n injustificada...","og_url":"https:\/\/quehacerpolitico.mx\/?p=96124","article_published_time":"2022-10-10T19:53:45+00:00","article_modified_time":"2022-10-10T19:53:49+00:00","og_image":[{"width":1282,"height":611,"url":"https:\/\/quehacerpolitico.mx\/wp-content\/uploads\/2022\/10\/F7EF2E3E-763A-40EB-B827-A38840E12A29.jpeg","type":"image\/jpeg"}],"author":"Redacci\u00f3n QP","twitter_card":"summary_large_image","twitter_misc":{"Escrito por":"Redacci\u00f3n QP","Tiempo de lectura":"2 minutos"},"schema":{"@context":"https:\/\/schema.org","@graph":[{"@type":"Article","@id":"https:\/\/quehacerpolitico.mx\/?p=96124#article","isPartOf":{"@id":"https:\/\/quehacerpolitico.mx\/?p=96124"},"author":{"name":"Redacci\u00f3n QP","@id":"https:\/\/quehacerpolitico.mx\/#\/schema\/person\/496d8ad2d1d3f8036101dca7ee39e585"},"headline":"Internacionales\/\/\/Carolina Alonso Romei\/\/\/Biden promete que Putin rendir\u00e1 cuentas por ataques a Ucrania","datePublished":"2022-10-10T19:53:45+00:00","dateModified":"2022-10-10T19:53:49+00:00","mainEntityOfPage":{"@id":"https:\/\/quehacerpolitico.mx\/?p=96124"},"wordCount":412,"commentCount":0,"image":{"@id":"https:\/\/quehacerpolitico.mx\/?p=96124#primaryimage"},"thumbnailUrl":"https:\/\/quehacerpolitico.mx\/wp-content\/uploads\/2022\/10\/F7EF2E3E-763A-40EB-B827-A38840E12A29.jpeg","articleSection":["Internacionales"],"inLanguage":"es","potentialAction":[{"@type":"CommentAction","name":"Comment","target":["https:\/\/quehacerpolitico.mx\/?p=96124#respond"]}]},{"@type":"WebPage","@id":"https:\/\/quehacerpolitico.mx\/?p=96124","url":"https:\/\/quehacerpolitico.mx\/?p=96124","name":"Internacionales\/\/\/Carolina Alonso Romei\/\/\/Biden promete que Putin rendir\u00e1 cuentas por ataques a Ucrania -","isPartOf":{"@id":"https:\/\/quehacerpolitico.mx\/#website"},"primaryImageOfPage":{"@id":"https:\/\/quehacerpolitico.mx\/?p=96124#primaryimage"},"image":{"@id":"https:\/\/quehacerpolitico.mx\/?p=96124#primaryimage"},"thumbnailUrl":"https:\/\/quehacerpolitico.mx\/wp-content\/uploads\/2022\/10\/F7EF2E3E-763A-40EB-B827-A38840E12A29.jpeg","datePublished":"2022-10-10T19:53:45+00:00","dateModified":"2022-10-10T19:53:49+00:00","author":{"@id":"https:\/\/quehacerpolitico.mx\/#\/schema\/person\/496d8ad2d1d3f8036101dca7ee39e585"},"breadcrumb":{"@id":"https:\/\/quehacerpolitico.mx\/?p=96124#breadcrumb"},"inLanguage":"es","potentialAction":[{"@type":"ReadAction","target":["https:\/\/quehacerpolitico.mx\/?p=96124"]}]},{"@type":"ImageObject","inLanguage":"es","@id":"https:\/\/quehacerpolitico.mx\/?p=96124#primaryimage","url":"https:\/\/quehacerpolitico.mx\/wp-content\/uploads\/2022\/10\/F7EF2E3E-763A-40EB-B827-A38840E12A29.jpeg","contentUrl":"https:\/\/quehacerpolitico.mx\/wp-content\/uploads\/2022\/10\/F7EF2E3E-763A-40EB-B827-A38840E12A29.jpeg","width":1282,"height":611},{"@type":"BreadcrumbList","@id":"https:\/\/quehacerpolitico.mx\/?p=96124#breadcrumb","itemListElement":[{"@type":"ListItem","position":1,"name":"Inicio","item":"https:\/\/quehacerpolitico.mx\/"},{"@type":"ListItem","position":2,"name":"Internacionales\/\/\/Carolina Alonso Romei\/\/\/Biden promete que Putin rendir\u00e1 cuentas por ataques a Ucrania"}]},{"@type":"WebSite","@id":"https:\/\/quehacerpolitico.mx\/#website","url":"https:\/\/quehacerpolitico.mx\/","name":"","description":"","potentialAction":[{"@type":"SearchAction","target":{"@type":"EntryPoint","urlTemplate":"https:\/\/quehacerpolitico.mx\/?s={search_term_string}"},"query-input":{"@type":"PropertyValueSpecification","valueRequired":true,"valueName":"search_term_string"}}],"inLanguage":"es"},{"@type":"Person","@id":"https:\/\/quehacerpolitico.mx\/#\/schema\/person\/496d8ad2d1d3f8036101dca7ee39e585","name":"Redacci\u00f3n QP","image":{"@type":"ImageObject","inLanguage":"es","@id":"https:\/\/secure.gravatar.com\/avatar\/c7164ed6fdec453195284ad24a5ae5b6e1eed2b848477fa2a4787ba9adf39a41?s=96&d=mm&r=g","url":"https:\/\/secure.gravatar.com\/avatar\/c7164ed6fdec453195284ad24a5ae5b6e1eed2b848477fa2a4787ba9adf39a41?s=96&d=mm&r=g","contentUrl":"https:\/\/secure.gravatar.com\/avatar\/c7164ed6fdec453195284ad24a5ae5b6e1eed2b848477fa2a4787ba9adf39a41?s=96&d=mm&r=g","caption":"Redacci\u00f3n QP"},"url":"https:\/\/quehacerpolitico.mx\/?author=2"}]}},"featured_image_urls":{"full":["https:\/\/quehacerpolitico.mx\/wp-content\/uploads\/2022\/10\/F7EF2E3E-763A-40EB-B827-A38840E12A29.jpeg",1282,611,false],"thumbnail":["https:\/\/quehacerpolitico.mx\/wp-content\/uploads\/2022\/10\/F7EF2E3E-763A-40EB-B827-A38840E12A29-150x150.jpeg",150,150,true],"medium":["https:\/\/quehacerpolitico.mx\/wp-content\/uploads\/2022\/10\/F7EF2E3E-763A-40EB-B827-A38840E12A29-300x143.jpeg",300,143,true],"medium_large":["https:\/\/quehacerpolitico.mx\/wp-content\/uploads\/2022\/10\/F7EF2E3E-763A-40EB-B827-A38840E12A29-768x366.jpeg",640,305,true],"large":["https:\/\/quehacerpolitico.mx\/wp-content\/uploads\/2022\/10\/F7EF2E3E-763A-40EB-B827-A38840E12A29-1024x488.jpeg",640,305,true],"1536x1536":["https:\/\/quehacerpolitico.mx\/wp-content\/uploads\/2022\/10\/F7EF2E3E-763A-40EB-B827-A38840E12A29.jpeg",1282,611,false],"2048x2048":["https:\/\/quehacerpolitico.mx\/wp-content\/uploads\/2022\/10\/F7EF2E3E-763A-40EB-B827-A38840E12A29.jpeg",1282,611,false],"covernews-featured":["https:\/\/quehacerpolitico.mx\/wp-content\/uploads\/2022\/10\/F7EF2E3E-763A-40EB-B827-A38840E12A29.jpeg",1024,488,false],"covernews-medium":["https:\/\/quehacerpolitico.mx\/wp-content\/uploads\/2022\/10\/F7EF2E3E-763A-40EB-B827-A38840E12A29.jpeg",540,257,false]},"author_info":{"display_name":"Redacci\u00f3n QP","author_link":"https:\/\/quehacerpolitico.mx\/?author=2"},"category_info":"<a href=\"https:\/\/quehacerpolitico.mx\/?cat=1\" rel=\"category\">Internacionales<\/a>","tag_info":"Internacionales","comment_count":"0","_links":{"self":[{"href":"https:\/\/quehacerpolitico.mx\/index.php?rest_route=\/wp\/v2\/posts\/96124","targetHints":{"allow":["GET"]}}],"collection":[{"href":"https:\/\/quehacerpolitico.mx\/index.php?rest_route=\/wp\/v2\/posts"}],"about":[{"href":"https:\/\/quehacerpolitico.mx\/index.php?rest_route=\/wp\/v2\/types\/post"}],"author":[{"embeddable":true,"href":"https:\/\/quehacerpolitico.mx\/index.php?rest_route=\/wp\/v2\/users\/2"}],"replies":[{"embeddable":true,"href":"https:\/\/quehacerpolitico.mx\/index.php?rest_route=%2Fwp%2Fv2%2Fcomments&post=96124"}],"version-history":[{"count":1,"href":"https:\/\/quehacerpolitico.mx\/index.php?rest_route=\/wp\/v2\/posts\/96124\/revisions"}],"predecessor-version":[{"id":96126,"href":"https:\/\/quehacerpolitico.mx\/index.php?rest_route=\/wp\/v2\/posts\/96124\/revisions\/96126"}],"wp:featuredmedia":[{"embeddable":true,"href":"https:\/\/quehacerpolitico.mx\/index.php?rest_route=\/wp\/v2\/media\/96125"}],"wp:attachment":[{"href":"https:\/\/quehacerpolitico.mx\/index.php?rest_route=%2Fwp%2Fv2%2Fmedia&parent=96124"}],"wp:term":[{"taxonomy":"category","embeddable":true,"href":"https:\/\/quehacerpolitico.mx\/index.php?rest_route=%2Fwp%2Fv2%2Fcategories&post=96124"},{"taxonomy":"post_tag","embeddable":true,"href":"https:\/\/quehacerpolitico.mx\/index.php?rest_route=%2Fwp%2Fv2%2Ftags&post=96124"}],"curies":[{"name":"wp","href":"https:\/\/api.w.org\/{rel}","templated":true}]}}