{"id":9612,"date":"2018-11-19T16:44:42","date_gmt":"2018-11-19T16:44:42","guid":{"rendered":"http:\/\/quehacerpolitico.mx\/el-cruce-de-san-ysidro-en-la-frontera-con-mexico-es-reabierto-instalaron-vallas-y-alambres-de-puas\/"},"modified":"2018-11-19T16:44:42","modified_gmt":"2018-11-19T16:44:42","slug":"el-cruce-de-san-ysidro-en-la-frontera-con-mexico-es-reabierto-instalaron-vallas-y-alambres-de-puas","status":"publish","type":"post","link":"https:\/\/quehacerpolitico.mx\/?p=9612","title":{"rendered":"El cruce de San Ysidro en la frontera con M\u00e9xico es reabierto; instalaron vallas y alambres de p\u00faas"},"content":{"rendered":"<h1>El cruce de San Ysidro en la frontera con M\u00e9xico es reabierto; instalaron vallas y alambres de p\u00faas<\/h1>\n<p>Por Redacci\u00f3n QP<\/p>\n<p>El <strong>cruce fronterizo<\/strong> de <strong>San Ysidro<\/strong>, que une <strong>San Diego<\/strong>(EU) y <strong>Tijuana<\/strong> (M\u00e9xico), donde miles de <strong>migrantes<\/strong> aguardan para pedir asilo en EU, fue <strong>reabierto<\/strong> hoy luego de varias horas de cierre en las que se colocaron \u201cmateriales de reforzamiento\u201d, inform\u00f3 una fuente oficial.<\/p>\n<p>Esa medida de clausura, que tom\u00f3 por sorpresa a miles de personas que transitan diariamente entre ambos pa\u00edses, interrumpi\u00f3 temporalmente tanto el cruce vehicular como uno de los dos cruces peatonales, indic\u00f3 una portavoz de la Oficina de Aduanas y Protecci\u00f3n Fronteriza (CBP) estadounidense.<\/p>\n<div id=\"attachment_3499733\" class=\"wp-caption alignnone\"><img loading=\"lazy\" decoding=\"async\" class=\"size-full wp-image-3499733\" src=\"https:\/\/www.sinembargo.mx\/wp-content\/uploads\/2018\/11\/cierre_gasita_san_ysidro-7.jpg\" sizes=\"auto, (max-width: 700px) 100vw, 700px\" srcset=\"https:\/\/www.sinembargo.mx\/wp-content\/uploads\/2018\/11\/cierre_gasita_san_ysidro-7.jpg 700w, https:\/\/www.sinembargo.mx\/wp-content\/uploads\/2018\/11\/cierre_gasita_san_ysidro-7-300x200.jpg 300w\" alt=\"\" width=\"700\" height=\"467\" \/><\/p>\n<p class=\"wp-caption-text\">Se inform\u00f3 que el cruce de San Ysidro a Tijuana funciona normalmente. Foto: Omar Mart\u00ednez, Cuartoscuro<\/p>\n<\/div>\n<div id=\"attachment_3499732\" class=\"wp-caption alignnone\"><img loading=\"lazy\" decoding=\"async\" class=\"size-full wp-image-3499732\" src=\"https:\/\/www.sinembargo.mx\/wp-content\/uploads\/2018\/11\/cierre_gasita_san_ysidro-2.jpg\" sizes=\"auto, (max-width: 700px) 100vw, 700px\" srcset=\"https:\/\/www.sinembargo.mx\/wp-content\/uploads\/2018\/11\/cierre_gasita_san_ysidro-2.jpg 700w, https:\/\/www.sinembargo.mx\/wp-content\/uploads\/2018\/11\/cierre_gasita_san_ysidro-2-300x200.jpg 300w\" alt=\"\" width=\"700\" height=\"467\" \/><\/p>\n<p class=\"wp-caption-text\">A pesar de que cientos de veh\u00edculos esperaban su turno para llegar a la caseta de inspecci\u00f3n, el procesamiento de veh\u00edculos fue frenado.Foto: Omar Mart\u00ednez, Cuartoscuro<\/p>\n<\/div>\n<p>Tras haber cerrado por completo el cruce sin previo aviso, cerca de las 07:00 hora local (16:00 GMT) reabrieron los primeros carriles en la considerada \u201cfrontera m\u00e1s transitada del mundo\u201d.<\/p>\n<p>El ingreso desde Estados Unidos hacia M\u00e9xico no se vio afectado durante este lapso.<\/p>\n<div id=\"attachment_3499731\" class=\"wp-caption alignnone\"><img loading=\"lazy\" decoding=\"async\" class=\"size-full wp-image-3499731\" src=\"https:\/\/www.sinembargo.mx\/wp-content\/uploads\/2018\/11\/cierre_gasita_san_ysidro-4.jpg\" sizes=\"auto, (max-width: 700px) 100vw, 700px\" srcset=\"https:\/\/www.sinembargo.mx\/wp-content\/uploads\/2018\/11\/cierre_gasita_san_ysidro-4.jpg 700w, https:\/\/www.sinembargo.mx\/wp-content\/uploads\/2018\/11\/cierre_gasita_san_ysidro-4-300x200.jpg 300w\" alt=\"\" width=\"700\" height=\"467\" \/><\/p>\n<p class=\"wp-caption-text\">Se trata de una medida temporal para la instalaci\u00f3n de materiales que refuercen la garita.. Foto: Omar Mart\u00ednez, Cuartoscuro<\/p>\n<\/div>\n<p>Decenas de elementos de seguridad custodiaban hoy el cruce hacia California, mientras notificaron a los autom\u00f3viles que esperaban en fila sobre la decisi\u00f3n.<\/p>\n<p>Durante este repentino cierre, el ingreso hacia San Diego se limit\u00f3 al puerto internacional de Otay Mesa y al cruce peatonal del lado oeste en San Ysidro, que por ende registaron demoras m\u00e1s largas a lo habitual.<\/p>\n<p>Si bien la autoridad no especific\u00f3 que el cierre respondiera a la presencia de la caravana migrante en Tijuana, hace una semana tropas estadounidenses cerraron el paso en tres de los 26 carriles para veh\u00edculos de San Ysidro para la instalaci\u00f3n de muros de contenci\u00f3n y alambrado.<\/p>\n<p>Diariamente, el cruce internacional de San Ysidro recibe cerca de 50 mil veh\u00edculos y 25 mil peatones.<\/p>\n<p>Con Informaci\u00f3n de EFE<\/p>\n","protected":false},"excerpt":{"rendered":"<p>El cruce de San Ysidro en la frontera con M\u00e9xico es reabierto; instalaron vallas y alambres de p\u00faas<br \/>\nPor Redacci\u00f3n QP<\/p>\n","protected":false},"author":2,"featured_media":9611,"comment_status":"open","ping_status":"open","sticky":false,"template":"","format":"standard","meta":{"_monsterinsights_skip_tracking":false,"_monsterinsights_sitenote_active":false,"_monsterinsights_sitenote_note":"","_monsterinsights_sitenote_category":0,"footnotes":""},"categories":[2],"tags":[],"class_list":["post-9612","post","type-post","status-publish","format-standard","has-post-thumbnail","hentry","category-noticias"],"yoast_head":"<!-- This site is optimized with the Yoast SEO plugin v27.3 - https:\/\/yoast.com\/product\/yoast-seo-wordpress\/ -->\n<title>El cruce de San Ysidro en la frontera con M\u00e9xico es reabierto; instalaron vallas y alambres de p\u00faas -<\/title>\n<meta name=\"robots\" content=\"index, follow, max-snippet:-1, max-image-preview:large, max-video-preview:-1\" \/>\n<link rel=\"canonical\" href=\"https:\/\/quehacerpolitico.mx\/?p=9612\" \/>\n<meta property=\"og:locale\" content=\"es_MX\" \/>\n<meta property=\"og:type\" content=\"article\" \/>\n<meta property=\"og:title\" content=\"El cruce de San Ysidro en la frontera con M\u00e9xico es reabierto; instalaron vallas y alambres de p\u00faas -\" \/>\n<meta property=\"og:description\" content=\"El cruce de San Ysidro en la frontera con M\u00e9xico es reabierto; instalaron vallas y alambres de p\u00faas Por Redacci\u00f3n QP\" \/>\n<meta property=\"og:url\" content=\"https:\/\/quehacerpolitico.mx\/?p=9612\" \/>\n<meta property=\"article:published_time\" content=\"2018-11-19T16:44:42+00:00\" \/>\n<meta name=\"author\" content=\"Redacci\u00f3n QP\" \/>\n<meta name=\"twitter:card\" content=\"summary_large_image\" \/>\n<meta name=\"twitter:label1\" content=\"Escrito por\" \/>\n\t<meta name=\"twitter:data1\" content=\"Redacci\u00f3n QP\" \/>\n\t<meta name=\"twitter:label2\" content=\"Tiempo de lectura\" \/>\n\t<meta name=\"twitter:data2\" content=\"2 minutos\" \/>\n<script type=\"application\/ld+json\" class=\"yoast-schema-graph\">{\"@context\":\"https:\\\/\\\/schema.org\",\"@graph\":[{\"@type\":\"Article\",\"@id\":\"https:\\\/\\\/quehacerpolitico.mx\\\/?p=9612#article\",\"isPartOf\":{\"@id\":\"https:\\\/\\\/quehacerpolitico.mx\\\/?p=9612\"},\"author\":{\"name\":\"Redacci\u00f3n QP\",\"@id\":\"https:\\\/\\\/quehacerpolitico.mx\\\/#\\\/schema\\\/person\\\/496d8ad2d1d3f8036101dca7ee39e585\"},\"headline\":\"El cruce de San Ysidro en la frontera con M\u00e9xico es reabierto; instalaron vallas y alambres de p\u00faas\",\"datePublished\":\"2018-11-19T16:44:42+00:00\",\"mainEntityOfPage\":{\"@id\":\"https:\\\/\\\/quehacerpolitico.mx\\\/?p=9612\"},\"wordCount\":382,\"commentCount\":0,\"image\":{\"@id\":\"https:\\\/\\\/quehacerpolitico.mx\\\/?p=9612#primaryimage\"},\"thumbnailUrl\":\"\",\"articleSection\":[\"Noticias\"],\"inLanguage\":\"es\",\"potentialAction\":[{\"@type\":\"CommentAction\",\"name\":\"Comment\",\"target\":[\"https:\\\/\\\/quehacerpolitico.mx\\\/?p=9612#respond\"]}]},{\"@type\":\"WebPage\",\"@id\":\"https:\\\/\\\/quehacerpolitico.mx\\\/?p=9612\",\"url\":\"https:\\\/\\\/quehacerpolitico.mx\\\/?p=9612\",\"name\":\"El cruce de San Ysidro en la frontera con M\u00e9xico es reabierto; instalaron vallas y alambres de p\u00faas -\",\"isPartOf\":{\"@id\":\"https:\\\/\\\/quehacerpolitico.mx\\\/#website\"},\"primaryImageOfPage\":{\"@id\":\"https:\\\/\\\/quehacerpolitico.mx\\\/?p=9612#primaryimage\"},\"image\":{\"@id\":\"https:\\\/\\\/quehacerpolitico.mx\\\/?p=9612#primaryimage\"},\"thumbnailUrl\":\"\",\"datePublished\":\"2018-11-19T16:44:42+00:00\",\"author\":{\"@id\":\"https:\\\/\\\/quehacerpolitico.mx\\\/#\\\/schema\\\/person\\\/496d8ad2d1d3f8036101dca7ee39e585\"},\"breadcrumb\":{\"@id\":\"https:\\\/\\\/quehacerpolitico.mx\\\/?p=9612#breadcrumb\"},\"inLanguage\":\"es\",\"potentialAction\":[{\"@type\":\"ReadAction\",\"target\":[\"https:\\\/\\\/quehacerpolitico.mx\\\/?p=9612\"]}]},{\"@type\":\"ImageObject\",\"inLanguage\":\"es\",\"@id\":\"https:\\\/\\\/quehacerpolitico.mx\\\/?p=9612#primaryimage\",\"url\":\"\",\"contentUrl\":\"\"},{\"@type\":\"BreadcrumbList\",\"@id\":\"https:\\\/\\\/quehacerpolitico.mx\\\/?p=9612#breadcrumb\",\"itemListElement\":[{\"@type\":\"ListItem\",\"position\":1,\"name\":\"Inicio\",\"item\":\"https:\\\/\\\/quehacerpolitico.mx\\\/\"},{\"@type\":\"ListItem\",\"position\":2,\"name\":\"El cruce de San Ysidro en la frontera con M\u00e9xico es reabierto; instalaron vallas y alambres de p\u00faas\"}]},{\"@type\":\"WebSite\",\"@id\":\"https:\\\/\\\/quehacerpolitico.mx\\\/#website\",\"url\":\"https:\\\/\\\/quehacerpolitico.mx\\\/\",\"name\":\"\",\"description\":\"\",\"potentialAction\":[{\"@type\":\"SearchAction\",\"target\":{\"@type\":\"EntryPoint\",\"urlTemplate\":\"https:\\\/\\\/quehacerpolitico.mx\\\/?s={search_term_string}\"},\"query-input\":{\"@type\":\"PropertyValueSpecification\",\"valueRequired\":true,\"valueName\":\"search_term_string\"}}],\"inLanguage\":\"es\"},{\"@type\":\"Person\",\"@id\":\"https:\\\/\\\/quehacerpolitico.mx\\\/#\\\/schema\\\/person\\\/496d8ad2d1d3f8036101dca7ee39e585\",\"name\":\"Redacci\u00f3n QP\",\"image\":{\"@type\":\"ImageObject\",\"inLanguage\":\"es\",\"@id\":\"https:\\\/\\\/secure.gravatar.com\\\/avatar\\\/c7164ed6fdec453195284ad24a5ae5b6e1eed2b848477fa2a4787ba9adf39a41?s=96&d=mm&r=g\",\"url\":\"https:\\\/\\\/secure.gravatar.com\\\/avatar\\\/c7164ed6fdec453195284ad24a5ae5b6e1eed2b848477fa2a4787ba9adf39a41?s=96&d=mm&r=g\",\"contentUrl\":\"https:\\\/\\\/secure.gravatar.com\\\/avatar\\\/c7164ed6fdec453195284ad24a5ae5b6e1eed2b848477fa2a4787ba9adf39a41?s=96&d=mm&r=g\",\"caption\":\"Redacci\u00f3n QP\"},\"url\":\"https:\\\/\\\/quehacerpolitico.mx\\\/?author=2\"}]}<\/script>\n<!-- \/ Yoast SEO plugin. -->","yoast_head_json":{"title":"El cruce de San Ysidro en la frontera con M\u00e9xico es reabierto; instalaron vallas y alambres de p\u00faas -","robots":{"index":"index","follow":"follow","max-snippet":"max-snippet:-1","max-image-preview":"max-image-preview:large","max-video-preview":"max-video-preview:-1"},"canonical":"https:\/\/quehacerpolitico.mx\/?p=9612","og_locale":"es_MX","og_type":"article","og_title":"El cruce de San Ysidro en la frontera con M\u00e9xico es reabierto; instalaron vallas y alambres de p\u00faas -","og_description":"El cruce de San Ysidro en la frontera con M\u00e9xico es reabierto; instalaron vallas y alambres de p\u00faas Por Redacci\u00f3n QP","og_url":"https:\/\/quehacerpolitico.mx\/?p=9612","article_published_time":"2018-11-19T16:44:42+00:00","author":"Redacci\u00f3n QP","twitter_card":"summary_large_image","twitter_misc":{"Escrito por":"Redacci\u00f3n QP","Tiempo de lectura":"2 minutos"},"schema":{"@context":"https:\/\/schema.org","@graph":[{"@type":"Article","@id":"https:\/\/quehacerpolitico.mx\/?p=9612#article","isPartOf":{"@id":"https:\/\/quehacerpolitico.mx\/?p=9612"},"author":{"name":"Redacci\u00f3n QP","@id":"https:\/\/quehacerpolitico.mx\/#\/schema\/person\/496d8ad2d1d3f8036101dca7ee39e585"},"headline":"El cruce de San Ysidro en la frontera con M\u00e9xico es reabierto; instalaron vallas y alambres de p\u00faas","datePublished":"2018-11-19T16:44:42+00:00","mainEntityOfPage":{"@id":"https:\/\/quehacerpolitico.mx\/?p=9612"},"wordCount":382,"commentCount":0,"image":{"@id":"https:\/\/quehacerpolitico.mx\/?p=9612#primaryimage"},"thumbnailUrl":"","articleSection":["Noticias"],"inLanguage":"es","potentialAction":[{"@type":"CommentAction","name":"Comment","target":["https:\/\/quehacerpolitico.mx\/?p=9612#respond"]}]},{"@type":"WebPage","@id":"https:\/\/quehacerpolitico.mx\/?p=9612","url":"https:\/\/quehacerpolitico.mx\/?p=9612","name":"El cruce de San Ysidro en la frontera con M\u00e9xico es reabierto; instalaron vallas y alambres de p\u00faas -","isPartOf":{"@id":"https:\/\/quehacerpolitico.mx\/#website"},"primaryImageOfPage":{"@id":"https:\/\/quehacerpolitico.mx\/?p=9612#primaryimage"},"image":{"@id":"https:\/\/quehacerpolitico.mx\/?p=9612#primaryimage"},"thumbnailUrl":"","datePublished":"2018-11-19T16:44:42+00:00","author":{"@id":"https:\/\/quehacerpolitico.mx\/#\/schema\/person\/496d8ad2d1d3f8036101dca7ee39e585"},"breadcrumb":{"@id":"https:\/\/quehacerpolitico.mx\/?p=9612#breadcrumb"},"inLanguage":"es","potentialAction":[{"@type":"ReadAction","target":["https:\/\/quehacerpolitico.mx\/?p=9612"]}]},{"@type":"ImageObject","inLanguage":"es","@id":"https:\/\/quehacerpolitico.mx\/?p=9612#primaryimage","url":"","contentUrl":""},{"@type":"BreadcrumbList","@id":"https:\/\/quehacerpolitico.mx\/?p=9612#breadcrumb","itemListElement":[{"@type":"ListItem","position":1,"name":"Inicio","item":"https:\/\/quehacerpolitico.mx\/"},{"@type":"ListItem","position":2,"name":"El cruce de San Ysidro en la frontera con M\u00e9xico es reabierto; instalaron vallas y alambres de p\u00faas"}]},{"@type":"WebSite","@id":"https:\/\/quehacerpolitico.mx\/#website","url":"https:\/\/quehacerpolitico.mx\/","name":"","description":"","potentialAction":[{"@type":"SearchAction","target":{"@type":"EntryPoint","urlTemplate":"https:\/\/quehacerpolitico.mx\/?s={search_term_string}"},"query-input":{"@type":"PropertyValueSpecification","valueRequired":true,"valueName":"search_term_string"}}],"inLanguage":"es"},{"@type":"Person","@id":"https:\/\/quehacerpolitico.mx\/#\/schema\/person\/496d8ad2d1d3f8036101dca7ee39e585","name":"Redacci\u00f3n QP","image":{"@type":"ImageObject","inLanguage":"es","@id":"https:\/\/secure.gravatar.com\/avatar\/c7164ed6fdec453195284ad24a5ae5b6e1eed2b848477fa2a4787ba9adf39a41?s=96&d=mm&r=g","url":"https:\/\/secure.gravatar.com\/avatar\/c7164ed6fdec453195284ad24a5ae5b6e1eed2b848477fa2a4787ba9adf39a41?s=96&d=mm&r=g","contentUrl":"https:\/\/secure.gravatar.com\/avatar\/c7164ed6fdec453195284ad24a5ae5b6e1eed2b848477fa2a4787ba9adf39a41?s=96&d=mm&r=g","caption":"Redacci\u00f3n QP"},"url":"https:\/\/quehacerpolitico.mx\/?author=2"}]}},"featured_image_urls":{"full":"","thumbnail":"","medium":"","medium_large":"","large":"","1536x1536":"","2048x2048":"","covernews-featured":"","covernews-medium":""},"author_info":{"display_name":"Redacci\u00f3n QP","author_link":"https:\/\/quehacerpolitico.mx\/?author=2"},"category_info":"<a href=\"https:\/\/quehacerpolitico.mx\/?cat=2\" rel=\"category\">Noticias<\/a>","tag_info":"Noticias","comment_count":"0","_links":{"self":[{"href":"https:\/\/quehacerpolitico.mx\/index.php?rest_route=\/wp\/v2\/posts\/9612","targetHints":{"allow":["GET"]}}],"collection":[{"href":"https:\/\/quehacerpolitico.mx\/index.php?rest_route=\/wp\/v2\/posts"}],"about":[{"href":"https:\/\/quehacerpolitico.mx\/index.php?rest_route=\/wp\/v2\/types\/post"}],"author":[{"embeddable":true,"href":"https:\/\/quehacerpolitico.mx\/index.php?rest_route=\/wp\/v2\/users\/2"}],"replies":[{"embeddable":true,"href":"https:\/\/quehacerpolitico.mx\/index.php?rest_route=%2Fwp%2Fv2%2Fcomments&post=9612"}],"version-history":[{"count":0,"href":"https:\/\/quehacerpolitico.mx\/index.php?rest_route=\/wp\/v2\/posts\/9612\/revisions"}],"wp:featuredmedia":[{"embeddable":true,"href":"https:\/\/quehacerpolitico.mx\/index.php?rest_route=\/"}],"wp:attachment":[{"href":"https:\/\/quehacerpolitico.mx\/index.php?rest_route=%2Fwp%2Fv2%2Fmedia&parent=9612"}],"wp:term":[{"taxonomy":"category","embeddable":true,"href":"https:\/\/quehacerpolitico.mx\/index.php?rest_route=%2Fwp%2Fv2%2Fcategories&post=9612"},{"taxonomy":"post_tag","embeddable":true,"href":"https:\/\/quehacerpolitico.mx\/index.php?rest_route=%2Fwp%2Fv2%2Ftags&post=9612"}],"curies":[{"name":"wp","href":"https:\/\/api.w.org\/{rel}","templated":true}]}}