{"id":96114,"date":"2022-10-10T19:24:31","date_gmt":"2022-10-10T19:24:31","guid":{"rendered":"https:\/\/quehacerpolitico.mx\/?p=96114"},"modified":"2022-10-10T19:24:35","modified_gmt":"2022-10-10T19:24:35","slug":"soy-aliancista-en-la-rendicion-de-su-primer-informe-de-gobierno-ante-mas-de-15-mil-personas-en-coyoacan-giovani-gutierrez","status":"publish","type":"post","link":"https:\/\/quehacerpolitico.mx\/?p=96114","title":{"rendered":"Soy aliancista en la rendici\u00f3n de su Primer Informe de Gobierno ante m\u00e1s de 15 mil personas en Coyoac\u00e1n: Giovani Guti\u00e9rrez"},"content":{"rendered":"\n<p>Por Redacci\u00f3n QP<\/p>\n\n\n\n<p>El alcalde de Coyoac\u00e1n rindi\u00f3 su Primer Informe de Gobierno en el Estadio Azteca, ante m\u00e1s de 15 mil ciudadanos\u00a0<\/p>\n\n\n\n<p>El alcalde de Coyoac\u00e1n, Giovani Guti\u00e9rrez Aguilar, rindi\u00f3 su Primer Informe de Gobierno ante m\u00e1s de 15 mil personas, a quienes asegur\u00f3 que la alcald\u00eda en un a\u00f1o ha cambiado para bien en materia de seguridad, econom\u00eda y obras p\u00fablicas.<\/p>\n\n\n\n<p>Simpatizantes de todas las colonias, unidades habitacionales, barrios y pueblos de la demarcaci\u00f3n, lo acompa\u00f1aron en el Estadio Azteca.<\/p>\n\n\n\n<p>El alcalde hizo un resumen de todas las acciones emprendidas desde el 1 de octubre de 2021 que, &#8220;en total, suman lo que no se hab\u00eda hecho en cuatro a\u00f1os en Coyoac\u00e1n&#8221;, afirm\u00f3 Guti\u00e9rrez.<\/p>\n\n\n\n<p>\u201cCoyoac\u00e1n estaba en el abandono, se dej\u00f3 a las y los vecinos. Nosotros llegamos por la voluntad de las y los ciudadanos a integrar un equipo de profesionales para servir, para hacer de esta, la mejor alcald\u00eda, con un compromiso 24\/7, a trabajar de tiempo completo, a dar resultados, a escuchar y acompa\u00f1ar a las y los coyoacanenses. Aqu\u00ed, m\u00e1s all\u00e1 de colores y de banderas de partidos, nos une el trabajo\u201d, reiter\u00f3.<\/p>\n\n\n\n<p>Guti\u00e9rrez Aguilar destac\u00f3: \u201cQuiero enfatizar que la colaboraci\u00f3n entre \u00f3rdenes de gobierno no debe interpretarse como sumisi\u00f3n o claudicaci\u00f3n. Me declaro aliancista comprometido y tambi\u00e9n como una autoridad electa que har\u00e1 todo lo necesario para mejorar la calidad de vida de las y los coyoacanenses. Soy un convencido de que un solo hombre puede ganar t\u00edtulos, pero un equipo gana campeonatos\u201d.<\/p>\n\n\n\n<figure class=\"wp-block-image size-large\"><img loading=\"lazy\" decoding=\"async\" width=\"1024\" height=\"682\" src=\"https:\/\/quehacerpolitico.mx\/wp-content\/uploads\/2022\/10\/image-32-1024x682.jpeg\" alt=\"\" class=\"wp-image-96115\" srcset=\"https:\/\/quehacerpolitico.mx\/wp-content\/uploads\/2022\/10\/image-32-1024x682.jpeg 1024w, https:\/\/quehacerpolitico.mx\/wp-content\/uploads\/2022\/10\/image-32-300x200.jpeg 300w, https:\/\/quehacerpolitico.mx\/wp-content\/uploads\/2022\/10\/image-32-768x512.jpeg 768w, https:\/\/quehacerpolitico.mx\/wp-content\/uploads\/2022\/10\/image-32-219x146.jpeg 219w, https:\/\/quehacerpolitico.mx\/wp-content\/uploads\/2022\/10\/image-32-50x33.jpeg 50w, https:\/\/quehacerpolitico.mx\/wp-content\/uploads\/2022\/10\/image-32-113x75.jpeg 113w, https:\/\/quehacerpolitico.mx\/wp-content\/uploads\/2022\/10\/image-32.jpeg 1280w\" sizes=\"auto, (max-width: 1024px) 100vw, 1024px\" \/><\/figure>\n\n\n\n<p>El alcalde estuvo acompa\u00f1ado por todo su gabinete, legisladores locales y federales, concejales de todos los partidos, representantes del sector empresarial, as\u00ed como su familia.<\/p>\n\n\n\n<p>\u201cSer un alcalde 24\/7 va m\u00e1s all\u00e1 de una postura pol\u00edtica o de una ideolog\u00eda. Requiere de compromiso, de disciplina y de humildad, sabiendo que lo que vamos a alcanzar es por el bien de todos. En tan solo un a\u00f1o de gobierno logramos que Coyoac\u00e1n tuviera un nuevo rostro, el rostro de una alcald\u00eda en crecimiento, el rostro de una alcald\u00eda en desarrollo, el rostro de una alcald\u00eda que contigo es imparable\u201d.<\/p>\n\n\n\n<p>Y agreg\u00f3: \u201cNo hemos parado ni un solo minuto, para que la mejor alcald\u00eda tenga el mejor desarrollo integral y as\u00ed seamos modelo de buenas pr\u00e1cticas en los cinco ejes de trabajo que se han planteado en esta administraci\u00f3n: seguridad, obras p\u00fablicas y servicios urbanos; igualdad de oportunidades, reactivaci\u00f3n econ\u00f3mica y cultura\u201d.<\/p>\n\n\n\n<figure class=\"wp-block-image size-large\"><img loading=\"lazy\" decoding=\"async\" width=\"1024\" height=\"682\" src=\"https:\/\/quehacerpolitico.mx\/wp-content\/uploads\/2022\/10\/image-34-1024x682.jpeg\" alt=\"\" class=\"wp-image-96117\" srcset=\"https:\/\/quehacerpolitico.mx\/wp-content\/uploads\/2022\/10\/image-34-1024x682.jpeg 1024w, https:\/\/quehacerpolitico.mx\/wp-content\/uploads\/2022\/10\/image-34-300x200.jpeg 300w, https:\/\/quehacerpolitico.mx\/wp-content\/uploads\/2022\/10\/image-34-768x512.jpeg 768w, https:\/\/quehacerpolitico.mx\/wp-content\/uploads\/2022\/10\/image-34-219x146.jpeg 219w, https:\/\/quehacerpolitico.mx\/wp-content\/uploads\/2022\/10\/image-34-50x33.jpeg 50w, https:\/\/quehacerpolitico.mx\/wp-content\/uploads\/2022\/10\/image-34-113x75.jpeg 113w, https:\/\/quehacerpolitico.mx\/wp-content\/uploads\/2022\/10\/image-34.jpeg 1280w\" sizes=\"auto, (max-width: 1024px) 100vw, 1024px\" \/><\/figure>\n\n\n\n<p>Precis\u00f3 que se cre\u00f3 Escudo Coyoac\u00e1n, se aument\u00f3 en casi 50 por ciento el n\u00famero de polic\u00edas, se cuenta con 45 cuadrantes y cada uno con una patrulla y se trabaja de la mano con la Guardia Nacional y la Marina. Se han cerrado m\u00e1s de 63 puntos de venta de alcohol ilegal o cheler\u00edas, se destruyeron cuatro toneladas de bebidas embriagantes y se han hecho 13 dispositivos de chatarrizaci\u00f3n con el retiro de 244 autos.<\/p>\n\n\n\n<p>En servicios urbanos se han sustituido, reparado o rehabilitado 18 mil luminarias; se ha reencarpetado 300 kil\u00f3metros de calles; se han rehabilitado 11 casas de cultura, 11 bibliotecas, 12 deportivos, 8 albercas, 3 gimnasios y 5 casas del adulto mayor.<\/p>\n\n\n\n<figure class=\"wp-block-image size-large\"><img loading=\"lazy\" decoding=\"async\" width=\"1024\" height=\"682\" src=\"https:\/\/quehacerpolitico.mx\/wp-content\/uploads\/2022\/10\/image-33-1024x682.jpeg\" alt=\"\" class=\"wp-image-96116\" srcset=\"https:\/\/quehacerpolitico.mx\/wp-content\/uploads\/2022\/10\/image-33-1024x682.jpeg 1024w, https:\/\/quehacerpolitico.mx\/wp-content\/uploads\/2022\/10\/image-33-300x200.jpeg 300w, https:\/\/quehacerpolitico.mx\/wp-content\/uploads\/2022\/10\/image-33-768x512.jpeg 768w, https:\/\/quehacerpolitico.mx\/wp-content\/uploads\/2022\/10\/image-33-219x146.jpeg 219w, https:\/\/quehacerpolitico.mx\/wp-content\/uploads\/2022\/10\/image-33-50x33.jpeg 50w, https:\/\/quehacerpolitico.mx\/wp-content\/uploads\/2022\/10\/image-33-113x75.jpeg 113w, https:\/\/quehacerpolitico.mx\/wp-content\/uploads\/2022\/10\/image-33.jpeg 1280w\" sizes=\"auto, (max-width: 1024px) 100vw, 1024px\" \/><\/figure>\n\n\n\n<p>En Igualdad de oportunidades se firm\u00f3 el 3 de 3 para erradicar la violencia contra las mujeres, se han atendido las demandas de la poblaci\u00f3n LGBTIQ+, se abri\u00f3 la casa Ifigenia Mart\u00ednez para atender casos de violencia intrafamiliar. En desarrollo social se abrieron 15 estancias infantiles; se instituy\u00f3 el Seguro Popular Coyoacanense para 27 mil 500 personas de los sectores m\u00e1s vulnerables; adem\u00e1s se hicieron en colaboraci\u00f3n con FUCAM mil mastograf\u00edas y se realizar\u00e1n dos mil 500 m\u00e1s; se instaur\u00f3 el Mi\u00e9rcoles Contigo, para escuchar de manera directa a al ciudadan\u00eda.<\/p>\n\n\n\n<p>En materia econ\u00f3mica, dijo, realizamos 4 ferias del empleo donde se ofertaron 5 mil 500 empleos; se han firmado convenios con la UVM, CANACO, CANIRAC, y se comenz\u00f3 un intenso trabajo de mejoramiento en mercados. En cultura conmemoramos los 500 a\u00f1os de Coyoac\u00e1n como alcald\u00eda; se llevaron conciertos a colonias, barrios y unidades, se realiz\u00f3 la Feria del Libro de Coyoac\u00e1n y se preservan instalaciones, edificios hist\u00f3ricos, adem\u00e1s de que se dignifican los espacios de trabajo con la remodelaci\u00f3n del edificio de Caballo Calco con 30 a\u00f1os de abandono.<\/p>\n\n\n\n<p>&#8220;Hoy Coyoac\u00e1n est\u00e1 y seguir\u00e1, imparable, yo s\u00e9 que 3 a\u00f1os no son suficientes y que hay veces que se deben redoblar esfuerzos por eso estamos aprovechando la oportunidad para darle a Coyoac\u00e1n lo m\u00e1ximo de nosotros, de apoyar al mayor n\u00famero de familias. As\u00ed seguiremos, construyendo Coyoac\u00e1n porque nadie nos detiene. Seguimos imparables\u201d.<\/p>\n\n\n\n<figure class=\"wp-block-embed is-type-rich is-provider-twitter wp-block-embed-twitter\"><div class=\"wp-block-embed__wrapper\">\n<blockquote class=\"twitter-tweet\" data-width=\"550\" data-dnt=\"true\"><p lang=\"es\" dir=\"ltr\">Cumplimos un a\u00f1o de estar <a href=\"https:\/\/twitter.com\/hashtag\/ContigoImparables?src=hash&amp;ref_src=twsrc%5Etfw\">#ContigoImparables<\/a>, trabajando 24\/7 para construir la mejor alcald\u00eda de todas \ud83c\udf89.<br><br>Ve el video y te cuento qu\u00e9 hemos hecho por Coyoac\u00e1n \ud83d\udc47<br>\ud83d\udcbb <a href=\"https:\/\/t.co\/xKc0pJekGh\">https:\/\/t.co\/xKc0pJekGh<\/a> <a href=\"https:\/\/t.co\/dS3d335pGE\">pic.twitter.com\/dS3d335pGE<\/a><\/p>&mdash; Giovani Guti\u00e9rrez (@giogutierrezag) <a href=\"https:\/\/twitter.com\/giogutierrezag\/status\/1576558148982218754?ref_src=twsrc%5Etfw\">October 2, 2022<\/a><\/blockquote><script async src=\"https:\/\/platform.twitter.com\/widgets.js\" charset=\"utf-8\"><\/script>\n<\/div><\/figure>\n","protected":false},"excerpt":{"rendered":"<p>Por Redacci\u00f3n QP El alcalde de Coyoac\u00e1n rindi\u00f3 su Primer Informe de Gobierno en el&#8230;<\/p>\n","protected":false},"author":2,"featured_media":96118,"comment_status":"open","ping_status":"open","sticky":false,"template":"","format":"standard","meta":{"_monsterinsights_skip_tracking":false,"_monsterinsights_sitenote_active":false,"_monsterinsights_sitenote_note":"","_monsterinsights_sitenote_category":0,"footnotes":""},"categories":[55],"tags":[],"class_list":["post-96114","post","type-post","status-publish","format-standard","has-post-thumbnail","hentry","category-cdmx"],"yoast_head":"<!-- This site is optimized with the Yoast SEO plugin v27.3 - https:\/\/yoast.com\/product\/yoast-seo-wordpress\/ -->\n<title>Soy aliancista en la rendici\u00f3n de su Primer Informe de Gobierno ante m\u00e1s de 15 mil personas en Coyoac\u00e1n: Giovani Guti\u00e9rrez -<\/title>\n<meta name=\"robots\" content=\"index, follow, max-snippet:-1, max-image-preview:large, max-video-preview:-1\" \/>\n<link rel=\"canonical\" href=\"https:\/\/quehacerpolitico.mx\/?p=96114\" \/>\n<meta property=\"og:locale\" content=\"es_MX\" \/>\n<meta property=\"og:type\" content=\"article\" \/>\n<meta property=\"og:title\" content=\"Soy aliancista en la rendici\u00f3n de su Primer Informe de Gobierno ante m\u00e1s de 15 mil personas en Coyoac\u00e1n: Giovani Guti\u00e9rrez -\" \/>\n<meta property=\"og:description\" content=\"Por Redacci\u00f3n QP El alcalde de Coyoac\u00e1n rindi\u00f3 su Primer Informe de Gobierno en el...\" \/>\n<meta property=\"og:url\" content=\"https:\/\/quehacerpolitico.mx\/?p=96114\" \/>\n<meta property=\"article:published_time\" content=\"2022-10-10T19:24:31+00:00\" \/>\n<meta property=\"article:modified_time\" content=\"2022-10-10T19:24:35+00:00\" \/>\n<meta property=\"og:image\" content=\"https:\/\/quehacerpolitico.mx\/wp-content\/uploads\/2022\/10\/DD335E45-A2D7-4CA6-82CE-184DBD805473.jpeg\" \/>\n\t<meta property=\"og:image:width\" content=\"1024\" \/>\n\t<meta property=\"og:image:height\" content=\"626\" \/>\n\t<meta property=\"og:image:type\" content=\"image\/jpeg\" \/>\n<meta name=\"author\" content=\"Redacci\u00f3n QP\" \/>\n<meta name=\"twitter:card\" content=\"summary_large_image\" \/>\n<meta name=\"twitter:label1\" content=\"Escrito por\" \/>\n\t<meta name=\"twitter:data1\" content=\"Redacci\u00f3n QP\" \/>\n\t<meta name=\"twitter:label2\" content=\"Tiempo de lectura\" \/>\n\t<meta name=\"twitter:data2\" content=\"4 minutos\" \/>\n<script type=\"application\/ld+json\" class=\"yoast-schema-graph\">{\"@context\":\"https:\\\/\\\/schema.org\",\"@graph\":[{\"@type\":\"Article\",\"@id\":\"https:\\\/\\\/quehacerpolitico.mx\\\/?p=96114#article\",\"isPartOf\":{\"@id\":\"https:\\\/\\\/quehacerpolitico.mx\\\/?p=96114\"},\"author\":{\"name\":\"Redacci\u00f3n QP\",\"@id\":\"https:\\\/\\\/quehacerpolitico.mx\\\/#\\\/schema\\\/person\\\/496d8ad2d1d3f8036101dca7ee39e585\"},\"headline\":\"Soy aliancista en la rendici\u00f3n de su Primer Informe de Gobierno ante m\u00e1s de 15 mil personas en Coyoac\u00e1n: Giovani Guti\u00e9rrez\",\"datePublished\":\"2022-10-10T19:24:31+00:00\",\"dateModified\":\"2022-10-10T19:24:35+00:00\",\"mainEntityOfPage\":{\"@id\":\"https:\\\/\\\/quehacerpolitico.mx\\\/?p=96114\"},\"wordCount\":830,\"commentCount\":0,\"image\":{\"@id\":\"https:\\\/\\\/quehacerpolitico.mx\\\/?p=96114#primaryimage\"},\"thumbnailUrl\":\"https:\\\/\\\/quehacerpolitico.mx\\\/wp-content\\\/uploads\\\/2022\\\/10\\\/DD335E45-A2D7-4CA6-82CE-184DBD805473.jpeg\",\"articleSection\":[\"CDMX\"],\"inLanguage\":\"es\",\"potentialAction\":[{\"@type\":\"CommentAction\",\"name\":\"Comment\",\"target\":[\"https:\\\/\\\/quehacerpolitico.mx\\\/?p=96114#respond\"]}]},{\"@type\":\"WebPage\",\"@id\":\"https:\\\/\\\/quehacerpolitico.mx\\\/?p=96114\",\"url\":\"https:\\\/\\\/quehacerpolitico.mx\\\/?p=96114\",\"name\":\"Soy aliancista en la rendici\u00f3n de su Primer Informe de Gobierno ante m\u00e1s de 15 mil personas en Coyoac\u00e1n: Giovani Guti\u00e9rrez -\",\"isPartOf\":{\"@id\":\"https:\\\/\\\/quehacerpolitico.mx\\\/#website\"},\"primaryImageOfPage\":{\"@id\":\"https:\\\/\\\/quehacerpolitico.mx\\\/?p=96114#primaryimage\"},\"image\":{\"@id\":\"https:\\\/\\\/quehacerpolitico.mx\\\/?p=96114#primaryimage\"},\"thumbnailUrl\":\"https:\\\/\\\/quehacerpolitico.mx\\\/wp-content\\\/uploads\\\/2022\\\/10\\\/DD335E45-A2D7-4CA6-82CE-184DBD805473.jpeg\",\"datePublished\":\"2022-10-10T19:24:31+00:00\",\"dateModified\":\"2022-10-10T19:24:35+00:00\",\"author\":{\"@id\":\"https:\\\/\\\/quehacerpolitico.mx\\\/#\\\/schema\\\/person\\\/496d8ad2d1d3f8036101dca7ee39e585\"},\"breadcrumb\":{\"@id\":\"https:\\\/\\\/quehacerpolitico.mx\\\/?p=96114#breadcrumb\"},\"inLanguage\":\"es\",\"potentialAction\":[{\"@type\":\"ReadAction\",\"target\":[\"https:\\\/\\\/quehacerpolitico.mx\\\/?p=96114\"]}]},{\"@type\":\"ImageObject\",\"inLanguage\":\"es\",\"@id\":\"https:\\\/\\\/quehacerpolitico.mx\\\/?p=96114#primaryimage\",\"url\":\"https:\\\/\\\/quehacerpolitico.mx\\\/wp-content\\\/uploads\\\/2022\\\/10\\\/DD335E45-A2D7-4CA6-82CE-184DBD805473.jpeg\",\"contentUrl\":\"https:\\\/\\\/quehacerpolitico.mx\\\/wp-content\\\/uploads\\\/2022\\\/10\\\/DD335E45-A2D7-4CA6-82CE-184DBD805473.jpeg\",\"width\":1024,\"height\":626},{\"@type\":\"BreadcrumbList\",\"@id\":\"https:\\\/\\\/quehacerpolitico.mx\\\/?p=96114#breadcrumb\",\"itemListElement\":[{\"@type\":\"ListItem\",\"position\":1,\"name\":\"Inicio\",\"item\":\"https:\\\/\\\/quehacerpolitico.mx\\\/\"},{\"@type\":\"ListItem\",\"position\":2,\"name\":\"Soy aliancista en la rendici\u00f3n de su Primer Informe de Gobierno ante m\u00e1s de 15 mil personas en Coyoac\u00e1n: Giovani Guti\u00e9rrez\"}]},{\"@type\":\"WebSite\",\"@id\":\"https:\\\/\\\/quehacerpolitico.mx\\\/#website\",\"url\":\"https:\\\/\\\/quehacerpolitico.mx\\\/\",\"name\":\"\",\"description\":\"\",\"potentialAction\":[{\"@type\":\"SearchAction\",\"target\":{\"@type\":\"EntryPoint\",\"urlTemplate\":\"https:\\\/\\\/quehacerpolitico.mx\\\/?s={search_term_string}\"},\"query-input\":{\"@type\":\"PropertyValueSpecification\",\"valueRequired\":true,\"valueName\":\"search_term_string\"}}],\"inLanguage\":\"es\"},{\"@type\":\"Person\",\"@id\":\"https:\\\/\\\/quehacerpolitico.mx\\\/#\\\/schema\\\/person\\\/496d8ad2d1d3f8036101dca7ee39e585\",\"name\":\"Redacci\u00f3n QP\",\"image\":{\"@type\":\"ImageObject\",\"inLanguage\":\"es\",\"@id\":\"https:\\\/\\\/secure.gravatar.com\\\/avatar\\\/c7164ed6fdec453195284ad24a5ae5b6e1eed2b848477fa2a4787ba9adf39a41?s=96&d=mm&r=g\",\"url\":\"https:\\\/\\\/secure.gravatar.com\\\/avatar\\\/c7164ed6fdec453195284ad24a5ae5b6e1eed2b848477fa2a4787ba9adf39a41?s=96&d=mm&r=g\",\"contentUrl\":\"https:\\\/\\\/secure.gravatar.com\\\/avatar\\\/c7164ed6fdec453195284ad24a5ae5b6e1eed2b848477fa2a4787ba9adf39a41?s=96&d=mm&r=g\",\"caption\":\"Redacci\u00f3n QP\"},\"url\":\"https:\\\/\\\/quehacerpolitico.mx\\\/?author=2\"}]}<\/script>\n<!-- \/ Yoast SEO plugin. -->","yoast_head_json":{"title":"Soy aliancista en la rendici\u00f3n de su Primer Informe de Gobierno ante m\u00e1s de 15 mil personas en Coyoac\u00e1n: Giovani Guti\u00e9rrez -","robots":{"index":"index","follow":"follow","max-snippet":"max-snippet:-1","max-image-preview":"max-image-preview:large","max-video-preview":"max-video-preview:-1"},"canonical":"https:\/\/quehacerpolitico.mx\/?p=96114","og_locale":"es_MX","og_type":"article","og_title":"Soy aliancista en la rendici\u00f3n de su Primer Informe de Gobierno ante m\u00e1s de 15 mil personas en Coyoac\u00e1n: Giovani Guti\u00e9rrez -","og_description":"Por Redacci\u00f3n QP El alcalde de Coyoac\u00e1n rindi\u00f3 su Primer Informe de Gobierno en el...","og_url":"https:\/\/quehacerpolitico.mx\/?p=96114","article_published_time":"2022-10-10T19:24:31+00:00","article_modified_time":"2022-10-10T19:24:35+00:00","og_image":[{"width":1024,"height":626,"url":"https:\/\/quehacerpolitico.mx\/wp-content\/uploads\/2022\/10\/DD335E45-A2D7-4CA6-82CE-184DBD805473.jpeg","type":"image\/jpeg"}],"author":"Redacci\u00f3n QP","twitter_card":"summary_large_image","twitter_misc":{"Escrito por":"Redacci\u00f3n QP","Tiempo de lectura":"4 minutos"},"schema":{"@context":"https:\/\/schema.org","@graph":[{"@type":"Article","@id":"https:\/\/quehacerpolitico.mx\/?p=96114#article","isPartOf":{"@id":"https:\/\/quehacerpolitico.mx\/?p=96114"},"author":{"name":"Redacci\u00f3n QP","@id":"https:\/\/quehacerpolitico.mx\/#\/schema\/person\/496d8ad2d1d3f8036101dca7ee39e585"},"headline":"Soy aliancista en la rendici\u00f3n de su Primer Informe de Gobierno ante m\u00e1s de 15 mil personas en Coyoac\u00e1n: Giovani Guti\u00e9rrez","datePublished":"2022-10-10T19:24:31+00:00","dateModified":"2022-10-10T19:24:35+00:00","mainEntityOfPage":{"@id":"https:\/\/quehacerpolitico.mx\/?p=96114"},"wordCount":830,"commentCount":0,"image":{"@id":"https:\/\/quehacerpolitico.mx\/?p=96114#primaryimage"},"thumbnailUrl":"https:\/\/quehacerpolitico.mx\/wp-content\/uploads\/2022\/10\/DD335E45-A2D7-4CA6-82CE-184DBD805473.jpeg","articleSection":["CDMX"],"inLanguage":"es","potentialAction":[{"@type":"CommentAction","name":"Comment","target":["https:\/\/quehacerpolitico.mx\/?p=96114#respond"]}]},{"@type":"WebPage","@id":"https:\/\/quehacerpolitico.mx\/?p=96114","url":"https:\/\/quehacerpolitico.mx\/?p=96114","name":"Soy aliancista en la rendici\u00f3n de su Primer Informe de Gobierno ante m\u00e1s de 15 mil personas en Coyoac\u00e1n: Giovani Guti\u00e9rrez -","isPartOf":{"@id":"https:\/\/quehacerpolitico.mx\/#website"},"primaryImageOfPage":{"@id":"https:\/\/quehacerpolitico.mx\/?p=96114#primaryimage"},"image":{"@id":"https:\/\/quehacerpolitico.mx\/?p=96114#primaryimage"},"thumbnailUrl":"https:\/\/quehacerpolitico.mx\/wp-content\/uploads\/2022\/10\/DD335E45-A2D7-4CA6-82CE-184DBD805473.jpeg","datePublished":"2022-10-10T19:24:31+00:00","dateModified":"2022-10-10T19:24:35+00:00","author":{"@id":"https:\/\/quehacerpolitico.mx\/#\/schema\/person\/496d8ad2d1d3f8036101dca7ee39e585"},"breadcrumb":{"@id":"https:\/\/quehacerpolitico.mx\/?p=96114#breadcrumb"},"inLanguage":"es","potentialAction":[{"@type":"ReadAction","target":["https:\/\/quehacerpolitico.mx\/?p=96114"]}]},{"@type":"ImageObject","inLanguage":"es","@id":"https:\/\/quehacerpolitico.mx\/?p=96114#primaryimage","url":"https:\/\/quehacerpolitico.mx\/wp-content\/uploads\/2022\/10\/DD335E45-A2D7-4CA6-82CE-184DBD805473.jpeg","contentUrl":"https:\/\/quehacerpolitico.mx\/wp-content\/uploads\/2022\/10\/DD335E45-A2D7-4CA6-82CE-184DBD805473.jpeg","width":1024,"height":626},{"@type":"BreadcrumbList","@id":"https:\/\/quehacerpolitico.mx\/?p=96114#breadcrumb","itemListElement":[{"@type":"ListItem","position":1,"name":"Inicio","item":"https:\/\/quehacerpolitico.mx\/"},{"@type":"ListItem","position":2,"name":"Soy aliancista en la rendici\u00f3n de su Primer Informe de Gobierno ante m\u00e1s de 15 mil personas en Coyoac\u00e1n: Giovani Guti\u00e9rrez"}]},{"@type":"WebSite","@id":"https:\/\/quehacerpolitico.mx\/#website","url":"https:\/\/quehacerpolitico.mx\/","name":"","description":"","potentialAction":[{"@type":"SearchAction","target":{"@type":"EntryPoint","urlTemplate":"https:\/\/quehacerpolitico.mx\/?s={search_term_string}"},"query-input":{"@type":"PropertyValueSpecification","valueRequired":true,"valueName":"search_term_string"}}],"inLanguage":"es"},{"@type":"Person","@id":"https:\/\/quehacerpolitico.mx\/#\/schema\/person\/496d8ad2d1d3f8036101dca7ee39e585","name":"Redacci\u00f3n QP","image":{"@type":"ImageObject","inLanguage":"es","@id":"https:\/\/secure.gravatar.com\/avatar\/c7164ed6fdec453195284ad24a5ae5b6e1eed2b848477fa2a4787ba9adf39a41?s=96&d=mm&r=g","url":"https:\/\/secure.gravatar.com\/avatar\/c7164ed6fdec453195284ad24a5ae5b6e1eed2b848477fa2a4787ba9adf39a41?s=96&d=mm&r=g","contentUrl":"https:\/\/secure.gravatar.com\/avatar\/c7164ed6fdec453195284ad24a5ae5b6e1eed2b848477fa2a4787ba9adf39a41?s=96&d=mm&r=g","caption":"Redacci\u00f3n QP"},"url":"https:\/\/quehacerpolitico.mx\/?author=2"}]}},"featured_image_urls":{"full":["https:\/\/quehacerpolitico.mx\/wp-content\/uploads\/2022\/10\/DD335E45-A2D7-4CA6-82CE-184DBD805473.jpeg",1024,626,false],"thumbnail":["https:\/\/quehacerpolitico.mx\/wp-content\/uploads\/2022\/10\/DD335E45-A2D7-4CA6-82CE-184DBD805473-150x150.jpeg",150,150,true],"medium":["https:\/\/quehacerpolitico.mx\/wp-content\/uploads\/2022\/10\/DD335E45-A2D7-4CA6-82CE-184DBD805473-300x183.jpeg",300,183,true],"medium_large":["https:\/\/quehacerpolitico.mx\/wp-content\/uploads\/2022\/10\/DD335E45-A2D7-4CA6-82CE-184DBD805473-768x470.jpeg",640,392,true],"large":["https:\/\/quehacerpolitico.mx\/wp-content\/uploads\/2022\/10\/DD335E45-A2D7-4CA6-82CE-184DBD805473.jpeg",640,391,false],"1536x1536":["https:\/\/quehacerpolitico.mx\/wp-content\/uploads\/2022\/10\/DD335E45-A2D7-4CA6-82CE-184DBD805473.jpeg",1024,626,false],"2048x2048":["https:\/\/quehacerpolitico.mx\/wp-content\/uploads\/2022\/10\/DD335E45-A2D7-4CA6-82CE-184DBD805473.jpeg",1024,626,false],"covernews-featured":["https:\/\/quehacerpolitico.mx\/wp-content\/uploads\/2022\/10\/DD335E45-A2D7-4CA6-82CE-184DBD805473.jpeg",1024,626,false],"covernews-medium":["https:\/\/quehacerpolitico.mx\/wp-content\/uploads\/2022\/10\/DD335E45-A2D7-4CA6-82CE-184DBD805473.jpeg",540,330,false]},"author_info":{"display_name":"Redacci\u00f3n QP","author_link":"https:\/\/quehacerpolitico.mx\/?author=2"},"category_info":"<a href=\"https:\/\/quehacerpolitico.mx\/?cat=55\" rel=\"category\">CDMX<\/a>","tag_info":"CDMX","comment_count":"0","_links":{"self":[{"href":"https:\/\/quehacerpolitico.mx\/index.php?rest_route=\/wp\/v2\/posts\/96114","targetHints":{"allow":["GET"]}}],"collection":[{"href":"https:\/\/quehacerpolitico.mx\/index.php?rest_route=\/wp\/v2\/posts"}],"about":[{"href":"https:\/\/quehacerpolitico.mx\/index.php?rest_route=\/wp\/v2\/types\/post"}],"author":[{"embeddable":true,"href":"https:\/\/quehacerpolitico.mx\/index.php?rest_route=\/wp\/v2\/users\/2"}],"replies":[{"embeddable":true,"href":"https:\/\/quehacerpolitico.mx\/index.php?rest_route=%2Fwp%2Fv2%2Fcomments&post=96114"}],"version-history":[{"count":1,"href":"https:\/\/quehacerpolitico.mx\/index.php?rest_route=\/wp\/v2\/posts\/96114\/revisions"}],"predecessor-version":[{"id":96119,"href":"https:\/\/quehacerpolitico.mx\/index.php?rest_route=\/wp\/v2\/posts\/96114\/revisions\/96119"}],"wp:featuredmedia":[{"embeddable":true,"href":"https:\/\/quehacerpolitico.mx\/index.php?rest_route=\/wp\/v2\/media\/96118"}],"wp:attachment":[{"href":"https:\/\/quehacerpolitico.mx\/index.php?rest_route=%2Fwp%2Fv2%2Fmedia&parent=96114"}],"wp:term":[{"taxonomy":"category","embeddable":true,"href":"https:\/\/quehacerpolitico.mx\/index.php?rest_route=%2Fwp%2Fv2%2Fcategories&post=96114"},{"taxonomy":"post_tag","embeddable":true,"href":"https:\/\/quehacerpolitico.mx\/index.php?rest_route=%2Fwp%2Fv2%2Ftags&post=96114"}],"curies":[{"name":"wp","href":"https:\/\/api.w.org\/{rel}","templated":true}]}}