{"id":96077,"date":"2022-10-10T15:00:59","date_gmt":"2022-10-10T15:00:59","guid":{"rendered":"https:\/\/quehacerpolitico.mx\/?p=96077"},"modified":"2022-10-10T15:01:03","modified_gmt":"2022-10-10T15:01:03","slug":"la-opinion-monserrat-cortes-arrona-ninis-en-mexico-a-la-alza","status":"publish","type":"post","link":"https:\/\/quehacerpolitico.mx\/?p=96077","title":{"rendered":"La opini\u00f3n\/\/\/Monserrat Cort\u00e9s Arrona\/\/\/\u201cNinis\u201d en M\u00e9xico a la alza"},"content":{"rendered":"\n<p>Por Lic Monserrat Cort\u00e9s Arrona<\/p>\n\n\n\n<p>M\u00e9xico ocupa el cuarto lugar de una lista relativa a los j\u00f3venes desocupados de 16 pa\u00edses hecha por\u00a0la OCDE; s\u00f3lo debajo de Brasil, Italia y Chile<\/p>\n\n\n\n<p>A pesar de que la poblaci\u00f3n de j\u00f3venes que no estudian ni trabajan (conocidos como \u201cninis\u201d) es prioritaria dentro de los programas de apoyo econ\u00f3mico y social del Gobierno federal,\u00a0<strong>M\u00e9xico ocupa el cuarto lugar de una lista de 16 pa\u00edses de la Organizaci\u00f3n para la Cooperaci\u00f3n y el Desarrollo Econ\u00f3micos (OCDE) por el porcentaje de personas de 18 a 24 a\u00f1os que reportan no ejercer ninguna actividad educativa o laboral.<\/strong><\/p>\n\n\n\n<p>Mientras la media de ese organismo internacional para los j\u00f3venes de 18 a 24 a\u00f1os que no estudian ni trabajan se ubica en 16.1%, Brasil, que no forma parte de esa organizaci\u00f3n, encabeza la lista con la mayor cifra de los llamados \u201cninis\u201d, con 35.9 por ciento.<\/p>\n\n\n\n<p>El Panorama Educativo 2022, elaborado por ese organismo que integran 38 naciones, revela que la regi\u00f3n con menor n\u00famero de personas en esa condici\u00f3n es Pa\u00edses Bajos, con 4.6 por ciento.<\/p>\n\n\n\n<p>Desde el arranque del Gobierno del Presidente Andr\u00e9s Manuel L\u00f3pez Obrador se ha intentado buscar una soluci\u00f3n a este fen\u00f3meno a trav\u00e9s de su programa insignia: J\u00f3venes Construyendo el Futuro. En 2019, se le destin\u00f3 un presupuesto de 40 mil millones de pesos y en 2020 sufri\u00f3 una reducci\u00f3n de 37%, al recibir 25 mil millones de pesos. En tanto que en 2021 ejerci\u00f3 20 mil 600 millones de pesos, y en 2022, 21 mil 696.6 millones de pesos.<\/p>\n\n\n\n<figure class=\"wp-block-image size-full\"><img loading=\"lazy\" decoding=\"async\" width=\"617\" height=\"497\" src=\"https:\/\/quehacerpolitico.mx\/wp-content\/uploads\/2022\/10\/image-28.jpeg\" alt=\"\" class=\"wp-image-96079\" srcset=\"https:\/\/quehacerpolitico.mx\/wp-content\/uploads\/2022\/10\/image-28.jpeg 617w, https:\/\/quehacerpolitico.mx\/wp-content\/uploads\/2022\/10\/image-28-300x242.jpeg 300w, https:\/\/quehacerpolitico.mx\/wp-content\/uploads\/2022\/10\/image-28-181x146.jpeg 181w, https:\/\/quehacerpolitico.mx\/wp-content\/uploads\/2022\/10\/image-28-50x40.jpeg 50w, https:\/\/quehacerpolitico.mx\/wp-content\/uploads\/2022\/10\/image-28-93x75.jpeg 93w\" sizes=\"auto, (max-width: 617px) 100vw, 617px\" \/><\/figure>\n\n\n\n<p>Patricia Ganem, vocera de la organizaci\u00f3n civil Educaci\u00f3n con Rumbo (ECR), opina que suponer que una beca abata todas las causales que llevan a un estudiante a dejar el aula escolar \u201ces totalmente ingenuo\u201d.<\/p>\n\n\n\n<p>\u201cEs ingenuo pensar que este nivel que tiene M\u00e9xico con 21.7% de chicos que no estudian ni trabajan, s\u00f3lo con la asignaci\u00f3n de estos recursos se puede abatir su problema\u201d, dice.<\/p>\n\n\n\n<p>Explica que el fen\u00f3meno de los ninis es \u201cun cuello de botella, principalmente en j\u00f3venes entre los 18 y 24 a\u00f1os, que el Gobierno no puede descuidar. Las pol\u00edticas p\u00fablicas deben estar muy focalizadas para tratar de resolver este fen\u00f3meno.\u00a0<strong>La apuesta debe ser que la educaci\u00f3n sea de la mejor calidad desde los primeros a\u00f1os de vida de nuestras ni\u00f1as y \u00a0ni\u00f1os para que luego no tengamos que, irremediablemente, tratar de corregir esto.<\/strong><\/p>\n\n\n\n<p>En opini\u00f3n de lma Maldonado, integrante del Centro de Investigaci\u00f3n y de Estudios Avanzados del Instituto Polit\u00e9cnico Nacional (IPN), todos los recursos que se han invertido en programas para reducir el n\u00famero de los llamados \u201cninis\u201d no han servido para disminuir ese fen\u00f3meno y considera que una estrategia para resolver este problema es haciendo m\u00e1s atractivos los aprendizajes.<\/p>\n\n\n\n<p>\u201cLa escuela tiene que ser m\u00e1s atractiva para los j\u00f3venes. Es decir, que le encuentren un sentido a los programas de estudio que se ofrecen, pero tambi\u00e9n deben contar con las condiciones para poder estudiar\u201d, indica.<\/p>\n\n\n\n<figure class=\"wp-block-image size-full\"><img loading=\"lazy\" decoding=\"async\" width=\"650\" height=\"365\" src=\"https:\/\/quehacerpolitico.mx\/wp-content\/uploads\/2022\/10\/image-29.jpeg\" alt=\"\" class=\"wp-image-96080\" srcset=\"https:\/\/quehacerpolitico.mx\/wp-content\/uploads\/2022\/10\/image-29.jpeg 650w, https:\/\/quehacerpolitico.mx\/wp-content\/uploads\/2022\/10\/image-29-300x168.jpeg 300w, https:\/\/quehacerpolitico.mx\/wp-content\/uploads\/2022\/10\/image-29-260x146.jpeg 260w, https:\/\/quehacerpolitico.mx\/wp-content\/uploads\/2022\/10\/image-29-50x28.jpeg 50w, https:\/\/quehacerpolitico.mx\/wp-content\/uploads\/2022\/10\/image-29-134x75.jpeg 134w\" sizes=\"auto, (max-width: 650px) 100vw, 650px\" \/><\/figure>\n\n\n\n<p>Sostiene que la ausencia de los j\u00f3venes en los salones de clases tambi\u00e9n tiene que ver con la situaci\u00f3n econ\u00f3mica por la que atraviesa el pa\u00eds. \u201cEs una combinaci\u00f3n de elementos.&nbsp;<strong>Sabemos que muchos j\u00f3venes en distintas regiones del pa\u00eds tienen al alcance dedicarse al crimen organizado en lugar de acceder a la escuela o a un trabajo adecuado. Entonces, es la suma de factores la que tampoco ayuda a mejorar la cifra de personas que no estudian ni trabajan que da la&nbsp;OCDE\u201d,<\/strong>&nbsp;subraya.<\/p>\n\n\n\n<p><strong>Porcentaje de poblaci\u00f3n de entre 18 y 24 a\u00f1os que no estudia ni trabaja:<\/strong><\/p>\n\n\n\n<ul class=\"wp-block-list\"><li>35.9% tiene Brasil de poblaci\u00f3n joven que no estudia ni trabaja (no pertenece a la OCDE).<\/li><li>27.1% Italia.<\/li><li>26.1% Chile.<\/li><li>21.7% M\u00e9xico.&nbsp;<\/li><li>20.3% Espa\u00f1a.<\/li><li>19.9% Grecia.<\/li><\/ul>\n\n\n\n<p><strong>Naciones con menor n\u00famero de personas j\u00f3venes en esa condici\u00f3n:<\/strong><\/p>\n\n\n\n<ul class=\"wp-block-list\"><li>4.6% Pa\u00edses Bajos.<\/li><li>8.1% &nbsp;Noruega.<\/li><li>10% Alemania.<\/li><\/ul>\n\n\n\n<p>Fuente: OCDE&nbsp;<\/p>\n\n\n\n<h4 class=\"wp-block-heading\">Se crearon 172 mil empleos formales en septiembre: IMSS<\/h4>\n\n\n\n<p>La recuperaci\u00f3n del mercado laboral en M\u00e9xico avanz\u00f3 durante septiembre pasado con la&nbsp;<strong>generaci\u00f3n de 172 mil 492 empleos formales, cifra 0.9% inferior a la reportada un a\u00f1o antes, pero que es el segundo valor m\u00e1s elevado del que se tenga registro,<\/strong>&nbsp;revelan los datos sobre el n\u00famero de trabajadores adscritos al Instituto Mexicano del Seguro Social (IMSS).<\/p>\n\n\n\n<p><strong>La mayor parte de las plazas creadas fueron de car\u00e1cter permanente con 116 mil empleos,<\/strong>&nbsp;cifra 8.6% inferior a la registrada en septiembre del a\u00f1o pasado, mientras que 56.4 mil puestos fueron de car\u00e1cter temporal, lo que signific\u00f3 un alza anual de 19.9%, producto de los trabajos demandados para cubrir las necesidades de fin de a\u00f1o de las empresas.<\/p>\n\n\n\n<p><strong>Aumento, el tercero m\u00e1s alto en la historia<\/strong><\/p>\n\n\n\n<p>Con lo anterior,\u00a0<strong>la creaci\u00f3n de empleo de enero a septiembre es de 789 mil 210 puestos, de los cuales, el 74.3% corresponde a empleos permanentes. Este incremento de casi 790 mil puestos es el tercero m\u00e1s alto desde que se tiene registro considerando periodos comparables.<\/strong><\/p>\n\n\n\n<figure class=\"wp-block-image size-full\"><img loading=\"lazy\" decoding=\"async\" width=\"480\" height=\"360\" src=\"https:\/\/quehacerpolitico.mx\/wp-content\/uploads\/2022\/10\/image-30.jpeg\" alt=\"\" class=\"wp-image-96081\" srcset=\"https:\/\/quehacerpolitico.mx\/wp-content\/uploads\/2022\/10\/image-30.jpeg 480w, https:\/\/quehacerpolitico.mx\/wp-content\/uploads\/2022\/10\/image-30-300x225.jpeg 300w, https:\/\/quehacerpolitico.mx\/wp-content\/uploads\/2022\/10\/image-30-195x146.jpeg 195w, https:\/\/quehacerpolitico.mx\/wp-content\/uploads\/2022\/10\/image-30-50x38.jpeg 50w, https:\/\/quehacerpolitico.mx\/wp-content\/uploads\/2022\/10\/image-30-100x75.jpeg 100w\" sizes=\"auto, (max-width: 480px) 100vw, 480px\" \/><\/figure>\n\n\n\n<p>De esta forma,<strong>&nbsp;al 30 de septiembre de 2022, se tienen registrados ante el IMSS 21 millones 409 mil 358 puestos de trabajo;<\/strong>&nbsp;de \u00e9stos, el 86.6% son permanentes y el 13.4% son eventuales.<\/p>\n\n\n\n<p>Los sectores econ\u00f3micos con el mayor crecimiento porcentual anual en puestos de trabajo son el de transportes y comunicaciones con 7.5%, construcci\u00f3n con 5.0% y servicios para empresas con 4.8%. Por entidad federativa, destacan Tabasco, Baja California Sur y Quintana Roo con aumentos anuales por arriba del 11.5 por ciento.<\/p>\n\n\n\n<p>TEL\u00d3N DE FONDO<\/p>\n\n\n\n<h4 class=\"wp-block-heading\">Plazas eventuales impulsan empleo formal<\/h4>\n\n\n\n<p>La creaci\u00f3n de plazas eventuales repunt\u00f3 19.9% en septiembre en comparaci\u00f3n con el mismo periodo del a\u00f1o anterior, para llegar a 56 mil 436 puestos.<\/p>\n\n\n\n<p>Se trata de la cifra m\u00e1s alta desde 2014, lo que contribuy\u00f3 a sostener la oferta laboral del pa\u00eds, revelaron los datos del n\u00famero de trabajadores adscritos al IMSS.<\/p>\n\n\n\n<p>El trabajo eventual como porcentaje del empleo total registrado ante el Seguro Social empieza a subir ligeramente, despu\u00e9s de haber bajado con la reforma de subcontrataci\u00f3n de 2021, coment\u00f3 David Kaplan, economista del Banco Interamericano de Desarrollo (BID).<\/p>\n\n\n\n<p>En septiembre, el empleo eventual represent\u00f3 13.4% de los puestos adscritos al IMSS, cifra ligeramente superior a la participaci\u00f3n de 13.0% reportada un a\u00f1o antes, pero todav\u00eda por debajo de la tasa de 13.9% observada en el mismo mes de 2020, de acuerdo con los c\u00e1lculos del especialista en materia laboral.<\/p>\n\n\n\n<p>En t\u00e9rminos generales, la recuperaci\u00f3n del mercado de trabajo en M\u00e9xico avanz\u00f3 durante septiembre, con la generaci\u00f3n de 172 mil 492 empleos formales, cifra 0.9% inferior a la reportada un a\u00f1o antes, pero es el segundo valor m\u00e1s elevado del que se tenga registro para un mes similar.<\/p>\n\n\n\n<figure class=\"wp-block-image size-full\"><img loading=\"lazy\" decoding=\"async\" width=\"660\" height=\"439\" src=\"https:\/\/quehacerpolitico.mx\/wp-content\/uploads\/2022\/10\/image-31.jpeg\" alt=\"\" class=\"wp-image-96082\" srcset=\"https:\/\/quehacerpolitico.mx\/wp-content\/uploads\/2022\/10\/image-31.jpeg 660w, https:\/\/quehacerpolitico.mx\/wp-content\/uploads\/2022\/10\/image-31-300x200.jpeg 300w, https:\/\/quehacerpolitico.mx\/wp-content\/uploads\/2022\/10\/image-31-219x146.jpeg 219w, https:\/\/quehacerpolitico.mx\/wp-content\/uploads\/2022\/10\/image-31-50x33.jpeg 50w, https:\/\/quehacerpolitico.mx\/wp-content\/uploads\/2022\/10\/image-31-113x75.jpeg 113w\" sizes=\"auto, (max-width: 660px) 100vw, 660px\" \/><\/figure>\n\n\n\n<p><strong>Mientras los empleos temporales repuntaron dada la demanda para cubrir las necesidades de fin de a\u00f1o de las empresas, los de car\u00e1cter permanente registraron una disminuci\u00f3n de 8.6%<\/strong>&nbsp;frente al mismo periodo del a\u00f1o anterior, para ubicarse en 116 mil 56 plazas.<\/p>\n\n\n\n<p>Con lo anterior, la creaci\u00f3n de empleo de enero a septiembre fue de 789 mil 210 puestos, de los cuales 74.3% correspondi\u00f3 a plazas permanentes. Este incremento de casi 790 mil puestos es el tercero m\u00e1s alto desde que se tiene registro considerando periodos comparables.&nbsp;<\/p>\n\n\n\n<p>De esta forma,&nbsp;<strong>el&nbsp;IMSS&nbsp;tiene registrados 21 millones 409 mil 358 puestos de trabajo, 86.6% son permanentes y 13.4%, eventuales.<\/strong><\/p>\n\n\n\n<p>En opini\u00f3n de David Kaplan, el empleo formal muestra buenos resultados este a\u00f1o, sin embargo, advierte que todav\u00eda hay un rezago en el acumulado de los \u00faltimos tres a\u00f1os, que asciende a casi 842 mil empleos.<\/p>\n\n\n\n<p>Los sectores econ\u00f3micos con el mayor crecimiento porcentual anual en puestos de trabajo son el de transportes y comunicaciones, con 7.5% en septiembre; seguido de construcci\u00f3n, 5%; y servicios para empresas, 4.8 por ciento.<\/p>\n\n\n\n<p>Por Estado destacan Tabasco, Baja California Sur y Quintana Roo, cuyos aumentos anuales fueron superiores a 11.5 por ciento. Al cierre del mes pasado, se tienen registrados ante el IMSS un mill\u00f3n 66 mil 620 patrones, 866 empleadores menos que los reportados en agosto y se trata de la primera contracci\u00f3n desde enero de este a\u00f1o.<\/p>\n\n\n\n<p>Finalmente, el salario base de cotizaci\u00f3n promedio de los puestos de trabajo afiliados al IMSS alcanz\u00f3 un monto de 480.7 pesos diarios, lo que representa un incremento nominal de 11.3% contra el mismo mes de 2021, siendo el mayor avance de los \u00faltimos 20 a\u00f1os tomando en cuenta s\u00f3lo septiembre.<\/p>\n\n\n\n<p>LA VOZ DEL EXPERTO<\/p>\n\n\n\n<h4 class=\"wp-block-heading\">Los datos evidencian al Gobierno<\/h4>\n\n\n\n<p><strong>Alfonso Mej\u00eda,&nbsp;<\/strong>exsecretario de Educaci\u00f3n P\u00fablica y Cultura en Sinaloa<\/p>\n\n\n\n<p>Consultado al respecto, el ex secretario de Educaci\u00f3n P\u00fablica y Cultura en Sinaloa, Juan Alfonso Mej\u00eda, comenta que los datos que da la OCDE \u201cson evidencias que los evidencian\u201d, en alusi\u00f3n al actual Gobierno federal.&nbsp;<\/p>\n\n\n\n<p>\u201cEs una realidad muy clara que nos est\u00e1 alcanzando. Todas las pruebas que han surgido en torno a que las becas,&nbsp;<strong>el apoyo econ\u00f3mico, es insuficiente para combatir un fen\u00f3meno como el del abandono escolar, porque la evidencia ha demostrado una y otra vez que de tres ni\u00f1as y ni\u00f1os que abandonan las aulas, uno quiz\u00e1 lo hace por situaciones econ\u00f3micas, pero el segundo y el tercero tienen que ver con el tema de aprendizaje\u201d,<\/strong>&nbsp;precisa.<\/p>\n\n\n\n<p>El activista en defensa del derecho a aprender de las ni\u00f1as, ni\u00f1os y j\u00f3venes explica que a medida que los estudiantes van forjando sus trayectorias, se va generando una frustraci\u00f3n, debido a que sienten que no aprenden y porque entienden cada vez menos al profesor.<\/p>\n\n\n\n<p>\u201cLa base tiene que ver con ese sentido de frustraci\u00f3n y no con las becas. Eso es una realidad. Por eso dir\u00eda que la evidencia los evidencia, porque el tema de las becas ser\u00e1 siempre insuficiente porque as\u00ed ha quedado demostrado desde hace a\u00f1os en diversos an\u00e1lisis y estudios\u201d, expone.<\/p>\n\n\n\n<p>Juan Alfonso Mej\u00eda destaca que\u00a0<strong>los datos que presenta la\u00a0OCDE\u00a0tambi\u00e9n revelan la urgencia de cambiar el enfoque de la educaci\u00f3n sobre las bases de los aprendizajes.<\/strong><\/p>\n\n\n\n<p>En mi opini\u00f3n.Es cuanto.<\/p>\n","protected":false},"excerpt":{"rendered":"<p>Por Lic Monserrat Cort\u00e9s Arrona M\u00e9xico ocupa el cuarto lugar de una lista relativa a&#8230;<\/p>\n","protected":false},"author":2,"featured_media":96078,"comment_status":"open","ping_status":"open","sticky":false,"template":"","format":"standard","meta":{"_monsterinsights_skip_tracking":false,"_monsterinsights_sitenote_active":false,"_monsterinsights_sitenote_note":"","_monsterinsights_sitenote_category":0,"footnotes":""},"categories":[56],"tags":[],"class_list":["post-96077","post","type-post","status-publish","format-standard","has-post-thumbnail","hentry","category-economia"],"yoast_head":"<!-- This site is optimized with the Yoast SEO plugin v27.3 - https:\/\/yoast.com\/product\/yoast-seo-wordpress\/ -->\n<title>La opini\u00f3n\/\/\/Monserrat Cort\u00e9s Arrona\/\/\/\u201cNinis\u201d en M\u00e9xico a la alza -<\/title>\n<meta name=\"robots\" content=\"index, follow, max-snippet:-1, max-image-preview:large, max-video-preview:-1\" \/>\n<link rel=\"canonical\" href=\"https:\/\/quehacerpolitico.mx\/?p=96077\" \/>\n<meta property=\"og:locale\" content=\"es_MX\" \/>\n<meta property=\"og:type\" content=\"article\" \/>\n<meta property=\"og:title\" content=\"La opini\u00f3n\/\/\/Monserrat Cort\u00e9s Arrona\/\/\/\u201cNinis\u201d en M\u00e9xico a la alza -\" \/>\n<meta property=\"og:description\" content=\"Por Lic Monserrat Cort\u00e9s Arrona M\u00e9xico ocupa el cuarto lugar de una lista relativa a...\" \/>\n<meta property=\"og:url\" content=\"https:\/\/quehacerpolitico.mx\/?p=96077\" \/>\n<meta property=\"article:published_time\" content=\"2022-10-10T15:00:59+00:00\" \/>\n<meta property=\"article:modified_time\" content=\"2022-10-10T15:01:03+00:00\" \/>\n<meta property=\"og:image\" content=\"https:\/\/quehacerpolitico.mx\/wp-content\/uploads\/2022\/10\/6035F571-BFE3-4634-9DF2-E7018DBCACA5.jpeg\" \/>\n\t<meta property=\"og:image:width\" content=\"962\" \/>\n\t<meta property=\"og:image:height\" content=\"493\" \/>\n\t<meta property=\"og:image:type\" content=\"image\/jpeg\" \/>\n<meta name=\"author\" content=\"Redacci\u00f3n QP\" \/>\n<meta name=\"twitter:card\" content=\"summary_large_image\" \/>\n<meta name=\"twitter:label1\" content=\"Escrito por\" \/>\n\t<meta name=\"twitter:data1\" content=\"Redacci\u00f3n QP\" \/>\n\t<meta name=\"twitter:label2\" content=\"Tiempo de lectura\" \/>\n\t<meta name=\"twitter:data2\" content=\"9 minutos\" \/>\n<script type=\"application\/ld+json\" class=\"yoast-schema-graph\">{\"@context\":\"https:\\\/\\\/schema.org\",\"@graph\":[{\"@type\":\"Article\",\"@id\":\"https:\\\/\\\/quehacerpolitico.mx\\\/?p=96077#article\",\"isPartOf\":{\"@id\":\"https:\\\/\\\/quehacerpolitico.mx\\\/?p=96077\"},\"author\":{\"name\":\"Redacci\u00f3n QP\",\"@id\":\"https:\\\/\\\/quehacerpolitico.mx\\\/#\\\/schema\\\/person\\\/496d8ad2d1d3f8036101dca7ee39e585\"},\"headline\":\"La opini\u00f3n\\\/\\\/\\\/Monserrat Cort\u00e9s Arrona\\\/\\\/\\\/\u201cNinis\u201d en M\u00e9xico a la alza\",\"datePublished\":\"2022-10-10T15:00:59+00:00\",\"dateModified\":\"2022-10-10T15:01:03+00:00\",\"mainEntityOfPage\":{\"@id\":\"https:\\\/\\\/quehacerpolitico.mx\\\/?p=96077\"},\"wordCount\":1726,\"commentCount\":0,\"image\":{\"@id\":\"https:\\\/\\\/quehacerpolitico.mx\\\/?p=96077#primaryimage\"},\"thumbnailUrl\":\"https:\\\/\\\/quehacerpolitico.mx\\\/wp-content\\\/uploads\\\/2022\\\/10\\\/6035F571-BFE3-4634-9DF2-E7018DBCACA5.jpeg\",\"articleSection\":[\"Econom\u00eda\"],\"inLanguage\":\"es\",\"potentialAction\":[{\"@type\":\"CommentAction\",\"name\":\"Comment\",\"target\":[\"https:\\\/\\\/quehacerpolitico.mx\\\/?p=96077#respond\"]}]},{\"@type\":\"WebPage\",\"@id\":\"https:\\\/\\\/quehacerpolitico.mx\\\/?p=96077\",\"url\":\"https:\\\/\\\/quehacerpolitico.mx\\\/?p=96077\",\"name\":\"La opini\u00f3n\\\/\\\/\\\/Monserrat Cort\u00e9s Arrona\\\/\\\/\\\/\u201cNinis\u201d en M\u00e9xico a la alza -\",\"isPartOf\":{\"@id\":\"https:\\\/\\\/quehacerpolitico.mx\\\/#website\"},\"primaryImageOfPage\":{\"@id\":\"https:\\\/\\\/quehacerpolitico.mx\\\/?p=96077#primaryimage\"},\"image\":{\"@id\":\"https:\\\/\\\/quehacerpolitico.mx\\\/?p=96077#primaryimage\"},\"thumbnailUrl\":\"https:\\\/\\\/quehacerpolitico.mx\\\/wp-content\\\/uploads\\\/2022\\\/10\\\/6035F571-BFE3-4634-9DF2-E7018DBCACA5.jpeg\",\"datePublished\":\"2022-10-10T15:00:59+00:00\",\"dateModified\":\"2022-10-10T15:01:03+00:00\",\"author\":{\"@id\":\"https:\\\/\\\/quehacerpolitico.mx\\\/#\\\/schema\\\/person\\\/496d8ad2d1d3f8036101dca7ee39e585\"},\"breadcrumb\":{\"@id\":\"https:\\\/\\\/quehacerpolitico.mx\\\/?p=96077#breadcrumb\"},\"inLanguage\":\"es\",\"potentialAction\":[{\"@type\":\"ReadAction\",\"target\":[\"https:\\\/\\\/quehacerpolitico.mx\\\/?p=96077\"]}]},{\"@type\":\"ImageObject\",\"inLanguage\":\"es\",\"@id\":\"https:\\\/\\\/quehacerpolitico.mx\\\/?p=96077#primaryimage\",\"url\":\"https:\\\/\\\/quehacerpolitico.mx\\\/wp-content\\\/uploads\\\/2022\\\/10\\\/6035F571-BFE3-4634-9DF2-E7018DBCACA5.jpeg\",\"contentUrl\":\"https:\\\/\\\/quehacerpolitico.mx\\\/wp-content\\\/uploads\\\/2022\\\/10\\\/6035F571-BFE3-4634-9DF2-E7018DBCACA5.jpeg\",\"width\":962,\"height\":493},{\"@type\":\"BreadcrumbList\",\"@id\":\"https:\\\/\\\/quehacerpolitico.mx\\\/?p=96077#breadcrumb\",\"itemListElement\":[{\"@type\":\"ListItem\",\"position\":1,\"name\":\"Inicio\",\"item\":\"https:\\\/\\\/quehacerpolitico.mx\\\/\"},{\"@type\":\"ListItem\",\"position\":2,\"name\":\"La opini\u00f3n\\\/\\\/\\\/Monserrat Cort\u00e9s Arrona\\\/\\\/\\\/\u201cNinis\u201d en M\u00e9xico a la alza\"}]},{\"@type\":\"WebSite\",\"@id\":\"https:\\\/\\\/quehacerpolitico.mx\\\/#website\",\"url\":\"https:\\\/\\\/quehacerpolitico.mx\\\/\",\"name\":\"\",\"description\":\"\",\"potentialAction\":[{\"@type\":\"SearchAction\",\"target\":{\"@type\":\"EntryPoint\",\"urlTemplate\":\"https:\\\/\\\/quehacerpolitico.mx\\\/?s={search_term_string}\"},\"query-input\":{\"@type\":\"PropertyValueSpecification\",\"valueRequired\":true,\"valueName\":\"search_term_string\"}}],\"inLanguage\":\"es\"},{\"@type\":\"Person\",\"@id\":\"https:\\\/\\\/quehacerpolitico.mx\\\/#\\\/schema\\\/person\\\/496d8ad2d1d3f8036101dca7ee39e585\",\"name\":\"Redacci\u00f3n QP\",\"image\":{\"@type\":\"ImageObject\",\"inLanguage\":\"es\",\"@id\":\"https:\\\/\\\/secure.gravatar.com\\\/avatar\\\/c7164ed6fdec453195284ad24a5ae5b6e1eed2b848477fa2a4787ba9adf39a41?s=96&d=mm&r=g\",\"url\":\"https:\\\/\\\/secure.gravatar.com\\\/avatar\\\/c7164ed6fdec453195284ad24a5ae5b6e1eed2b848477fa2a4787ba9adf39a41?s=96&d=mm&r=g\",\"contentUrl\":\"https:\\\/\\\/secure.gravatar.com\\\/avatar\\\/c7164ed6fdec453195284ad24a5ae5b6e1eed2b848477fa2a4787ba9adf39a41?s=96&d=mm&r=g\",\"caption\":\"Redacci\u00f3n QP\"},\"url\":\"https:\\\/\\\/quehacerpolitico.mx\\\/?author=2\"}]}<\/script>\n<!-- \/ Yoast SEO plugin. -->","yoast_head_json":{"title":"La opini\u00f3n\/\/\/Monserrat Cort\u00e9s Arrona\/\/\/\u201cNinis\u201d en M\u00e9xico a la alza -","robots":{"index":"index","follow":"follow","max-snippet":"max-snippet:-1","max-image-preview":"max-image-preview:large","max-video-preview":"max-video-preview:-1"},"canonical":"https:\/\/quehacerpolitico.mx\/?p=96077","og_locale":"es_MX","og_type":"article","og_title":"La opini\u00f3n\/\/\/Monserrat Cort\u00e9s Arrona\/\/\/\u201cNinis\u201d en M\u00e9xico a la alza -","og_description":"Por Lic Monserrat Cort\u00e9s Arrona M\u00e9xico ocupa el cuarto lugar de una lista relativa a...","og_url":"https:\/\/quehacerpolitico.mx\/?p=96077","article_published_time":"2022-10-10T15:00:59+00:00","article_modified_time":"2022-10-10T15:01:03+00:00","og_image":[{"width":962,"height":493,"url":"https:\/\/quehacerpolitico.mx\/wp-content\/uploads\/2022\/10\/6035F571-BFE3-4634-9DF2-E7018DBCACA5.jpeg","type":"image\/jpeg"}],"author":"Redacci\u00f3n QP","twitter_card":"summary_large_image","twitter_misc":{"Escrito por":"Redacci\u00f3n QP","Tiempo de lectura":"9 minutos"},"schema":{"@context":"https:\/\/schema.org","@graph":[{"@type":"Article","@id":"https:\/\/quehacerpolitico.mx\/?p=96077#article","isPartOf":{"@id":"https:\/\/quehacerpolitico.mx\/?p=96077"},"author":{"name":"Redacci\u00f3n QP","@id":"https:\/\/quehacerpolitico.mx\/#\/schema\/person\/496d8ad2d1d3f8036101dca7ee39e585"},"headline":"La opini\u00f3n\/\/\/Monserrat Cort\u00e9s Arrona\/\/\/\u201cNinis\u201d en M\u00e9xico a la alza","datePublished":"2022-10-10T15:00:59+00:00","dateModified":"2022-10-10T15:01:03+00:00","mainEntityOfPage":{"@id":"https:\/\/quehacerpolitico.mx\/?p=96077"},"wordCount":1726,"commentCount":0,"image":{"@id":"https:\/\/quehacerpolitico.mx\/?p=96077#primaryimage"},"thumbnailUrl":"https:\/\/quehacerpolitico.mx\/wp-content\/uploads\/2022\/10\/6035F571-BFE3-4634-9DF2-E7018DBCACA5.jpeg","articleSection":["Econom\u00eda"],"inLanguage":"es","potentialAction":[{"@type":"CommentAction","name":"Comment","target":["https:\/\/quehacerpolitico.mx\/?p=96077#respond"]}]},{"@type":"WebPage","@id":"https:\/\/quehacerpolitico.mx\/?p=96077","url":"https:\/\/quehacerpolitico.mx\/?p=96077","name":"La opini\u00f3n\/\/\/Monserrat Cort\u00e9s Arrona\/\/\/\u201cNinis\u201d en M\u00e9xico a la alza -","isPartOf":{"@id":"https:\/\/quehacerpolitico.mx\/#website"},"primaryImageOfPage":{"@id":"https:\/\/quehacerpolitico.mx\/?p=96077#primaryimage"},"image":{"@id":"https:\/\/quehacerpolitico.mx\/?p=96077#primaryimage"},"thumbnailUrl":"https:\/\/quehacerpolitico.mx\/wp-content\/uploads\/2022\/10\/6035F571-BFE3-4634-9DF2-E7018DBCACA5.jpeg","datePublished":"2022-10-10T15:00:59+00:00","dateModified":"2022-10-10T15:01:03+00:00","author":{"@id":"https:\/\/quehacerpolitico.mx\/#\/schema\/person\/496d8ad2d1d3f8036101dca7ee39e585"},"breadcrumb":{"@id":"https:\/\/quehacerpolitico.mx\/?p=96077#breadcrumb"},"inLanguage":"es","potentialAction":[{"@type":"ReadAction","target":["https:\/\/quehacerpolitico.mx\/?p=96077"]}]},{"@type":"ImageObject","inLanguage":"es","@id":"https:\/\/quehacerpolitico.mx\/?p=96077#primaryimage","url":"https:\/\/quehacerpolitico.mx\/wp-content\/uploads\/2022\/10\/6035F571-BFE3-4634-9DF2-E7018DBCACA5.jpeg","contentUrl":"https:\/\/quehacerpolitico.mx\/wp-content\/uploads\/2022\/10\/6035F571-BFE3-4634-9DF2-E7018DBCACA5.jpeg","width":962,"height":493},{"@type":"BreadcrumbList","@id":"https:\/\/quehacerpolitico.mx\/?p=96077#breadcrumb","itemListElement":[{"@type":"ListItem","position":1,"name":"Inicio","item":"https:\/\/quehacerpolitico.mx\/"},{"@type":"ListItem","position":2,"name":"La opini\u00f3n\/\/\/Monserrat Cort\u00e9s Arrona\/\/\/\u201cNinis\u201d en M\u00e9xico a la alza"}]},{"@type":"WebSite","@id":"https:\/\/quehacerpolitico.mx\/#website","url":"https:\/\/quehacerpolitico.mx\/","name":"","description":"","potentialAction":[{"@type":"SearchAction","target":{"@type":"EntryPoint","urlTemplate":"https:\/\/quehacerpolitico.mx\/?s={search_term_string}"},"query-input":{"@type":"PropertyValueSpecification","valueRequired":true,"valueName":"search_term_string"}}],"inLanguage":"es"},{"@type":"Person","@id":"https:\/\/quehacerpolitico.mx\/#\/schema\/person\/496d8ad2d1d3f8036101dca7ee39e585","name":"Redacci\u00f3n QP","image":{"@type":"ImageObject","inLanguage":"es","@id":"https:\/\/secure.gravatar.com\/avatar\/c7164ed6fdec453195284ad24a5ae5b6e1eed2b848477fa2a4787ba9adf39a41?s=96&d=mm&r=g","url":"https:\/\/secure.gravatar.com\/avatar\/c7164ed6fdec453195284ad24a5ae5b6e1eed2b848477fa2a4787ba9adf39a41?s=96&d=mm&r=g","contentUrl":"https:\/\/secure.gravatar.com\/avatar\/c7164ed6fdec453195284ad24a5ae5b6e1eed2b848477fa2a4787ba9adf39a41?s=96&d=mm&r=g","caption":"Redacci\u00f3n QP"},"url":"https:\/\/quehacerpolitico.mx\/?author=2"}]}},"featured_image_urls":{"full":["https:\/\/quehacerpolitico.mx\/wp-content\/uploads\/2022\/10\/6035F571-BFE3-4634-9DF2-E7018DBCACA5.jpeg",962,493,false],"thumbnail":["https:\/\/quehacerpolitico.mx\/wp-content\/uploads\/2022\/10\/6035F571-BFE3-4634-9DF2-E7018DBCACA5-150x150.jpeg",150,150,true],"medium":["https:\/\/quehacerpolitico.mx\/wp-content\/uploads\/2022\/10\/6035F571-BFE3-4634-9DF2-E7018DBCACA5-300x154.jpeg",300,154,true],"medium_large":["https:\/\/quehacerpolitico.mx\/wp-content\/uploads\/2022\/10\/6035F571-BFE3-4634-9DF2-E7018DBCACA5-768x394.jpeg",640,328,true],"large":["https:\/\/quehacerpolitico.mx\/wp-content\/uploads\/2022\/10\/6035F571-BFE3-4634-9DF2-E7018DBCACA5.jpeg",640,328,false],"1536x1536":["https:\/\/quehacerpolitico.mx\/wp-content\/uploads\/2022\/10\/6035F571-BFE3-4634-9DF2-E7018DBCACA5.jpeg",962,493,false],"2048x2048":["https:\/\/quehacerpolitico.mx\/wp-content\/uploads\/2022\/10\/6035F571-BFE3-4634-9DF2-E7018DBCACA5.jpeg",962,493,false],"covernews-featured":["https:\/\/quehacerpolitico.mx\/wp-content\/uploads\/2022\/10\/6035F571-BFE3-4634-9DF2-E7018DBCACA5.jpeg",962,493,false],"covernews-medium":["https:\/\/quehacerpolitico.mx\/wp-content\/uploads\/2022\/10\/6035F571-BFE3-4634-9DF2-E7018DBCACA5.jpeg",540,277,false]},"author_info":{"display_name":"Redacci\u00f3n QP","author_link":"https:\/\/quehacerpolitico.mx\/?author=2"},"category_info":"<a href=\"https:\/\/quehacerpolitico.mx\/?cat=56\" rel=\"category\">Econom\u00eda<\/a>","tag_info":"Econom\u00eda","comment_count":"0","_links":{"self":[{"href":"https:\/\/quehacerpolitico.mx\/index.php?rest_route=\/wp\/v2\/posts\/96077","targetHints":{"allow":["GET"]}}],"collection":[{"href":"https:\/\/quehacerpolitico.mx\/index.php?rest_route=\/wp\/v2\/posts"}],"about":[{"href":"https:\/\/quehacerpolitico.mx\/index.php?rest_route=\/wp\/v2\/types\/post"}],"author":[{"embeddable":true,"href":"https:\/\/quehacerpolitico.mx\/index.php?rest_route=\/wp\/v2\/users\/2"}],"replies":[{"embeddable":true,"href":"https:\/\/quehacerpolitico.mx\/index.php?rest_route=%2Fwp%2Fv2%2Fcomments&post=96077"}],"version-history":[{"count":1,"href":"https:\/\/quehacerpolitico.mx\/index.php?rest_route=\/wp\/v2\/posts\/96077\/revisions"}],"predecessor-version":[{"id":96083,"href":"https:\/\/quehacerpolitico.mx\/index.php?rest_route=\/wp\/v2\/posts\/96077\/revisions\/96083"}],"wp:featuredmedia":[{"embeddable":true,"href":"https:\/\/quehacerpolitico.mx\/index.php?rest_route=\/wp\/v2\/media\/96078"}],"wp:attachment":[{"href":"https:\/\/quehacerpolitico.mx\/index.php?rest_route=%2Fwp%2Fv2%2Fmedia&parent=96077"}],"wp:term":[{"taxonomy":"category","embeddable":true,"href":"https:\/\/quehacerpolitico.mx\/index.php?rest_route=%2Fwp%2Fv2%2Fcategories&post=96077"},{"taxonomy":"post_tag","embeddable":true,"href":"https:\/\/quehacerpolitico.mx\/index.php?rest_route=%2Fwp%2Fv2%2Ftags&post=96077"}],"curies":[{"name":"wp","href":"https:\/\/api.w.org\/{rel}","templated":true}]}}