{"id":96072,"date":"2022-10-08T02:26:57","date_gmt":"2022-10-08T02:26:57","guid":{"rendered":"https:\/\/quehacerpolitico.mx\/?p=96072"},"modified":"2022-10-08T02:27:02","modified_gmt":"2022-10-08T02:27:02","slug":"dia-de-muertos-cuando-es-el-gran-desfile-2022-en-la-ciudad-de-mexico","status":"publish","type":"post","link":"https:\/\/quehacerpolitico.mx\/?p=96072","title":{"rendered":"D\u00eda de Muertos: \u00bfCu\u00e1ndo es el Gran Desfile 2022 en la Ciudad de M\u00e9xico?\u00a0"},"content":{"rendered":"\n<p>Por Redacci\u00f3n QP<\/p>\n\n\n\n<p>El popular evento tendr\u00e1 una duraci\u00f3n aproximada de cuatro horas y recorrer\u00e1 un total de 8.7 kil\u00f3metros<\/p>\n\n\n\n<p>Nos estamos acercando a una de las celebraciones m\u00e1s ic\u00f3nicas de nuestro pa\u00eds: el ancestral D\u00eda de Muertos. Para conmemorarlo, a\u00f1o con a\u00f1o el gobierno de la Ciudad de M\u00e9xico organiza eventos gratuitos, entre ellos el Gran Desfile de D\u00eda de Muertos.\u00a0<strong>Forma parte de esta celebraci\u00f3n a la vida y a la muerte y ent\u00e9rate de todo lo que habr\u00e1 en el Desfile de D\u00eda de Muertos 2022.<\/strong><\/p>\n\n\n\n<h2 class=\"wp-block-heading\">LA RUTA<\/h2>\n\n\n\n<p>El Gran Desfile de D\u00eda de Muertos\u00a0<strong>est\u00e1 programado para el s\u00e1bado 29 de octubre, y partir\u00e1 a las 12:00 horas desde el Z\u00f3calo de la CDMX<\/strong>, pues hay que se\u00f1alar que su recorrido es en sentido inverso al habitual, es decir, ir\u00e1 de este a oeste. Tendr\u00e1 una duraci\u00f3n aproximada de cuatro horas y recorrer\u00e1 un total de 8.7 kil\u00f3metros a lo largo de la Avenida Hidalgo y luego Avenida Paseo de la Reforma.<\/p>\n\n\n\n<figure class=\"wp-block-image size-full\"><img loading=\"lazy\" decoding=\"async\" width=\"739\" height=\"415\" src=\"https:\/\/quehacerpolitico.mx\/wp-content\/uploads\/2022\/10\/image-27.jpeg\" alt=\"\" class=\"wp-image-96075\" srcset=\"https:\/\/quehacerpolitico.mx\/wp-content\/uploads\/2022\/10\/image-27.jpeg 739w, https:\/\/quehacerpolitico.mx\/wp-content\/uploads\/2022\/10\/image-27-300x168.jpeg 300w, https:\/\/quehacerpolitico.mx\/wp-content\/uploads\/2022\/10\/image-27-260x146.jpeg 260w, https:\/\/quehacerpolitico.mx\/wp-content\/uploads\/2022\/10\/image-27-50x28.jpeg 50w, https:\/\/quehacerpolitico.mx\/wp-content\/uploads\/2022\/10\/image-27-134x75.jpeg 134w\" sizes=\"auto, (max-width: 739px) 100vw, 739px\" \/><\/figure>\n\n\n\n<h2 class=\"wp-block-heading\">INSCR\u00cdBETE COMO VOLUNTARIO<\/h2>\n\n\n\n<p>Actualmente la Secretar\u00eda de Cultura de la Ciudad de M\u00e9xico<strong>\u00a0tiene abierto el registro para formar parte del talento del desfile<\/strong>: &#8220;Reg\u00edstrate en el siguiente enlace y participa como voluntario o voluntaria en el gran Desfile de #D\u00edaDeMuertos 2022&#8221;, se puede leer en su publicaci\u00f3n.<\/p>\n\n\n\n<p>Si te interesa participar, en el formulario deber\u00e1s compartir tus datos como nombre, correo electr\u00f3nico, edad, CURP, tel\u00e9fono de contacto, las redes sociales que utilizas y finalmente el \u00e1rea de la que quieras formar parte, ya sea talento o soporte.<\/p>\n\n\n\n<p>Y aunque no se han dado muchos detalles sobre las sorpresas que traer\u00e1 la edici\u00f3n 2022 de este desfile, s\u00ed sabemos que antes de salir, los participantes pasar\u00e1n por un arco tradicional construido especialmente para estas celebraciones. Posteriormente ser\u00e1n\u00a0<strong>decenas de catrinas, catrines, carros aleg\u00f3ricos, alebrijes y m\u00fasicos los que ambientar\u00e1n este festejo\u00a0<\/strong>en el que, por cierto, se seguir\u00e1n algunas medidas sanitarias como la aplicaci\u00f3n de gel antibacterial.<\/p>\n\n\n\n<figure class=\"wp-block-embed is-type-rich is-provider-twitter wp-block-embed-twitter\"><div class=\"wp-block-embed__wrapper\">\n<blockquote class=\"twitter-tweet\" data-width=\"550\" data-dnt=\"true\"><p lang=\"es\" dir=\"ltr\">Reg\u00edstrate en el siguiente enlace y participa como voluntario o voluntaria en el gran Desfile de <a href=\"https:\/\/twitter.com\/hashtag\/D%C3%ADaDeMuertos?src=hash&amp;ref_src=twsrc%5Etfw\">#D\u00edaDeMuertos<\/a> 2022.<a href=\"https:\/\/t.co\/uOeu3hufZy\">https:\/\/t.co\/uOeu3hufZy<\/a> <a href=\"https:\/\/t.co\/WbOeMoIlQJ\">pic.twitter.com\/WbOeMoIlQJ<\/a><\/p>&mdash; Secretar\u00eda de Cultura de la Ciudad de M\u00e9xico (@CulturaCiudadMx) <a href=\"https:\/\/twitter.com\/CulturaCiudadMx\/status\/1577401235900141582?ref_src=twsrc%5Etfw\">October 4, 2022<\/a><\/blockquote><script async src=\"https:\/\/platform.twitter.com\/widgets.js\" charset=\"utf-8\"><\/script>\n<\/div><\/figure>\n\n\n\n<h2 class=\"wp-block-heading\">OR\u00cdGENES<\/h2>\n\n\n\n<p>Este evento, que a\u00f1o con a\u00f1o ha ido tomando m\u00e1s fuerza, tiene como objetivo<strong>\u00a0enaltecer las tradiciones mexicanas y conmemorar a todos aquellos seres queridos que han dejado este plano de existencia.<\/strong><\/p>\n\n\n\n<p>Sin embargo, se trata de una propuesta muy reciente. El popular desfile\u00a0<strong>tiene su origen en 2016 tras ser impulsado gracias a la pel\u00edcula &#8220;007: Spectre&#8221;, que fue grabada en 2015 en la capital del pa\u00eds.<\/strong>\u00a0En este filme, protagonizado por el actor Daniel Craig, se pueden observar escenas en las que James Bond derrota a un enemigo desde un helic\u00f3ptero mientras en la Ciudad de M\u00e9xico se est\u00e1 llevando a cabo la celebraci\u00f3n por el D\u00eda de Muertos.<\/p>\n\n\n\n<figure class=\"wp-block-image size-full\"><img loading=\"lazy\" decoding=\"async\" width=\"1023\" height=\"682\" src=\"https:\/\/quehacerpolitico.mx\/wp-content\/uploads\/2022\/10\/image-26.jpeg\" alt=\"\" class=\"wp-image-96074\" srcset=\"https:\/\/quehacerpolitico.mx\/wp-content\/uploads\/2022\/10\/image-26.jpeg 1023w, https:\/\/quehacerpolitico.mx\/wp-content\/uploads\/2022\/10\/image-26-300x200.jpeg 300w, https:\/\/quehacerpolitico.mx\/wp-content\/uploads\/2022\/10\/image-26-768x512.jpeg 768w, https:\/\/quehacerpolitico.mx\/wp-content\/uploads\/2022\/10\/image-26-219x146.jpeg 219w, https:\/\/quehacerpolitico.mx\/wp-content\/uploads\/2022\/10\/image-26-50x33.jpeg 50w, https:\/\/quehacerpolitico.mx\/wp-content\/uploads\/2022\/10\/image-26-113x75.jpeg 113w\" sizes=\"auto, (max-width: 1023px) 100vw, 1023px\" \/><\/figure>\n\n\n\n<p>La Secretar\u00eda de Turismo aprovech\u00f3 el \u00e9xito de la pel\u00edcula y al a\u00f1o siguiente anunci\u00f3 que se comenzar\u00eda a realizar el Gran Desfile de D\u00eda de Muertos, bajo el argumento de que los turistas querr\u00edan presenciar en vivo lo que hab\u00edan visto en la pel\u00edcula. Desde entonces, se ha realizado este evento que ha sido un \u00e9xito.<\/p>\n\n\n\n<p>No te pierdas su edici\u00f3n 2022, a\u00fan est\u00e1s a tiempo de formar parte de la caravana o, simplemente, aparta la fecha para vivir este desfile que simboliza la uni\u00f3n de vivos y muertos.<\/p>\n\n\n\n<p>Con informaci\u00f3n de SUN<\/p>\n","protected":false},"excerpt":{"rendered":"<p>Por Redacci\u00f3n QP El popular evento tendr\u00e1 una duraci\u00f3n aproximada de cuatro horas y recorrer\u00e1&#8230;<\/p>\n","protected":false},"author":2,"featured_media":96073,"comment_status":"open","ping_status":"open","sticky":false,"template":"","format":"standard","meta":{"_monsterinsights_skip_tracking":false,"_monsterinsights_sitenote_active":false,"_monsterinsights_sitenote_note":"","_monsterinsights_sitenote_category":0,"footnotes":""},"categories":[55],"tags":[],"class_list":["post-96072","post","type-post","status-publish","format-standard","has-post-thumbnail","hentry","category-cdmx"],"yoast_head":"<!-- This site is optimized with the Yoast SEO plugin v27.3 - https:\/\/yoast.com\/product\/yoast-seo-wordpress\/ -->\n<title>D\u00eda de Muertos: \u00bfCu\u00e1ndo es el Gran Desfile 2022 en la Ciudad de M\u00e9xico?\u00a0 -<\/title>\n<meta name=\"robots\" content=\"index, follow, max-snippet:-1, max-image-preview:large, max-video-preview:-1\" \/>\n<link rel=\"canonical\" href=\"https:\/\/quehacerpolitico.mx\/?p=96072\" \/>\n<meta property=\"og:locale\" content=\"es_MX\" \/>\n<meta property=\"og:type\" content=\"article\" \/>\n<meta property=\"og:title\" content=\"D\u00eda de Muertos: \u00bfCu\u00e1ndo es el Gran Desfile 2022 en la Ciudad de M\u00e9xico?\u00a0 -\" \/>\n<meta property=\"og:description\" content=\"Por Redacci\u00f3n QP El popular evento tendr\u00e1 una duraci\u00f3n aproximada de cuatro horas y recorrer\u00e1...\" \/>\n<meta property=\"og:url\" content=\"https:\/\/quehacerpolitico.mx\/?p=96072\" \/>\n<meta property=\"article:published_time\" content=\"2022-10-08T02:26:57+00:00\" \/>\n<meta property=\"article:modified_time\" content=\"2022-10-08T02:27:02+00:00\" \/>\n<meta property=\"og:image\" content=\"https:\/\/quehacerpolitico.mx\/wp-content\/uploads\/2022\/10\/BC9DF0F5-DEF2-4230-B779-8C87C8BCFD4C.jpeg\" \/>\n\t<meta property=\"og:image:width\" content=\"774\" \/>\n\t<meta property=\"og:image:height\" content=\"396\" \/>\n\t<meta property=\"og:image:type\" content=\"image\/jpeg\" \/>\n<meta name=\"author\" content=\"Redacci\u00f3n QP\" \/>\n<meta name=\"twitter:card\" content=\"summary_large_image\" \/>\n<meta name=\"twitter:label1\" content=\"Escrito por\" \/>\n\t<meta name=\"twitter:data1\" content=\"Redacci\u00f3n QP\" \/>\n\t<meta name=\"twitter:label2\" content=\"Tiempo de lectura\" \/>\n\t<meta name=\"twitter:data2\" content=\"3 minutos\" \/>\n<script type=\"application\/ld+json\" class=\"yoast-schema-graph\">{\"@context\":\"https:\\\/\\\/schema.org\",\"@graph\":[{\"@type\":\"Article\",\"@id\":\"https:\\\/\\\/quehacerpolitico.mx\\\/?p=96072#article\",\"isPartOf\":{\"@id\":\"https:\\\/\\\/quehacerpolitico.mx\\\/?p=96072\"},\"author\":{\"name\":\"Redacci\u00f3n QP\",\"@id\":\"https:\\\/\\\/quehacerpolitico.mx\\\/#\\\/schema\\\/person\\\/496d8ad2d1d3f8036101dca7ee39e585\"},\"headline\":\"D\u00eda de Muertos: \u00bfCu\u00e1ndo es el Gran Desfile 2022 en la Ciudad de M\u00e9xico?\u00a0\",\"datePublished\":\"2022-10-08T02:26:57+00:00\",\"dateModified\":\"2022-10-08T02:27:02+00:00\",\"mainEntityOfPage\":{\"@id\":\"https:\\\/\\\/quehacerpolitico.mx\\\/?p=96072\"},\"wordCount\":606,\"commentCount\":0,\"image\":{\"@id\":\"https:\\\/\\\/quehacerpolitico.mx\\\/?p=96072#primaryimage\"},\"thumbnailUrl\":\"https:\\\/\\\/quehacerpolitico.mx\\\/wp-content\\\/uploads\\\/2022\\\/10\\\/BC9DF0F5-DEF2-4230-B779-8C87C8BCFD4C.jpeg\",\"articleSection\":[\"CDMX\"],\"inLanguage\":\"es\",\"potentialAction\":[{\"@type\":\"CommentAction\",\"name\":\"Comment\",\"target\":[\"https:\\\/\\\/quehacerpolitico.mx\\\/?p=96072#respond\"]}]},{\"@type\":\"WebPage\",\"@id\":\"https:\\\/\\\/quehacerpolitico.mx\\\/?p=96072\",\"url\":\"https:\\\/\\\/quehacerpolitico.mx\\\/?p=96072\",\"name\":\"D\u00eda de Muertos: \u00bfCu\u00e1ndo es el Gran Desfile 2022 en la Ciudad de M\u00e9xico?\u00a0 -\",\"isPartOf\":{\"@id\":\"https:\\\/\\\/quehacerpolitico.mx\\\/#website\"},\"primaryImageOfPage\":{\"@id\":\"https:\\\/\\\/quehacerpolitico.mx\\\/?p=96072#primaryimage\"},\"image\":{\"@id\":\"https:\\\/\\\/quehacerpolitico.mx\\\/?p=96072#primaryimage\"},\"thumbnailUrl\":\"https:\\\/\\\/quehacerpolitico.mx\\\/wp-content\\\/uploads\\\/2022\\\/10\\\/BC9DF0F5-DEF2-4230-B779-8C87C8BCFD4C.jpeg\",\"datePublished\":\"2022-10-08T02:26:57+00:00\",\"dateModified\":\"2022-10-08T02:27:02+00:00\",\"author\":{\"@id\":\"https:\\\/\\\/quehacerpolitico.mx\\\/#\\\/schema\\\/person\\\/496d8ad2d1d3f8036101dca7ee39e585\"},\"breadcrumb\":{\"@id\":\"https:\\\/\\\/quehacerpolitico.mx\\\/?p=96072#breadcrumb\"},\"inLanguage\":\"es\",\"potentialAction\":[{\"@type\":\"ReadAction\",\"target\":[\"https:\\\/\\\/quehacerpolitico.mx\\\/?p=96072\"]}]},{\"@type\":\"ImageObject\",\"inLanguage\":\"es\",\"@id\":\"https:\\\/\\\/quehacerpolitico.mx\\\/?p=96072#primaryimage\",\"url\":\"https:\\\/\\\/quehacerpolitico.mx\\\/wp-content\\\/uploads\\\/2022\\\/10\\\/BC9DF0F5-DEF2-4230-B779-8C87C8BCFD4C.jpeg\",\"contentUrl\":\"https:\\\/\\\/quehacerpolitico.mx\\\/wp-content\\\/uploads\\\/2022\\\/10\\\/BC9DF0F5-DEF2-4230-B779-8C87C8BCFD4C.jpeg\",\"width\":774,\"height\":396},{\"@type\":\"BreadcrumbList\",\"@id\":\"https:\\\/\\\/quehacerpolitico.mx\\\/?p=96072#breadcrumb\",\"itemListElement\":[{\"@type\":\"ListItem\",\"position\":1,\"name\":\"Inicio\",\"item\":\"https:\\\/\\\/quehacerpolitico.mx\\\/\"},{\"@type\":\"ListItem\",\"position\":2,\"name\":\"D\u00eda de Muertos: \u00bfCu\u00e1ndo es el Gran Desfile 2022 en la Ciudad de M\u00e9xico?\u00a0\"}]},{\"@type\":\"WebSite\",\"@id\":\"https:\\\/\\\/quehacerpolitico.mx\\\/#website\",\"url\":\"https:\\\/\\\/quehacerpolitico.mx\\\/\",\"name\":\"\",\"description\":\"\",\"potentialAction\":[{\"@type\":\"SearchAction\",\"target\":{\"@type\":\"EntryPoint\",\"urlTemplate\":\"https:\\\/\\\/quehacerpolitico.mx\\\/?s={search_term_string}\"},\"query-input\":{\"@type\":\"PropertyValueSpecification\",\"valueRequired\":true,\"valueName\":\"search_term_string\"}}],\"inLanguage\":\"es\"},{\"@type\":\"Person\",\"@id\":\"https:\\\/\\\/quehacerpolitico.mx\\\/#\\\/schema\\\/person\\\/496d8ad2d1d3f8036101dca7ee39e585\",\"name\":\"Redacci\u00f3n QP\",\"image\":{\"@type\":\"ImageObject\",\"inLanguage\":\"es\",\"@id\":\"https:\\\/\\\/secure.gravatar.com\\\/avatar\\\/c7164ed6fdec453195284ad24a5ae5b6e1eed2b848477fa2a4787ba9adf39a41?s=96&d=mm&r=g\",\"url\":\"https:\\\/\\\/secure.gravatar.com\\\/avatar\\\/c7164ed6fdec453195284ad24a5ae5b6e1eed2b848477fa2a4787ba9adf39a41?s=96&d=mm&r=g\",\"contentUrl\":\"https:\\\/\\\/secure.gravatar.com\\\/avatar\\\/c7164ed6fdec453195284ad24a5ae5b6e1eed2b848477fa2a4787ba9adf39a41?s=96&d=mm&r=g\",\"caption\":\"Redacci\u00f3n QP\"},\"url\":\"https:\\\/\\\/quehacerpolitico.mx\\\/?author=2\"}]}<\/script>\n<!-- \/ Yoast SEO plugin. -->","yoast_head_json":{"title":"D\u00eda de Muertos: \u00bfCu\u00e1ndo es el Gran Desfile 2022 en la Ciudad de M\u00e9xico?\u00a0 -","robots":{"index":"index","follow":"follow","max-snippet":"max-snippet:-1","max-image-preview":"max-image-preview:large","max-video-preview":"max-video-preview:-1"},"canonical":"https:\/\/quehacerpolitico.mx\/?p=96072","og_locale":"es_MX","og_type":"article","og_title":"D\u00eda de Muertos: \u00bfCu\u00e1ndo es el Gran Desfile 2022 en la Ciudad de M\u00e9xico?\u00a0 -","og_description":"Por Redacci\u00f3n QP El popular evento tendr\u00e1 una duraci\u00f3n aproximada de cuatro horas y recorrer\u00e1...","og_url":"https:\/\/quehacerpolitico.mx\/?p=96072","article_published_time":"2022-10-08T02:26:57+00:00","article_modified_time":"2022-10-08T02:27:02+00:00","og_image":[{"width":774,"height":396,"url":"https:\/\/quehacerpolitico.mx\/wp-content\/uploads\/2022\/10\/BC9DF0F5-DEF2-4230-B779-8C87C8BCFD4C.jpeg","type":"image\/jpeg"}],"author":"Redacci\u00f3n QP","twitter_card":"summary_large_image","twitter_misc":{"Escrito por":"Redacci\u00f3n QP","Tiempo de lectura":"3 minutos"},"schema":{"@context":"https:\/\/schema.org","@graph":[{"@type":"Article","@id":"https:\/\/quehacerpolitico.mx\/?p=96072#article","isPartOf":{"@id":"https:\/\/quehacerpolitico.mx\/?p=96072"},"author":{"name":"Redacci\u00f3n QP","@id":"https:\/\/quehacerpolitico.mx\/#\/schema\/person\/496d8ad2d1d3f8036101dca7ee39e585"},"headline":"D\u00eda de Muertos: \u00bfCu\u00e1ndo es el Gran Desfile 2022 en la Ciudad de M\u00e9xico?\u00a0","datePublished":"2022-10-08T02:26:57+00:00","dateModified":"2022-10-08T02:27:02+00:00","mainEntityOfPage":{"@id":"https:\/\/quehacerpolitico.mx\/?p=96072"},"wordCount":606,"commentCount":0,"image":{"@id":"https:\/\/quehacerpolitico.mx\/?p=96072#primaryimage"},"thumbnailUrl":"https:\/\/quehacerpolitico.mx\/wp-content\/uploads\/2022\/10\/BC9DF0F5-DEF2-4230-B779-8C87C8BCFD4C.jpeg","articleSection":["CDMX"],"inLanguage":"es","potentialAction":[{"@type":"CommentAction","name":"Comment","target":["https:\/\/quehacerpolitico.mx\/?p=96072#respond"]}]},{"@type":"WebPage","@id":"https:\/\/quehacerpolitico.mx\/?p=96072","url":"https:\/\/quehacerpolitico.mx\/?p=96072","name":"D\u00eda de Muertos: \u00bfCu\u00e1ndo es el Gran Desfile 2022 en la Ciudad de M\u00e9xico?\u00a0 -","isPartOf":{"@id":"https:\/\/quehacerpolitico.mx\/#website"},"primaryImageOfPage":{"@id":"https:\/\/quehacerpolitico.mx\/?p=96072#primaryimage"},"image":{"@id":"https:\/\/quehacerpolitico.mx\/?p=96072#primaryimage"},"thumbnailUrl":"https:\/\/quehacerpolitico.mx\/wp-content\/uploads\/2022\/10\/BC9DF0F5-DEF2-4230-B779-8C87C8BCFD4C.jpeg","datePublished":"2022-10-08T02:26:57+00:00","dateModified":"2022-10-08T02:27:02+00:00","author":{"@id":"https:\/\/quehacerpolitico.mx\/#\/schema\/person\/496d8ad2d1d3f8036101dca7ee39e585"},"breadcrumb":{"@id":"https:\/\/quehacerpolitico.mx\/?p=96072#breadcrumb"},"inLanguage":"es","potentialAction":[{"@type":"ReadAction","target":["https:\/\/quehacerpolitico.mx\/?p=96072"]}]},{"@type":"ImageObject","inLanguage":"es","@id":"https:\/\/quehacerpolitico.mx\/?p=96072#primaryimage","url":"https:\/\/quehacerpolitico.mx\/wp-content\/uploads\/2022\/10\/BC9DF0F5-DEF2-4230-B779-8C87C8BCFD4C.jpeg","contentUrl":"https:\/\/quehacerpolitico.mx\/wp-content\/uploads\/2022\/10\/BC9DF0F5-DEF2-4230-B779-8C87C8BCFD4C.jpeg","width":774,"height":396},{"@type":"BreadcrumbList","@id":"https:\/\/quehacerpolitico.mx\/?p=96072#breadcrumb","itemListElement":[{"@type":"ListItem","position":1,"name":"Inicio","item":"https:\/\/quehacerpolitico.mx\/"},{"@type":"ListItem","position":2,"name":"D\u00eda de Muertos: \u00bfCu\u00e1ndo es el Gran Desfile 2022 en la Ciudad de M\u00e9xico?\u00a0"}]},{"@type":"WebSite","@id":"https:\/\/quehacerpolitico.mx\/#website","url":"https:\/\/quehacerpolitico.mx\/","name":"","description":"","potentialAction":[{"@type":"SearchAction","target":{"@type":"EntryPoint","urlTemplate":"https:\/\/quehacerpolitico.mx\/?s={search_term_string}"},"query-input":{"@type":"PropertyValueSpecification","valueRequired":true,"valueName":"search_term_string"}}],"inLanguage":"es"},{"@type":"Person","@id":"https:\/\/quehacerpolitico.mx\/#\/schema\/person\/496d8ad2d1d3f8036101dca7ee39e585","name":"Redacci\u00f3n QP","image":{"@type":"ImageObject","inLanguage":"es","@id":"https:\/\/secure.gravatar.com\/avatar\/c7164ed6fdec453195284ad24a5ae5b6e1eed2b848477fa2a4787ba9adf39a41?s=96&d=mm&r=g","url":"https:\/\/secure.gravatar.com\/avatar\/c7164ed6fdec453195284ad24a5ae5b6e1eed2b848477fa2a4787ba9adf39a41?s=96&d=mm&r=g","contentUrl":"https:\/\/secure.gravatar.com\/avatar\/c7164ed6fdec453195284ad24a5ae5b6e1eed2b848477fa2a4787ba9adf39a41?s=96&d=mm&r=g","caption":"Redacci\u00f3n QP"},"url":"https:\/\/quehacerpolitico.mx\/?author=2"}]}},"featured_image_urls":{"full":["https:\/\/quehacerpolitico.mx\/wp-content\/uploads\/2022\/10\/BC9DF0F5-DEF2-4230-B779-8C87C8BCFD4C.jpeg",774,396,false],"thumbnail":["https:\/\/quehacerpolitico.mx\/wp-content\/uploads\/2022\/10\/BC9DF0F5-DEF2-4230-B779-8C87C8BCFD4C-150x150.jpeg",150,150,true],"medium":["https:\/\/quehacerpolitico.mx\/wp-content\/uploads\/2022\/10\/BC9DF0F5-DEF2-4230-B779-8C87C8BCFD4C-300x153.jpeg",300,153,true],"medium_large":["https:\/\/quehacerpolitico.mx\/wp-content\/uploads\/2022\/10\/BC9DF0F5-DEF2-4230-B779-8C87C8BCFD4C-768x393.jpeg",640,328,true],"large":["https:\/\/quehacerpolitico.mx\/wp-content\/uploads\/2022\/10\/BC9DF0F5-DEF2-4230-B779-8C87C8BCFD4C.jpeg",640,327,false],"1536x1536":["https:\/\/quehacerpolitico.mx\/wp-content\/uploads\/2022\/10\/BC9DF0F5-DEF2-4230-B779-8C87C8BCFD4C.jpeg",774,396,false],"2048x2048":["https:\/\/quehacerpolitico.mx\/wp-content\/uploads\/2022\/10\/BC9DF0F5-DEF2-4230-B779-8C87C8BCFD4C.jpeg",774,396,false],"covernews-featured":["https:\/\/quehacerpolitico.mx\/wp-content\/uploads\/2022\/10\/BC9DF0F5-DEF2-4230-B779-8C87C8BCFD4C.jpeg",774,396,false],"covernews-medium":["https:\/\/quehacerpolitico.mx\/wp-content\/uploads\/2022\/10\/BC9DF0F5-DEF2-4230-B779-8C87C8BCFD4C.jpeg",540,276,false]},"author_info":{"display_name":"Redacci\u00f3n QP","author_link":"https:\/\/quehacerpolitico.mx\/?author=2"},"category_info":"<a href=\"https:\/\/quehacerpolitico.mx\/?cat=55\" rel=\"category\">CDMX<\/a>","tag_info":"CDMX","comment_count":"0","_links":{"self":[{"href":"https:\/\/quehacerpolitico.mx\/index.php?rest_route=\/wp\/v2\/posts\/96072","targetHints":{"allow":["GET"]}}],"collection":[{"href":"https:\/\/quehacerpolitico.mx\/index.php?rest_route=\/wp\/v2\/posts"}],"about":[{"href":"https:\/\/quehacerpolitico.mx\/index.php?rest_route=\/wp\/v2\/types\/post"}],"author":[{"embeddable":true,"href":"https:\/\/quehacerpolitico.mx\/index.php?rest_route=\/wp\/v2\/users\/2"}],"replies":[{"embeddable":true,"href":"https:\/\/quehacerpolitico.mx\/index.php?rest_route=%2Fwp%2Fv2%2Fcomments&post=96072"}],"version-history":[{"count":1,"href":"https:\/\/quehacerpolitico.mx\/index.php?rest_route=\/wp\/v2\/posts\/96072\/revisions"}],"predecessor-version":[{"id":96076,"href":"https:\/\/quehacerpolitico.mx\/index.php?rest_route=\/wp\/v2\/posts\/96072\/revisions\/96076"}],"wp:featuredmedia":[{"embeddable":true,"href":"https:\/\/quehacerpolitico.mx\/index.php?rest_route=\/wp\/v2\/media\/96073"}],"wp:attachment":[{"href":"https:\/\/quehacerpolitico.mx\/index.php?rest_route=%2Fwp%2Fv2%2Fmedia&parent=96072"}],"wp:term":[{"taxonomy":"category","embeddable":true,"href":"https:\/\/quehacerpolitico.mx\/index.php?rest_route=%2Fwp%2Fv2%2Fcategories&post=96072"},{"taxonomy":"post_tag","embeddable":true,"href":"https:\/\/quehacerpolitico.mx\/index.php?rest_route=%2Fwp%2Fv2%2Ftags&post=96072"}],"curies":[{"name":"wp","href":"https:\/\/api.w.org\/{rel}","templated":true}]}}