{"id":9595,"date":"2018-11-19T02:49:39","date_gmt":"2018-11-19T02:49:39","guid":{"rendered":"http:\/\/quehacerpolitico.mx\/celebra-inacipe-dia-del-criminologo\/"},"modified":"2018-11-19T02:49:39","modified_gmt":"2018-11-19T02:49:39","slug":"celebra-inacipe-dia-del-criminologo","status":"publish","type":"post","link":"https:\/\/quehacerpolitico.mx\/?p=9595","title":{"rendered":"CELEBRA INACIPE D\u00cdA DEL CRIMIN\u00d3LOGO"},"content":{"rendered":"<h3 class=\"post-title entry-title\">CELEBRA INACIPE D\u00cdA DEL CRIMIN\u00d3LOGO<\/h3>\n<p>Por Redacci\u00f3n QP<\/p>\n<p class=\"yiv1887927997m_-7652926796689854055gmail-m_8655139353351485448m_-1695841251061067141gmail-normal\"><span lang=\"ES-MX\">En el marco de la celebraci\u00f3n del D\u00eda del Crimin\u00f3logo, el Instituto Nacional de Ciencias Penales (INACIPE) conmemor\u00f3 el 40 aniversario luctuoso de Alfonso Quiroz Cuar\u00f3n, abogado, profesor e investigador considerado &#8220;el padre de la Criminal\u00edstica mexicana&#8221;\u00a0<\/span><span lang=\"ES-MX\">y\u00a0<\/span><span lang=\"ES-MX\">en cuyo honor se nombr\u00f3 al auditorio principal de este recinto acad\u00e9mico.<\/span><\/p>\n<p class=\"yiv1887927997m_-7652926796689854055gmail-m_8655139353351485448m_-1695841251061067141gmail-normal\"><span lang=\"ES-MX\">Ante diversas personalidades, estudiantes, catedr\u00e1ticos y p\u00fablico en general, Luis Rodr\u00edguez Manzanera, ex presidente de la Sociedad Mexicana de Criminolog\u00eda; Rafael Moreno Gonz\u00e1lez, ex presidente de la Academia Mexicana de Criminal\u00edstica; Sergio Garc\u00eda Ram\u00edrez, ex presidente de la Academia Mexicana de Ciencias Penales; y Jos\u00e9 Adri\u00e1n Gonz\u00e1lez Navarro, diputado federal, recordaron experiencias y destacaron la labor cient\u00edfica de quien, coincidieron, &#8220;fue maestro de juventudes y forjador de vocaciones&#8221;.<\/span><\/p>\n<p class=\"yiv1887927997m_-7652926796689854055gmail-m_8655139353351485448m_-1695841251061067141gmail-normal\"><span lang=\"ES-MX\">En su oportunidad, el tambi\u00e9n profesor em\u00e9rito de la Universidad Nacional Aut\u00f3noma de M\u00e9xico (UNAM), Sergio Garc\u00eda Ram\u00edrez, asegur\u00f3 que el legado te\u00f3rico de Alfonso Quiroz Cuar\u00f3n, plasmado en cada uno de sus libros, representa un parteaguas para las ciencias penales, pues gracias a \u00e9ste el \u00e1mbito acad\u00e9mico pudo renovarse.<\/span><\/p>\n<p class=\"yiv1887927997m_-7652926796689854055gmail-m_8655139353351485448m_-1695841251061067141gmail-normal\"><span lang=\"ES-MX\">&#8220;A \u00e9l se debe la convicci\u00f3n y el entusiasmo por dotar a M\u00e9xico de un organismo como el INACIPE, que ilumine la pol\u00edtica penal y responda las grandes preguntas sobre la criminalidad en nuestro pa\u00eds: \u00bfqu\u00e9 hacer con ella? \u00bfc\u00f3mo descifrarla? \u00bfcu\u00e1les son las tareas del Estado al respecto?&#8221;, reflexion\u00f3.<\/span><\/p>\n<p class=\"yiv1887927997m_-7652926796689854055gmail-m_8655139353351485448m_-1695841251061067141gmail-normal\"><span lang=\"ES-MX\">Fue a trav\u00e9s de este Instituto que, seg\u00fan Garc\u00eda Ram\u00edrez, fue posible atender uno de los reclamos m\u00e1s en\u00e9rgicos del criminalista: formar profesionalmente al personal encargado de la seguridad p\u00fablica y la justicia penal.<\/span><\/p>\n<p class=\"yiv1887927997m_-7652926796689854055gmail-m_8655139353351485448m_-1695841251061067141gmail-normal\"><span lang=\"ES-MX\">&#8220;&#8216;La criminal\u00edstica es hija predilecta de la medicina forense&#8217;, dec\u00eda Cuar\u00f3n, pues ella indaga, busca, interpreta e individualiza objetivamente los indicios para encontrar al delincuente y llevarlo ante la justicia o para liberar al inocente. En \u00e9l, como en nadie, se percib\u00edan ambas esencias: la del criminalista y la del m\u00e9dico forense&#8221;, record\u00f3 en su oportunidad el pionero en el campo de la criminal\u00edstica mexicana, Rafael Moreno Gonz\u00e1lez.<\/span><\/p>\n<p class=\"yiv1887927997m_-7652926796689854055gmail-m_8655139353351485448m_-1695841251061067141gmail-normal\"><span lang=\"ES-MX\">Dicho especialista explico que fue Alfonso Quiroz Cuar\u00f3n quien, entre otras cosas, fund\u00f3 el Departamento de Investigaciones Especiales del Banco de M\u00e9xico, oficina especializada en la prevenci\u00f3n de falsificaci\u00f3n de moneda y el uso de dichas r\u00e9plicas, la cual fue ampliamente reconocida por el desarrollo de numerosas investigaciones dotadas de s\u00f3lidas herramientas t\u00e9cnicas y te\u00f3ricas. &#8220;Su legado le asegura un espacio en el libro de honor de la historia de las ciencias penales&#8221;, asegur\u00f3 Moreno.<\/span><\/p>\n<p class=\"yiv1887927997m_-7652926796689854055gmail-m_8655139353351485448m_-1695841251061067141gmail-normal\"><span lang=\"ES-MX\">Adri\u00e1n Gonz\u00e1lez Navarro, compilador y coordinador del libro &#8220;Quiroz Cuar\u00f3n, 40 aniversario luctuoso&#8221;, obra editorial de la LXIII Legislatura, indic\u00f3 que &#8220;la irresponsabilidad de los pol\u00edticos y art\u00edfices de las leyes va contra la esencia, de rigor cient\u00edfico, del trabajo de Alfonso Quiroz Cuar\u00f3n&#8221;.<\/span><\/p>\n<p class=\"yiv1887927997m_-7652926796689854055gmail-m_8655139353351485448m_-1695841251061067141gmail-normal\"><span lang=\"ES-MX\">Finalmente, Luis Rodr\u00edguez Manzanera record\u00f3 que el criminalista ten\u00eda en repertorio editorial un gran n\u00famero de obras cuya vigencia te\u00f3rica es contempor\u00e1nea, pues salvo la actualizaci\u00f3n num\u00e9rica de datos espec\u00edficos, &#8220;el estudio criminol\u00f3gico de nuestros d\u00edas encuentra sustento en su obra&#8221;.<\/span><\/p>\n<p class=\"yiv1887927997m_-7652926796689854055gmail-m_8655139353351485448m_-1695841251061067141gmail-normal\"><span id=\"yMail_cursorElementTracker_1542594174969\" lang=\"ES-MX\">&#8220;Su trabajo, como el de muy pocos en criminolog\u00eda, contaba con el reconocimiento de las Naciones Unidas. El valor del maestro Cuar\u00f3n en el medio cient\u00edfico es enorme y su obra literaria da cuenta de ello&#8221;, concluy\u00f3 Manzanera.<\/span><\/p>\n","protected":false},"excerpt":{"rendered":"<p>CELEBRA INACIPE D\u00cdA DEL CRIMIN\u00d3LOGO<br \/>\nPor Redacci\u00f3n QP<\/p>\n","protected":false},"author":2,"featured_media":9594,"comment_status":"open","ping_status":"open","sticky":false,"template":"","format":"standard","meta":{"_monsterinsights_skip_tracking":false,"_monsterinsights_sitenote_active":false,"_monsterinsights_sitenote_note":"","_monsterinsights_sitenote_category":0,"footnotes":""},"categories":[2],"tags":[],"class_list":["post-9595","post","type-post","status-publish","format-standard","has-post-thumbnail","hentry","category-noticias"],"yoast_head":"<!-- This site is optimized with the Yoast SEO plugin v27.3 - https:\/\/yoast.com\/product\/yoast-seo-wordpress\/ -->\n<title>CELEBRA INACIPE D\u00cdA DEL CRIMIN\u00d3LOGO -<\/title>\n<meta name=\"robots\" content=\"index, follow, max-snippet:-1, max-image-preview:large, max-video-preview:-1\" \/>\n<link rel=\"canonical\" href=\"https:\/\/quehacerpolitico.mx\/?p=9595\" \/>\n<meta property=\"og:locale\" content=\"es_MX\" \/>\n<meta property=\"og:type\" content=\"article\" \/>\n<meta property=\"og:title\" content=\"CELEBRA INACIPE D\u00cdA DEL CRIMIN\u00d3LOGO -\" \/>\n<meta property=\"og:description\" content=\"CELEBRA INACIPE D\u00cdA DEL CRIMIN\u00d3LOGO Por Redacci\u00f3n QP\" \/>\n<meta property=\"og:url\" content=\"https:\/\/quehacerpolitico.mx\/?p=9595\" \/>\n<meta property=\"article:published_time\" content=\"2018-11-19T02:49:39+00:00\" \/>\n<meta name=\"author\" content=\"Redacci\u00f3n QP\" \/>\n<meta name=\"twitter:card\" content=\"summary_large_image\" \/>\n<meta name=\"twitter:label1\" content=\"Escrito por\" \/>\n\t<meta name=\"twitter:data1\" content=\"Redacci\u00f3n QP\" \/>\n\t<meta name=\"twitter:label2\" content=\"Tiempo de lectura\" \/>\n\t<meta name=\"twitter:data2\" content=\"3 minutos\" \/>\n<script type=\"application\/ld+json\" class=\"yoast-schema-graph\">{\"@context\":\"https:\\\/\\\/schema.org\",\"@graph\":[{\"@type\":\"Article\",\"@id\":\"https:\\\/\\\/quehacerpolitico.mx\\\/?p=9595#article\",\"isPartOf\":{\"@id\":\"https:\\\/\\\/quehacerpolitico.mx\\\/?p=9595\"},\"author\":{\"name\":\"Redacci\u00f3n QP\",\"@id\":\"https:\\\/\\\/quehacerpolitico.mx\\\/#\\\/schema\\\/person\\\/496d8ad2d1d3f8036101dca7ee39e585\"},\"headline\":\"CELEBRA INACIPE D\u00cdA DEL CRIMIN\u00d3LOGO\",\"datePublished\":\"2018-11-19T02:49:39+00:00\",\"mainEntityOfPage\":{\"@id\":\"https:\\\/\\\/quehacerpolitico.mx\\\/?p=9595\"},\"wordCount\":608,\"commentCount\":0,\"image\":{\"@id\":\"https:\\\/\\\/quehacerpolitico.mx\\\/?p=9595#primaryimage\"},\"thumbnailUrl\":\"\",\"articleSection\":[\"Noticias\"],\"inLanguage\":\"es\",\"potentialAction\":[{\"@type\":\"CommentAction\",\"name\":\"Comment\",\"target\":[\"https:\\\/\\\/quehacerpolitico.mx\\\/?p=9595#respond\"]}]},{\"@type\":\"WebPage\",\"@id\":\"https:\\\/\\\/quehacerpolitico.mx\\\/?p=9595\",\"url\":\"https:\\\/\\\/quehacerpolitico.mx\\\/?p=9595\",\"name\":\"CELEBRA INACIPE D\u00cdA DEL CRIMIN\u00d3LOGO -\",\"isPartOf\":{\"@id\":\"https:\\\/\\\/quehacerpolitico.mx\\\/#website\"},\"primaryImageOfPage\":{\"@id\":\"https:\\\/\\\/quehacerpolitico.mx\\\/?p=9595#primaryimage\"},\"image\":{\"@id\":\"https:\\\/\\\/quehacerpolitico.mx\\\/?p=9595#primaryimage\"},\"thumbnailUrl\":\"\",\"datePublished\":\"2018-11-19T02:49:39+00:00\",\"author\":{\"@id\":\"https:\\\/\\\/quehacerpolitico.mx\\\/#\\\/schema\\\/person\\\/496d8ad2d1d3f8036101dca7ee39e585\"},\"breadcrumb\":{\"@id\":\"https:\\\/\\\/quehacerpolitico.mx\\\/?p=9595#breadcrumb\"},\"inLanguage\":\"es\",\"potentialAction\":[{\"@type\":\"ReadAction\",\"target\":[\"https:\\\/\\\/quehacerpolitico.mx\\\/?p=9595\"]}]},{\"@type\":\"ImageObject\",\"inLanguage\":\"es\",\"@id\":\"https:\\\/\\\/quehacerpolitico.mx\\\/?p=9595#primaryimage\",\"url\":\"\",\"contentUrl\":\"\"},{\"@type\":\"BreadcrumbList\",\"@id\":\"https:\\\/\\\/quehacerpolitico.mx\\\/?p=9595#breadcrumb\",\"itemListElement\":[{\"@type\":\"ListItem\",\"position\":1,\"name\":\"Inicio\",\"item\":\"https:\\\/\\\/quehacerpolitico.mx\\\/\"},{\"@type\":\"ListItem\",\"position\":2,\"name\":\"CELEBRA INACIPE D\u00cdA DEL CRIMIN\u00d3LOGO\"}]},{\"@type\":\"WebSite\",\"@id\":\"https:\\\/\\\/quehacerpolitico.mx\\\/#website\",\"url\":\"https:\\\/\\\/quehacerpolitico.mx\\\/\",\"name\":\"\",\"description\":\"\",\"potentialAction\":[{\"@type\":\"SearchAction\",\"target\":{\"@type\":\"EntryPoint\",\"urlTemplate\":\"https:\\\/\\\/quehacerpolitico.mx\\\/?s={search_term_string}\"},\"query-input\":{\"@type\":\"PropertyValueSpecification\",\"valueRequired\":true,\"valueName\":\"search_term_string\"}}],\"inLanguage\":\"es\"},{\"@type\":\"Person\",\"@id\":\"https:\\\/\\\/quehacerpolitico.mx\\\/#\\\/schema\\\/person\\\/496d8ad2d1d3f8036101dca7ee39e585\",\"name\":\"Redacci\u00f3n QP\",\"image\":{\"@type\":\"ImageObject\",\"inLanguage\":\"es\",\"@id\":\"https:\\\/\\\/secure.gravatar.com\\\/avatar\\\/c7164ed6fdec453195284ad24a5ae5b6e1eed2b848477fa2a4787ba9adf39a41?s=96&d=mm&r=g\",\"url\":\"https:\\\/\\\/secure.gravatar.com\\\/avatar\\\/c7164ed6fdec453195284ad24a5ae5b6e1eed2b848477fa2a4787ba9adf39a41?s=96&d=mm&r=g\",\"contentUrl\":\"https:\\\/\\\/secure.gravatar.com\\\/avatar\\\/c7164ed6fdec453195284ad24a5ae5b6e1eed2b848477fa2a4787ba9adf39a41?s=96&d=mm&r=g\",\"caption\":\"Redacci\u00f3n QP\"},\"url\":\"https:\\\/\\\/quehacerpolitico.mx\\\/?author=2\"}]}<\/script>\n<!-- \/ Yoast SEO plugin. -->","yoast_head_json":{"title":"CELEBRA INACIPE D\u00cdA DEL CRIMIN\u00d3LOGO -","robots":{"index":"index","follow":"follow","max-snippet":"max-snippet:-1","max-image-preview":"max-image-preview:large","max-video-preview":"max-video-preview:-1"},"canonical":"https:\/\/quehacerpolitico.mx\/?p=9595","og_locale":"es_MX","og_type":"article","og_title":"CELEBRA INACIPE D\u00cdA DEL CRIMIN\u00d3LOGO -","og_description":"CELEBRA INACIPE D\u00cdA DEL CRIMIN\u00d3LOGO Por Redacci\u00f3n QP","og_url":"https:\/\/quehacerpolitico.mx\/?p=9595","article_published_time":"2018-11-19T02:49:39+00:00","author":"Redacci\u00f3n QP","twitter_card":"summary_large_image","twitter_misc":{"Escrito por":"Redacci\u00f3n QP","Tiempo de lectura":"3 minutos"},"schema":{"@context":"https:\/\/schema.org","@graph":[{"@type":"Article","@id":"https:\/\/quehacerpolitico.mx\/?p=9595#article","isPartOf":{"@id":"https:\/\/quehacerpolitico.mx\/?p=9595"},"author":{"name":"Redacci\u00f3n QP","@id":"https:\/\/quehacerpolitico.mx\/#\/schema\/person\/496d8ad2d1d3f8036101dca7ee39e585"},"headline":"CELEBRA INACIPE D\u00cdA DEL CRIMIN\u00d3LOGO","datePublished":"2018-11-19T02:49:39+00:00","mainEntityOfPage":{"@id":"https:\/\/quehacerpolitico.mx\/?p=9595"},"wordCount":608,"commentCount":0,"image":{"@id":"https:\/\/quehacerpolitico.mx\/?p=9595#primaryimage"},"thumbnailUrl":"","articleSection":["Noticias"],"inLanguage":"es","potentialAction":[{"@type":"CommentAction","name":"Comment","target":["https:\/\/quehacerpolitico.mx\/?p=9595#respond"]}]},{"@type":"WebPage","@id":"https:\/\/quehacerpolitico.mx\/?p=9595","url":"https:\/\/quehacerpolitico.mx\/?p=9595","name":"CELEBRA INACIPE D\u00cdA DEL CRIMIN\u00d3LOGO -","isPartOf":{"@id":"https:\/\/quehacerpolitico.mx\/#website"},"primaryImageOfPage":{"@id":"https:\/\/quehacerpolitico.mx\/?p=9595#primaryimage"},"image":{"@id":"https:\/\/quehacerpolitico.mx\/?p=9595#primaryimage"},"thumbnailUrl":"","datePublished":"2018-11-19T02:49:39+00:00","author":{"@id":"https:\/\/quehacerpolitico.mx\/#\/schema\/person\/496d8ad2d1d3f8036101dca7ee39e585"},"breadcrumb":{"@id":"https:\/\/quehacerpolitico.mx\/?p=9595#breadcrumb"},"inLanguage":"es","potentialAction":[{"@type":"ReadAction","target":["https:\/\/quehacerpolitico.mx\/?p=9595"]}]},{"@type":"ImageObject","inLanguage":"es","@id":"https:\/\/quehacerpolitico.mx\/?p=9595#primaryimage","url":"","contentUrl":""},{"@type":"BreadcrumbList","@id":"https:\/\/quehacerpolitico.mx\/?p=9595#breadcrumb","itemListElement":[{"@type":"ListItem","position":1,"name":"Inicio","item":"https:\/\/quehacerpolitico.mx\/"},{"@type":"ListItem","position":2,"name":"CELEBRA INACIPE D\u00cdA DEL CRIMIN\u00d3LOGO"}]},{"@type":"WebSite","@id":"https:\/\/quehacerpolitico.mx\/#website","url":"https:\/\/quehacerpolitico.mx\/","name":"","description":"","potentialAction":[{"@type":"SearchAction","target":{"@type":"EntryPoint","urlTemplate":"https:\/\/quehacerpolitico.mx\/?s={search_term_string}"},"query-input":{"@type":"PropertyValueSpecification","valueRequired":true,"valueName":"search_term_string"}}],"inLanguage":"es"},{"@type":"Person","@id":"https:\/\/quehacerpolitico.mx\/#\/schema\/person\/496d8ad2d1d3f8036101dca7ee39e585","name":"Redacci\u00f3n QP","image":{"@type":"ImageObject","inLanguage":"es","@id":"https:\/\/secure.gravatar.com\/avatar\/c7164ed6fdec453195284ad24a5ae5b6e1eed2b848477fa2a4787ba9adf39a41?s=96&d=mm&r=g","url":"https:\/\/secure.gravatar.com\/avatar\/c7164ed6fdec453195284ad24a5ae5b6e1eed2b848477fa2a4787ba9adf39a41?s=96&d=mm&r=g","contentUrl":"https:\/\/secure.gravatar.com\/avatar\/c7164ed6fdec453195284ad24a5ae5b6e1eed2b848477fa2a4787ba9adf39a41?s=96&d=mm&r=g","caption":"Redacci\u00f3n QP"},"url":"https:\/\/quehacerpolitico.mx\/?author=2"}]}},"featured_image_urls":{"full":"","thumbnail":"","medium":"","medium_large":"","large":"","1536x1536":"","2048x2048":"","covernews-featured":"","covernews-medium":""},"author_info":{"display_name":"Redacci\u00f3n QP","author_link":"https:\/\/quehacerpolitico.mx\/?author=2"},"category_info":"<a href=\"https:\/\/quehacerpolitico.mx\/?cat=2\" rel=\"category\">Noticias<\/a>","tag_info":"Noticias","comment_count":"0","_links":{"self":[{"href":"https:\/\/quehacerpolitico.mx\/index.php?rest_route=\/wp\/v2\/posts\/9595","targetHints":{"allow":["GET"]}}],"collection":[{"href":"https:\/\/quehacerpolitico.mx\/index.php?rest_route=\/wp\/v2\/posts"}],"about":[{"href":"https:\/\/quehacerpolitico.mx\/index.php?rest_route=\/wp\/v2\/types\/post"}],"author":[{"embeddable":true,"href":"https:\/\/quehacerpolitico.mx\/index.php?rest_route=\/wp\/v2\/users\/2"}],"replies":[{"embeddable":true,"href":"https:\/\/quehacerpolitico.mx\/index.php?rest_route=%2Fwp%2Fv2%2Fcomments&post=9595"}],"version-history":[{"count":0,"href":"https:\/\/quehacerpolitico.mx\/index.php?rest_route=\/wp\/v2\/posts\/9595\/revisions"}],"wp:featuredmedia":[{"embeddable":true,"href":"https:\/\/quehacerpolitico.mx\/index.php?rest_route=\/"}],"wp:attachment":[{"href":"https:\/\/quehacerpolitico.mx\/index.php?rest_route=%2Fwp%2Fv2%2Fmedia&parent=9595"}],"wp:term":[{"taxonomy":"category","embeddable":true,"href":"https:\/\/quehacerpolitico.mx\/index.php?rest_route=%2Fwp%2Fv2%2Fcategories&post=9595"},{"taxonomy":"post_tag","embeddable":true,"href":"https:\/\/quehacerpolitico.mx\/index.php?rest_route=%2Fwp%2Fv2%2Ftags&post=9595"}],"curies":[{"name":"wp","href":"https:\/\/api.w.org\/{rel}","templated":true}]}}