{"id":9587,"date":"2018-11-19T01:04:02","date_gmt":"2018-11-19T01:04:02","guid":{"rendered":"http:\/\/quehacerpolitico.mx\/brozo-regresara-a-la-radio-en-diciembre-con-un-especial-sobre-la-toma-de-posesion-de-amlo\/"},"modified":"2018-11-19T01:04:02","modified_gmt":"2018-11-19T01:04:02","slug":"brozo-regresara-a-la-radio-en-diciembre-con-un-especial-sobre-la-toma-de-posesion-de-amlo","status":"publish","type":"post","link":"https:\/\/quehacerpolitico.mx\/?p=9587","title":{"rendered":"\u201cBrozo\u201d regresar\u00e1 a la radio en diciembre con un especial sobre la toma de posesi\u00f3n de AMLO"},"content":{"rendered":"<h1>\u201cBrozo\u201d regresar\u00e1 a la radio en diciembre con un especial sobre la toma de posesi\u00f3n de AMLO<\/h1>\n<p>Por Redacci\u00f3n QP<\/p>\n<p>El <strong>locutor V\u00edctor Trujillo<\/strong>regresar\u00e1 a la radio el pr\u00f3ximo 1 de diciembre en la estaci\u00f3n <strong><em>Aire Libre<\/em><\/strong>, en el <strong>105.3 FM<\/strong>, donde conducir\u00e1 un <strong>noticiero<\/strong> interpretando a su personaje <strong>\u201cBrozo\u201d<\/strong>.<\/p>\n<blockquote>\n<p><strong>Trujillo<\/strong> inform\u00f3 en redes sociales que su programa <strong>\u201cEl Ma\u00f1anero\u201d<\/strong> retomar\u00e1 transmisiones con una cobertura especial de la toma de posesi\u00f3n de <strong>Andr\u00e9s Manuel L\u00f3pez Obrador<\/strong> como Presidente, el 1 de diciembre, de las 10:00 a las 14:00 horas.<\/p>\n<\/blockquote>\n<p>Ser\u00e1 desde el 3 de diciembre cuando el <strong>programa<\/strong> se transmita de lunes a viernes de las 7:00 hasta las 9:00 horas. La transmisi\u00f3n de \u201cEl Ma\u00f1anero\u201d tambi\u00e9n podr\u00e1 seguirse en el sitio de internet de<strong><em> Aire Libre<\/em><\/strong>.<\/p>\n<blockquote class=\"twitter-tweet\" data-width=\"550\" data-dnt=\"true\">\n<p lang=\"es\" dir=\"ltr\">Programa especial:<br \/>1 de dic: Estreno. Cobertura toma de posesi\u00f3n. 10:00 a 14:00<br \/>Horario: Lunes a viernes de 7:00 a 9:00 am de lunes a viernes por 105.3 FM <a href=\"https:\/\/twitter.com\/sabinaberman?ref_src=twsrc%5Etfw\">@sabinaberman<\/a> <a href=\"https:\/\/twitter.com\/hashtag\/MauricioMerino?src=hash&amp;ref_src=twsrc%5Etfw\">#MauricioMerino<\/a> <a href=\"https:\/\/twitter.com\/julioastillero?ref_src=twsrc%5Etfw\">@julioastillero<\/a> <a href=\"https:\/\/twitter.com\/emiliolezama?ref_src=twsrc%5Etfw\">@emiliolezama<\/a> <a href=\"https:\/\/twitter.com\/Jarandaluna?ref_src=twsrc%5Etfw\">@Jarandaluna<\/a> <a href=\"https:\/\/twitter.com\/LuisGyG?ref_src=twsrc%5Etfw\">@LuisGyG<\/a> <a href=\"https:\/\/twitter.com\/AlexMonthy?ref_src=twsrc%5Etfw\">@AlexMonthy<\/a> <a href=\"https:\/\/twitter.com\/airelibre_fm?ref_src=twsrc%5Etfw\">@airelibre_fm<\/a> \u00a1\u00d3rale! <a href=\"https:\/\/t.co\/IrKBAdxIxg\">pic.twitter.com\/IrKBAdxIxg<\/a><\/p>\n<p>&mdash; brozo xmiswebs (@brozoxmiswebs) <a href=\"https:\/\/twitter.com\/brozoxmiswebs\/status\/1063955820952530944?ref_src=twsrc%5Etfw\">November 18, 2018<\/a><\/p><\/blockquote>\n<p><script async src=\"https:\/\/platform.twitter.com\/widgets.js\" charset=\"utf-8\"><\/script><\/p>\n<p>El locutor regresar\u00e1 al aire luego de que en agosto pasado anunciara que tuvo desacuerdos econ\u00f3micos con los productores de <em>Acustik Noticias<\/em>, por lo que su programa radial<em>\u00a0<strong>\u201c<\/strong><\/em><strong>El informe Brozo<em>\u201c<\/em><\/strong> no fue renovado.<\/p>\n<p>El equipo de trabajo del nuevo programa lo integrar\u00e1n Almariana Guerrero, Alfredo Ruiz, con quien labor\u00f3 en 1994 en \u201c<strong>El Ma\u00f1anero\u201d<\/strong>; as\u00ed como por Alejandro Montiel, para la secci\u00f3n de cine y Javier Aranda, en la secci\u00f3n cultural.<\/p>\n<p>El locutor regresar\u00e1 al aire luego de que en agosto pasado anunciara que tuvo desacuerdos econ\u00f3micos con los productores de <em>Acustik Noticias<\/em>, por lo que su programa radial<em>\u00a0<strong>\u201c<\/strong><\/em><strong>El informe Brozo<em>\u201c<\/em><\/strong> no fue renovado.<\/p>\n<p>El equipo de trabajo del nuevo programa lo integrar\u00e1n Almariana Guerrero, Alfredo Ruiz, con quien labor\u00f3 en 1994 en \u201c<strong>El Ma\u00f1anero\u201d<\/strong>; as\u00ed como por Alejandro Montiel, para la secci\u00f3n de cine y Javier Aranda, en la secci\u00f3n cultural.<\/p>\n<p>En la mesa de debate de <strong>\u201cBrozo\u201d<\/strong> comentar\u00e1n Sabina Berman, Mauricio Merino y Julio Hern\u00e1ndez L\u00f3pez, quienes tambi\u00e9n estar\u00e1n presentes en la transmisi\u00f3n del 1 de diciembre, de acuerdo con informaci\u00f3n publicada en medios nacionales y locales.<\/p>\n<p>El noticiero <strong>\u201cEl Ma\u00f1anero\u201d<\/strong> naci\u00f3 en 1994 y desde entonces ha sido transitado por diferentes empresas, tanto en radio como en televisi\u00f3n.<\/p>\n<p><strong>\u201cBrozo\u201d<\/strong> dej\u00f3 <em>Televisa<\/em>\u00a0a finales de 2016, cuando dej\u00f3 de emitirse su programa \u201cPeladito y en la boca\u201d. Despu\u00e9s, en mayo de 2017, anunci\u00f3 que regresar\u00eda para trabajar en un peri\u00f3dico digital.<\/p>\n<p>En agosto de este a\u00f1o inform\u00f3 en un video difundido en sus redes que dejar\u00eda\u00a0<em>Acustik Noticias.<\/em> \u201cQuiero informarles que el \u2018Informe <strong>Brozo<\/strong>\u2018, que se ha difundido en\u00a0<em>Ac\u00fastica Noticias<\/em>, se termin\u00f3. Supuestamente regresar\u00edamos el lunes, despu\u00e9s de vacaciones, pero lleg\u00f3 el momento de las negociaciones y no se lleg\u00f3 a un acuerdo\u201d, dijo <strong>V\u00edctor<\/strong>\u00a0<strong>Trujillo<\/strong>en esa ocasi\u00f3n.<\/p>\n","protected":false},"excerpt":{"rendered":"<p>\u201cBrozo\u201d regresar\u00e1 a la radio en diciembre con un especial sobre la toma de posesi\u00f3n de AMLO<br \/>\nPor Redacci\u00f3n QP<\/p>\n","protected":false},"author":2,"featured_media":9586,"comment_status":"open","ping_status":"open","sticky":false,"template":"","format":"standard","meta":{"_monsterinsights_skip_tracking":false,"_monsterinsights_sitenote_active":false,"_monsterinsights_sitenote_note":"","_monsterinsights_sitenote_category":0,"footnotes":""},"categories":[2],"tags":[],"class_list":["post-9587","post","type-post","status-publish","format-standard","has-post-thumbnail","hentry","category-noticias"],"yoast_head":"<!-- This site is optimized with the Yoast SEO plugin v27.3 - https:\/\/yoast.com\/product\/yoast-seo-wordpress\/ -->\n<title>\u201cBrozo\u201d regresar\u00e1 a la radio en diciembre con un especial sobre la toma de posesi\u00f3n de AMLO -<\/title>\n<meta name=\"robots\" content=\"index, follow, max-snippet:-1, max-image-preview:large, max-video-preview:-1\" \/>\n<link rel=\"canonical\" href=\"https:\/\/quehacerpolitico.mx\/?p=9587\" \/>\n<meta property=\"og:locale\" content=\"es_MX\" \/>\n<meta property=\"og:type\" content=\"article\" \/>\n<meta property=\"og:title\" content=\"\u201cBrozo\u201d regresar\u00e1 a la radio en diciembre con un especial sobre la toma de posesi\u00f3n de AMLO -\" \/>\n<meta property=\"og:description\" content=\"\u201cBrozo\u201d regresar\u00e1 a la radio en diciembre con un especial sobre la toma de posesi\u00f3n de AMLO Por Redacci\u00f3n QP\" \/>\n<meta property=\"og:url\" content=\"https:\/\/quehacerpolitico.mx\/?p=9587\" \/>\n<meta property=\"article:published_time\" content=\"2018-11-19T01:04:02+00:00\" \/>\n<meta name=\"author\" content=\"Redacci\u00f3n QP\" \/>\n<meta name=\"twitter:card\" content=\"summary_large_image\" \/>\n<meta name=\"twitter:label1\" content=\"Escrito por\" \/>\n\t<meta name=\"twitter:data1\" content=\"Redacci\u00f3n QP\" \/>\n\t<meta name=\"twitter:label2\" content=\"Tiempo de lectura\" \/>\n\t<meta name=\"twitter:data2\" content=\"2 minutos\" \/>\n<script type=\"application\/ld+json\" class=\"yoast-schema-graph\">{\"@context\":\"https:\\\/\\\/schema.org\",\"@graph\":[{\"@type\":\"Article\",\"@id\":\"https:\\\/\\\/quehacerpolitico.mx\\\/?p=9587#article\",\"isPartOf\":{\"@id\":\"https:\\\/\\\/quehacerpolitico.mx\\\/?p=9587\"},\"author\":{\"name\":\"Redacci\u00f3n QP\",\"@id\":\"https:\\\/\\\/quehacerpolitico.mx\\\/#\\\/schema\\\/person\\\/496d8ad2d1d3f8036101dca7ee39e585\"},\"headline\":\"\u201cBrozo\u201d regresar\u00e1 a la radio en diciembre con un especial sobre la toma de posesi\u00f3n de AMLO\",\"datePublished\":\"2018-11-19T01:04:02+00:00\",\"mainEntityOfPage\":{\"@id\":\"https:\\\/\\\/quehacerpolitico.mx\\\/?p=9587\"},\"wordCount\":471,\"commentCount\":0,\"image\":{\"@id\":\"https:\\\/\\\/quehacerpolitico.mx\\\/?p=9587#primaryimage\"},\"thumbnailUrl\":\"\",\"articleSection\":[\"Noticias\"],\"inLanguage\":\"es\",\"potentialAction\":[{\"@type\":\"CommentAction\",\"name\":\"Comment\",\"target\":[\"https:\\\/\\\/quehacerpolitico.mx\\\/?p=9587#respond\"]}]},{\"@type\":\"WebPage\",\"@id\":\"https:\\\/\\\/quehacerpolitico.mx\\\/?p=9587\",\"url\":\"https:\\\/\\\/quehacerpolitico.mx\\\/?p=9587\",\"name\":\"\u201cBrozo\u201d regresar\u00e1 a la radio en diciembre con un especial sobre la toma de posesi\u00f3n de AMLO -\",\"isPartOf\":{\"@id\":\"https:\\\/\\\/quehacerpolitico.mx\\\/#website\"},\"primaryImageOfPage\":{\"@id\":\"https:\\\/\\\/quehacerpolitico.mx\\\/?p=9587#primaryimage\"},\"image\":{\"@id\":\"https:\\\/\\\/quehacerpolitico.mx\\\/?p=9587#primaryimage\"},\"thumbnailUrl\":\"\",\"datePublished\":\"2018-11-19T01:04:02+00:00\",\"author\":{\"@id\":\"https:\\\/\\\/quehacerpolitico.mx\\\/#\\\/schema\\\/person\\\/496d8ad2d1d3f8036101dca7ee39e585\"},\"breadcrumb\":{\"@id\":\"https:\\\/\\\/quehacerpolitico.mx\\\/?p=9587#breadcrumb\"},\"inLanguage\":\"es\",\"potentialAction\":[{\"@type\":\"ReadAction\",\"target\":[\"https:\\\/\\\/quehacerpolitico.mx\\\/?p=9587\"]}]},{\"@type\":\"ImageObject\",\"inLanguage\":\"es\",\"@id\":\"https:\\\/\\\/quehacerpolitico.mx\\\/?p=9587#primaryimage\",\"url\":\"\",\"contentUrl\":\"\"},{\"@type\":\"BreadcrumbList\",\"@id\":\"https:\\\/\\\/quehacerpolitico.mx\\\/?p=9587#breadcrumb\",\"itemListElement\":[{\"@type\":\"ListItem\",\"position\":1,\"name\":\"Inicio\",\"item\":\"https:\\\/\\\/quehacerpolitico.mx\\\/\"},{\"@type\":\"ListItem\",\"position\":2,\"name\":\"\u201cBrozo\u201d regresar\u00e1 a la radio en diciembre con un especial sobre la toma de posesi\u00f3n de AMLO\"}]},{\"@type\":\"WebSite\",\"@id\":\"https:\\\/\\\/quehacerpolitico.mx\\\/#website\",\"url\":\"https:\\\/\\\/quehacerpolitico.mx\\\/\",\"name\":\"\",\"description\":\"\",\"potentialAction\":[{\"@type\":\"SearchAction\",\"target\":{\"@type\":\"EntryPoint\",\"urlTemplate\":\"https:\\\/\\\/quehacerpolitico.mx\\\/?s={search_term_string}\"},\"query-input\":{\"@type\":\"PropertyValueSpecification\",\"valueRequired\":true,\"valueName\":\"search_term_string\"}}],\"inLanguage\":\"es\"},{\"@type\":\"Person\",\"@id\":\"https:\\\/\\\/quehacerpolitico.mx\\\/#\\\/schema\\\/person\\\/496d8ad2d1d3f8036101dca7ee39e585\",\"name\":\"Redacci\u00f3n QP\",\"image\":{\"@type\":\"ImageObject\",\"inLanguage\":\"es\",\"@id\":\"https:\\\/\\\/secure.gravatar.com\\\/avatar\\\/c7164ed6fdec453195284ad24a5ae5b6e1eed2b848477fa2a4787ba9adf39a41?s=96&d=mm&r=g\",\"url\":\"https:\\\/\\\/secure.gravatar.com\\\/avatar\\\/c7164ed6fdec453195284ad24a5ae5b6e1eed2b848477fa2a4787ba9adf39a41?s=96&d=mm&r=g\",\"contentUrl\":\"https:\\\/\\\/secure.gravatar.com\\\/avatar\\\/c7164ed6fdec453195284ad24a5ae5b6e1eed2b848477fa2a4787ba9adf39a41?s=96&d=mm&r=g\",\"caption\":\"Redacci\u00f3n QP\"},\"url\":\"https:\\\/\\\/quehacerpolitico.mx\\\/?author=2\"}]}<\/script>\n<!-- \/ Yoast SEO plugin. -->","yoast_head_json":{"title":"\u201cBrozo\u201d regresar\u00e1 a la radio en diciembre con un especial sobre la toma de posesi\u00f3n de AMLO -","robots":{"index":"index","follow":"follow","max-snippet":"max-snippet:-1","max-image-preview":"max-image-preview:large","max-video-preview":"max-video-preview:-1"},"canonical":"https:\/\/quehacerpolitico.mx\/?p=9587","og_locale":"es_MX","og_type":"article","og_title":"\u201cBrozo\u201d regresar\u00e1 a la radio en diciembre con un especial sobre la toma de posesi\u00f3n de AMLO -","og_description":"\u201cBrozo\u201d regresar\u00e1 a la radio en diciembre con un especial sobre la toma de posesi\u00f3n de AMLO Por Redacci\u00f3n QP","og_url":"https:\/\/quehacerpolitico.mx\/?p=9587","article_published_time":"2018-11-19T01:04:02+00:00","author":"Redacci\u00f3n QP","twitter_card":"summary_large_image","twitter_misc":{"Escrito por":"Redacci\u00f3n QP","Tiempo de lectura":"2 minutos"},"schema":{"@context":"https:\/\/schema.org","@graph":[{"@type":"Article","@id":"https:\/\/quehacerpolitico.mx\/?p=9587#article","isPartOf":{"@id":"https:\/\/quehacerpolitico.mx\/?p=9587"},"author":{"name":"Redacci\u00f3n QP","@id":"https:\/\/quehacerpolitico.mx\/#\/schema\/person\/496d8ad2d1d3f8036101dca7ee39e585"},"headline":"\u201cBrozo\u201d regresar\u00e1 a la radio en diciembre con un especial sobre la toma de posesi\u00f3n de AMLO","datePublished":"2018-11-19T01:04:02+00:00","mainEntityOfPage":{"@id":"https:\/\/quehacerpolitico.mx\/?p=9587"},"wordCount":471,"commentCount":0,"image":{"@id":"https:\/\/quehacerpolitico.mx\/?p=9587#primaryimage"},"thumbnailUrl":"","articleSection":["Noticias"],"inLanguage":"es","potentialAction":[{"@type":"CommentAction","name":"Comment","target":["https:\/\/quehacerpolitico.mx\/?p=9587#respond"]}]},{"@type":"WebPage","@id":"https:\/\/quehacerpolitico.mx\/?p=9587","url":"https:\/\/quehacerpolitico.mx\/?p=9587","name":"\u201cBrozo\u201d regresar\u00e1 a la radio en diciembre con un especial sobre la toma de posesi\u00f3n de AMLO -","isPartOf":{"@id":"https:\/\/quehacerpolitico.mx\/#website"},"primaryImageOfPage":{"@id":"https:\/\/quehacerpolitico.mx\/?p=9587#primaryimage"},"image":{"@id":"https:\/\/quehacerpolitico.mx\/?p=9587#primaryimage"},"thumbnailUrl":"","datePublished":"2018-11-19T01:04:02+00:00","author":{"@id":"https:\/\/quehacerpolitico.mx\/#\/schema\/person\/496d8ad2d1d3f8036101dca7ee39e585"},"breadcrumb":{"@id":"https:\/\/quehacerpolitico.mx\/?p=9587#breadcrumb"},"inLanguage":"es","potentialAction":[{"@type":"ReadAction","target":["https:\/\/quehacerpolitico.mx\/?p=9587"]}]},{"@type":"ImageObject","inLanguage":"es","@id":"https:\/\/quehacerpolitico.mx\/?p=9587#primaryimage","url":"","contentUrl":""},{"@type":"BreadcrumbList","@id":"https:\/\/quehacerpolitico.mx\/?p=9587#breadcrumb","itemListElement":[{"@type":"ListItem","position":1,"name":"Inicio","item":"https:\/\/quehacerpolitico.mx\/"},{"@type":"ListItem","position":2,"name":"\u201cBrozo\u201d regresar\u00e1 a la radio en diciembre con un especial sobre la toma de posesi\u00f3n de AMLO"}]},{"@type":"WebSite","@id":"https:\/\/quehacerpolitico.mx\/#website","url":"https:\/\/quehacerpolitico.mx\/","name":"","description":"","potentialAction":[{"@type":"SearchAction","target":{"@type":"EntryPoint","urlTemplate":"https:\/\/quehacerpolitico.mx\/?s={search_term_string}"},"query-input":{"@type":"PropertyValueSpecification","valueRequired":true,"valueName":"search_term_string"}}],"inLanguage":"es"},{"@type":"Person","@id":"https:\/\/quehacerpolitico.mx\/#\/schema\/person\/496d8ad2d1d3f8036101dca7ee39e585","name":"Redacci\u00f3n QP","image":{"@type":"ImageObject","inLanguage":"es","@id":"https:\/\/secure.gravatar.com\/avatar\/c7164ed6fdec453195284ad24a5ae5b6e1eed2b848477fa2a4787ba9adf39a41?s=96&d=mm&r=g","url":"https:\/\/secure.gravatar.com\/avatar\/c7164ed6fdec453195284ad24a5ae5b6e1eed2b848477fa2a4787ba9adf39a41?s=96&d=mm&r=g","contentUrl":"https:\/\/secure.gravatar.com\/avatar\/c7164ed6fdec453195284ad24a5ae5b6e1eed2b848477fa2a4787ba9adf39a41?s=96&d=mm&r=g","caption":"Redacci\u00f3n QP"},"url":"https:\/\/quehacerpolitico.mx\/?author=2"}]}},"featured_image_urls":{"full":"","thumbnail":"","medium":"","medium_large":"","large":"","1536x1536":"","2048x2048":"","covernews-featured":"","covernews-medium":""},"author_info":{"display_name":"Redacci\u00f3n QP","author_link":"https:\/\/quehacerpolitico.mx\/?author=2"},"category_info":"<a href=\"https:\/\/quehacerpolitico.mx\/?cat=2\" rel=\"category\">Noticias<\/a>","tag_info":"Noticias","comment_count":"0","_links":{"self":[{"href":"https:\/\/quehacerpolitico.mx\/index.php?rest_route=\/wp\/v2\/posts\/9587","targetHints":{"allow":["GET"]}}],"collection":[{"href":"https:\/\/quehacerpolitico.mx\/index.php?rest_route=\/wp\/v2\/posts"}],"about":[{"href":"https:\/\/quehacerpolitico.mx\/index.php?rest_route=\/wp\/v2\/types\/post"}],"author":[{"embeddable":true,"href":"https:\/\/quehacerpolitico.mx\/index.php?rest_route=\/wp\/v2\/users\/2"}],"replies":[{"embeddable":true,"href":"https:\/\/quehacerpolitico.mx\/index.php?rest_route=%2Fwp%2Fv2%2Fcomments&post=9587"}],"version-history":[{"count":0,"href":"https:\/\/quehacerpolitico.mx\/index.php?rest_route=\/wp\/v2\/posts\/9587\/revisions"}],"wp:featuredmedia":[{"embeddable":true,"href":"https:\/\/quehacerpolitico.mx\/index.php?rest_route=\/"}],"wp:attachment":[{"href":"https:\/\/quehacerpolitico.mx\/index.php?rest_route=%2Fwp%2Fv2%2Fmedia&parent=9587"}],"wp:term":[{"taxonomy":"category","embeddable":true,"href":"https:\/\/quehacerpolitico.mx\/index.php?rest_route=%2Fwp%2Fv2%2Fcategories&post=9587"},{"taxonomy":"post_tag","embeddable":true,"href":"https:\/\/quehacerpolitico.mx\/index.php?rest_route=%2Fwp%2Fv2%2Ftags&post=9587"}],"curies":[{"name":"wp","href":"https:\/\/api.w.org\/{rel}","templated":true}]}}