{"id":9583,"date":"2018-11-19T00:31:35","date_gmt":"2018-11-19T00:31:35","guid":{"rendered":"http:\/\/quehacerpolitico.mx\/damian-zepeda-renuncia-a-la-coordinacion-de-los-senadores-del-pan-y-la-deja-en-manos-del-nuevo-cen\/"},"modified":"2018-11-19T00:31:35","modified_gmt":"2018-11-19T00:31:35","slug":"damian-zepeda-renuncia-a-la-coordinacion-de-los-senadores-del-pan-y-la-deja-en-manos-del-nuevo-cen","status":"publish","type":"post","link":"https:\/\/quehacerpolitico.mx\/?p=9583","title":{"rendered":"Dami\u00e1n Zepeda renuncia a la coordinaci\u00f3n de los senadores del PAN y la deja en manos del nuevo CEN"},"content":{"rendered":"<h1>Dami\u00e1n Zepeda renuncia a la coordinaci\u00f3n de los senadores del PAN y la deja en manos del nuevo CEN<\/h1>\n<p>Por Redacci\u00f3n QP<\/p>\n<p><strong>Dami\u00e1n Zepeda<\/strong> <strong>renunci\u00f3<\/strong>este domingo a la <strong>Coordinaci\u00f3n Parlamentaria del Partido Acci\u00f3n Nacional (PAN) en el Senado<\/strong> de la Rep\u00fablica y la dej\u00f3 a disposici\u00f3n de la pr\u00f3xima dirigencia, la cual asumir\u00e1 ma\u00f1ana Marko Cort\u00e9s, quien se encargar\u00e1 de realizar el proceso de consulta y nombramiento del nuevo l\u00edder de los legisladores blanquiazules.<\/p>\n<blockquote>\n<p>\u201c\u00bfPor qu\u00e9 lo hago? Como ustedes saben, hace unos d\u00edas hubo una elecci\u00f3n en el Partido Acci\u00f3n Nacional y se eligi\u00f3 al nuevo dirigente nacional, quien toma protesta este lunes. Y acorde a nuestros estatutos ser\u00e1 responsabilidad de \u00e9l tomar la decisi\u00f3n de qui\u00e9n ser\u00e1 el pr\u00f3ximo <strong>coordinador parlamentario<\/strong> del <strong>PAN<\/strong> en el <strong>Senado<\/strong>\u201c, detall\u00f3 en un video compartido a trav\u00e9s de redes sociales.<\/p>\n<\/blockquote>\n<p>Asimismo, <strong>Zepeda<\/strong> Vidales agradeci\u00f3 al actuar encargado de la presidencia nacional del <strong>PAN<\/strong>, Marcelo Torres Cofi\u00f1o, la confianza que le dio para otorgarle esa responsabilidad, previo a una consulta que hizo con cada uno de los senadores.<\/p>\n<p><iframe loading=\"lazy\" title=\"Ha sido un verdadero honor ser el coordinador parlamentario de lo senadores del PAN\" width=\"640\" height=\"360\" src=\"https:\/\/www.youtube.com\/embed\/UsHX4WQ3AFw?feature=oembed\" frameborder=\"0\" allow=\"accelerometer; autoplay; clipboard-write; encrypted-media; gyroscope; picture-in-picture; web-share\" referrerpolicy=\"strict-origin-when-cross-origin\" allowfullscreen><\/iframe><\/p>\n<blockquote>\n<p>\u201cQuiero agradecerle a mis compa\u00f1eros y compa\u00f1eras senadoras por el trabajo que hemos venido desempe\u00f1ando juntos. Somos un gran equipo. me siento muy honrado, muy orgulloso. Ha sido una experiencia extraordinaria\u201d, expres\u00f3.<\/p>\n<\/blockquote>\n<p>En un comunicado, el panista explic\u00f3 que durante su gesti\u00f3n se articularon acciones pol\u00edticas, legislativas y administrativas para dar forma a una agenda parlamentaria \u201cque responde al alto compromiso de representar las causas ciudadanas y cumplir con la responsabilidad de Acci\u00f3n Nacional en esta coyuntura hist\u00f3rica\u201d.<\/p>\n<p>Adem\u00e1s, inform\u00f3 a la dirigencia nacional sobre el cumplimiento, superior al 127 por ciento, de la meta de iniciativas presentadas, el redimensionamiento administrativo del grupo derivado de la transici\u00f3n pol\u00edtica en curso, as\u00ed como la definici\u00f3n de un papel como oposici\u00f3n firme y constructiva ante el nuevo Gobierno que encabezar\u00e1 Andr\u00e9s Manuel L\u00f3pez Obrador.<\/p>\n<blockquote>\n<p><strong>Dami\u00e1n Zepeda<\/strong> llam\u00f3 al <strong>PAN<\/strong>a\u00a0confirmarse como una oposici\u00f3n cr\u00edtica, seria y congruente en cuanto a ideales pol\u00edticos y valores \u00e9ticos, que se conduzca de manera constructiva para apoyar los temas beneficiosos para M\u00e9xico, \u201cpero con valor y honestidad para oponerse a los intentos de imposici\u00f3n, a las arbitrariedades o a los retrocesos que pretendan revertir el avance democr\u00e1tico del pa\u00eds\u201d.<\/p>\n<\/blockquote>\n<p>Por \u00faltimo,\u00a0reiter\u00f3 su convicci\u00f3n panista y su voluntad de seguir luchando desde el Congreso Federal para integrar una oposici\u00f3n firme y constructiva.<\/p>\n<p>El Vicecoordinador del Grupo Parlamentario, Mauricio Kuri, de acuerdo con sus funciones, quedar\u00e1 encargado del despacho de la <strong>Coordinaci\u00f3n<\/strong>, mientras que la pr\u00f3xima dirigencia toma protesta y lleva a cabo el proceso de consulta y nombra a un nuevo titular.<\/p>\n","protected":false},"excerpt":{"rendered":"<p>Dami\u00e1n Zepeda renuncia a la coordinaci\u00f3n de los senadores del PAN y la deja en manos del nuevo CEN<br \/>\nPor Redacci\u00f3n QP<\/p>\n","protected":false},"author":2,"featured_media":9582,"comment_status":"open","ping_status":"open","sticky":false,"template":"","format":"standard","meta":{"_monsterinsights_skip_tracking":false,"_monsterinsights_sitenote_active":false,"_monsterinsights_sitenote_note":"","_monsterinsights_sitenote_category":0,"footnotes":""},"categories":[2],"tags":[],"class_list":["post-9583","post","type-post","status-publish","format-standard","has-post-thumbnail","hentry","category-noticias"],"yoast_head":"<!-- This site is optimized with the Yoast SEO plugin v27.3 - https:\/\/yoast.com\/product\/yoast-seo-wordpress\/ -->\n<title>Dami\u00e1n Zepeda renuncia a la coordinaci\u00f3n de los senadores del PAN y la deja en manos del nuevo CEN -<\/title>\n<meta name=\"robots\" content=\"index, follow, max-snippet:-1, max-image-preview:large, max-video-preview:-1\" \/>\n<link rel=\"canonical\" href=\"https:\/\/quehacerpolitico.mx\/?p=9583\" \/>\n<meta property=\"og:locale\" content=\"es_MX\" \/>\n<meta property=\"og:type\" content=\"article\" \/>\n<meta property=\"og:title\" content=\"Dami\u00e1n Zepeda renuncia a la coordinaci\u00f3n de los senadores del PAN y la deja en manos del nuevo CEN -\" \/>\n<meta property=\"og:description\" content=\"Dami\u00e1n Zepeda renuncia a la coordinaci\u00f3n de los senadores del PAN y la deja en manos del nuevo CEN Por Redacci\u00f3n QP\" \/>\n<meta property=\"og:url\" content=\"https:\/\/quehacerpolitico.mx\/?p=9583\" \/>\n<meta property=\"article:published_time\" content=\"2018-11-19T00:31:35+00:00\" \/>\n<meta name=\"author\" content=\"Redacci\u00f3n QP\" \/>\n<meta name=\"twitter:card\" content=\"summary_large_image\" \/>\n<meta name=\"twitter:label1\" content=\"Escrito por\" \/>\n\t<meta name=\"twitter:data1\" content=\"Redacci\u00f3n QP\" \/>\n\t<meta name=\"twitter:label2\" content=\"Tiempo de lectura\" \/>\n\t<meta name=\"twitter:data2\" content=\"2 minutos\" \/>\n<script type=\"application\/ld+json\" class=\"yoast-schema-graph\">{\"@context\":\"https:\\\/\\\/schema.org\",\"@graph\":[{\"@type\":\"Article\",\"@id\":\"https:\\\/\\\/quehacerpolitico.mx\\\/?p=9583#article\",\"isPartOf\":{\"@id\":\"https:\\\/\\\/quehacerpolitico.mx\\\/?p=9583\"},\"author\":{\"name\":\"Redacci\u00f3n QP\",\"@id\":\"https:\\\/\\\/quehacerpolitico.mx\\\/#\\\/schema\\\/person\\\/496d8ad2d1d3f8036101dca7ee39e585\"},\"headline\":\"Dami\u00e1n Zepeda renuncia a la coordinaci\u00f3n de los senadores del PAN y la deja en manos del nuevo CEN\",\"datePublished\":\"2018-11-19T00:31:35+00:00\",\"mainEntityOfPage\":{\"@id\":\"https:\\\/\\\/quehacerpolitico.mx\\\/?p=9583\"},\"wordCount\":504,\"commentCount\":0,\"image\":{\"@id\":\"https:\\\/\\\/quehacerpolitico.mx\\\/?p=9583#primaryimage\"},\"thumbnailUrl\":\"\",\"articleSection\":[\"Noticias\"],\"inLanguage\":\"es\",\"potentialAction\":[{\"@type\":\"CommentAction\",\"name\":\"Comment\",\"target\":[\"https:\\\/\\\/quehacerpolitico.mx\\\/?p=9583#respond\"]}]},{\"@type\":\"WebPage\",\"@id\":\"https:\\\/\\\/quehacerpolitico.mx\\\/?p=9583\",\"url\":\"https:\\\/\\\/quehacerpolitico.mx\\\/?p=9583\",\"name\":\"Dami\u00e1n Zepeda renuncia a la coordinaci\u00f3n de los senadores del PAN y la deja en manos del nuevo CEN -\",\"isPartOf\":{\"@id\":\"https:\\\/\\\/quehacerpolitico.mx\\\/#website\"},\"primaryImageOfPage\":{\"@id\":\"https:\\\/\\\/quehacerpolitico.mx\\\/?p=9583#primaryimage\"},\"image\":{\"@id\":\"https:\\\/\\\/quehacerpolitico.mx\\\/?p=9583#primaryimage\"},\"thumbnailUrl\":\"\",\"datePublished\":\"2018-11-19T00:31:35+00:00\",\"author\":{\"@id\":\"https:\\\/\\\/quehacerpolitico.mx\\\/#\\\/schema\\\/person\\\/496d8ad2d1d3f8036101dca7ee39e585\"},\"breadcrumb\":{\"@id\":\"https:\\\/\\\/quehacerpolitico.mx\\\/?p=9583#breadcrumb\"},\"inLanguage\":\"es\",\"potentialAction\":[{\"@type\":\"ReadAction\",\"target\":[\"https:\\\/\\\/quehacerpolitico.mx\\\/?p=9583\"]}]},{\"@type\":\"ImageObject\",\"inLanguage\":\"es\",\"@id\":\"https:\\\/\\\/quehacerpolitico.mx\\\/?p=9583#primaryimage\",\"url\":\"\",\"contentUrl\":\"\"},{\"@type\":\"BreadcrumbList\",\"@id\":\"https:\\\/\\\/quehacerpolitico.mx\\\/?p=9583#breadcrumb\",\"itemListElement\":[{\"@type\":\"ListItem\",\"position\":1,\"name\":\"Inicio\",\"item\":\"https:\\\/\\\/quehacerpolitico.mx\\\/\"},{\"@type\":\"ListItem\",\"position\":2,\"name\":\"Dami\u00e1n Zepeda renuncia a la coordinaci\u00f3n de los senadores del PAN y la deja en manos del nuevo CEN\"}]},{\"@type\":\"WebSite\",\"@id\":\"https:\\\/\\\/quehacerpolitico.mx\\\/#website\",\"url\":\"https:\\\/\\\/quehacerpolitico.mx\\\/\",\"name\":\"\",\"description\":\"\",\"potentialAction\":[{\"@type\":\"SearchAction\",\"target\":{\"@type\":\"EntryPoint\",\"urlTemplate\":\"https:\\\/\\\/quehacerpolitico.mx\\\/?s={search_term_string}\"},\"query-input\":{\"@type\":\"PropertyValueSpecification\",\"valueRequired\":true,\"valueName\":\"search_term_string\"}}],\"inLanguage\":\"es\"},{\"@type\":\"Person\",\"@id\":\"https:\\\/\\\/quehacerpolitico.mx\\\/#\\\/schema\\\/person\\\/496d8ad2d1d3f8036101dca7ee39e585\",\"name\":\"Redacci\u00f3n QP\",\"image\":{\"@type\":\"ImageObject\",\"inLanguage\":\"es\",\"@id\":\"https:\\\/\\\/secure.gravatar.com\\\/avatar\\\/c7164ed6fdec453195284ad24a5ae5b6e1eed2b848477fa2a4787ba9adf39a41?s=96&d=mm&r=g\",\"url\":\"https:\\\/\\\/secure.gravatar.com\\\/avatar\\\/c7164ed6fdec453195284ad24a5ae5b6e1eed2b848477fa2a4787ba9adf39a41?s=96&d=mm&r=g\",\"contentUrl\":\"https:\\\/\\\/secure.gravatar.com\\\/avatar\\\/c7164ed6fdec453195284ad24a5ae5b6e1eed2b848477fa2a4787ba9adf39a41?s=96&d=mm&r=g\",\"caption\":\"Redacci\u00f3n QP\"},\"url\":\"https:\\\/\\\/quehacerpolitico.mx\\\/?author=2\"}]}<\/script>\n<!-- \/ Yoast SEO plugin. -->","yoast_head_json":{"title":"Dami\u00e1n Zepeda renuncia a la coordinaci\u00f3n de los senadores del PAN y la deja en manos del nuevo CEN -","robots":{"index":"index","follow":"follow","max-snippet":"max-snippet:-1","max-image-preview":"max-image-preview:large","max-video-preview":"max-video-preview:-1"},"canonical":"https:\/\/quehacerpolitico.mx\/?p=9583","og_locale":"es_MX","og_type":"article","og_title":"Dami\u00e1n Zepeda renuncia a la coordinaci\u00f3n de los senadores del PAN y la deja en manos del nuevo CEN -","og_description":"Dami\u00e1n Zepeda renuncia a la coordinaci\u00f3n de los senadores del PAN y la deja en manos del nuevo CEN Por Redacci\u00f3n QP","og_url":"https:\/\/quehacerpolitico.mx\/?p=9583","article_published_time":"2018-11-19T00:31:35+00:00","author":"Redacci\u00f3n QP","twitter_card":"summary_large_image","twitter_misc":{"Escrito por":"Redacci\u00f3n QP","Tiempo de lectura":"2 minutos"},"schema":{"@context":"https:\/\/schema.org","@graph":[{"@type":"Article","@id":"https:\/\/quehacerpolitico.mx\/?p=9583#article","isPartOf":{"@id":"https:\/\/quehacerpolitico.mx\/?p=9583"},"author":{"name":"Redacci\u00f3n QP","@id":"https:\/\/quehacerpolitico.mx\/#\/schema\/person\/496d8ad2d1d3f8036101dca7ee39e585"},"headline":"Dami\u00e1n Zepeda renuncia a la coordinaci\u00f3n de los senadores del PAN y la deja en manos del nuevo CEN","datePublished":"2018-11-19T00:31:35+00:00","mainEntityOfPage":{"@id":"https:\/\/quehacerpolitico.mx\/?p=9583"},"wordCount":504,"commentCount":0,"image":{"@id":"https:\/\/quehacerpolitico.mx\/?p=9583#primaryimage"},"thumbnailUrl":"","articleSection":["Noticias"],"inLanguage":"es","potentialAction":[{"@type":"CommentAction","name":"Comment","target":["https:\/\/quehacerpolitico.mx\/?p=9583#respond"]}]},{"@type":"WebPage","@id":"https:\/\/quehacerpolitico.mx\/?p=9583","url":"https:\/\/quehacerpolitico.mx\/?p=9583","name":"Dami\u00e1n Zepeda renuncia a la coordinaci\u00f3n de los senadores del PAN y la deja en manos del nuevo CEN -","isPartOf":{"@id":"https:\/\/quehacerpolitico.mx\/#website"},"primaryImageOfPage":{"@id":"https:\/\/quehacerpolitico.mx\/?p=9583#primaryimage"},"image":{"@id":"https:\/\/quehacerpolitico.mx\/?p=9583#primaryimage"},"thumbnailUrl":"","datePublished":"2018-11-19T00:31:35+00:00","author":{"@id":"https:\/\/quehacerpolitico.mx\/#\/schema\/person\/496d8ad2d1d3f8036101dca7ee39e585"},"breadcrumb":{"@id":"https:\/\/quehacerpolitico.mx\/?p=9583#breadcrumb"},"inLanguage":"es","potentialAction":[{"@type":"ReadAction","target":["https:\/\/quehacerpolitico.mx\/?p=9583"]}]},{"@type":"ImageObject","inLanguage":"es","@id":"https:\/\/quehacerpolitico.mx\/?p=9583#primaryimage","url":"","contentUrl":""},{"@type":"BreadcrumbList","@id":"https:\/\/quehacerpolitico.mx\/?p=9583#breadcrumb","itemListElement":[{"@type":"ListItem","position":1,"name":"Inicio","item":"https:\/\/quehacerpolitico.mx\/"},{"@type":"ListItem","position":2,"name":"Dami\u00e1n Zepeda renuncia a la coordinaci\u00f3n de los senadores del PAN y la deja en manos del nuevo CEN"}]},{"@type":"WebSite","@id":"https:\/\/quehacerpolitico.mx\/#website","url":"https:\/\/quehacerpolitico.mx\/","name":"","description":"","potentialAction":[{"@type":"SearchAction","target":{"@type":"EntryPoint","urlTemplate":"https:\/\/quehacerpolitico.mx\/?s={search_term_string}"},"query-input":{"@type":"PropertyValueSpecification","valueRequired":true,"valueName":"search_term_string"}}],"inLanguage":"es"},{"@type":"Person","@id":"https:\/\/quehacerpolitico.mx\/#\/schema\/person\/496d8ad2d1d3f8036101dca7ee39e585","name":"Redacci\u00f3n QP","image":{"@type":"ImageObject","inLanguage":"es","@id":"https:\/\/secure.gravatar.com\/avatar\/c7164ed6fdec453195284ad24a5ae5b6e1eed2b848477fa2a4787ba9adf39a41?s=96&d=mm&r=g","url":"https:\/\/secure.gravatar.com\/avatar\/c7164ed6fdec453195284ad24a5ae5b6e1eed2b848477fa2a4787ba9adf39a41?s=96&d=mm&r=g","contentUrl":"https:\/\/secure.gravatar.com\/avatar\/c7164ed6fdec453195284ad24a5ae5b6e1eed2b848477fa2a4787ba9adf39a41?s=96&d=mm&r=g","caption":"Redacci\u00f3n QP"},"url":"https:\/\/quehacerpolitico.mx\/?author=2"}]}},"featured_image_urls":{"full":"","thumbnail":"","medium":"","medium_large":"","large":"","1536x1536":"","2048x2048":"","covernews-featured":"","covernews-medium":""},"author_info":{"display_name":"Redacci\u00f3n QP","author_link":"https:\/\/quehacerpolitico.mx\/?author=2"},"category_info":"<a href=\"https:\/\/quehacerpolitico.mx\/?cat=2\" rel=\"category\">Noticias<\/a>","tag_info":"Noticias","comment_count":"0","_links":{"self":[{"href":"https:\/\/quehacerpolitico.mx\/index.php?rest_route=\/wp\/v2\/posts\/9583","targetHints":{"allow":["GET"]}}],"collection":[{"href":"https:\/\/quehacerpolitico.mx\/index.php?rest_route=\/wp\/v2\/posts"}],"about":[{"href":"https:\/\/quehacerpolitico.mx\/index.php?rest_route=\/wp\/v2\/types\/post"}],"author":[{"embeddable":true,"href":"https:\/\/quehacerpolitico.mx\/index.php?rest_route=\/wp\/v2\/users\/2"}],"replies":[{"embeddable":true,"href":"https:\/\/quehacerpolitico.mx\/index.php?rest_route=%2Fwp%2Fv2%2Fcomments&post=9583"}],"version-history":[{"count":0,"href":"https:\/\/quehacerpolitico.mx\/index.php?rest_route=\/wp\/v2\/posts\/9583\/revisions"}],"wp:featuredmedia":[{"embeddable":true,"href":"https:\/\/quehacerpolitico.mx\/index.php?rest_route=\/"}],"wp:attachment":[{"href":"https:\/\/quehacerpolitico.mx\/index.php?rest_route=%2Fwp%2Fv2%2Fmedia&parent=9583"}],"wp:term":[{"taxonomy":"category","embeddable":true,"href":"https:\/\/quehacerpolitico.mx\/index.php?rest_route=%2Fwp%2Fv2%2Fcategories&post=9583"},{"taxonomy":"post_tag","embeddable":true,"href":"https:\/\/quehacerpolitico.mx\/index.php?rest_route=%2Fwp%2Fv2%2Ftags&post=9583"}],"curies":[{"name":"wp","href":"https:\/\/api.w.org\/{rel}","templated":true}]}}