{"id":9571,"date":"2018-11-18T23:01:14","date_gmt":"2018-11-18T23:01:14","guid":{"rendered":"http:\/\/quehacerpolitico.mx\/el-prd-reforma-estatutos-para-desaparecer-a-las-tribus-que-lo-han-gobernado-por-anos\/"},"modified":"2018-11-18T23:01:14","modified_gmt":"2018-11-18T23:01:14","slug":"el-prd-reforma-estatutos-para-desaparecer-a-las-tribus-que-lo-han-gobernado-por-anos","status":"publish","type":"post","link":"https:\/\/quehacerpolitico.mx\/?p=9571","title":{"rendered":"El PRD reforma estatutos para \u201cdesaparecer a las tribus\u201d que lo han gobernado por a\u00f1os"},"content":{"rendered":"<h1>El PRD reforma estatutos para \u201cdesaparecer a las tribus\u201d que lo han gobernado por a\u00f1os<\/h1>\n<p>Por Redacci\u00f3n QP<\/p>\n<p>El Partido de la Revoluci\u00f3n Democr\u00e1tica (<strong>PRD<\/strong>) aprob\u00f3 en lo general y particular las reformas a sus <strong>estatutos<\/strong> con lo que, entre otras cosas, se <strong>eliminan las tribus<\/strong> al interior del instituto pol\u00edtico. El segundo d\u00eda del Congreso Nacional del Sol Azteca tambi\u00e9n se llev\u00f3 cabo entre gritos.<\/p>\n<p>Entre los estatutos tambi\u00e9n est\u00e1 la creaci\u00f3n de una nueva estructura para la dirigencia, para lo cual se cre\u00f3 la Direcci\u00f3n Nacional Extraordinaria que ser\u00e1 encabezada por Karen Quiroga, Fernando Belaunzar\u00e1n, \u00c1ngel \u00c1vila, Adriana Diaz y Estephany Santiago.<\/p>\n<p>La Direcci\u00f3n ser\u00e1 la m\u00e1xima autoridad dentro del partido.<\/p>\n<p>El XV Congreso Nacional Extraordinario del partido se llev\u00f3 a cabo en el gimnasio Juan de la Barrera, donde ayer tuvo que ser suspendido cuando se desat\u00f3 una gresca entre los militantes y se tomara el estrado.<\/p>\n<p>Los estatutos del partido fueron finalmente aprobados este domingo con m\u00e1s de 500 votos en contra de 75.<\/p>\n<p>Esta ma\u00f1ana, y luego de la gresca de ayer, el Diputado H\u00e9ctor Serrano anunci\u00f3 su renuncia al Sol Azteca.\u00a0Serrano era el l\u00edder de la corriente Vanguardia Progresista en el PRD.<\/p>\n<p>\u201cLos actos que acreditan la congruencia a veces duelen; pero duele m\u00e1s, no atender los actos de conciencia\u201d, escribi\u00f3 en Twitter el tambi\u00e9n ex Secretario de Gobierno de la Ciudad de M\u00e9xico.<\/p>\n<p>Serrano difundi\u00f3 una carta, dirigida al presidente del PRD, Luis \u00c1ngel Romero, en la que pide la formalizaci\u00f3n de sus renuncia a su militancia de m\u00e1s de 15 a\u00f1os en el partido.<\/p>\n<blockquote class=\"twitter-tweet\" data-width=\"550\" data-dnt=\"true\">\n<p lang=\"es\" dir=\"ltr\">Apenas empez\u00f3 &quot;y ya est\u00e1n lloviendo vergazos&quot;&#8230;<br \/>Luego de la trifulca de anoche, el Congreso Nacional del PRD reinici\u00f3 este domingo.<br \/>Discuten el proceso de transformaci\u00f3n del partido. \u00bfPodr\u00e1n?<a href=\"https:\/\/t.co\/UZOdnQ1LqB\">pic.twitter.com\/UZOdnQ1LqB<\/a><\/p>\n<p>&mdash; Ruido en la Red (@RuidoEnLaRed) <a href=\"https:\/\/twitter.com\/RuidoEnLaRed\/status\/1064239389864267783?ref_src=twsrc%5Etfw\">November 18, 2018<\/a><\/p><\/blockquote>\n<p><script async src=\"https:\/\/platform.twitter.com\/widgets.js\" charset=\"utf-8\"><\/script><\/p>\n","protected":false},"excerpt":{"rendered":"<p>El PRD reforma estatutos para \u201cdesaparecer a las tribus\u201d que lo han gobernado por a\u00f1os<br \/>\nPor Redacci\u00f3n QP<\/p>\n","protected":false},"author":2,"featured_media":9570,"comment_status":"open","ping_status":"open","sticky":false,"template":"","format":"standard","meta":{"_monsterinsights_skip_tracking":false,"_monsterinsights_sitenote_active":false,"_monsterinsights_sitenote_note":"","_monsterinsights_sitenote_category":0,"footnotes":""},"categories":[2],"tags":[],"class_list":["post-9571","post","type-post","status-publish","format-standard","has-post-thumbnail","hentry","category-noticias"],"yoast_head":"<!-- This site is optimized with the Yoast SEO plugin v27.3 - https:\/\/yoast.com\/product\/yoast-seo-wordpress\/ -->\n<title>El PRD reforma estatutos para \u201cdesaparecer a las tribus\u201d que lo han gobernado por a\u00f1os -<\/title>\n<meta name=\"robots\" content=\"index, follow, max-snippet:-1, max-image-preview:large, max-video-preview:-1\" \/>\n<link rel=\"canonical\" href=\"https:\/\/quehacerpolitico.mx\/?p=9571\" \/>\n<meta property=\"og:locale\" content=\"es_MX\" \/>\n<meta property=\"og:type\" content=\"article\" \/>\n<meta property=\"og:title\" content=\"El PRD reforma estatutos para \u201cdesaparecer a las tribus\u201d que lo han gobernado por a\u00f1os -\" \/>\n<meta property=\"og:description\" content=\"El PRD reforma estatutos para \u201cdesaparecer a las tribus\u201d que lo han gobernado por a\u00f1os Por Redacci\u00f3n QP\" \/>\n<meta property=\"og:url\" content=\"https:\/\/quehacerpolitico.mx\/?p=9571\" \/>\n<meta property=\"article:published_time\" content=\"2018-11-18T23:01:14+00:00\" \/>\n<meta name=\"author\" content=\"Redacci\u00f3n QP\" \/>\n<meta name=\"twitter:card\" content=\"summary_large_image\" \/>\n<meta name=\"twitter:label1\" content=\"Escrito por\" \/>\n\t<meta name=\"twitter:data1\" content=\"Redacci\u00f3n QP\" \/>\n\t<meta name=\"twitter:label2\" content=\"Tiempo de lectura\" \/>\n\t<meta name=\"twitter:data2\" content=\"1 minuto\" \/>\n<script type=\"application\/ld+json\" class=\"yoast-schema-graph\">{\"@context\":\"https:\\\/\\\/schema.org\",\"@graph\":[{\"@type\":\"Article\",\"@id\":\"https:\\\/\\\/quehacerpolitico.mx\\\/?p=9571#article\",\"isPartOf\":{\"@id\":\"https:\\\/\\\/quehacerpolitico.mx\\\/?p=9571\"},\"author\":{\"name\":\"Redacci\u00f3n QP\",\"@id\":\"https:\\\/\\\/quehacerpolitico.mx\\\/#\\\/schema\\\/person\\\/496d8ad2d1d3f8036101dca7ee39e585\"},\"headline\":\"El PRD reforma estatutos para \u201cdesaparecer a las tribus\u201d que lo han gobernado por a\u00f1os\",\"datePublished\":\"2018-11-18T23:01:14+00:00\",\"mainEntityOfPage\":{\"@id\":\"https:\\\/\\\/quehacerpolitico.mx\\\/?p=9571\"},\"wordCount\":305,\"commentCount\":0,\"image\":{\"@id\":\"https:\\\/\\\/quehacerpolitico.mx\\\/?p=9571#primaryimage\"},\"thumbnailUrl\":\"\",\"articleSection\":[\"Noticias\"],\"inLanguage\":\"es\",\"potentialAction\":[{\"@type\":\"CommentAction\",\"name\":\"Comment\",\"target\":[\"https:\\\/\\\/quehacerpolitico.mx\\\/?p=9571#respond\"]}]},{\"@type\":\"WebPage\",\"@id\":\"https:\\\/\\\/quehacerpolitico.mx\\\/?p=9571\",\"url\":\"https:\\\/\\\/quehacerpolitico.mx\\\/?p=9571\",\"name\":\"El PRD reforma estatutos para \u201cdesaparecer a las tribus\u201d que lo han gobernado por a\u00f1os -\",\"isPartOf\":{\"@id\":\"https:\\\/\\\/quehacerpolitico.mx\\\/#website\"},\"primaryImageOfPage\":{\"@id\":\"https:\\\/\\\/quehacerpolitico.mx\\\/?p=9571#primaryimage\"},\"image\":{\"@id\":\"https:\\\/\\\/quehacerpolitico.mx\\\/?p=9571#primaryimage\"},\"thumbnailUrl\":\"\",\"datePublished\":\"2018-11-18T23:01:14+00:00\",\"author\":{\"@id\":\"https:\\\/\\\/quehacerpolitico.mx\\\/#\\\/schema\\\/person\\\/496d8ad2d1d3f8036101dca7ee39e585\"},\"breadcrumb\":{\"@id\":\"https:\\\/\\\/quehacerpolitico.mx\\\/?p=9571#breadcrumb\"},\"inLanguage\":\"es\",\"potentialAction\":[{\"@type\":\"ReadAction\",\"target\":[\"https:\\\/\\\/quehacerpolitico.mx\\\/?p=9571\"]}]},{\"@type\":\"ImageObject\",\"inLanguage\":\"es\",\"@id\":\"https:\\\/\\\/quehacerpolitico.mx\\\/?p=9571#primaryimage\",\"url\":\"\",\"contentUrl\":\"\"},{\"@type\":\"BreadcrumbList\",\"@id\":\"https:\\\/\\\/quehacerpolitico.mx\\\/?p=9571#breadcrumb\",\"itemListElement\":[{\"@type\":\"ListItem\",\"position\":1,\"name\":\"Inicio\",\"item\":\"https:\\\/\\\/quehacerpolitico.mx\\\/\"},{\"@type\":\"ListItem\",\"position\":2,\"name\":\"El PRD reforma estatutos para \u201cdesaparecer a las tribus\u201d que lo han gobernado por a\u00f1os\"}]},{\"@type\":\"WebSite\",\"@id\":\"https:\\\/\\\/quehacerpolitico.mx\\\/#website\",\"url\":\"https:\\\/\\\/quehacerpolitico.mx\\\/\",\"name\":\"\",\"description\":\"\",\"potentialAction\":[{\"@type\":\"SearchAction\",\"target\":{\"@type\":\"EntryPoint\",\"urlTemplate\":\"https:\\\/\\\/quehacerpolitico.mx\\\/?s={search_term_string}\"},\"query-input\":{\"@type\":\"PropertyValueSpecification\",\"valueRequired\":true,\"valueName\":\"search_term_string\"}}],\"inLanguage\":\"es\"},{\"@type\":\"Person\",\"@id\":\"https:\\\/\\\/quehacerpolitico.mx\\\/#\\\/schema\\\/person\\\/496d8ad2d1d3f8036101dca7ee39e585\",\"name\":\"Redacci\u00f3n QP\",\"image\":{\"@type\":\"ImageObject\",\"inLanguage\":\"es\",\"@id\":\"https:\\\/\\\/secure.gravatar.com\\\/avatar\\\/c7164ed6fdec453195284ad24a5ae5b6e1eed2b848477fa2a4787ba9adf39a41?s=96&d=mm&r=g\",\"url\":\"https:\\\/\\\/secure.gravatar.com\\\/avatar\\\/c7164ed6fdec453195284ad24a5ae5b6e1eed2b848477fa2a4787ba9adf39a41?s=96&d=mm&r=g\",\"contentUrl\":\"https:\\\/\\\/secure.gravatar.com\\\/avatar\\\/c7164ed6fdec453195284ad24a5ae5b6e1eed2b848477fa2a4787ba9adf39a41?s=96&d=mm&r=g\",\"caption\":\"Redacci\u00f3n QP\"},\"url\":\"https:\\\/\\\/quehacerpolitico.mx\\\/?author=2\"}]}<\/script>\n<!-- \/ Yoast SEO plugin. -->","yoast_head_json":{"title":"El PRD reforma estatutos para \u201cdesaparecer a las tribus\u201d que lo han gobernado por a\u00f1os -","robots":{"index":"index","follow":"follow","max-snippet":"max-snippet:-1","max-image-preview":"max-image-preview:large","max-video-preview":"max-video-preview:-1"},"canonical":"https:\/\/quehacerpolitico.mx\/?p=9571","og_locale":"es_MX","og_type":"article","og_title":"El PRD reforma estatutos para \u201cdesaparecer a las tribus\u201d que lo han gobernado por a\u00f1os -","og_description":"El PRD reforma estatutos para \u201cdesaparecer a las tribus\u201d que lo han gobernado por a\u00f1os Por Redacci\u00f3n QP","og_url":"https:\/\/quehacerpolitico.mx\/?p=9571","article_published_time":"2018-11-18T23:01:14+00:00","author":"Redacci\u00f3n QP","twitter_card":"summary_large_image","twitter_misc":{"Escrito por":"Redacci\u00f3n QP","Tiempo de lectura":"1 minuto"},"schema":{"@context":"https:\/\/schema.org","@graph":[{"@type":"Article","@id":"https:\/\/quehacerpolitico.mx\/?p=9571#article","isPartOf":{"@id":"https:\/\/quehacerpolitico.mx\/?p=9571"},"author":{"name":"Redacci\u00f3n QP","@id":"https:\/\/quehacerpolitico.mx\/#\/schema\/person\/496d8ad2d1d3f8036101dca7ee39e585"},"headline":"El PRD reforma estatutos para \u201cdesaparecer a las tribus\u201d que lo han gobernado por a\u00f1os","datePublished":"2018-11-18T23:01:14+00:00","mainEntityOfPage":{"@id":"https:\/\/quehacerpolitico.mx\/?p=9571"},"wordCount":305,"commentCount":0,"image":{"@id":"https:\/\/quehacerpolitico.mx\/?p=9571#primaryimage"},"thumbnailUrl":"","articleSection":["Noticias"],"inLanguage":"es","potentialAction":[{"@type":"CommentAction","name":"Comment","target":["https:\/\/quehacerpolitico.mx\/?p=9571#respond"]}]},{"@type":"WebPage","@id":"https:\/\/quehacerpolitico.mx\/?p=9571","url":"https:\/\/quehacerpolitico.mx\/?p=9571","name":"El PRD reforma estatutos para \u201cdesaparecer a las tribus\u201d que lo han gobernado por a\u00f1os -","isPartOf":{"@id":"https:\/\/quehacerpolitico.mx\/#website"},"primaryImageOfPage":{"@id":"https:\/\/quehacerpolitico.mx\/?p=9571#primaryimage"},"image":{"@id":"https:\/\/quehacerpolitico.mx\/?p=9571#primaryimage"},"thumbnailUrl":"","datePublished":"2018-11-18T23:01:14+00:00","author":{"@id":"https:\/\/quehacerpolitico.mx\/#\/schema\/person\/496d8ad2d1d3f8036101dca7ee39e585"},"breadcrumb":{"@id":"https:\/\/quehacerpolitico.mx\/?p=9571#breadcrumb"},"inLanguage":"es","potentialAction":[{"@type":"ReadAction","target":["https:\/\/quehacerpolitico.mx\/?p=9571"]}]},{"@type":"ImageObject","inLanguage":"es","@id":"https:\/\/quehacerpolitico.mx\/?p=9571#primaryimage","url":"","contentUrl":""},{"@type":"BreadcrumbList","@id":"https:\/\/quehacerpolitico.mx\/?p=9571#breadcrumb","itemListElement":[{"@type":"ListItem","position":1,"name":"Inicio","item":"https:\/\/quehacerpolitico.mx\/"},{"@type":"ListItem","position":2,"name":"El PRD reforma estatutos para \u201cdesaparecer a las tribus\u201d que lo han gobernado por a\u00f1os"}]},{"@type":"WebSite","@id":"https:\/\/quehacerpolitico.mx\/#website","url":"https:\/\/quehacerpolitico.mx\/","name":"","description":"","potentialAction":[{"@type":"SearchAction","target":{"@type":"EntryPoint","urlTemplate":"https:\/\/quehacerpolitico.mx\/?s={search_term_string}"},"query-input":{"@type":"PropertyValueSpecification","valueRequired":true,"valueName":"search_term_string"}}],"inLanguage":"es"},{"@type":"Person","@id":"https:\/\/quehacerpolitico.mx\/#\/schema\/person\/496d8ad2d1d3f8036101dca7ee39e585","name":"Redacci\u00f3n QP","image":{"@type":"ImageObject","inLanguage":"es","@id":"https:\/\/secure.gravatar.com\/avatar\/c7164ed6fdec453195284ad24a5ae5b6e1eed2b848477fa2a4787ba9adf39a41?s=96&d=mm&r=g","url":"https:\/\/secure.gravatar.com\/avatar\/c7164ed6fdec453195284ad24a5ae5b6e1eed2b848477fa2a4787ba9adf39a41?s=96&d=mm&r=g","contentUrl":"https:\/\/secure.gravatar.com\/avatar\/c7164ed6fdec453195284ad24a5ae5b6e1eed2b848477fa2a4787ba9adf39a41?s=96&d=mm&r=g","caption":"Redacci\u00f3n QP"},"url":"https:\/\/quehacerpolitico.mx\/?author=2"}]}},"featured_image_urls":{"full":"","thumbnail":"","medium":"","medium_large":"","large":"","1536x1536":"","2048x2048":"","covernews-featured":"","covernews-medium":""},"author_info":{"display_name":"Redacci\u00f3n QP","author_link":"https:\/\/quehacerpolitico.mx\/?author=2"},"category_info":"<a href=\"https:\/\/quehacerpolitico.mx\/?cat=2\" rel=\"category\">Noticias<\/a>","tag_info":"Noticias","comment_count":"0","_links":{"self":[{"href":"https:\/\/quehacerpolitico.mx\/index.php?rest_route=\/wp\/v2\/posts\/9571","targetHints":{"allow":["GET"]}}],"collection":[{"href":"https:\/\/quehacerpolitico.mx\/index.php?rest_route=\/wp\/v2\/posts"}],"about":[{"href":"https:\/\/quehacerpolitico.mx\/index.php?rest_route=\/wp\/v2\/types\/post"}],"author":[{"embeddable":true,"href":"https:\/\/quehacerpolitico.mx\/index.php?rest_route=\/wp\/v2\/users\/2"}],"replies":[{"embeddable":true,"href":"https:\/\/quehacerpolitico.mx\/index.php?rest_route=%2Fwp%2Fv2%2Fcomments&post=9571"}],"version-history":[{"count":0,"href":"https:\/\/quehacerpolitico.mx\/index.php?rest_route=\/wp\/v2\/posts\/9571\/revisions"}],"wp:featuredmedia":[{"embeddable":true,"href":"https:\/\/quehacerpolitico.mx\/index.php?rest_route=\/"}],"wp:attachment":[{"href":"https:\/\/quehacerpolitico.mx\/index.php?rest_route=%2Fwp%2Fv2%2Fmedia&parent=9571"}],"wp:term":[{"taxonomy":"category","embeddable":true,"href":"https:\/\/quehacerpolitico.mx\/index.php?rest_route=%2Fwp%2Fv2%2Fcategories&post=9571"},{"taxonomy":"post_tag","embeddable":true,"href":"https:\/\/quehacerpolitico.mx\/index.php?rest_route=%2Fwp%2Fv2%2Ftags&post=9571"}],"curies":[{"name":"wp","href":"https:\/\/api.w.org\/{rel}","templated":true}]}}