{"id":9569,"date":"2018-11-18T20:52:14","date_gmt":"2018-11-18T20:52:14","guid":{"rendered":"http:\/\/quehacerpolitico.mx\/alcaldias-a-traves-del-deporte-la-alcaldia-cuauhtemoc-mejora-la-convivencia-entre-sus-trabajadores\/"},"modified":"2018-11-18T20:52:14","modified_gmt":"2018-11-18T20:52:14","slug":"alcaldias-a-traves-del-deporte-la-alcaldia-cuauhtemoc-mejora-la-convivencia-entre-sus-trabajadores","status":"publish","type":"post","link":"https:\/\/quehacerpolitico.mx\/?p=9569","title":{"rendered":"Alcald\u00edas\/\/\/A trav\u00e9s del deporte, la Alcald\u00eda Cuauht\u00e9moc mejora la convivencia entre sus trabajadores"},"content":{"rendered":"<p>A trav\u00e9s del deporte, la Alcald\u00eda Cuauht\u00e9moc mejora la convivencia entre sus trabajadores<\/p>\n<p>Por Redacci\u00f3n QP<\/p>\n<div class=\"s9\"><span class=\"s7\">\u2022 <\/span><span class=\"s8\">450 trabajadores de la Alcald\u00eda Cuauht\u00e9moc participaron en actividad deportiva <\/span><\/div>\n<div class=\"s9\"><span class=\"s7\">\u2022 <\/span><span class=\"s8\">Durante 5 d\u00edas se realizaron partidos de ajedrez, b\u00e1squetbol, f\u00fatbol y voleibol <\/span><\/div>\n<p class=\"s4\">\u00a0<\/p>\n<p class=\"s4\"><span class=\"s10\"><span class=\"bumpedFont15\">Esta semana se llev\u00f3 a cabo, en el Deportivo Cuauht\u00e9moc, la \u201cConvivencia Deportiva de los Trabajadores 2018\u201d, en la que participaron 45 equipos integrados por 450 trabajadores de las distintas direcciones que conforman la Alcald\u00eda Cuauht\u00e9moc.<\/span><\/span><\/p>\n<p class=\"s4\"><span class=\"s10\"><span class=\"bumpedFont15\">Las disciplinas que se desarrollaron durante el evento fueron ajedrez, b\u00e1squetbol, f\u00fatbol y voleibol. El Alcalde de la demarcaci\u00f3n, N\u00e9stor N\u00fa\u00f1ez L\u00f3pez, se sum\u00f3 a la actividad y particip\u00f3 en un partido amistoso de f\u00fatbol.<\/span><\/span><\/p>\n<p class=\"s4\"><span class=\"s10\"><span class=\"bumpedFont15\">La actividad fue organizada por la Subdirecci\u00f3n de Deportes, encabezada por Francisco Agust\u00edn Villa Garc\u00eda, a trav\u00e9s de la Jefatura de Unidad Departamental de Deporte Comunitario, con el objetivo de promover la actividad f\u00edsica y mejorar la cultura laboral entre los empleados.<\/span><\/span><\/p>\n<p class=\"s4\"><span class=\"s10\"><span class=\"bumpedFont15\">El Alcalde de Cuauht\u00e9moc, reconoci\u00f3 la entrega que le pusieron cada uno de los participantes en cada una de las categor\u00edas, y coment\u00f3 que fomentar el deporte en la demarcaci\u00f3n es uno de los principales objetivos durante su gesti\u00f3n. <\/span><\/span><\/p>\n<p class=\"s4\"><span class=\"s10\"><span class=\"bumpedFont15\">Al final de la activaci\u00f3n deportiva, se entregaron trofeos a los tres primeros equipos ganadores de cada categor\u00eda; el primer lugar del f\u00fatbol femenil fue para el equipo de la Direcci\u00f3n de Desarrollo Social; el equipo ganador de b\u00e1squetbol femenil fue Tlatelolco; por su parte el equipo varonil de b\u00e1squetbol fue <\/span><\/span><span class=\"s10\"><span class=\"bumpedFont15\">&#8220;<\/span><\/span><span class=\"s10\"><span class=\"bumpedFont15\">Globetrotters<\/span><\/span><span class=\"s10\"><span class=\"bumpedFont15\">&#8220;<\/span><\/span><span class=\"s10\"><span class=\"bumpedFont15\">; en voleibol mixto gan\u00f3 el equipo Deportivo Cuauht\u00e9moc; en voleibol femenil <\/span><\/span><span class=\"s10\"><span class=\"bumpedFont15\">&#8220;<\/span><\/span><span class=\"s10\"><span class=\"bumpedFont15\">Flowers<\/span><\/span><span class=\"s10\"><span class=\"bumpedFont15\">&#8221; <\/span><\/span><span class=\"s10\"><span class=\"bumpedFont15\">y en f\u00fatbol varonil <\/span><\/span><span class=\"s10\"><span class=\"bumpedFont15\">&#8220;<\/span><\/span><span class=\"s10\"><span class=\"bumpedFont15\">Verificaciones<\/span><\/span><span class=\"s10\"><span class=\"bumpedFont15\">&#8220;<\/span><\/span><span class=\"s10\"><span class=\"bumpedFont15\">.<\/span><\/span><\/p>\n<p class=\"s4\"><span class=\"s10\"><span class=\"bumpedFont15\">La clausura que estuvo encabezada por el Subdirector de Deportes, Francisco Villa; el Director de Sustentabilidad, Erik Hans y el Director de Participaci\u00f3n Ciudadana, Daniel Santill\u00e1n.<\/span><\/span><\/p>\n","protected":false},"excerpt":{"rendered":"<p>A trav\u00e9s del deporte, la Alcald\u00eda Cuauht\u00e9moc mejora la convivencia entre sus trabajadores<br \/>\nPor Redacci\u00f3n QP<\/p>\n","protected":false},"author":2,"featured_media":9568,"comment_status":"open","ping_status":"open","sticky":false,"template":"","format":"standard","meta":{"_monsterinsights_skip_tracking":false,"_monsterinsights_sitenote_active":false,"_monsterinsights_sitenote_note":"","_monsterinsights_sitenote_category":0,"footnotes":""},"categories":[55],"tags":[],"class_list":["post-9569","post","type-post","status-publish","format-standard","has-post-thumbnail","hentry","category-cdmx"],"yoast_head":"<!-- This site is optimized with the Yoast SEO plugin v27.3 - https:\/\/yoast.com\/product\/yoast-seo-wordpress\/ -->\n<title>Alcald\u00edas\/\/\/A trav\u00e9s del deporte, la Alcald\u00eda Cuauht\u00e9moc mejora la convivencia entre sus trabajadores -<\/title>\n<meta name=\"robots\" content=\"index, follow, max-snippet:-1, max-image-preview:large, max-video-preview:-1\" \/>\n<link rel=\"canonical\" href=\"https:\/\/quehacerpolitico.mx\/?p=9569\" \/>\n<meta property=\"og:locale\" content=\"es_MX\" \/>\n<meta property=\"og:type\" content=\"article\" \/>\n<meta property=\"og:title\" content=\"Alcald\u00edas\/\/\/A trav\u00e9s del deporte, la Alcald\u00eda Cuauht\u00e9moc mejora la convivencia entre sus trabajadores -\" \/>\n<meta property=\"og:description\" content=\"A trav\u00e9s del deporte, la Alcald\u00eda Cuauht\u00e9moc mejora la convivencia entre sus trabajadores Por Redacci\u00f3n QP\" \/>\n<meta property=\"og:url\" content=\"https:\/\/quehacerpolitico.mx\/?p=9569\" \/>\n<meta property=\"article:published_time\" content=\"2018-11-18T20:52:14+00:00\" \/>\n<meta name=\"author\" content=\"Redacci\u00f3n QP\" \/>\n<meta name=\"twitter:card\" content=\"summary_large_image\" \/>\n<meta name=\"twitter:label1\" content=\"Escrito por\" \/>\n\t<meta name=\"twitter:data1\" content=\"Redacci\u00f3n QP\" \/>\n\t<meta name=\"twitter:label2\" content=\"Tiempo de lectura\" \/>\n\t<meta name=\"twitter:data2\" content=\"2 minutos\" \/>\n<script type=\"application\/ld+json\" class=\"yoast-schema-graph\">{\"@context\":\"https:\\\/\\\/schema.org\",\"@graph\":[{\"@type\":\"Article\",\"@id\":\"https:\\\/\\\/quehacerpolitico.mx\\\/?p=9569#article\",\"isPartOf\":{\"@id\":\"https:\\\/\\\/quehacerpolitico.mx\\\/?p=9569\"},\"author\":{\"name\":\"Redacci\u00f3n QP\",\"@id\":\"https:\\\/\\\/quehacerpolitico.mx\\\/#\\\/schema\\\/person\\\/496d8ad2d1d3f8036101dca7ee39e585\"},\"headline\":\"Alcald\u00edas\\\/\\\/\\\/A trav\u00e9s del deporte, la Alcald\u00eda Cuauht\u00e9moc mejora la convivencia entre sus trabajadores\",\"datePublished\":\"2018-11-18T20:52:14+00:00\",\"mainEntityOfPage\":{\"@id\":\"https:\\\/\\\/quehacerpolitico.mx\\\/?p=9569\"},\"wordCount\":336,\"commentCount\":0,\"image\":{\"@id\":\"https:\\\/\\\/quehacerpolitico.mx\\\/?p=9569#primaryimage\"},\"thumbnailUrl\":\"\",\"articleSection\":[\"CDMX\"],\"inLanguage\":\"es\",\"potentialAction\":[{\"@type\":\"CommentAction\",\"name\":\"Comment\",\"target\":[\"https:\\\/\\\/quehacerpolitico.mx\\\/?p=9569#respond\"]}]},{\"@type\":\"WebPage\",\"@id\":\"https:\\\/\\\/quehacerpolitico.mx\\\/?p=9569\",\"url\":\"https:\\\/\\\/quehacerpolitico.mx\\\/?p=9569\",\"name\":\"Alcald\u00edas\\\/\\\/\\\/A trav\u00e9s del deporte, la Alcald\u00eda Cuauht\u00e9moc mejora la convivencia entre sus trabajadores -\",\"isPartOf\":{\"@id\":\"https:\\\/\\\/quehacerpolitico.mx\\\/#website\"},\"primaryImageOfPage\":{\"@id\":\"https:\\\/\\\/quehacerpolitico.mx\\\/?p=9569#primaryimage\"},\"image\":{\"@id\":\"https:\\\/\\\/quehacerpolitico.mx\\\/?p=9569#primaryimage\"},\"thumbnailUrl\":\"\",\"datePublished\":\"2018-11-18T20:52:14+00:00\",\"author\":{\"@id\":\"https:\\\/\\\/quehacerpolitico.mx\\\/#\\\/schema\\\/person\\\/496d8ad2d1d3f8036101dca7ee39e585\"},\"breadcrumb\":{\"@id\":\"https:\\\/\\\/quehacerpolitico.mx\\\/?p=9569#breadcrumb\"},\"inLanguage\":\"es\",\"potentialAction\":[{\"@type\":\"ReadAction\",\"target\":[\"https:\\\/\\\/quehacerpolitico.mx\\\/?p=9569\"]}]},{\"@type\":\"ImageObject\",\"inLanguage\":\"es\",\"@id\":\"https:\\\/\\\/quehacerpolitico.mx\\\/?p=9569#primaryimage\",\"url\":\"\",\"contentUrl\":\"\"},{\"@type\":\"BreadcrumbList\",\"@id\":\"https:\\\/\\\/quehacerpolitico.mx\\\/?p=9569#breadcrumb\",\"itemListElement\":[{\"@type\":\"ListItem\",\"position\":1,\"name\":\"Inicio\",\"item\":\"https:\\\/\\\/quehacerpolitico.mx\\\/\"},{\"@type\":\"ListItem\",\"position\":2,\"name\":\"Alcald\u00edas\\\/\\\/\\\/A trav\u00e9s del deporte, la Alcald\u00eda Cuauht\u00e9moc mejora la convivencia entre sus trabajadores\"}]},{\"@type\":\"WebSite\",\"@id\":\"https:\\\/\\\/quehacerpolitico.mx\\\/#website\",\"url\":\"https:\\\/\\\/quehacerpolitico.mx\\\/\",\"name\":\"\",\"description\":\"\",\"potentialAction\":[{\"@type\":\"SearchAction\",\"target\":{\"@type\":\"EntryPoint\",\"urlTemplate\":\"https:\\\/\\\/quehacerpolitico.mx\\\/?s={search_term_string}\"},\"query-input\":{\"@type\":\"PropertyValueSpecification\",\"valueRequired\":true,\"valueName\":\"search_term_string\"}}],\"inLanguage\":\"es\"},{\"@type\":\"Person\",\"@id\":\"https:\\\/\\\/quehacerpolitico.mx\\\/#\\\/schema\\\/person\\\/496d8ad2d1d3f8036101dca7ee39e585\",\"name\":\"Redacci\u00f3n QP\",\"image\":{\"@type\":\"ImageObject\",\"inLanguage\":\"es\",\"@id\":\"https:\\\/\\\/secure.gravatar.com\\\/avatar\\\/c7164ed6fdec453195284ad24a5ae5b6e1eed2b848477fa2a4787ba9adf39a41?s=96&d=mm&r=g\",\"url\":\"https:\\\/\\\/secure.gravatar.com\\\/avatar\\\/c7164ed6fdec453195284ad24a5ae5b6e1eed2b848477fa2a4787ba9adf39a41?s=96&d=mm&r=g\",\"contentUrl\":\"https:\\\/\\\/secure.gravatar.com\\\/avatar\\\/c7164ed6fdec453195284ad24a5ae5b6e1eed2b848477fa2a4787ba9adf39a41?s=96&d=mm&r=g\",\"caption\":\"Redacci\u00f3n QP\"},\"url\":\"https:\\\/\\\/quehacerpolitico.mx\\\/?author=2\"}]}<\/script>\n<!-- \/ Yoast SEO plugin. -->","yoast_head_json":{"title":"Alcald\u00edas\/\/\/A trav\u00e9s del deporte, la Alcald\u00eda Cuauht\u00e9moc mejora la convivencia entre sus trabajadores -","robots":{"index":"index","follow":"follow","max-snippet":"max-snippet:-1","max-image-preview":"max-image-preview:large","max-video-preview":"max-video-preview:-1"},"canonical":"https:\/\/quehacerpolitico.mx\/?p=9569","og_locale":"es_MX","og_type":"article","og_title":"Alcald\u00edas\/\/\/A trav\u00e9s del deporte, la Alcald\u00eda Cuauht\u00e9moc mejora la convivencia entre sus trabajadores -","og_description":"A trav\u00e9s del deporte, la Alcald\u00eda Cuauht\u00e9moc mejora la convivencia entre sus trabajadores Por Redacci\u00f3n QP","og_url":"https:\/\/quehacerpolitico.mx\/?p=9569","article_published_time":"2018-11-18T20:52:14+00:00","author":"Redacci\u00f3n QP","twitter_card":"summary_large_image","twitter_misc":{"Escrito por":"Redacci\u00f3n QP","Tiempo de lectura":"2 minutos"},"schema":{"@context":"https:\/\/schema.org","@graph":[{"@type":"Article","@id":"https:\/\/quehacerpolitico.mx\/?p=9569#article","isPartOf":{"@id":"https:\/\/quehacerpolitico.mx\/?p=9569"},"author":{"name":"Redacci\u00f3n QP","@id":"https:\/\/quehacerpolitico.mx\/#\/schema\/person\/496d8ad2d1d3f8036101dca7ee39e585"},"headline":"Alcald\u00edas\/\/\/A trav\u00e9s del deporte, la Alcald\u00eda Cuauht\u00e9moc mejora la convivencia entre sus trabajadores","datePublished":"2018-11-18T20:52:14+00:00","mainEntityOfPage":{"@id":"https:\/\/quehacerpolitico.mx\/?p=9569"},"wordCount":336,"commentCount":0,"image":{"@id":"https:\/\/quehacerpolitico.mx\/?p=9569#primaryimage"},"thumbnailUrl":"","articleSection":["CDMX"],"inLanguage":"es","potentialAction":[{"@type":"CommentAction","name":"Comment","target":["https:\/\/quehacerpolitico.mx\/?p=9569#respond"]}]},{"@type":"WebPage","@id":"https:\/\/quehacerpolitico.mx\/?p=9569","url":"https:\/\/quehacerpolitico.mx\/?p=9569","name":"Alcald\u00edas\/\/\/A trav\u00e9s del deporte, la Alcald\u00eda Cuauht\u00e9moc mejora la convivencia entre sus trabajadores -","isPartOf":{"@id":"https:\/\/quehacerpolitico.mx\/#website"},"primaryImageOfPage":{"@id":"https:\/\/quehacerpolitico.mx\/?p=9569#primaryimage"},"image":{"@id":"https:\/\/quehacerpolitico.mx\/?p=9569#primaryimage"},"thumbnailUrl":"","datePublished":"2018-11-18T20:52:14+00:00","author":{"@id":"https:\/\/quehacerpolitico.mx\/#\/schema\/person\/496d8ad2d1d3f8036101dca7ee39e585"},"breadcrumb":{"@id":"https:\/\/quehacerpolitico.mx\/?p=9569#breadcrumb"},"inLanguage":"es","potentialAction":[{"@type":"ReadAction","target":["https:\/\/quehacerpolitico.mx\/?p=9569"]}]},{"@type":"ImageObject","inLanguage":"es","@id":"https:\/\/quehacerpolitico.mx\/?p=9569#primaryimage","url":"","contentUrl":""},{"@type":"BreadcrumbList","@id":"https:\/\/quehacerpolitico.mx\/?p=9569#breadcrumb","itemListElement":[{"@type":"ListItem","position":1,"name":"Inicio","item":"https:\/\/quehacerpolitico.mx\/"},{"@type":"ListItem","position":2,"name":"Alcald\u00edas\/\/\/A trav\u00e9s del deporte, la Alcald\u00eda Cuauht\u00e9moc mejora la convivencia entre sus trabajadores"}]},{"@type":"WebSite","@id":"https:\/\/quehacerpolitico.mx\/#website","url":"https:\/\/quehacerpolitico.mx\/","name":"","description":"","potentialAction":[{"@type":"SearchAction","target":{"@type":"EntryPoint","urlTemplate":"https:\/\/quehacerpolitico.mx\/?s={search_term_string}"},"query-input":{"@type":"PropertyValueSpecification","valueRequired":true,"valueName":"search_term_string"}}],"inLanguage":"es"},{"@type":"Person","@id":"https:\/\/quehacerpolitico.mx\/#\/schema\/person\/496d8ad2d1d3f8036101dca7ee39e585","name":"Redacci\u00f3n QP","image":{"@type":"ImageObject","inLanguage":"es","@id":"https:\/\/secure.gravatar.com\/avatar\/c7164ed6fdec453195284ad24a5ae5b6e1eed2b848477fa2a4787ba9adf39a41?s=96&d=mm&r=g","url":"https:\/\/secure.gravatar.com\/avatar\/c7164ed6fdec453195284ad24a5ae5b6e1eed2b848477fa2a4787ba9adf39a41?s=96&d=mm&r=g","contentUrl":"https:\/\/secure.gravatar.com\/avatar\/c7164ed6fdec453195284ad24a5ae5b6e1eed2b848477fa2a4787ba9adf39a41?s=96&d=mm&r=g","caption":"Redacci\u00f3n QP"},"url":"https:\/\/quehacerpolitico.mx\/?author=2"}]}},"featured_image_urls":{"full":"","thumbnail":"","medium":"","medium_large":"","large":"","1536x1536":"","2048x2048":"","covernews-featured":"","covernews-medium":""},"author_info":{"display_name":"Redacci\u00f3n QP","author_link":"https:\/\/quehacerpolitico.mx\/?author=2"},"category_info":"<a href=\"https:\/\/quehacerpolitico.mx\/?cat=55\" rel=\"category\">CDMX<\/a>","tag_info":"CDMX","comment_count":"0","_links":{"self":[{"href":"https:\/\/quehacerpolitico.mx\/index.php?rest_route=\/wp\/v2\/posts\/9569","targetHints":{"allow":["GET"]}}],"collection":[{"href":"https:\/\/quehacerpolitico.mx\/index.php?rest_route=\/wp\/v2\/posts"}],"about":[{"href":"https:\/\/quehacerpolitico.mx\/index.php?rest_route=\/wp\/v2\/types\/post"}],"author":[{"embeddable":true,"href":"https:\/\/quehacerpolitico.mx\/index.php?rest_route=\/wp\/v2\/users\/2"}],"replies":[{"embeddable":true,"href":"https:\/\/quehacerpolitico.mx\/index.php?rest_route=%2Fwp%2Fv2%2Fcomments&post=9569"}],"version-history":[{"count":0,"href":"https:\/\/quehacerpolitico.mx\/index.php?rest_route=\/wp\/v2\/posts\/9569\/revisions"}],"wp:featuredmedia":[{"embeddable":true,"href":"https:\/\/quehacerpolitico.mx\/index.php?rest_route=\/"}],"wp:attachment":[{"href":"https:\/\/quehacerpolitico.mx\/index.php?rest_route=%2Fwp%2Fv2%2Fmedia&parent=9569"}],"wp:term":[{"taxonomy":"category","embeddable":true,"href":"https:\/\/quehacerpolitico.mx\/index.php?rest_route=%2Fwp%2Fv2%2Fcategories&post=9569"},{"taxonomy":"post_tag","embeddable":true,"href":"https:\/\/quehacerpolitico.mx\/index.php?rest_route=%2Fwp%2Fv2%2Ftags&post=9569"}],"curies":[{"name":"wp","href":"https:\/\/api.w.org\/{rel}","templated":true}]}}