{"id":9565,"date":"2018-11-18T20:37:07","date_gmt":"2018-11-18T20:37:07","guid":{"rendered":"http:\/\/quehacerpolitico.mx\/caravana-migrante-que-continua-en-cdmx-sera-trasladada-a-casa-del-peregrino\/"},"modified":"2018-11-18T20:37:07","modified_gmt":"2018-11-18T20:37:07","slug":"caravana-migrante-que-continua-en-cdmx-sera-trasladada-a-casa-del-peregrino","status":"publish","type":"post","link":"https:\/\/quehacerpolitico.mx\/?p=9565","title":{"rendered":"Caravana Migrante que contin\u00faa en CDMX ser\u00e1 trasladada a Casa del Peregrino"},"content":{"rendered":"<h3 class=\"mtitle\">Caravana Migrante que contin\u00faa en CDMX ser\u00e1 trasladada a Casa del Peregrino<\/h3>\n<p>Por Redacci\u00f3n QP<\/p>\n<p>Esta ma\u00f1ana trasladaron a los <strong>migrantes<\/strong> que a\u00fan permanecen en el <strong>albergue<\/strong> de <strong>Ciudad Deportiva<\/strong> a la <strong>Casa del Peregrino<\/strong>, informaron autoridades de la <strong>Ciudad de M\u00e9xico.\u00a0<\/strong><\/p>\n<p>Durante una reuni\u00f3n, Nashieli Ram\u00edrez, titular de la <strong>Comisi\u00f3n de Derechos Humanos<\/strong> de la <strong>Ciudad de M\u00e9xico<\/strong>, detall\u00f3 que el traslado fue en autobuses a las <strong>10:00 horas<\/strong> de este domingo.<\/p>\n<blockquote>\n<p>\u201cEstamos todav\u00eda con alrededor de <strong>600 a 650 personas<\/strong> migrantes, la mayor\u00eda salvadore\u00f1os, casi un centenar de ni\u00f1os, alrededor de 250 mujeres y el resto son <strong>hombres<\/strong>.<\/p>\n<p>Ayer se incrementaron las <strong>b\u00fasquedas<\/strong> para poder proteger a estas personas, sobre todo del fr\u00edo, se hicieron scoutings, pero lo que ya se logr\u00f3, sin separaci\u00f3n de la <strong>propia caravana,<\/strong> es que est\u00e9n a partir de ma\u00f1ana en la<strong> Casa del Peregrino<\/strong>\u201cexplic\u00f3.<\/p>\n<\/blockquote>\n<p>La Casa del Peregrino es administrada por la<strong>Arquidi\u00f3cesis Primada de M\u00e9xico<\/strong>, y se ubica en las inmediaciones de la <strong>Bas\u00edlica de Guadalupe.<\/strong><\/p>\n<p>En el lugar permanecer\u00e1n al menos hasta el <strong>pr\u00f3ximo viernes,<\/strong> mientras que el campamento del <strong>Estadio Jes\u00fas Mart\u00ednez<\/strong> <em>Palillo<\/em>\u00a0ya est\u00e1 siendo desmontado y ma\u00f1ana quedar\u00e1 <strong>desarmado<\/strong>.<\/p>\n<p>En tanto, el cura <strong>Alejandro Solalinde<\/strong>, que acompa\u00f1a a este grupo de migrantes que ya lleva m\u00e1s de dos semanas en la <strong>Ciudad de M\u00e9xico,<\/strong> inform\u00f3 que los <strong>centroamericanos<\/strong>estuvieron de acuerdo con el traslado.<\/p>\n","protected":false},"excerpt":{"rendered":"<p>El cura Alejandro Solalinde, que acompa\u00f1a a este grupo de migrantes que ya lleva m\u00e1s de dos semanas en la Ciudad de M\u00e9xico.<br \/>\nPor Redacci\u00f3n QP<\/p>\n","protected":false},"author":2,"featured_media":9564,"comment_status":"open","ping_status":"open","sticky":false,"template":"","format":"standard","meta":{"_monsterinsights_skip_tracking":false,"_monsterinsights_sitenote_active":false,"_monsterinsights_sitenote_note":"","_monsterinsights_sitenote_category":0,"footnotes":""},"categories":[55],"tags":[],"class_list":["post-9565","post","type-post","status-publish","format-standard","has-post-thumbnail","hentry","category-cdmx"],"yoast_head":"<!-- This site is optimized with the Yoast SEO plugin v27.3 - https:\/\/yoast.com\/product\/yoast-seo-wordpress\/ -->\n<title>Caravana Migrante que contin\u00faa en CDMX ser\u00e1 trasladada a Casa del Peregrino -<\/title>\n<meta name=\"robots\" content=\"index, follow, max-snippet:-1, max-image-preview:large, max-video-preview:-1\" \/>\n<link rel=\"canonical\" href=\"https:\/\/quehacerpolitico.mx\/?p=9565\" \/>\n<meta property=\"og:locale\" content=\"es_MX\" \/>\n<meta property=\"og:type\" content=\"article\" \/>\n<meta property=\"og:title\" content=\"Caravana Migrante que contin\u00faa en CDMX ser\u00e1 trasladada a Casa del Peregrino -\" \/>\n<meta property=\"og:description\" content=\"El cura Alejandro Solalinde, que acompa\u00f1a a este grupo de migrantes que ya lleva m\u00e1s de dos semanas en la Ciudad de M\u00e9xico. Por Redacci\u00f3n QP\" \/>\n<meta property=\"og:url\" content=\"https:\/\/quehacerpolitico.mx\/?p=9565\" \/>\n<meta property=\"article:published_time\" content=\"2018-11-18T20:37:07+00:00\" \/>\n<meta name=\"author\" content=\"Redacci\u00f3n QP\" \/>\n<meta name=\"twitter:card\" content=\"summary_large_image\" \/>\n<meta name=\"twitter:label1\" content=\"Escrito por\" \/>\n\t<meta name=\"twitter:data1\" content=\"Redacci\u00f3n QP\" \/>\n\t<meta name=\"twitter:label2\" content=\"Tiempo de lectura\" \/>\n\t<meta name=\"twitter:data2\" content=\"1 minuto\" \/>\n<script type=\"application\/ld+json\" class=\"yoast-schema-graph\">{\"@context\":\"https:\\\/\\\/schema.org\",\"@graph\":[{\"@type\":\"Article\",\"@id\":\"https:\\\/\\\/quehacerpolitico.mx\\\/?p=9565#article\",\"isPartOf\":{\"@id\":\"https:\\\/\\\/quehacerpolitico.mx\\\/?p=9565\"},\"author\":{\"name\":\"Redacci\u00f3n QP\",\"@id\":\"https:\\\/\\\/quehacerpolitico.mx\\\/#\\\/schema\\\/person\\\/496d8ad2d1d3f8036101dca7ee39e585\"},\"headline\":\"Caravana Migrante que contin\u00faa en CDMX ser\u00e1 trasladada a Casa del Peregrino\",\"datePublished\":\"2018-11-18T20:37:07+00:00\",\"mainEntityOfPage\":{\"@id\":\"https:\\\/\\\/quehacerpolitico.mx\\\/?p=9565\"},\"wordCount\":264,\"commentCount\":0,\"image\":{\"@id\":\"https:\\\/\\\/quehacerpolitico.mx\\\/?p=9565#primaryimage\"},\"thumbnailUrl\":\"\",\"articleSection\":[\"CDMX\"],\"inLanguage\":\"es\",\"potentialAction\":[{\"@type\":\"CommentAction\",\"name\":\"Comment\",\"target\":[\"https:\\\/\\\/quehacerpolitico.mx\\\/?p=9565#respond\"]}]},{\"@type\":\"WebPage\",\"@id\":\"https:\\\/\\\/quehacerpolitico.mx\\\/?p=9565\",\"url\":\"https:\\\/\\\/quehacerpolitico.mx\\\/?p=9565\",\"name\":\"Caravana Migrante que contin\u00faa en CDMX ser\u00e1 trasladada a Casa del Peregrino -\",\"isPartOf\":{\"@id\":\"https:\\\/\\\/quehacerpolitico.mx\\\/#website\"},\"primaryImageOfPage\":{\"@id\":\"https:\\\/\\\/quehacerpolitico.mx\\\/?p=9565#primaryimage\"},\"image\":{\"@id\":\"https:\\\/\\\/quehacerpolitico.mx\\\/?p=9565#primaryimage\"},\"thumbnailUrl\":\"\",\"datePublished\":\"2018-11-18T20:37:07+00:00\",\"author\":{\"@id\":\"https:\\\/\\\/quehacerpolitico.mx\\\/#\\\/schema\\\/person\\\/496d8ad2d1d3f8036101dca7ee39e585\"},\"breadcrumb\":{\"@id\":\"https:\\\/\\\/quehacerpolitico.mx\\\/?p=9565#breadcrumb\"},\"inLanguage\":\"es\",\"potentialAction\":[{\"@type\":\"ReadAction\",\"target\":[\"https:\\\/\\\/quehacerpolitico.mx\\\/?p=9565\"]}]},{\"@type\":\"ImageObject\",\"inLanguage\":\"es\",\"@id\":\"https:\\\/\\\/quehacerpolitico.mx\\\/?p=9565#primaryimage\",\"url\":\"\",\"contentUrl\":\"\"},{\"@type\":\"BreadcrumbList\",\"@id\":\"https:\\\/\\\/quehacerpolitico.mx\\\/?p=9565#breadcrumb\",\"itemListElement\":[{\"@type\":\"ListItem\",\"position\":1,\"name\":\"Inicio\",\"item\":\"https:\\\/\\\/quehacerpolitico.mx\\\/\"},{\"@type\":\"ListItem\",\"position\":2,\"name\":\"Caravana Migrante que contin\u00faa en CDMX ser\u00e1 trasladada a Casa del Peregrino\"}]},{\"@type\":\"WebSite\",\"@id\":\"https:\\\/\\\/quehacerpolitico.mx\\\/#website\",\"url\":\"https:\\\/\\\/quehacerpolitico.mx\\\/\",\"name\":\"\",\"description\":\"\",\"potentialAction\":[{\"@type\":\"SearchAction\",\"target\":{\"@type\":\"EntryPoint\",\"urlTemplate\":\"https:\\\/\\\/quehacerpolitico.mx\\\/?s={search_term_string}\"},\"query-input\":{\"@type\":\"PropertyValueSpecification\",\"valueRequired\":true,\"valueName\":\"search_term_string\"}}],\"inLanguage\":\"es\"},{\"@type\":\"Person\",\"@id\":\"https:\\\/\\\/quehacerpolitico.mx\\\/#\\\/schema\\\/person\\\/496d8ad2d1d3f8036101dca7ee39e585\",\"name\":\"Redacci\u00f3n QP\",\"image\":{\"@type\":\"ImageObject\",\"inLanguage\":\"es\",\"@id\":\"https:\\\/\\\/secure.gravatar.com\\\/avatar\\\/c7164ed6fdec453195284ad24a5ae5b6e1eed2b848477fa2a4787ba9adf39a41?s=96&d=mm&r=g\",\"url\":\"https:\\\/\\\/secure.gravatar.com\\\/avatar\\\/c7164ed6fdec453195284ad24a5ae5b6e1eed2b848477fa2a4787ba9adf39a41?s=96&d=mm&r=g\",\"contentUrl\":\"https:\\\/\\\/secure.gravatar.com\\\/avatar\\\/c7164ed6fdec453195284ad24a5ae5b6e1eed2b848477fa2a4787ba9adf39a41?s=96&d=mm&r=g\",\"caption\":\"Redacci\u00f3n QP\"},\"url\":\"https:\\\/\\\/quehacerpolitico.mx\\\/?author=2\"}]}<\/script>\n<!-- \/ Yoast SEO plugin. -->","yoast_head_json":{"title":"Caravana Migrante que contin\u00faa en CDMX ser\u00e1 trasladada a Casa del Peregrino -","robots":{"index":"index","follow":"follow","max-snippet":"max-snippet:-1","max-image-preview":"max-image-preview:large","max-video-preview":"max-video-preview:-1"},"canonical":"https:\/\/quehacerpolitico.mx\/?p=9565","og_locale":"es_MX","og_type":"article","og_title":"Caravana Migrante que contin\u00faa en CDMX ser\u00e1 trasladada a Casa del Peregrino -","og_description":"El cura Alejandro Solalinde, que acompa\u00f1a a este grupo de migrantes que ya lleva m\u00e1s de dos semanas en la Ciudad de M\u00e9xico. Por Redacci\u00f3n QP","og_url":"https:\/\/quehacerpolitico.mx\/?p=9565","article_published_time":"2018-11-18T20:37:07+00:00","author":"Redacci\u00f3n QP","twitter_card":"summary_large_image","twitter_misc":{"Escrito por":"Redacci\u00f3n QP","Tiempo de lectura":"1 minuto"},"schema":{"@context":"https:\/\/schema.org","@graph":[{"@type":"Article","@id":"https:\/\/quehacerpolitico.mx\/?p=9565#article","isPartOf":{"@id":"https:\/\/quehacerpolitico.mx\/?p=9565"},"author":{"name":"Redacci\u00f3n QP","@id":"https:\/\/quehacerpolitico.mx\/#\/schema\/person\/496d8ad2d1d3f8036101dca7ee39e585"},"headline":"Caravana Migrante que contin\u00faa en CDMX ser\u00e1 trasladada a Casa del Peregrino","datePublished":"2018-11-18T20:37:07+00:00","mainEntityOfPage":{"@id":"https:\/\/quehacerpolitico.mx\/?p=9565"},"wordCount":264,"commentCount":0,"image":{"@id":"https:\/\/quehacerpolitico.mx\/?p=9565#primaryimage"},"thumbnailUrl":"","articleSection":["CDMX"],"inLanguage":"es","potentialAction":[{"@type":"CommentAction","name":"Comment","target":["https:\/\/quehacerpolitico.mx\/?p=9565#respond"]}]},{"@type":"WebPage","@id":"https:\/\/quehacerpolitico.mx\/?p=9565","url":"https:\/\/quehacerpolitico.mx\/?p=9565","name":"Caravana Migrante que contin\u00faa en CDMX ser\u00e1 trasladada a Casa del Peregrino -","isPartOf":{"@id":"https:\/\/quehacerpolitico.mx\/#website"},"primaryImageOfPage":{"@id":"https:\/\/quehacerpolitico.mx\/?p=9565#primaryimage"},"image":{"@id":"https:\/\/quehacerpolitico.mx\/?p=9565#primaryimage"},"thumbnailUrl":"","datePublished":"2018-11-18T20:37:07+00:00","author":{"@id":"https:\/\/quehacerpolitico.mx\/#\/schema\/person\/496d8ad2d1d3f8036101dca7ee39e585"},"breadcrumb":{"@id":"https:\/\/quehacerpolitico.mx\/?p=9565#breadcrumb"},"inLanguage":"es","potentialAction":[{"@type":"ReadAction","target":["https:\/\/quehacerpolitico.mx\/?p=9565"]}]},{"@type":"ImageObject","inLanguage":"es","@id":"https:\/\/quehacerpolitico.mx\/?p=9565#primaryimage","url":"","contentUrl":""},{"@type":"BreadcrumbList","@id":"https:\/\/quehacerpolitico.mx\/?p=9565#breadcrumb","itemListElement":[{"@type":"ListItem","position":1,"name":"Inicio","item":"https:\/\/quehacerpolitico.mx\/"},{"@type":"ListItem","position":2,"name":"Caravana Migrante que contin\u00faa en CDMX ser\u00e1 trasladada a Casa del Peregrino"}]},{"@type":"WebSite","@id":"https:\/\/quehacerpolitico.mx\/#website","url":"https:\/\/quehacerpolitico.mx\/","name":"","description":"","potentialAction":[{"@type":"SearchAction","target":{"@type":"EntryPoint","urlTemplate":"https:\/\/quehacerpolitico.mx\/?s={search_term_string}"},"query-input":{"@type":"PropertyValueSpecification","valueRequired":true,"valueName":"search_term_string"}}],"inLanguage":"es"},{"@type":"Person","@id":"https:\/\/quehacerpolitico.mx\/#\/schema\/person\/496d8ad2d1d3f8036101dca7ee39e585","name":"Redacci\u00f3n QP","image":{"@type":"ImageObject","inLanguage":"es","@id":"https:\/\/secure.gravatar.com\/avatar\/c7164ed6fdec453195284ad24a5ae5b6e1eed2b848477fa2a4787ba9adf39a41?s=96&d=mm&r=g","url":"https:\/\/secure.gravatar.com\/avatar\/c7164ed6fdec453195284ad24a5ae5b6e1eed2b848477fa2a4787ba9adf39a41?s=96&d=mm&r=g","contentUrl":"https:\/\/secure.gravatar.com\/avatar\/c7164ed6fdec453195284ad24a5ae5b6e1eed2b848477fa2a4787ba9adf39a41?s=96&d=mm&r=g","caption":"Redacci\u00f3n QP"},"url":"https:\/\/quehacerpolitico.mx\/?author=2"}]}},"featured_image_urls":{"full":"","thumbnail":"","medium":"","medium_large":"","large":"","1536x1536":"","2048x2048":"","covernews-featured":"","covernews-medium":""},"author_info":{"display_name":"Redacci\u00f3n QP","author_link":"https:\/\/quehacerpolitico.mx\/?author=2"},"category_info":"<a href=\"https:\/\/quehacerpolitico.mx\/?cat=55\" rel=\"category\">CDMX<\/a>","tag_info":"CDMX","comment_count":"0","_links":{"self":[{"href":"https:\/\/quehacerpolitico.mx\/index.php?rest_route=\/wp\/v2\/posts\/9565","targetHints":{"allow":["GET"]}}],"collection":[{"href":"https:\/\/quehacerpolitico.mx\/index.php?rest_route=\/wp\/v2\/posts"}],"about":[{"href":"https:\/\/quehacerpolitico.mx\/index.php?rest_route=\/wp\/v2\/types\/post"}],"author":[{"embeddable":true,"href":"https:\/\/quehacerpolitico.mx\/index.php?rest_route=\/wp\/v2\/users\/2"}],"replies":[{"embeddable":true,"href":"https:\/\/quehacerpolitico.mx\/index.php?rest_route=%2Fwp%2Fv2%2Fcomments&post=9565"}],"version-history":[{"count":0,"href":"https:\/\/quehacerpolitico.mx\/index.php?rest_route=\/wp\/v2\/posts\/9565\/revisions"}],"wp:featuredmedia":[{"embeddable":true,"href":"https:\/\/quehacerpolitico.mx\/index.php?rest_route=\/"}],"wp:attachment":[{"href":"https:\/\/quehacerpolitico.mx\/index.php?rest_route=%2Fwp%2Fv2%2Fmedia&parent=9565"}],"wp:term":[{"taxonomy":"category","embeddable":true,"href":"https:\/\/quehacerpolitico.mx\/index.php?rest_route=%2Fwp%2Fv2%2Fcategories&post=9565"},{"taxonomy":"post_tag","embeddable":true,"href":"https:\/\/quehacerpolitico.mx\/index.php?rest_route=%2Fwp%2Fv2%2Ftags&post=9565"}],"curies":[{"name":"wp","href":"https:\/\/api.w.org\/{rel}","templated":true}]}}