{"id":9563,"date":"2018-11-18T20:26:37","date_gmt":"2018-11-18T20:26:37","guid":{"rendered":"http:\/\/quehacerpolitico.mx\/morena-pide-apoyo-para-crear-la-guardia-nacional\/"},"modified":"2018-11-18T20:26:37","modified_gmt":"2018-11-18T20:26:37","slug":"morena-pide-apoyo-para-crear-la-guardia-nacional","status":"publish","type":"post","link":"https:\/\/quehacerpolitico.mx\/?p=9563","title":{"rendered":"Morena pide apoyo para crear la Guardia Nacional"},"content":{"rendered":"<h1 class=\"news-title\">Morena pide apoyo para crear la Guardia Nacional<\/h1>\n<p>Por Redacci\u00f3n QP<\/p>\n<p>Dirigentes nacionales y coordinadores parlamentarios de Morena, Encuentro Social y Partido del Trabajo (PT) reafirmaron el compromiso de sostener una alianza parlamentaria para impulsar la agenda prioritaria de la cuarta transformaci\u00f3n.<\/p>\n<div id=\"hybs-mslot-a89e37c8-0\" class=\"hybs-mslot\"><strong>Mario Delgado Carrillo, coordinador del Grupo Parlamentario de Morena, convoc\u00f3 a los legisladores locales de la coalici\u00f3n Juntos Haremos Historia a sacar adelante la agenda prioritaria de la cuarta transformaci\u00f3n<\/strong> y lograr la pacificaci\u00f3n del pa\u00eds.<\/div>\n<p>Durante el encuentro <strong>se les inform\u00f3 a los legisladores sobre las reformas constitucionales que en unos d\u00edas empezar\u00e1n a recibir los congresos locales.<\/strong> \u201cLo que queremos es que haya mucha coordinaci\u00f3n, mucho di\u00e1logo, que ustedes tengan todos los insumos y la informaci\u00f3n para defender estas reformas, que tengan el compromiso de sacarlas adelante, que den la batalla en sus congresos\u201d, explic\u00f3.<\/p>\n<p>Respecto a la creaci\u00f3n de la Guardia Nacional, Delgado Carrillo adelant\u00f3: \u201cLes vamos a platicar un poco tambi\u00e9n de la reforma constitucional para crearla, que necesitamos que nos apoyen en los estados para tenerla muy pronto y poder empezar a establecer esta instituci\u00f3n y llevar seguridad a todo el pa\u00eds\u201d.<\/p>\n<p><strong>Se\u00f1al\u00f3 que los congresos locales, de los cuales en 17 tienen la mayor\u00eda, tambi\u00e9n recibir\u00e1n los proyectos de decreto de reformas sobre la eliminaci\u00f3n del fuero, la revocaci\u00f3n de mandato y la aplicaci\u00f3n de la prisi\u00f3n preventiva con nuevos delitos graves, como el robo de combustible, por corrupci\u00f3n y por faltas electorales.<\/strong><\/p>\n<p>\u201cEn fin, tenemos mucho trabajo, hay un calendario de aqu\u00ed al 1 de diciembre que vamos a cumplir, las reformas necesarias para que arranque el Gobierno de la cuarta transformaci\u00f3n\u201d, dijo el tambi\u00e9n presidente de la Junta de Coordinaci\u00f3n Pol\u00edtica en la C\u00e1mara de Diputados.<\/p>\n<p>Adem\u00e1s abund\u00f3 en que <strong>la agenda legislativa prioritaria incluye los temas sobre la ley de austeridad, revocaci\u00f3n de mandato, eliminaci\u00f3n del fuero, extinci\u00f3n de dominio para delitos como la corrupci\u00f3n, hacer delitos graves a la corrupci\u00f3n, al delito electoral, al robo de combustible y a la falsificaci\u00f3n de facturas.<\/strong><\/p>\n<p>Por su parte, Yeidckol Polevnsky Gurwitz, presidenta nacional de Morena, asever\u00f3 que la coalici\u00f3n Juntos Haremos Historia est\u00e1 comprometida en trabajar como un solo grupo, para que de manera conjunta y organizada se impulsen los proyectos de la agenda legislativa, mismos que har\u00e1n un cambio verdadero para el pa\u00eds. \u201cNuestro objetivo principal es, y es lo que comprometimos, el cambio verdadero, nuestro compromiso de cambiar al pa\u00eds pasa por cambios legislativos\u201d, afirm\u00f3.<\/p>\n<p>Hugo Eric Flores Cervantes, presidente nacional del Partido Encuentro Social, refrend\u00f3 la voluntad de mantener la coalici\u00f3n parlamentaria con el objetivo de respaldar y trabajar en apoyo al proyecto de naci\u00f3n que encabeza el Presidente electo. \u201cEstamos absolutamente convencidos del respaldo absoluto de todos nuestros diputados, a nivel federal y local, al Gobierno de Andr\u00e9s Manuel L\u00f3pez Obrador, y desde luego, siempre acompa\u00f1ados con nuestros aliados, con Morena y con el Partido del Trabajo\u201d, expuso.<\/p>\n","protected":false},"excerpt":{"rendered":"<p>Mario Delgado Carrillo, coordinador del Grupo Parlamentario del partido, llama a los Congresos locales a respaldar los cambios constitucionales que se necesitan<br \/>\nPor Redacci\u00f3n QP<\/p>\n","protected":false},"author":2,"featured_media":9562,"comment_status":"open","ping_status":"open","sticky":false,"template":"","format":"standard","meta":{"_monsterinsights_skip_tracking":false,"_monsterinsights_sitenote_active":false,"_monsterinsights_sitenote_note":"","_monsterinsights_sitenote_category":0,"footnotes":""},"categories":[2],"tags":[],"class_list":["post-9563","post","type-post","status-publish","format-standard","has-post-thumbnail","hentry","category-noticias"],"yoast_head":"<!-- This site is optimized with the Yoast SEO plugin v27.3 - https:\/\/yoast.com\/product\/yoast-seo-wordpress\/ -->\n<title>Morena pide apoyo para crear la Guardia Nacional -<\/title>\n<meta name=\"robots\" content=\"index, follow, max-snippet:-1, max-image-preview:large, max-video-preview:-1\" \/>\n<link rel=\"canonical\" href=\"https:\/\/quehacerpolitico.mx\/?p=9563\" \/>\n<meta property=\"og:locale\" content=\"es_MX\" \/>\n<meta property=\"og:type\" content=\"article\" \/>\n<meta property=\"og:title\" content=\"Morena pide apoyo para crear la Guardia Nacional -\" \/>\n<meta property=\"og:description\" content=\"Mario Delgado Carrillo, coordinador del Grupo Parlamentario del partido, llama a los Congresos locales a respaldar los cambios constitucionales que se necesitan Por Redacci\u00f3n QP\" \/>\n<meta property=\"og:url\" content=\"https:\/\/quehacerpolitico.mx\/?p=9563\" \/>\n<meta property=\"article:published_time\" content=\"2018-11-18T20:26:37+00:00\" \/>\n<meta name=\"author\" content=\"Redacci\u00f3n QP\" \/>\n<meta name=\"twitter:card\" content=\"summary_large_image\" \/>\n<meta name=\"twitter:label1\" content=\"Escrito por\" \/>\n\t<meta name=\"twitter:data1\" content=\"Redacci\u00f3n QP\" \/>\n\t<meta name=\"twitter:label2\" content=\"Tiempo de lectura\" \/>\n\t<meta name=\"twitter:data2\" content=\"3 minutos\" \/>\n<script type=\"application\/ld+json\" class=\"yoast-schema-graph\">{\"@context\":\"https:\\\/\\\/schema.org\",\"@graph\":[{\"@type\":\"Article\",\"@id\":\"https:\\\/\\\/quehacerpolitico.mx\\\/?p=9563#article\",\"isPartOf\":{\"@id\":\"https:\\\/\\\/quehacerpolitico.mx\\\/?p=9563\"},\"author\":{\"name\":\"Redacci\u00f3n QP\",\"@id\":\"https:\\\/\\\/quehacerpolitico.mx\\\/#\\\/schema\\\/person\\\/496d8ad2d1d3f8036101dca7ee39e585\"},\"headline\":\"Morena pide apoyo para crear la Guardia Nacional\",\"datePublished\":\"2018-11-18T20:26:37+00:00\",\"mainEntityOfPage\":{\"@id\":\"https:\\\/\\\/quehacerpolitico.mx\\\/?p=9563\"},\"wordCount\":533,\"commentCount\":0,\"image\":{\"@id\":\"https:\\\/\\\/quehacerpolitico.mx\\\/?p=9563#primaryimage\"},\"thumbnailUrl\":\"\",\"articleSection\":[\"Noticias\"],\"inLanguage\":\"es\",\"potentialAction\":[{\"@type\":\"CommentAction\",\"name\":\"Comment\",\"target\":[\"https:\\\/\\\/quehacerpolitico.mx\\\/?p=9563#respond\"]}]},{\"@type\":\"WebPage\",\"@id\":\"https:\\\/\\\/quehacerpolitico.mx\\\/?p=9563\",\"url\":\"https:\\\/\\\/quehacerpolitico.mx\\\/?p=9563\",\"name\":\"Morena pide apoyo para crear la Guardia Nacional -\",\"isPartOf\":{\"@id\":\"https:\\\/\\\/quehacerpolitico.mx\\\/#website\"},\"primaryImageOfPage\":{\"@id\":\"https:\\\/\\\/quehacerpolitico.mx\\\/?p=9563#primaryimage\"},\"image\":{\"@id\":\"https:\\\/\\\/quehacerpolitico.mx\\\/?p=9563#primaryimage\"},\"thumbnailUrl\":\"\",\"datePublished\":\"2018-11-18T20:26:37+00:00\",\"author\":{\"@id\":\"https:\\\/\\\/quehacerpolitico.mx\\\/#\\\/schema\\\/person\\\/496d8ad2d1d3f8036101dca7ee39e585\"},\"breadcrumb\":{\"@id\":\"https:\\\/\\\/quehacerpolitico.mx\\\/?p=9563#breadcrumb\"},\"inLanguage\":\"es\",\"potentialAction\":[{\"@type\":\"ReadAction\",\"target\":[\"https:\\\/\\\/quehacerpolitico.mx\\\/?p=9563\"]}]},{\"@type\":\"ImageObject\",\"inLanguage\":\"es\",\"@id\":\"https:\\\/\\\/quehacerpolitico.mx\\\/?p=9563#primaryimage\",\"url\":\"\",\"contentUrl\":\"\"},{\"@type\":\"BreadcrumbList\",\"@id\":\"https:\\\/\\\/quehacerpolitico.mx\\\/?p=9563#breadcrumb\",\"itemListElement\":[{\"@type\":\"ListItem\",\"position\":1,\"name\":\"Inicio\",\"item\":\"https:\\\/\\\/quehacerpolitico.mx\\\/\"},{\"@type\":\"ListItem\",\"position\":2,\"name\":\"Morena pide apoyo para crear la Guardia Nacional\"}]},{\"@type\":\"WebSite\",\"@id\":\"https:\\\/\\\/quehacerpolitico.mx\\\/#website\",\"url\":\"https:\\\/\\\/quehacerpolitico.mx\\\/\",\"name\":\"\",\"description\":\"\",\"potentialAction\":[{\"@type\":\"SearchAction\",\"target\":{\"@type\":\"EntryPoint\",\"urlTemplate\":\"https:\\\/\\\/quehacerpolitico.mx\\\/?s={search_term_string}\"},\"query-input\":{\"@type\":\"PropertyValueSpecification\",\"valueRequired\":true,\"valueName\":\"search_term_string\"}}],\"inLanguage\":\"es\"},{\"@type\":\"Person\",\"@id\":\"https:\\\/\\\/quehacerpolitico.mx\\\/#\\\/schema\\\/person\\\/496d8ad2d1d3f8036101dca7ee39e585\",\"name\":\"Redacci\u00f3n QP\",\"image\":{\"@type\":\"ImageObject\",\"inLanguage\":\"es\",\"@id\":\"https:\\\/\\\/secure.gravatar.com\\\/avatar\\\/c7164ed6fdec453195284ad24a5ae5b6e1eed2b848477fa2a4787ba9adf39a41?s=96&d=mm&r=g\",\"url\":\"https:\\\/\\\/secure.gravatar.com\\\/avatar\\\/c7164ed6fdec453195284ad24a5ae5b6e1eed2b848477fa2a4787ba9adf39a41?s=96&d=mm&r=g\",\"contentUrl\":\"https:\\\/\\\/secure.gravatar.com\\\/avatar\\\/c7164ed6fdec453195284ad24a5ae5b6e1eed2b848477fa2a4787ba9adf39a41?s=96&d=mm&r=g\",\"caption\":\"Redacci\u00f3n QP\"},\"url\":\"https:\\\/\\\/quehacerpolitico.mx\\\/?author=2\"}]}<\/script>\n<!-- \/ Yoast SEO plugin. -->","yoast_head_json":{"title":"Morena pide apoyo para crear la Guardia Nacional -","robots":{"index":"index","follow":"follow","max-snippet":"max-snippet:-1","max-image-preview":"max-image-preview:large","max-video-preview":"max-video-preview:-1"},"canonical":"https:\/\/quehacerpolitico.mx\/?p=9563","og_locale":"es_MX","og_type":"article","og_title":"Morena pide apoyo para crear la Guardia Nacional -","og_description":"Mario Delgado Carrillo, coordinador del Grupo Parlamentario del partido, llama a los Congresos locales a respaldar los cambios constitucionales que se necesitan Por Redacci\u00f3n QP","og_url":"https:\/\/quehacerpolitico.mx\/?p=9563","article_published_time":"2018-11-18T20:26:37+00:00","author":"Redacci\u00f3n QP","twitter_card":"summary_large_image","twitter_misc":{"Escrito por":"Redacci\u00f3n QP","Tiempo de lectura":"3 minutos"},"schema":{"@context":"https:\/\/schema.org","@graph":[{"@type":"Article","@id":"https:\/\/quehacerpolitico.mx\/?p=9563#article","isPartOf":{"@id":"https:\/\/quehacerpolitico.mx\/?p=9563"},"author":{"name":"Redacci\u00f3n QP","@id":"https:\/\/quehacerpolitico.mx\/#\/schema\/person\/496d8ad2d1d3f8036101dca7ee39e585"},"headline":"Morena pide apoyo para crear la Guardia Nacional","datePublished":"2018-11-18T20:26:37+00:00","mainEntityOfPage":{"@id":"https:\/\/quehacerpolitico.mx\/?p=9563"},"wordCount":533,"commentCount":0,"image":{"@id":"https:\/\/quehacerpolitico.mx\/?p=9563#primaryimage"},"thumbnailUrl":"","articleSection":["Noticias"],"inLanguage":"es","potentialAction":[{"@type":"CommentAction","name":"Comment","target":["https:\/\/quehacerpolitico.mx\/?p=9563#respond"]}]},{"@type":"WebPage","@id":"https:\/\/quehacerpolitico.mx\/?p=9563","url":"https:\/\/quehacerpolitico.mx\/?p=9563","name":"Morena pide apoyo para crear la Guardia Nacional -","isPartOf":{"@id":"https:\/\/quehacerpolitico.mx\/#website"},"primaryImageOfPage":{"@id":"https:\/\/quehacerpolitico.mx\/?p=9563#primaryimage"},"image":{"@id":"https:\/\/quehacerpolitico.mx\/?p=9563#primaryimage"},"thumbnailUrl":"","datePublished":"2018-11-18T20:26:37+00:00","author":{"@id":"https:\/\/quehacerpolitico.mx\/#\/schema\/person\/496d8ad2d1d3f8036101dca7ee39e585"},"breadcrumb":{"@id":"https:\/\/quehacerpolitico.mx\/?p=9563#breadcrumb"},"inLanguage":"es","potentialAction":[{"@type":"ReadAction","target":["https:\/\/quehacerpolitico.mx\/?p=9563"]}]},{"@type":"ImageObject","inLanguage":"es","@id":"https:\/\/quehacerpolitico.mx\/?p=9563#primaryimage","url":"","contentUrl":""},{"@type":"BreadcrumbList","@id":"https:\/\/quehacerpolitico.mx\/?p=9563#breadcrumb","itemListElement":[{"@type":"ListItem","position":1,"name":"Inicio","item":"https:\/\/quehacerpolitico.mx\/"},{"@type":"ListItem","position":2,"name":"Morena pide apoyo para crear la Guardia Nacional"}]},{"@type":"WebSite","@id":"https:\/\/quehacerpolitico.mx\/#website","url":"https:\/\/quehacerpolitico.mx\/","name":"","description":"","potentialAction":[{"@type":"SearchAction","target":{"@type":"EntryPoint","urlTemplate":"https:\/\/quehacerpolitico.mx\/?s={search_term_string}"},"query-input":{"@type":"PropertyValueSpecification","valueRequired":true,"valueName":"search_term_string"}}],"inLanguage":"es"},{"@type":"Person","@id":"https:\/\/quehacerpolitico.mx\/#\/schema\/person\/496d8ad2d1d3f8036101dca7ee39e585","name":"Redacci\u00f3n QP","image":{"@type":"ImageObject","inLanguage":"es","@id":"https:\/\/secure.gravatar.com\/avatar\/c7164ed6fdec453195284ad24a5ae5b6e1eed2b848477fa2a4787ba9adf39a41?s=96&d=mm&r=g","url":"https:\/\/secure.gravatar.com\/avatar\/c7164ed6fdec453195284ad24a5ae5b6e1eed2b848477fa2a4787ba9adf39a41?s=96&d=mm&r=g","contentUrl":"https:\/\/secure.gravatar.com\/avatar\/c7164ed6fdec453195284ad24a5ae5b6e1eed2b848477fa2a4787ba9adf39a41?s=96&d=mm&r=g","caption":"Redacci\u00f3n QP"},"url":"https:\/\/quehacerpolitico.mx\/?author=2"}]}},"featured_image_urls":{"full":"","thumbnail":"","medium":"","medium_large":"","large":"","1536x1536":"","2048x2048":"","covernews-featured":"","covernews-medium":""},"author_info":{"display_name":"Redacci\u00f3n QP","author_link":"https:\/\/quehacerpolitico.mx\/?author=2"},"category_info":"<a href=\"https:\/\/quehacerpolitico.mx\/?cat=2\" rel=\"category\">Noticias<\/a>","tag_info":"Noticias","comment_count":"0","_links":{"self":[{"href":"https:\/\/quehacerpolitico.mx\/index.php?rest_route=\/wp\/v2\/posts\/9563","targetHints":{"allow":["GET"]}}],"collection":[{"href":"https:\/\/quehacerpolitico.mx\/index.php?rest_route=\/wp\/v2\/posts"}],"about":[{"href":"https:\/\/quehacerpolitico.mx\/index.php?rest_route=\/wp\/v2\/types\/post"}],"author":[{"embeddable":true,"href":"https:\/\/quehacerpolitico.mx\/index.php?rest_route=\/wp\/v2\/users\/2"}],"replies":[{"embeddable":true,"href":"https:\/\/quehacerpolitico.mx\/index.php?rest_route=%2Fwp%2Fv2%2Fcomments&post=9563"}],"version-history":[{"count":0,"href":"https:\/\/quehacerpolitico.mx\/index.php?rest_route=\/wp\/v2\/posts\/9563\/revisions"}],"wp:featuredmedia":[{"embeddable":true,"href":"https:\/\/quehacerpolitico.mx\/index.php?rest_route=\/"}],"wp:attachment":[{"href":"https:\/\/quehacerpolitico.mx\/index.php?rest_route=%2Fwp%2Fv2%2Fmedia&parent=9563"}],"wp:term":[{"taxonomy":"category","embeddable":true,"href":"https:\/\/quehacerpolitico.mx\/index.php?rest_route=%2Fwp%2Fv2%2Fcategories&post=9563"},{"taxonomy":"post_tag","embeddable":true,"href":"https:\/\/quehacerpolitico.mx\/index.php?rest_route=%2Fwp%2Fv2%2Ftags&post=9563"}],"curies":[{"name":"wp","href":"https:\/\/api.w.org\/{rel}","templated":true}]}}