{"id":9561,"date":"2018-11-18T20:18:09","date_gmt":"2018-11-18T20:18:09","guid":{"rendered":"http:\/\/quehacerpolitico.mx\/los-antimonumentos-simbolos-de-distintas-tragedias-en-el-pais-marcan-las-calles-de-la-cdmx\/"},"modified":"2018-11-18T20:18:09","modified_gmt":"2018-11-18T20:18:09","slug":"los-antimonumentos-simbolos-de-distintas-tragedias-en-el-pais-marcan-las-calles-de-la-cdmx","status":"publish","type":"post","link":"https:\/\/quehacerpolitico.mx\/?p=9561","title":{"rendered":"Los \u201cantimonumentos\u201d, s\u00edmbolos de distintas tragedias en el pa\u00eds, marcan las calles de la CdMx"},"content":{"rendered":"<h1>Los \u201cantimonumentos\u201d, s\u00edmbolos de distintas tragedias en el pa\u00eds, marcan las calles de la CdMx<\/h1>\n<p>Por Redacci\u00f3n QP<\/p>\n<p>Los llamados \u201c<strong>antimonumentos<\/strong>\u201c, memoriales levantados por los propios ciudadanos, est\u00e1 cambiando la cara de la <strong>Ciudad de M\u00e9xico<\/strong>, en un llamado a no olvidar casos emblem\u00e1ticos que a\u00fan siguen sin obtener justicia, como el de la desaparici\u00f3n de los <strong>43 estudiantes de Ayotzinapa<\/strong>.<\/p>\n<p>El que hace referencia al caso de los j\u00f3venes, de los que se desconoce su paradero desde la noche del 26 de septiembre de 2014, comenz\u00f3 todo: los familiares encabezaron, siete meses despu\u00e9s de la desaparici\u00f3n, la instalaci\u00f3n de un gran \u201c<strong>+ 43<\/strong>\u201d en la avenida m\u00e1s emblem\u00e1tica de la capital, el <strong>Paseo de la Reforma<\/strong>.<\/p>\n<div id=\"attachment_3499393\" class=\"wp-caption alignnone\"><img loading=\"lazy\" decoding=\"async\" class=\"wp-image-3499393 size-full\" src=\"https:\/\/www.sinembargo.mx\/wp-content\/uploads\/2018\/11\/antimonumento_ayotzinapa-4.jpg\" sizes=\"auto, (max-width: 700px) 100vw, 700px\" srcset=\"https:\/\/www.sinembargo.mx\/wp-content\/uploads\/2018\/11\/antimonumento_ayotzinapa-4.jpg 700w, https:\/\/www.sinembargo.mx\/wp-content\/uploads\/2018\/11\/antimonumento_ayotzinapa-4-300x200.jpg 300w\" alt=\"\" width=\"700\" height=\"467\" \/><\/p>\n<p class=\"wp-caption-text\">El 26 de abril de 2015, a siete meses de la desaparici\u00f3n de los 43 normalistas, levantaron el antimonumento en la Ciudad de M\u00e9xico: +43. Foto: Cuartoscuro<\/p>\n<\/div>\n<p>Las autoridades no retiraron el s\u00edmbolo, bajo el cual se lee el texto \u201cPorque vivos se los llevaron, vivos los queremos\u201d, y desde entonces, a lo largo del centro han aflorado m\u00e1s \u201cantimonumentos\u201d.<\/p>\n<p>El \u00faltimo ha sido uno dedicado a la masacre estudiantil de 1968, colocado en el coraz\u00f3n de la capital, el Z\u00f3calo, porque este a\u00f1o se cumple medio siglo de la tragedia.<\/p>\n<div id=\"attachment_3499379\" class=\"wp-caption alignnone\"><img loading=\"lazy\" decoding=\"async\" class=\"wp-image-3499379 size-full\" src=\"https:\/\/www.sinembargo.mx\/wp-content\/uploads\/2018\/11\/68.jpg\" sizes=\"auto, (max-width: 700px) 100vw, 700px\" srcset=\"https:\/\/www.sinembargo.mx\/wp-content\/uploads\/2018\/11\/68.jpg 700w, https:\/\/www.sinembargo.mx\/wp-content\/uploads\/2018\/11\/68-300x200.jpg 300w\" alt=\"\" width=\"700\" height=\"467\" \/><\/p>\n<p class=\"wp-caption-text\">Antimonumento para conmemorar el movimiento estudiantil y social de 1968, ubicado frente a Z\u00f3calo Capitalino de la Ciudad. Foto: Cuartoscuro<\/p>\n<\/div>\n<p class=\"p1\">En una jardinera ubicada frente a la plancha del Z\u00f3calo capitalino, integrantes del Comit\u00e9 68 instalaron un antimonumento que conmemora el 50 aniversario de la matanza estudiantil de 1968 en la Plaza de las Tres culturas en Tlatelolco.<\/p>\n<p class=\"p1\">El memorial, conformado por seis mosaicos, muestran una paloma blanca que se alza s\u00a1obre los colores rojo y negro y destaca las leyendas \u201c1968, 2 de octubre no se olvida. Fue el Ej\u00e9rcito, fue el Estado\u201d.<\/p>\n<p>Osvaldo Oliva pasa por delante de un gran \u201c+ 65\u201d que ha sido ubicado frente al edificio de la Bolsa mexicana y hace referencia a la tragedia sucedida en 2006 en Pasta de Conchos (Coahuila), donde 65 trabajadores fallecieron por la explosi\u00f3n en una mina; de estas personas, 63 permanecen sepultadas.<\/p>\n<div id=\"attachment_3499396\" class=\"wp-caption alignnone\"><img loading=\"lazy\" decoding=\"async\" class=\"size-full wp-image-3499396\" src=\"https:\/\/www.sinembargo.mx\/wp-content\/uploads\/2018\/11\/aniversario_pasta_de_conchos-13.jpg\" sizes=\"auto, (max-width: 700px) 100vw, 700px\" srcset=\"https:\/\/www.sinembargo.mx\/wp-content\/uploads\/2018\/11\/aniversario_pasta_de_conchos-13.jpg 700w, https:\/\/www.sinembargo.mx\/wp-content\/uploads\/2018\/11\/aniversario_pasta_de_conchos-13-300x200.jpg 300w\" alt=\"\" width=\"700\" height=\"467\" \/><\/p>\n<p class=\"wp-caption-text\">En febrero de este a\u00f1o, con motivo del doceavo aniversario de la tragedia en la mina de carb\u00f3n Pasta de Conchos, las familias levantaron un antimonumento frente a la BMV. Foto: Cuartoscuro<\/p>\n<\/div>\n<p>Como ciudadano, Osvaldo considera que el impacto que tienen estos artefactos se traduce en que los viandantes, al verlos, obtienen \u201cun bit (una pizca) de informaci\u00f3n\u201d.<\/p>\n<p>\u201cHay mucha gente que visita estos puntos, turistas nacionales y extranjeros, y se preguntan qu\u00e9 significa; dan visibilidad a los problemas\u201d, asegura a Efe.<\/p>\n<p>Aproximadamente a un kil\u00f3metro de all\u00ed, frente a las oficinas centrales del Instituto Mexicano del Seguro Social (IMSS), otro \u201cantimonumento\u201d recuerda el incendio de la Guarder\u00eda ABC que acab\u00f3 con la vida de 49 ni\u00f1os y ni\u00f1as, en Sonora.<\/p>\n<div id=\"attachment_3499397\" class=\"wp-caption alignnone\"><img loading=\"lazy\" decoding=\"async\" class=\"size-full wp-image-3499397\" src=\"https:\/\/www.sinembargo.mx\/wp-content\/uploads\/2018\/11\/manifestacion_guarderia_abc-7_2.jpg\" sizes=\"auto, (max-width: 700px) 100vw, 700px\" srcset=\"https:\/\/www.sinembargo.mx\/wp-content\/uploads\/2018\/11\/manifestacion_guarderia_abc-7_2.jpg 700w, https:\/\/www.sinembargo.mx\/wp-content\/uploads\/2018\/11\/manifestacion_guarderia_abc-7_2-200x300.jpg 200w\" alt=\"\" width=\"700\" height=\"1050\" \/><\/p>\n<p class=\"wp-caption-text\">El 5 de junio de 2017 se instal\u00f3 el antimonumento por los ni\u00f1os que fallecieron en el incendio de la guarder\u00eda ABC ocurrido en el Estado de Sonora. Foto: Cuartoscuro<\/p>\n<\/div>\n<p>Mientras que en la esquina de Reforma con la avenida Ju\u00e1rez se alza otro memorial que exige justicia para David y Miguel, j\u00f3venes que fueron secuestrados en el estado de Guerrero, uno de los m\u00e1s violentos del pa\u00eds, hace seis a\u00f1os.<\/p>\n<p>Al lado de este \u201cantimonumento\u201d, el fot\u00f3grafo H\u00e9ctor Crisp\u00edn Gonz\u00e1lez opina que \u201cse est\u00e1n buscando nuevos medios y nuevas formas de expresi\u00f3n para que los eventos no se olviden y permanezcan en la memoria de la ciudad\u201d.<\/p>\n<div id=\"attachment_3499380\" class=\"wp-caption alignnone\"><img loading=\"lazy\" decoding=\"async\" class=\"wp-image-3499380 size-full\" src=\"https:\/\/www.sinembargo.mx\/wp-content\/uploads\/2018\/11\/secuestrados.jpg\" sizes=\"auto, (max-width: 700px) 100vw, 700px\" srcset=\"https:\/\/www.sinembargo.mx\/wp-content\/uploads\/2018\/11\/secuestrados.jpg 700w, https:\/\/www.sinembargo.mx\/wp-content\/uploads\/2018\/11\/secuestrados-300x199.jpg 300w\" alt=\"\" width=\"700\" height=\"465\" \/><\/p>\n<p class=\"wp-caption-text\">Memorial por David y Miguel, dos adolescentes que fueron secuestrados cuando viajaban rumbo a Ixtapa Zihuatanejo, el 5 de enero de 2012 . Foto: Cuartoscuro<\/p>\n<\/div>\n<p>A su entender, la sociedad \u201cest\u00e1 haciendo o\u00edr su voz\u201d. \u201cAntes las cosas pasaban, se comentaban en casa y no trascend\u00edan, actualmente (la sociedad) se est\u00e1 organizando\u201d, resalta.<\/p>\n<p>Estos memoriales, adem\u00e1s de estar de forma perpetua en las calles, se han convertido en lugares clave para los familiares de las v\u00edctimas de estos casos, quienes aprovechan estas localizaciones como puntos de partida para sus marchas y protestas.<\/p>\n<p>El pasado a\u00f1o cerr\u00f3 con 25 mil 339 homicidios dolosos en M\u00e9xico, la cifra m\u00e1s alta en dos d\u00e9cadas, y se prev\u00e9 que 2018 acabe con un n\u00famero mayor, dado que solo en los primeros nueve meses del a\u00f1o ya ha habido 21 mil 283 asesinatos.<\/p>\n<p>Adem\u00e1s, en el pa\u00eds hay cerca de 40 mil desaparecidos, de acuerdo con datos oficiales.<\/p>\n<p>Ante estas cifras, est\u00e1 el riesgo de que los ciudadanos vayan \u201cperdiendo la sensibilidad y la empat\u00eda hacia el otro\u201d, apunta a Efe Roberto Jim\u00e9nez, historiador especialista en el tema de memoria.<\/p>\n<p>De ah\u00ed, contin\u00faa Jim\u00e9nez, quien ejerce como gu\u00eda en el Museo Memoria y Tolerancia de la capital, \u201cla importancia de que la sociedad misma sea la que participe de la exigencia de justicia\u201d.<\/p>\n<p>Los \u201cantimonumentos\u201d, al pedir que \u201cno queden impunes\u201d estos casos, tienen esa implicaci\u00f3n, remarca el historiador, quien asegura que \u201ccuando un crimen queda sin ser castigado, el riesgo es de que se repita\u201d.<\/p>\n<p>Con Informaci\u00f3n de EFE<\/p>\n","protected":false},"excerpt":{"rendered":"<p>Los \u201cantimonumentos\u201d, s\u00edmbolos de distintas tragedias en el pa\u00eds, marcan las calles de la CdMx<br \/>\nPor Redacci\u00f3n QP<\/p>\n","protected":false},"author":2,"featured_media":9560,"comment_status":"open","ping_status":"open","sticky":false,"template":"","format":"standard","meta":{"_monsterinsights_skip_tracking":false,"_monsterinsights_sitenote_active":false,"_monsterinsights_sitenote_note":"","_monsterinsights_sitenote_category":0,"footnotes":""},"categories":[55],"tags":[],"class_list":["post-9561","post","type-post","status-publish","format-standard","has-post-thumbnail","hentry","category-cdmx"],"yoast_head":"<!-- This site is optimized with the Yoast SEO plugin v27.3 - https:\/\/yoast.com\/product\/yoast-seo-wordpress\/ -->\n<title>Los \u201cantimonumentos\u201d, s\u00edmbolos de distintas tragedias en el pa\u00eds, marcan las calles de la CdMx -<\/title>\n<meta name=\"robots\" content=\"index, follow, max-snippet:-1, max-image-preview:large, max-video-preview:-1\" \/>\n<link rel=\"canonical\" href=\"https:\/\/quehacerpolitico.mx\/?p=9561\" \/>\n<meta property=\"og:locale\" content=\"es_MX\" \/>\n<meta property=\"og:type\" content=\"article\" \/>\n<meta property=\"og:title\" content=\"Los \u201cantimonumentos\u201d, s\u00edmbolos de distintas tragedias en el pa\u00eds, marcan las calles de la CdMx -\" \/>\n<meta property=\"og:description\" content=\"Los \u201cantimonumentos\u201d, s\u00edmbolos de distintas tragedias en el pa\u00eds, marcan las calles de la CdMx Por Redacci\u00f3n QP\" \/>\n<meta property=\"og:url\" content=\"https:\/\/quehacerpolitico.mx\/?p=9561\" \/>\n<meta property=\"article:published_time\" content=\"2018-11-18T20:18:09+00:00\" \/>\n<meta name=\"author\" content=\"Redacci\u00f3n QP\" \/>\n<meta name=\"twitter:card\" content=\"summary_large_image\" \/>\n<meta name=\"twitter:label1\" content=\"Escrito por\" \/>\n\t<meta name=\"twitter:data1\" content=\"Redacci\u00f3n QP\" \/>\n\t<meta name=\"twitter:label2\" content=\"Tiempo de lectura\" \/>\n\t<meta name=\"twitter:data2\" content=\"4 minutos\" \/>\n<script type=\"application\/ld+json\" class=\"yoast-schema-graph\">{\"@context\":\"https:\\\/\\\/schema.org\",\"@graph\":[{\"@type\":\"Article\",\"@id\":\"https:\\\/\\\/quehacerpolitico.mx\\\/?p=9561#article\",\"isPartOf\":{\"@id\":\"https:\\\/\\\/quehacerpolitico.mx\\\/?p=9561\"},\"author\":{\"name\":\"Redacci\u00f3n QP\",\"@id\":\"https:\\\/\\\/quehacerpolitico.mx\\\/#\\\/schema\\\/person\\\/496d8ad2d1d3f8036101dca7ee39e585\"},\"headline\":\"Los \u201cantimonumentos\u201d, s\u00edmbolos de distintas tragedias en el pa\u00eds, marcan las calles de la CdMx\",\"datePublished\":\"2018-11-18T20:18:09+00:00\",\"mainEntityOfPage\":{\"@id\":\"https:\\\/\\\/quehacerpolitico.mx\\\/?p=9561\"},\"wordCount\":885,\"commentCount\":0,\"image\":{\"@id\":\"https:\\\/\\\/quehacerpolitico.mx\\\/?p=9561#primaryimage\"},\"thumbnailUrl\":\"\",\"articleSection\":[\"CDMX\"],\"inLanguage\":\"es\",\"potentialAction\":[{\"@type\":\"CommentAction\",\"name\":\"Comment\",\"target\":[\"https:\\\/\\\/quehacerpolitico.mx\\\/?p=9561#respond\"]}]},{\"@type\":\"WebPage\",\"@id\":\"https:\\\/\\\/quehacerpolitico.mx\\\/?p=9561\",\"url\":\"https:\\\/\\\/quehacerpolitico.mx\\\/?p=9561\",\"name\":\"Los \u201cantimonumentos\u201d, s\u00edmbolos de distintas tragedias en el pa\u00eds, marcan las calles de la CdMx -\",\"isPartOf\":{\"@id\":\"https:\\\/\\\/quehacerpolitico.mx\\\/#website\"},\"primaryImageOfPage\":{\"@id\":\"https:\\\/\\\/quehacerpolitico.mx\\\/?p=9561#primaryimage\"},\"image\":{\"@id\":\"https:\\\/\\\/quehacerpolitico.mx\\\/?p=9561#primaryimage\"},\"thumbnailUrl\":\"\",\"datePublished\":\"2018-11-18T20:18:09+00:00\",\"author\":{\"@id\":\"https:\\\/\\\/quehacerpolitico.mx\\\/#\\\/schema\\\/person\\\/496d8ad2d1d3f8036101dca7ee39e585\"},\"breadcrumb\":{\"@id\":\"https:\\\/\\\/quehacerpolitico.mx\\\/?p=9561#breadcrumb\"},\"inLanguage\":\"es\",\"potentialAction\":[{\"@type\":\"ReadAction\",\"target\":[\"https:\\\/\\\/quehacerpolitico.mx\\\/?p=9561\"]}]},{\"@type\":\"ImageObject\",\"inLanguage\":\"es\",\"@id\":\"https:\\\/\\\/quehacerpolitico.mx\\\/?p=9561#primaryimage\",\"url\":\"\",\"contentUrl\":\"\"},{\"@type\":\"BreadcrumbList\",\"@id\":\"https:\\\/\\\/quehacerpolitico.mx\\\/?p=9561#breadcrumb\",\"itemListElement\":[{\"@type\":\"ListItem\",\"position\":1,\"name\":\"Inicio\",\"item\":\"https:\\\/\\\/quehacerpolitico.mx\\\/\"},{\"@type\":\"ListItem\",\"position\":2,\"name\":\"Los \u201cantimonumentos\u201d, s\u00edmbolos de distintas tragedias en el pa\u00eds, marcan las calles de la CdMx\"}]},{\"@type\":\"WebSite\",\"@id\":\"https:\\\/\\\/quehacerpolitico.mx\\\/#website\",\"url\":\"https:\\\/\\\/quehacerpolitico.mx\\\/\",\"name\":\"\",\"description\":\"\",\"potentialAction\":[{\"@type\":\"SearchAction\",\"target\":{\"@type\":\"EntryPoint\",\"urlTemplate\":\"https:\\\/\\\/quehacerpolitico.mx\\\/?s={search_term_string}\"},\"query-input\":{\"@type\":\"PropertyValueSpecification\",\"valueRequired\":true,\"valueName\":\"search_term_string\"}}],\"inLanguage\":\"es\"},{\"@type\":\"Person\",\"@id\":\"https:\\\/\\\/quehacerpolitico.mx\\\/#\\\/schema\\\/person\\\/496d8ad2d1d3f8036101dca7ee39e585\",\"name\":\"Redacci\u00f3n QP\",\"image\":{\"@type\":\"ImageObject\",\"inLanguage\":\"es\",\"@id\":\"https:\\\/\\\/secure.gravatar.com\\\/avatar\\\/c7164ed6fdec453195284ad24a5ae5b6e1eed2b848477fa2a4787ba9adf39a41?s=96&d=mm&r=g\",\"url\":\"https:\\\/\\\/secure.gravatar.com\\\/avatar\\\/c7164ed6fdec453195284ad24a5ae5b6e1eed2b848477fa2a4787ba9adf39a41?s=96&d=mm&r=g\",\"contentUrl\":\"https:\\\/\\\/secure.gravatar.com\\\/avatar\\\/c7164ed6fdec453195284ad24a5ae5b6e1eed2b848477fa2a4787ba9adf39a41?s=96&d=mm&r=g\",\"caption\":\"Redacci\u00f3n QP\"},\"url\":\"https:\\\/\\\/quehacerpolitico.mx\\\/?author=2\"}]}<\/script>\n<!-- \/ Yoast SEO plugin. -->","yoast_head_json":{"title":"Los \u201cantimonumentos\u201d, s\u00edmbolos de distintas tragedias en el pa\u00eds, marcan las calles de la CdMx -","robots":{"index":"index","follow":"follow","max-snippet":"max-snippet:-1","max-image-preview":"max-image-preview:large","max-video-preview":"max-video-preview:-1"},"canonical":"https:\/\/quehacerpolitico.mx\/?p=9561","og_locale":"es_MX","og_type":"article","og_title":"Los \u201cantimonumentos\u201d, s\u00edmbolos de distintas tragedias en el pa\u00eds, marcan las calles de la CdMx -","og_description":"Los \u201cantimonumentos\u201d, s\u00edmbolos de distintas tragedias en el pa\u00eds, marcan las calles de la CdMx Por Redacci\u00f3n QP","og_url":"https:\/\/quehacerpolitico.mx\/?p=9561","article_published_time":"2018-11-18T20:18:09+00:00","author":"Redacci\u00f3n QP","twitter_card":"summary_large_image","twitter_misc":{"Escrito por":"Redacci\u00f3n QP","Tiempo de lectura":"4 minutos"},"schema":{"@context":"https:\/\/schema.org","@graph":[{"@type":"Article","@id":"https:\/\/quehacerpolitico.mx\/?p=9561#article","isPartOf":{"@id":"https:\/\/quehacerpolitico.mx\/?p=9561"},"author":{"name":"Redacci\u00f3n QP","@id":"https:\/\/quehacerpolitico.mx\/#\/schema\/person\/496d8ad2d1d3f8036101dca7ee39e585"},"headline":"Los \u201cantimonumentos\u201d, s\u00edmbolos de distintas tragedias en el pa\u00eds, marcan las calles de la CdMx","datePublished":"2018-11-18T20:18:09+00:00","mainEntityOfPage":{"@id":"https:\/\/quehacerpolitico.mx\/?p=9561"},"wordCount":885,"commentCount":0,"image":{"@id":"https:\/\/quehacerpolitico.mx\/?p=9561#primaryimage"},"thumbnailUrl":"","articleSection":["CDMX"],"inLanguage":"es","potentialAction":[{"@type":"CommentAction","name":"Comment","target":["https:\/\/quehacerpolitico.mx\/?p=9561#respond"]}]},{"@type":"WebPage","@id":"https:\/\/quehacerpolitico.mx\/?p=9561","url":"https:\/\/quehacerpolitico.mx\/?p=9561","name":"Los \u201cantimonumentos\u201d, s\u00edmbolos de distintas tragedias en el pa\u00eds, marcan las calles de la CdMx -","isPartOf":{"@id":"https:\/\/quehacerpolitico.mx\/#website"},"primaryImageOfPage":{"@id":"https:\/\/quehacerpolitico.mx\/?p=9561#primaryimage"},"image":{"@id":"https:\/\/quehacerpolitico.mx\/?p=9561#primaryimage"},"thumbnailUrl":"","datePublished":"2018-11-18T20:18:09+00:00","author":{"@id":"https:\/\/quehacerpolitico.mx\/#\/schema\/person\/496d8ad2d1d3f8036101dca7ee39e585"},"breadcrumb":{"@id":"https:\/\/quehacerpolitico.mx\/?p=9561#breadcrumb"},"inLanguage":"es","potentialAction":[{"@type":"ReadAction","target":["https:\/\/quehacerpolitico.mx\/?p=9561"]}]},{"@type":"ImageObject","inLanguage":"es","@id":"https:\/\/quehacerpolitico.mx\/?p=9561#primaryimage","url":"","contentUrl":""},{"@type":"BreadcrumbList","@id":"https:\/\/quehacerpolitico.mx\/?p=9561#breadcrumb","itemListElement":[{"@type":"ListItem","position":1,"name":"Inicio","item":"https:\/\/quehacerpolitico.mx\/"},{"@type":"ListItem","position":2,"name":"Los \u201cantimonumentos\u201d, s\u00edmbolos de distintas tragedias en el pa\u00eds, marcan las calles de la CdMx"}]},{"@type":"WebSite","@id":"https:\/\/quehacerpolitico.mx\/#website","url":"https:\/\/quehacerpolitico.mx\/","name":"","description":"","potentialAction":[{"@type":"SearchAction","target":{"@type":"EntryPoint","urlTemplate":"https:\/\/quehacerpolitico.mx\/?s={search_term_string}"},"query-input":{"@type":"PropertyValueSpecification","valueRequired":true,"valueName":"search_term_string"}}],"inLanguage":"es"},{"@type":"Person","@id":"https:\/\/quehacerpolitico.mx\/#\/schema\/person\/496d8ad2d1d3f8036101dca7ee39e585","name":"Redacci\u00f3n QP","image":{"@type":"ImageObject","inLanguage":"es","@id":"https:\/\/secure.gravatar.com\/avatar\/c7164ed6fdec453195284ad24a5ae5b6e1eed2b848477fa2a4787ba9adf39a41?s=96&d=mm&r=g","url":"https:\/\/secure.gravatar.com\/avatar\/c7164ed6fdec453195284ad24a5ae5b6e1eed2b848477fa2a4787ba9adf39a41?s=96&d=mm&r=g","contentUrl":"https:\/\/secure.gravatar.com\/avatar\/c7164ed6fdec453195284ad24a5ae5b6e1eed2b848477fa2a4787ba9adf39a41?s=96&d=mm&r=g","caption":"Redacci\u00f3n QP"},"url":"https:\/\/quehacerpolitico.mx\/?author=2"}]}},"featured_image_urls":{"full":"","thumbnail":"","medium":"","medium_large":"","large":"","1536x1536":"","2048x2048":"","covernews-featured":"","covernews-medium":""},"author_info":{"display_name":"Redacci\u00f3n QP","author_link":"https:\/\/quehacerpolitico.mx\/?author=2"},"category_info":"<a href=\"https:\/\/quehacerpolitico.mx\/?cat=55\" rel=\"category\">CDMX<\/a>","tag_info":"CDMX","comment_count":"0","_links":{"self":[{"href":"https:\/\/quehacerpolitico.mx\/index.php?rest_route=\/wp\/v2\/posts\/9561","targetHints":{"allow":["GET"]}}],"collection":[{"href":"https:\/\/quehacerpolitico.mx\/index.php?rest_route=\/wp\/v2\/posts"}],"about":[{"href":"https:\/\/quehacerpolitico.mx\/index.php?rest_route=\/wp\/v2\/types\/post"}],"author":[{"embeddable":true,"href":"https:\/\/quehacerpolitico.mx\/index.php?rest_route=\/wp\/v2\/users\/2"}],"replies":[{"embeddable":true,"href":"https:\/\/quehacerpolitico.mx\/index.php?rest_route=%2Fwp%2Fv2%2Fcomments&post=9561"}],"version-history":[{"count":0,"href":"https:\/\/quehacerpolitico.mx\/index.php?rest_route=\/wp\/v2\/posts\/9561\/revisions"}],"wp:featuredmedia":[{"embeddable":true,"href":"https:\/\/quehacerpolitico.mx\/index.php?rest_route=\/"}],"wp:attachment":[{"href":"https:\/\/quehacerpolitico.mx\/index.php?rest_route=%2Fwp%2Fv2%2Fmedia&parent=9561"}],"wp:term":[{"taxonomy":"category","embeddable":true,"href":"https:\/\/quehacerpolitico.mx\/index.php?rest_route=%2Fwp%2Fv2%2Fcategories&post=9561"},{"taxonomy":"post_tag","embeddable":true,"href":"https:\/\/quehacerpolitico.mx\/index.php?rest_route=%2Fwp%2Fv2%2Ftags&post=9561"}],"curies":[{"name":"wp","href":"https:\/\/api.w.org\/{rel}","templated":true}]}}