{"id":9559,"date":"2018-11-18T20:09:19","date_gmt":"2018-11-18T20:09:19","guid":{"rendered":"http:\/\/quehacerpolitico.mx\/internacionales-carolina-alonso-romei-trump-cita-en-twitter-al-alcalde-de-tijuana-y-alimenta-con-el-su-odio-y-discurso-antiinmigrantes\/"},"modified":"2018-11-18T20:09:19","modified_gmt":"2018-11-18T20:09:19","slug":"internacionales-carolina-alonso-romei-trump-cita-en-twitter-al-alcalde-de-tijuana-y-alimenta-con-el-su-odio-y-discurso-antiinmigrantes","status":"publish","type":"post","link":"https:\/\/quehacerpolitico.mx\/?p=9559","title":{"rendered":"Internacionales\/\/\/Carolina Alonso Romei\/\/\/Trump cita en Twitter al Alcalde de Tijuana y alimenta con \u00e9l su odio y discurso antiinmigrantes"},"content":{"rendered":"<h1>Trump cita en Twitter al Alcalde de Tijuana y alimenta con \u00e9l su odio y discurso antiinmigrantes<\/h1>\n<p>Por Carolina Alonso Romei<\/p>\n<p>Internacionalista<\/p>\n<p>El Presidente de Estados Unidos, <strong>Donald Trump<\/strong>, asegur\u00f3 este domingo que las <strong>caravanas de migrantes<\/strong>\u00a0est\u00e1n \u201ccausando <strong>crimen<\/strong> y grandes <strong>problemas<\/strong>\u201d en M\u00e9xico y cit\u00f3 al <strong>Alcalde<\/strong> de Tijuana, Juan Manuel Gast\u00e9lum, quien en d\u00edas pasados asegur\u00f3 que la ciudad no est\u00e1 lista para recibir a los centromericanos. Hoy, Trump dijo que Estados Unidos tampoco lo est\u00e1 y les exigi\u00f3 volver a casa.<\/p>\n<blockquote>\n<p>\u201cEl Alcalde de Tijuana, M\u00e9xico, acaba de afirmar que \u2018la ciudad no est\u00e1 preparada para esta cantidad de migrantes, el atraso podr\u00eda durar 6 meses\u2019. De la misma manera, Estados Unidos no est\u00e1 preparada para esta invasi\u00f3n, y no lo tolerar\u00e1. Est\u00e1n causando crimen y grandes problemas en M\u00e9xico. \u00a1Vayan a casa!\u201d, escribi\u00f3 el Presidente de Estados Unidos en su cuenta de Twiter este domingo.<\/p>\n<blockquote class=\"twitter-tweet\" data-width=\"550\" data-dnt=\"true\">\n<p lang=\"en\" dir=\"ltr\">The Mayor of Tijuana, Mexico, just stated that \u201cthe City is ill-prepared to handle this many migrants, the backlog could last 6 months.\u201d Likewise, the U.S. is ill-prepared for this invasion, and will not stand for it. They are causing crime and big problems in Mexico. Go home!<\/p>\n<p>&mdash; Donald J. Trump (@realDonaldTrump) <a href=\"https:\/\/twitter.com\/realDonaldTrump\/status\/1064227483187318784?ref_src=twsrc%5Etfw\">November 18, 2018<\/a><\/p><\/blockquote>\n<p><script async src=\"https:\/\/platform.twitter.com\/widgets.js\" charset=\"utf-8\"><\/script><\/p>\n<p>Trump hizo referencia a recientes declaraciones del Alcalde de Tijuana\u00a0quien ha calificado la llegada de los inmigrantes como una \u201cavalancha\u201d que la ciudad no est\u00e1 preparada para soportar, calculando que permanecer\u00e1n en Tijuana durante al menos seis meses en lo que aguardan a presentar sus solicitudes de asilo.<\/p>\n<blockquote>\n<p>\u201cNo estamos preparados para recibirlos\u201d, dijo Juan Manuel Gast\u00e9lum.<\/p>\n<\/blockquote>\n<p>Sin embargo, el pasado 16 de noviembre, Gast\u00e9lum respald\u00f3 el rechazo de algunos ciudadanos de Tijuana quienes se han manifestado en contra del arribo de los migrantes. El Edil de extracci\u00f3n panista llam\u00f3 a los centroamericanos \u201cviolentos\u201d y \u201cmariguanos\u201d.<\/p>\n<p>En una entrevista con <em>Milenio<\/em>, el Alcalde tambi\u00e9n advirti\u00f3 que cualquier migrante que \u201cno respete la ley o la tranquilidad de los tijuanenses, ser\u00e1 presentado al Instituto Nacional de Migraci\u00f3n (INM) para que se aplique la ley y sea regresado a su lugar de origen\u201d.<\/p>\n<blockquote>\n<p>\u201cQueremos que se les aplique el 33 constitucional, Tijuana es una ciudad de migrantes, pero no los queremos de esta manera, fue distinto con los haitianos, ellos llevaban papeles, estaban en orden, no era una horda, perd\u00f3name la expresi\u00f3n y Derechos Humanos se me va a echar encima, pero los derechos humanos son para los humanos derechos\u201d, afirm\u00f3 al medio.<\/p>\n<\/blockquote>\n<div id=\"attachment_3499459\" class=\"wp-caption alignnone\"><img loading=\"lazy\" decoding=\"async\" class=\"size-full wp-image-3499459\" src=\"https:\/\/www.sinembargo.mx\/wp-content\/uploads\/2018\/11\/inconformes.jpg\" sizes=\"auto, (max-width: 700px) 100vw, 700px\" srcset=\"https:\/\/www.sinembargo.mx\/wp-content\/uploads\/2018\/11\/inconformes.jpg 700w, https:\/\/www.sinembargo.mx\/wp-content\/uploads\/2018\/11\/inconformes-300x199.jpg 300w\" alt=\"\" width=\"700\" height=\"465\" \/><\/p>\n<p class=\"wp-caption-text\">Los inconformes aseguran que los migrantes centroamericanos \u00a0se van a quedar en la ciudad y eso podr\u00eda afectarlos de diversas formas. Foto: Cuartoscuro<\/p>\n<\/div>\n<p><strong>MARCHAN A FAVOR Y EN CONTRA<\/strong><\/p>\n<p>La tensi\u00f3n en Tijuana por el arribo de miles de migrantes sigue creciendo. Este domingo dos marchas se registraron en Tijuana para mostrar, una, su rechazo a los centroamericanos; y la otra, para manifestarse en contra de la discriminaci\u00f3n hacia los migrantes.<\/p>\n<p>A pesar de que muchos en esa ciudad han expresado su solidaridad con el calvario de los migrantes e intentan ayudarlos, algunos lugare\u00f1os les han gritado insultos, aventado piedras e incluso golpes.<\/p>\n<p>Este domingo decenas de ciudadanos se congregaron en la plaza Glorieta Cuauht\u00e9moc para mostrar su rechazo ante la llegada de la caravana de migrantes.<\/p>\n<p>Tal y como han expresado en d\u00edas pasados, los inconformes aseguraron que los centroamericanos se van a quedar en la ciudad y eso podr\u00eda afectarlos de diversas formas.<\/p>\n<p>A pesar de los llamados de la Comisi\u00f3n Nacional para Prevenir la Discriminaci\u00f3n, para detener las expresiones de odio un grupo de personas se manifest\u00f3 con gritos como \u201cno a la invasi\u00f3n\u201d y \u201cprimero M\u00e9xico\u201d.<\/p>\n<div id=\"attachment_3499438\" class=\"wp-caption alignnone\"><img loading=\"lazy\" decoding=\"async\" class=\"wp-image-3499438 size-full\" src=\"https:\/\/www.sinembargo.mx\/wp-content\/uploads\/2018\/11\/protesta.jpg\" sizes=\"auto, (max-width: 700px) 100vw, 700px\" srcset=\"https:\/\/www.sinembargo.mx\/wp-content\/uploads\/2018\/11\/protesta.jpg 700w, https:\/\/www.sinembargo.mx\/wp-content\/uploads\/2018\/11\/protesta-300x199.jpg 300w\" alt=\"\" width=\"700\" height=\"465\" \/><\/p>\n<p class=\"wp-caption-text\">Un grupo de personas se concentran en el monumento a Cuauht\u00e9moc en contra de la caravana migrante que espera cruzar a Estados Unidos. Foto: Cuartoscuro<\/p>\n<\/div>\n<p>Los inconformes criticaron que las autoridades locales y federales apoyen a los miles de migrantes y que \u201cdejen de lado\u201d a las personas que viven en situaciones precarias en el pa\u00eds.<\/p>\n<p>Meintras, alrededor de 40 personas se juntaron tambi\u00e9n en la glorieta de \u201cLas Tijeras\u201d para manifestarse en contra del discurso discriminatorio que una parte de la sociedad ha mostrado hacia los migrantes.<\/p>\n<p>Algunos de los integrantes de la manifestaci\u00f3n se\u00f1alaron que no todos lo migrantes son violentos o vienen a da\u00f1ar a Tijuana, como se ha mencionado, sino que se trata de personas que han tenido sufrimiento y vienen buscando mejorar su condici\u00f3n de vida.<\/p>\n<blockquote>\n<p>\u201cNo al discurso de odio, respeto a la dignidad humana\u201d, \u201cTijuana, casa de los migrantes\u201d, \u201cAlto al racismo y la xenof\u00f3bia\u201d, son los mensajes que los manifestantes mostraron en sus pancartas.<\/p>\n<\/blockquote>\n<p>Dentro del grupo se integr\u00f3 otro contingente de la comunidad LGBTI de Tijuana, quienes vienen apoyando a los migrantes debido a que en esta caravana hay tambi\u00e9n integrantes de esta comunidad centroamericana.<\/p>\n<p><strong>MIGRANTES NO SE SIENTE BIENVENIDOS\u00a0<\/strong><\/p>\n<p>Muchos de los casi 3 mil migrantes centroamericanos que han llegado a la frontera de M\u00e9xico con California dijeron el s\u00e1bado que no se sienten bienvenidos en la ciudad de Tijuana, a donde se dirigen cientos de migrantes despu\u00e9s de m\u00e1s de un mes de trayecto.<\/p>\n<p>La gran mayor\u00eda acamparon ah\u00ed en un complejo deportivo, durmiendo en un campo de b\u00e9isbol de tierra y bajo las gradas con vista a los muros de acero con alambre de p\u00faas en la cima en la reci\u00e9n reforzada frontera entre Estados Unidos y M\u00e9xico. La ciudad abri\u00f3 el complejo despu\u00e9s de que otros refugios se llenaron hasta el l\u00edmite de su capacidad.<\/p>\n<p>Algunos grupos eclesi\u00e1sticos proporcionaron duchas port\u00e1tiles, sanitarios y lavabos, adem\u00e1s de repartir caf\u00e9 y donas. El Gobierno federal calcula que pronto podr\u00eda haber m\u00e1s de 10 mil migrantes en Tijuana.<\/p>\n<p><strong>POLIC\u00cdA FEDERAL LEVANTA MURO<\/strong><\/p>\n<p>A la par, entre el desconcierto de comerciantes y automovilistas, elementos de la Polic\u00eda Federal colocaron este s\u00e1bado un muro met\u00e1lico en el lado izquierdo y en partes de acceso peatonal de la garita de San Ysidro como medida preventiva ante un posible cruce de migrantes centroamericanos.<\/p>\n<p>Los comerciantes de la zona comentaron que las vallas met\u00e1licas de color negro, de una altura aproximada de tres metros, se comenzaron a instalar alrededor de las 3 de la tarde de ayer s\u00e1bado.<\/p>\n<p>Desde el domingo 11 de noviembre llegaron los primeros de cientos de migrantes centroamericanos a Tijuana, todos con la intenci\u00f3n de cruzar a Estados Unidos y solicitar asilo humanitario.<\/p>\n<div id=\"attachment_3499349\" class=\"wp-caption alignnone\"><img loading=\"lazy\" decoding=\"async\" class=\"size-full wp-image-3499349\" src=\"https:\/\/www.sinembargo.mx\/wp-content\/uploads\/2018\/11\/vallas_garita_tijuana-2.jpg\" sizes=\"auto, (max-width: 700px) 100vw, 700px\" srcset=\"https:\/\/www.sinembargo.mx\/wp-content\/uploads\/2018\/11\/vallas_garita_tijuana-2.jpg 700w, https:\/\/www.sinembargo.mx\/wp-content\/uploads\/2018\/11\/vallas_garita_tijuana-2-300x200.jpg 300w\" alt=\"\" width=\"700\" height=\"467\" \/><\/p>\n<p class=\"wp-caption-text\">Elementos de la Polic\u00eda Federal colocaron vallas preventivas en los carriles de acceso a la garita internacional de San Ysidro ayer s\u00e1bado. Foto: Omar Mart\u00ednez, Cuartoscuro<\/p>\n<\/div>\n<p>La colocaci\u00f3n de la valla forma parte de un operativo preventivo implementado por la Polic\u00eda Federal para evitar que los migrantes crucen hacia la Uni\u00f3n Americana.<\/p>\n<p>Los comerciantes se mostraron molestos, dado a que algunos tendr\u00e1n que mover sus carros de venta de comida porque su espacio para laborar se vio reducido, pero tambi\u00e9n se muestran comprensivos al considerar que es una medida de seguridad tambi\u00e9n para ellos.<\/p>\n<div id=\"attachment_3499342\" class=\"wp-caption alignnone\"><img loading=\"lazy\" decoding=\"async\" class=\"size-full wp-image-3499342\" src=\"https:\/\/www.sinembargo.mx\/wp-content\/uploads\/2018\/11\/vallas_garita_tijuana-3.jpg\" sizes=\"auto, (max-width: 700px) 100vw, 700px\" srcset=\"https:\/\/www.sinembargo.mx\/wp-content\/uploads\/2018\/11\/vallas_garita_tijuana-3.jpg 700w, https:\/\/www.sinembargo.mx\/wp-content\/uploads\/2018\/11\/vallas_garita_tijuana-3-300x200.jpg 300w\" alt=\"\" width=\"700\" height=\"467\" \/><\/p>\n<p class=\"wp-caption-text\">El operativo de la Polic\u00eda Federal se da para evitar que los migrantes intenten ingresar a la fuerza por el puerto fronterizo. Foto: Omar Mart\u00ednez, Cuartoscuro<\/p>\n<\/div>\n<p>Por su parte, algunos automovilistas manifestaron no estar de acuerdo con estas medidas porque consideran que entorpecer\u00e1n el flujo vehicular del cruce fronterizo.<\/p>\n<p>Las vallas, hasta las 7:30 de la tarde, se hab\u00eda colocado en la parte izquierda del cruce vehicular, otro muro se elev\u00f3 entre el \u00e1rea de comercios de artesan\u00edas y el puente peatonal, y un tercero cerca del cruce peatonal.<\/p>\n<p>De acuerdo a algunas declaraciones extraoficiales, las obras de instalaci\u00f3n podr\u00edan continuar este domingo dejando algunas \u00e1reas libres para los cruces peatonales y vehiculares.<\/p>\n<div id=\"attachment_3499340\" class=\"wp-caption alignnone\"><img loading=\"lazy\" decoding=\"async\" class=\"size-full wp-image-3499340\" src=\"https:\/\/www.sinembargo.mx\/wp-content\/uploads\/2018\/11\/vallas_garita_tijuana-4.jpg\" sizes=\"auto, (max-width: 700px) 100vw, 700px\" srcset=\"https:\/\/www.sinembargo.mx\/wp-content\/uploads\/2018\/11\/vallas_garita_tijuana-4.jpg 700w, https:\/\/www.sinembargo.mx\/wp-content\/uploads\/2018\/11\/vallas_garita_tijuana-4-300x200.jpg 300w\" alt=\"\" width=\"700\" height=\"467\" \/><\/p>\n<p class=\"wp-caption-text\">Algunos automovilistas manifestaron no estar de acuerdo con estas medidas porque consideran que entorpecer\u00e1n el flujo vehicular del cruce fronterizo. Foto: Omar Mart\u00ednez, Cuartoscuro<\/p>\n<\/div>\n<p><strong>\u201cNOS TRATAN COMO ANIMALES\u201d<\/strong><\/p>\n<p>Ivis Mu\u00f1oz, de 26 a\u00f1os, ha considerado volver a Honduras. El granjero cafetalero llam\u00f3 el s\u00e1bado a su padre en Atima, Honduras, para hablar de su siguiente paso despu\u00e9s de que unos locales lo atacaron en una playa de Tijuana. Su padre le dijo que resistiera.<\/p>\n<p>Mu\u00f1oz tiene una bala en la pierna. El miembro de una pandilla le dispar\u00f3 hace un a\u00f1o y lo amenaz\u00f3 con matarlo si volv\u00eda a verlo. Mu\u00f1oz dijo que m\u00e1s tarde se enter\u00f3 que su novia lo hab\u00eda estado enga\u00f1ando con el pandillero.<\/p>\n<div id=\"attachment_3499338\" class=\"wp-caption alignnone\"><img loading=\"lazy\" decoding=\"async\" class=\"size-full wp-image-3499338\" src=\"https:\/\/www.sinembargo.mx\/wp-content\/uploads\/2018\/11\/refugio_migrantes_tijuana-2.jpg\" sizes=\"auto, (max-width: 700px) 100vw, 700px\" srcset=\"https:\/\/www.sinembargo.mx\/wp-content\/uploads\/2018\/11\/refugio_migrantes_tijuana-2.jpg 700w, https:\/\/www.sinembargo.mx\/wp-content\/uploads\/2018\/11\/refugio_migrantes_tijuana-2-300x198.jpg 300w\" alt=\"\" width=\"700\" height=\"461\" \/><\/p>\n<p class=\"wp-caption-text\">La mayor\u00eda de los migrantes que arribaron a Tijuana permanecen en un albergue del deportivo Benito Ju\u00e1rez el cual se encuentra pegado al muro fronterizo. Foto: Omar Mart\u00ednez, Cuartoscuro<\/p>\n<\/div>\n<p>Tiene miedo de ir a casa, pero en Tijuana no se siente bienvenido.<\/p>\n<blockquote>\n<p>Mu\u00f1oz dorm\u00eda en una playa de Tijuana junto con otras dos docenas de migrantes, cuando comenzaron a caer piedras del cielo alrededor de las 2 de la ma\u00f1ana del pasado mi\u00e9rcoles. Escuch\u00f3 a alguien gritar: \u201c\u00a1No los queremos aqu\u00ed! \u00a1Regresen a su pa\u00eds!\u201d Mu\u00f1oz y los dem\u00e1s se levantaron y corrieron en busca de resguardo, dirigi\u00e9ndose a las calles de una zona residencial cercana. Al salir el sol, abordaron un cami\u00f3n hacia el centro de Tijuana. Ahora permanece en el complejo deportivo.<\/p>\n<\/blockquote>\n<p>\u201cNo s\u00e9 qu\u00e9 hacer\u201d, dijo Mu\u00f1oz. Teme que Estados Unidos no le otorgue el asilo, y ser\u00e1 deportado si intenta ingresar al pa\u00eds sin autorizaci\u00f3n.<\/p>\n<p>Carlos Padilla, un migrante de 57 a\u00f1os procedente de Progreso, Honduras, dijo que un habitante de Tijuana le grit\u00f3 \u201clos migrantes son cerdos\u201d, mientras caminaba hace poco por una calle. No respondi\u00f3. \u201cNosotros no venimos a causar problemas, venimos con amor y con la intenci\u00f3n a pedir asilo\u201d, dijo. \u201cPero nos tratan como animales aqu\u00ed\u201d.<\/p>\n<p>Padilla dijo que lo m\u00e1s probable es que regrese a Honduras en caso de que Estados Unidos rechace su solicitud de asilo.<\/p>\n<div id=\"attachment_3499355\" class=\"wp-caption alignnone\"><img loading=\"lazy\" decoding=\"async\" class=\"size-full wp-image-3499355\" src=\"https:\/\/www.sinembargo.mx\/wp-content\/uploads\/2018\/11\/tijuanamigrantes1.jpeg\" sizes=\"auto, (max-width: 700px) 100vw, 700px\" srcset=\"https:\/\/www.sinembargo.mx\/wp-content\/uploads\/2018\/11\/tijuanamigrantes1.jpeg 700w, https:\/\/www.sinembargo.mx\/wp-content\/uploads\/2018\/11\/tijuanamigrantes1-300x199.jpeg 300w\" alt=\"\" width=\"700\" height=\"465\" \/><\/p>\n<p class=\"wp-caption-text\">Migrantes Centroamericanos han acudido a la garita internacional de El Chaparral con la intensi\u00f3n de anotarse en una lista de espera para ser entrevistados por autoridades de Estados Unidos. Foto: Omar Mart\u00ednez, Cuartoscuro<\/p>\n<\/div>\n<p><strong>OTROS VECINOS SE SOLIDARIZAN\u00a0<\/strong><\/p>\n<blockquote>\n<p>\u201cPobre gente ha dejado su pa\u00eds y est\u00e1n en un lugar desconocido\u201d, dijo Mar\u00eda de Jes\u00fas Iz\u00e1rraga, de 68 a\u00f1os y quien vive a dos cuadras del complejo.<\/p>\n<\/blockquote>\n<p>Mientras Iz\u00e1rraga hablaba a la puerta de su casa, un hombre la interrumpi\u00f3 para pedirle dinero para comprar un plato de frijoles. Dijo que lleg\u00f3 con la caravana y ten\u00eda ampollas en los pies. Ella le dio algunos pesos y continu\u00f3 hablando. \u201cEspero que se arregle todo esto de la mejor manera posible\u201d.<\/p>\n<p>A las afueras del complejo, una larga fila de migrantes serpenteaba a lo largo de la calle para recibir donativos de ropa mientras llegaban al lugar enormes hieleras con botellas de agua donadas por grupos de caridad.<\/p>\n<p>Felipe Garza, de 55 a\u00f1os, reconoci\u00f3 que muchos en la ciudad no quieren ayudar, mientras \u00e9l y otros voluntarios de su iglesia serv\u00edan caf\u00e9 y pan a los migrantes en el improvisado albergue. \u201cEs inc\u00f3modo recibir a una multitud grande de gente, pero es una realidad que se tiene que atender\u201d, declar\u00f3.<\/p>\n<p>Garza prometi\u00f3 que si los centroamericanos se comportan, Tijuana los acoger\u00e1 como hizo con los miles de haitianos que llegaron en 2016. Desde entonces, esos haitianos han abierto restaurantes, est\u00e9ticas y se han inscrito en universidades locales.<\/p>\n<p>El agente de polic\u00eda V\u00edctor Coronel est\u00e1 de acuerdo, pero se pregunta a cu\u00e1ntos m\u00e1s puede recibir la ciudad. \u201cLa \u00fanica cosa que podemos hacer es esperar a que al presidente Trump se le abra su coraz\u00f3n un poquito\u201d, coment\u00f3.<\/p>\n<p>Con Informaci\u00f3n de Zeta<\/p>\n<\/blockquote>\n","protected":false},"excerpt":{"rendered":"<p>Trump cita en Twitter al Alcalde de Tijuana y alimenta con \u00e9l su odio y discurso antiinmigrantes<br \/>\nPor Carolina Alonso Romei<br \/>\nInternacionalista<\/p>\n","protected":false},"author":2,"featured_media":9558,"comment_status":"open","ping_status":"open","sticky":false,"template":"","format":"standard","meta":{"_monsterinsights_skip_tracking":false,"_monsterinsights_sitenote_active":false,"_monsterinsights_sitenote_note":"","_monsterinsights_sitenote_category":0,"footnotes":""},"categories":[2],"tags":[],"class_list":["post-9559","post","type-post","status-publish","format-standard","has-post-thumbnail","hentry","category-noticias"],"yoast_head":"<!-- This site is optimized with the Yoast SEO plugin v27.3 - https:\/\/yoast.com\/product\/yoast-seo-wordpress\/ -->\n<title>Internacionales\/\/\/Carolina Alonso Romei\/\/\/Trump cita en Twitter al Alcalde de Tijuana y alimenta con \u00e9l su odio y discurso antiinmigrantes -<\/title>\n<meta name=\"robots\" content=\"index, follow, max-snippet:-1, max-image-preview:large, max-video-preview:-1\" \/>\n<link rel=\"canonical\" href=\"https:\/\/quehacerpolitico.mx\/?p=9559\" \/>\n<meta property=\"og:locale\" content=\"es_MX\" \/>\n<meta property=\"og:type\" content=\"article\" \/>\n<meta property=\"og:title\" content=\"Internacionales\/\/\/Carolina Alonso Romei\/\/\/Trump cita en Twitter al Alcalde de Tijuana y alimenta con \u00e9l su odio y discurso antiinmigrantes -\" \/>\n<meta property=\"og:description\" content=\"Trump cita en Twitter al Alcalde de Tijuana y alimenta con \u00e9l su odio y discurso antiinmigrantes Por Carolina Alonso Romei Internacionalista\" \/>\n<meta property=\"og:url\" content=\"https:\/\/quehacerpolitico.mx\/?p=9559\" \/>\n<meta property=\"article:published_time\" content=\"2018-11-18T20:09:19+00:00\" \/>\n<meta name=\"author\" content=\"Redacci\u00f3n QP\" \/>\n<meta name=\"twitter:card\" content=\"summary_large_image\" \/>\n<meta name=\"twitter:label1\" content=\"Escrito por\" \/>\n\t<meta name=\"twitter:data1\" content=\"Redacci\u00f3n QP\" \/>\n\t<meta name=\"twitter:label2\" content=\"Tiempo de lectura\" \/>\n\t<meta name=\"twitter:data2\" content=\"10 minutos\" \/>\n<script type=\"application\/ld+json\" class=\"yoast-schema-graph\">{\"@context\":\"https:\\\/\\\/schema.org\",\"@graph\":[{\"@type\":\"Article\",\"@id\":\"https:\\\/\\\/quehacerpolitico.mx\\\/?p=9559#article\",\"isPartOf\":{\"@id\":\"https:\\\/\\\/quehacerpolitico.mx\\\/?p=9559\"},\"author\":{\"name\":\"Redacci\u00f3n QP\",\"@id\":\"https:\\\/\\\/quehacerpolitico.mx\\\/#\\\/schema\\\/person\\\/496d8ad2d1d3f8036101dca7ee39e585\"},\"headline\":\"Internacionales\\\/\\\/\\\/Carolina Alonso Romei\\\/\\\/\\\/Trump cita en Twitter al Alcalde de Tijuana y alimenta con \u00e9l su odio y discurso antiinmigrantes\",\"datePublished\":\"2018-11-18T20:09:19+00:00\",\"mainEntityOfPage\":{\"@id\":\"https:\\\/\\\/quehacerpolitico.mx\\\/?p=9559\"},\"wordCount\":1971,\"commentCount\":0,\"image\":{\"@id\":\"https:\\\/\\\/quehacerpolitico.mx\\\/?p=9559#primaryimage\"},\"thumbnailUrl\":\"\",\"articleSection\":[\"Noticias\"],\"inLanguage\":\"es\",\"potentialAction\":[{\"@type\":\"CommentAction\",\"name\":\"Comment\",\"target\":[\"https:\\\/\\\/quehacerpolitico.mx\\\/?p=9559#respond\"]}]},{\"@type\":\"WebPage\",\"@id\":\"https:\\\/\\\/quehacerpolitico.mx\\\/?p=9559\",\"url\":\"https:\\\/\\\/quehacerpolitico.mx\\\/?p=9559\",\"name\":\"Internacionales\\\/\\\/\\\/Carolina Alonso Romei\\\/\\\/\\\/Trump cita en Twitter al Alcalde de Tijuana y alimenta con \u00e9l su odio y discurso antiinmigrantes -\",\"isPartOf\":{\"@id\":\"https:\\\/\\\/quehacerpolitico.mx\\\/#website\"},\"primaryImageOfPage\":{\"@id\":\"https:\\\/\\\/quehacerpolitico.mx\\\/?p=9559#primaryimage\"},\"image\":{\"@id\":\"https:\\\/\\\/quehacerpolitico.mx\\\/?p=9559#primaryimage\"},\"thumbnailUrl\":\"\",\"datePublished\":\"2018-11-18T20:09:19+00:00\",\"author\":{\"@id\":\"https:\\\/\\\/quehacerpolitico.mx\\\/#\\\/schema\\\/person\\\/496d8ad2d1d3f8036101dca7ee39e585\"},\"breadcrumb\":{\"@id\":\"https:\\\/\\\/quehacerpolitico.mx\\\/?p=9559#breadcrumb\"},\"inLanguage\":\"es\",\"potentialAction\":[{\"@type\":\"ReadAction\",\"target\":[\"https:\\\/\\\/quehacerpolitico.mx\\\/?p=9559\"]}]},{\"@type\":\"ImageObject\",\"inLanguage\":\"es\",\"@id\":\"https:\\\/\\\/quehacerpolitico.mx\\\/?p=9559#primaryimage\",\"url\":\"\",\"contentUrl\":\"\"},{\"@type\":\"BreadcrumbList\",\"@id\":\"https:\\\/\\\/quehacerpolitico.mx\\\/?p=9559#breadcrumb\",\"itemListElement\":[{\"@type\":\"ListItem\",\"position\":1,\"name\":\"Inicio\",\"item\":\"https:\\\/\\\/quehacerpolitico.mx\\\/\"},{\"@type\":\"ListItem\",\"position\":2,\"name\":\"Internacionales\\\/\\\/\\\/Carolina Alonso Romei\\\/\\\/\\\/Trump cita en Twitter al Alcalde de Tijuana y alimenta con \u00e9l su odio y discurso antiinmigrantes\"}]},{\"@type\":\"WebSite\",\"@id\":\"https:\\\/\\\/quehacerpolitico.mx\\\/#website\",\"url\":\"https:\\\/\\\/quehacerpolitico.mx\\\/\",\"name\":\"\",\"description\":\"\",\"potentialAction\":[{\"@type\":\"SearchAction\",\"target\":{\"@type\":\"EntryPoint\",\"urlTemplate\":\"https:\\\/\\\/quehacerpolitico.mx\\\/?s={search_term_string}\"},\"query-input\":{\"@type\":\"PropertyValueSpecification\",\"valueRequired\":true,\"valueName\":\"search_term_string\"}}],\"inLanguage\":\"es\"},{\"@type\":\"Person\",\"@id\":\"https:\\\/\\\/quehacerpolitico.mx\\\/#\\\/schema\\\/person\\\/496d8ad2d1d3f8036101dca7ee39e585\",\"name\":\"Redacci\u00f3n QP\",\"image\":{\"@type\":\"ImageObject\",\"inLanguage\":\"es\",\"@id\":\"https:\\\/\\\/secure.gravatar.com\\\/avatar\\\/c7164ed6fdec453195284ad24a5ae5b6e1eed2b848477fa2a4787ba9adf39a41?s=96&d=mm&r=g\",\"url\":\"https:\\\/\\\/secure.gravatar.com\\\/avatar\\\/c7164ed6fdec453195284ad24a5ae5b6e1eed2b848477fa2a4787ba9adf39a41?s=96&d=mm&r=g\",\"contentUrl\":\"https:\\\/\\\/secure.gravatar.com\\\/avatar\\\/c7164ed6fdec453195284ad24a5ae5b6e1eed2b848477fa2a4787ba9adf39a41?s=96&d=mm&r=g\",\"caption\":\"Redacci\u00f3n QP\"},\"url\":\"https:\\\/\\\/quehacerpolitico.mx\\\/?author=2\"}]}<\/script>\n<!-- \/ Yoast SEO plugin. -->","yoast_head_json":{"title":"Internacionales\/\/\/Carolina Alonso Romei\/\/\/Trump cita en Twitter al Alcalde de Tijuana y alimenta con \u00e9l su odio y discurso antiinmigrantes -","robots":{"index":"index","follow":"follow","max-snippet":"max-snippet:-1","max-image-preview":"max-image-preview:large","max-video-preview":"max-video-preview:-1"},"canonical":"https:\/\/quehacerpolitico.mx\/?p=9559","og_locale":"es_MX","og_type":"article","og_title":"Internacionales\/\/\/Carolina Alonso Romei\/\/\/Trump cita en Twitter al Alcalde de Tijuana y alimenta con \u00e9l su odio y discurso antiinmigrantes -","og_description":"Trump cita en Twitter al Alcalde de Tijuana y alimenta con \u00e9l su odio y discurso antiinmigrantes Por Carolina Alonso Romei Internacionalista","og_url":"https:\/\/quehacerpolitico.mx\/?p=9559","article_published_time":"2018-11-18T20:09:19+00:00","author":"Redacci\u00f3n QP","twitter_card":"summary_large_image","twitter_misc":{"Escrito por":"Redacci\u00f3n QP","Tiempo de lectura":"10 minutos"},"schema":{"@context":"https:\/\/schema.org","@graph":[{"@type":"Article","@id":"https:\/\/quehacerpolitico.mx\/?p=9559#article","isPartOf":{"@id":"https:\/\/quehacerpolitico.mx\/?p=9559"},"author":{"name":"Redacci\u00f3n QP","@id":"https:\/\/quehacerpolitico.mx\/#\/schema\/person\/496d8ad2d1d3f8036101dca7ee39e585"},"headline":"Internacionales\/\/\/Carolina Alonso Romei\/\/\/Trump cita en Twitter al Alcalde de Tijuana y alimenta con \u00e9l su odio y discurso antiinmigrantes","datePublished":"2018-11-18T20:09:19+00:00","mainEntityOfPage":{"@id":"https:\/\/quehacerpolitico.mx\/?p=9559"},"wordCount":1971,"commentCount":0,"image":{"@id":"https:\/\/quehacerpolitico.mx\/?p=9559#primaryimage"},"thumbnailUrl":"","articleSection":["Noticias"],"inLanguage":"es","potentialAction":[{"@type":"CommentAction","name":"Comment","target":["https:\/\/quehacerpolitico.mx\/?p=9559#respond"]}]},{"@type":"WebPage","@id":"https:\/\/quehacerpolitico.mx\/?p=9559","url":"https:\/\/quehacerpolitico.mx\/?p=9559","name":"Internacionales\/\/\/Carolina Alonso Romei\/\/\/Trump cita en Twitter al Alcalde de Tijuana y alimenta con \u00e9l su odio y discurso antiinmigrantes -","isPartOf":{"@id":"https:\/\/quehacerpolitico.mx\/#website"},"primaryImageOfPage":{"@id":"https:\/\/quehacerpolitico.mx\/?p=9559#primaryimage"},"image":{"@id":"https:\/\/quehacerpolitico.mx\/?p=9559#primaryimage"},"thumbnailUrl":"","datePublished":"2018-11-18T20:09:19+00:00","author":{"@id":"https:\/\/quehacerpolitico.mx\/#\/schema\/person\/496d8ad2d1d3f8036101dca7ee39e585"},"breadcrumb":{"@id":"https:\/\/quehacerpolitico.mx\/?p=9559#breadcrumb"},"inLanguage":"es","potentialAction":[{"@type":"ReadAction","target":["https:\/\/quehacerpolitico.mx\/?p=9559"]}]},{"@type":"ImageObject","inLanguage":"es","@id":"https:\/\/quehacerpolitico.mx\/?p=9559#primaryimage","url":"","contentUrl":""},{"@type":"BreadcrumbList","@id":"https:\/\/quehacerpolitico.mx\/?p=9559#breadcrumb","itemListElement":[{"@type":"ListItem","position":1,"name":"Inicio","item":"https:\/\/quehacerpolitico.mx\/"},{"@type":"ListItem","position":2,"name":"Internacionales\/\/\/Carolina Alonso Romei\/\/\/Trump cita en Twitter al Alcalde de Tijuana y alimenta con \u00e9l su odio y discurso antiinmigrantes"}]},{"@type":"WebSite","@id":"https:\/\/quehacerpolitico.mx\/#website","url":"https:\/\/quehacerpolitico.mx\/","name":"","description":"","potentialAction":[{"@type":"SearchAction","target":{"@type":"EntryPoint","urlTemplate":"https:\/\/quehacerpolitico.mx\/?s={search_term_string}"},"query-input":{"@type":"PropertyValueSpecification","valueRequired":true,"valueName":"search_term_string"}}],"inLanguage":"es"},{"@type":"Person","@id":"https:\/\/quehacerpolitico.mx\/#\/schema\/person\/496d8ad2d1d3f8036101dca7ee39e585","name":"Redacci\u00f3n QP","image":{"@type":"ImageObject","inLanguage":"es","@id":"https:\/\/secure.gravatar.com\/avatar\/c7164ed6fdec453195284ad24a5ae5b6e1eed2b848477fa2a4787ba9adf39a41?s=96&d=mm&r=g","url":"https:\/\/secure.gravatar.com\/avatar\/c7164ed6fdec453195284ad24a5ae5b6e1eed2b848477fa2a4787ba9adf39a41?s=96&d=mm&r=g","contentUrl":"https:\/\/secure.gravatar.com\/avatar\/c7164ed6fdec453195284ad24a5ae5b6e1eed2b848477fa2a4787ba9adf39a41?s=96&d=mm&r=g","caption":"Redacci\u00f3n QP"},"url":"https:\/\/quehacerpolitico.mx\/?author=2"}]}},"featured_image_urls":{"full":"","thumbnail":"","medium":"","medium_large":"","large":"","1536x1536":"","2048x2048":"","covernews-featured":"","covernews-medium":""},"author_info":{"display_name":"Redacci\u00f3n QP","author_link":"https:\/\/quehacerpolitico.mx\/?author=2"},"category_info":"<a href=\"https:\/\/quehacerpolitico.mx\/?cat=2\" rel=\"category\">Noticias<\/a>","tag_info":"Noticias","comment_count":"0","_links":{"self":[{"href":"https:\/\/quehacerpolitico.mx\/index.php?rest_route=\/wp\/v2\/posts\/9559","targetHints":{"allow":["GET"]}}],"collection":[{"href":"https:\/\/quehacerpolitico.mx\/index.php?rest_route=\/wp\/v2\/posts"}],"about":[{"href":"https:\/\/quehacerpolitico.mx\/index.php?rest_route=\/wp\/v2\/types\/post"}],"author":[{"embeddable":true,"href":"https:\/\/quehacerpolitico.mx\/index.php?rest_route=\/wp\/v2\/users\/2"}],"replies":[{"embeddable":true,"href":"https:\/\/quehacerpolitico.mx\/index.php?rest_route=%2Fwp%2Fv2%2Fcomments&post=9559"}],"version-history":[{"count":0,"href":"https:\/\/quehacerpolitico.mx\/index.php?rest_route=\/wp\/v2\/posts\/9559\/revisions"}],"wp:featuredmedia":[{"embeddable":true,"href":"https:\/\/quehacerpolitico.mx\/index.php?rest_route=\/"}],"wp:attachment":[{"href":"https:\/\/quehacerpolitico.mx\/index.php?rest_route=%2Fwp%2Fv2%2Fmedia&parent=9559"}],"wp:term":[{"taxonomy":"category","embeddable":true,"href":"https:\/\/quehacerpolitico.mx\/index.php?rest_route=%2Fwp%2Fv2%2Fcategories&post=9559"},{"taxonomy":"post_tag","embeddable":true,"href":"https:\/\/quehacerpolitico.mx\/index.php?rest_route=%2Fwp%2Fv2%2Ftags&post=9559"}],"curies":[{"name":"wp","href":"https:\/\/api.w.org\/{rel}","templated":true}]}}