{"id":9553,"date":"2018-11-18T19:38:56","date_gmt":"2018-11-18T19:38:56","guid":{"rendered":"http:\/\/quehacerpolitico.mx\/lanza-guillermo-del-toro-nueva-edicion-de-becas-para-estudiar-cine-ahora-incluye-pasaje\/"},"modified":"2018-11-18T19:38:56","modified_gmt":"2018-11-18T19:38:56","slug":"lanza-guillermo-del-toro-nueva-edicion-de-becas-para-estudiar-cine-ahora-incluye-pasaje","status":"publish","type":"post","link":"https:\/\/quehacerpolitico.mx\/?p=9553","title":{"rendered":"Lanza Guillermo del Toro nueva edici\u00f3n de becas para estudiar cine, ahora incluye pasaje"},"content":{"rendered":"<h3 class=\"mtitle\">Lanza Guillermo del Toro nueva edici\u00f3n de becas para estudiar cine, ahora incluye pasaje<\/h3>\n<p>Por Redacci\u00f3n QP<\/p>\n<p>El director mexicano <strong>Guillermo del Toro, la Fundaci\u00f3n Mary Street Jenkins y el Festival Internacional de Cine en Guadalajara (FICG)<\/strong>\u00a0dieron a conocer la convocatoria de una beca para financiar los estudios de 10 j\u00f3venes cineastas mexicanos.<\/p>\n<p>Con esto apoyo se prev\u00e9 que los beneficiados estudien en alguna de las <strong>12 universidades<\/strong> m\u00e1s destacadas del mundo.<\/p>\n<p>El acto de presentaci\u00f3n tuvo lugar en la Sala <strong>\u201cGuillermo del Toro\u201d<\/strong> de la Cineteca FICG, donde, a trav\u00e9s de una videoconferencia, el cineasta explic\u00f3 que la beca es de \u201cmexicanos para mexicanos.<\/p>\n<h3>Incluye pasaje<\/h3>\n<p>Del Toro dijo que les <strong>dar\u00e1 a los j\u00f3venes seleccionados recursos<\/strong> para pagar la colegiatura anual de sus estudios en cine en licenciatura o maestr\u00eda, adem\u00e1s de cubrir los vuelos de traslado hasta la ciudad sede, manutenci\u00f3n, seguro de gastos m\u00e9dicos y gastos en material escolar.<\/p>\n<p>El cineasta tapat\u00edo afirm\u00f3 que, a<strong>unque el convenio est\u00e1 pactado para ofrecer este apoyo por los pr\u00f3ximos 10 a\u00f1os<\/strong>, lo importante es la continuidad.<\/p>\n<blockquote>\n<p>\u201cUna idea importante es la continuidad. Una de los aspectos es que el compromiso es a una d\u00e9cada, un compromiso que va a terminar dando a un mont\u00f3n de gente que van a tener ideas muy diferentes del cine\u201d, explic\u00f3.<\/p>\n<p>\u201cUnos querr\u00e1n hacer cine animado, otros de g\u00e9nero, otros m\u00e1s bien contestatarios\u201d, expres\u00f3.<\/p>\n<\/blockquote>\n<p>El cineasta recalc\u00f3 que la<strong> beca naci\u00f3 por la necesidad de seguir creando caminos para los cineastas<\/strong> que vienen, ya que el cine mexicano vive un momento importante.<\/p>\n<p>Ello debido a la incursi\u00f3n de realizadores en producciones internacionales y por el n\u00famero de pel\u00edculas mexicanas.<\/p>\n<p>La Beca Jenkins-Del Toro es posible mediante los recursos de la F<strong>undaci\u00f3n Mary Street Jenkins y la organizaci\u00f3n del Patronato del FICG AC.<\/strong><\/p>\n<p><strong>Adem\u00e1s de la Universidad de Guadalajara y la Fundaci\u00f3n Universidad de Guadalajara AC<\/strong>.<\/p>\n<h3>Pol\u00e9mica en la edici\u00f3n anterior<\/h3>\n<p>Un joven de 31 a\u00f1os originario del\u00a0<strong>municipio de Celaya<\/strong>\u00a0pidi\u00f3 ayuda al ayuntamiento para que le pagaran un<strong>\u00a0boleto de avi\u00f3n a Par\u00eds<\/strong>, ciudad en la que planea estudiar una maestr\u00eda en cine luego de ganar una beca ofrecida por el ganador del Oscar, Guillermo del Toro.<\/p>\n<p>Sin embargo la petici\u00f3n ha generado una viral\u00a0<strong>pol\u00e9mica<\/strong>\u00a0entre\u00a0<strong>usuarios de internet<\/strong>, entre los que opinan que es necesario apoyarlo y otros que dicen que ya tiene suficiente edad para costearse el pasaje \u00e9l solo, incluso algunos con esta postura lo han calificado de \u201chuev\u00f3n\u201d.<\/p>\n<p>El muchacho en cuesti\u00f3n se llama\u00a0<strong>Christian Arredondo Narv\u00e1ez<\/strong>. Quien se postul\u00f3 para concursar en la beca que ofreci\u00f3 Guillermo del Toro para estudiar en la Gobelins Master of Arts.<\/p>\n<p>Arredondo declar\u00f3 que no pod\u00eda costearse el\u00a0<strong>boleto de avi\u00f3n<\/strong>\u00a0a Francia, por lo que recibi\u00f3 burlas enredes por ello. Al final\u00a0 Del Toro se ofreci\u00f3 tambi\u00e9n a costearle el pasaje de avi\u00f3n.<\/p>\n<p>El becario, de tan s\u00f3lo\u00a0<strong>31 a\u00f1os<\/strong>,\u00a0 fue atacado en redes sociales luego de que pidi\u00f3 ayuda para pagar el vuelo a\u00a0<strong>Par\u00eds,\u00a0<\/strong>\u00a0pues decenas de usuarios criticaron que su incapacidad de buscar la forma de conseguir el dinero pese a\u00a0<strong>su edad y de sus capacidades<\/strong>.<\/p>\n","protected":false},"excerpt":{"rendered":"<p>El director mexicano dio a conocer la convocatoria de una beca para financiar los estudios de 10 j\u00f3venes cineastas mexicanos.<br \/>\nPor Redacci\u00f3n QP<\/p>\n","protected":false},"author":2,"featured_media":9552,"comment_status":"open","ping_status":"open","sticky":false,"template":"","format":"standard","meta":{"_monsterinsights_skip_tracking":false,"_monsterinsights_sitenote_active":false,"_monsterinsights_sitenote_note":"","_monsterinsights_sitenote_category":0,"footnotes":""},"categories":[58],"tags":[],"class_list":["post-9553","post","type-post","status-publish","format-standard","has-post-thumbnail","hentry","category-cultura"],"yoast_head":"<!-- This site is optimized with the Yoast SEO plugin v27.3 - https:\/\/yoast.com\/product\/yoast-seo-wordpress\/ -->\n<title>Lanza Guillermo del Toro nueva edici\u00f3n de becas para estudiar cine, ahora incluye pasaje -<\/title>\n<meta name=\"robots\" content=\"index, follow, max-snippet:-1, max-image-preview:large, max-video-preview:-1\" \/>\n<link rel=\"canonical\" href=\"https:\/\/quehacerpolitico.mx\/?p=9553\" \/>\n<meta property=\"og:locale\" content=\"es_MX\" \/>\n<meta property=\"og:type\" content=\"article\" \/>\n<meta property=\"og:title\" content=\"Lanza Guillermo del Toro nueva edici\u00f3n de becas para estudiar cine, ahora incluye pasaje -\" \/>\n<meta property=\"og:description\" content=\"El director mexicano dio a conocer la convocatoria de una beca para financiar los estudios de 10 j\u00f3venes cineastas mexicanos. Por Redacci\u00f3n QP\" \/>\n<meta property=\"og:url\" content=\"https:\/\/quehacerpolitico.mx\/?p=9553\" \/>\n<meta property=\"article:published_time\" content=\"2018-11-18T19:38:56+00:00\" \/>\n<meta name=\"author\" content=\"Redacci\u00f3n QP\" \/>\n<meta name=\"twitter:card\" content=\"summary_large_image\" \/>\n<meta name=\"twitter:label1\" content=\"Escrito por\" \/>\n\t<meta name=\"twitter:data1\" content=\"Redacci\u00f3n QP\" \/>\n\t<meta name=\"twitter:label2\" content=\"Tiempo de lectura\" \/>\n\t<meta name=\"twitter:data2\" content=\"3 minutos\" \/>\n<script type=\"application\/ld+json\" class=\"yoast-schema-graph\">{\"@context\":\"https:\\\/\\\/schema.org\",\"@graph\":[{\"@type\":\"Article\",\"@id\":\"https:\\\/\\\/quehacerpolitico.mx\\\/?p=9553#article\",\"isPartOf\":{\"@id\":\"https:\\\/\\\/quehacerpolitico.mx\\\/?p=9553\"},\"author\":{\"name\":\"Redacci\u00f3n QP\",\"@id\":\"https:\\\/\\\/quehacerpolitico.mx\\\/#\\\/schema\\\/person\\\/496d8ad2d1d3f8036101dca7ee39e585\"},\"headline\":\"Lanza Guillermo del Toro nueva edici\u00f3n de becas para estudiar cine, ahora incluye pasaje\",\"datePublished\":\"2018-11-18T19:38:56+00:00\",\"mainEntityOfPage\":{\"@id\":\"https:\\\/\\\/quehacerpolitico.mx\\\/?p=9553\"},\"wordCount\":576,\"commentCount\":0,\"image\":{\"@id\":\"https:\\\/\\\/quehacerpolitico.mx\\\/?p=9553#primaryimage\"},\"thumbnailUrl\":\"\",\"articleSection\":[\"Cultura y Entretenimiento\"],\"inLanguage\":\"es\",\"potentialAction\":[{\"@type\":\"CommentAction\",\"name\":\"Comment\",\"target\":[\"https:\\\/\\\/quehacerpolitico.mx\\\/?p=9553#respond\"]}]},{\"@type\":\"WebPage\",\"@id\":\"https:\\\/\\\/quehacerpolitico.mx\\\/?p=9553\",\"url\":\"https:\\\/\\\/quehacerpolitico.mx\\\/?p=9553\",\"name\":\"Lanza Guillermo del Toro nueva edici\u00f3n de becas para estudiar cine, ahora incluye pasaje -\",\"isPartOf\":{\"@id\":\"https:\\\/\\\/quehacerpolitico.mx\\\/#website\"},\"primaryImageOfPage\":{\"@id\":\"https:\\\/\\\/quehacerpolitico.mx\\\/?p=9553#primaryimage\"},\"image\":{\"@id\":\"https:\\\/\\\/quehacerpolitico.mx\\\/?p=9553#primaryimage\"},\"thumbnailUrl\":\"\",\"datePublished\":\"2018-11-18T19:38:56+00:00\",\"author\":{\"@id\":\"https:\\\/\\\/quehacerpolitico.mx\\\/#\\\/schema\\\/person\\\/496d8ad2d1d3f8036101dca7ee39e585\"},\"breadcrumb\":{\"@id\":\"https:\\\/\\\/quehacerpolitico.mx\\\/?p=9553#breadcrumb\"},\"inLanguage\":\"es\",\"potentialAction\":[{\"@type\":\"ReadAction\",\"target\":[\"https:\\\/\\\/quehacerpolitico.mx\\\/?p=9553\"]}]},{\"@type\":\"ImageObject\",\"inLanguage\":\"es\",\"@id\":\"https:\\\/\\\/quehacerpolitico.mx\\\/?p=9553#primaryimage\",\"url\":\"\",\"contentUrl\":\"\"},{\"@type\":\"BreadcrumbList\",\"@id\":\"https:\\\/\\\/quehacerpolitico.mx\\\/?p=9553#breadcrumb\",\"itemListElement\":[{\"@type\":\"ListItem\",\"position\":1,\"name\":\"Inicio\",\"item\":\"https:\\\/\\\/quehacerpolitico.mx\\\/\"},{\"@type\":\"ListItem\",\"position\":2,\"name\":\"Lanza Guillermo del Toro nueva edici\u00f3n de becas para estudiar cine, ahora incluye pasaje\"}]},{\"@type\":\"WebSite\",\"@id\":\"https:\\\/\\\/quehacerpolitico.mx\\\/#website\",\"url\":\"https:\\\/\\\/quehacerpolitico.mx\\\/\",\"name\":\"\",\"description\":\"\",\"potentialAction\":[{\"@type\":\"SearchAction\",\"target\":{\"@type\":\"EntryPoint\",\"urlTemplate\":\"https:\\\/\\\/quehacerpolitico.mx\\\/?s={search_term_string}\"},\"query-input\":{\"@type\":\"PropertyValueSpecification\",\"valueRequired\":true,\"valueName\":\"search_term_string\"}}],\"inLanguage\":\"es\"},{\"@type\":\"Person\",\"@id\":\"https:\\\/\\\/quehacerpolitico.mx\\\/#\\\/schema\\\/person\\\/496d8ad2d1d3f8036101dca7ee39e585\",\"name\":\"Redacci\u00f3n QP\",\"image\":{\"@type\":\"ImageObject\",\"inLanguage\":\"es\",\"@id\":\"https:\\\/\\\/secure.gravatar.com\\\/avatar\\\/c7164ed6fdec453195284ad24a5ae5b6e1eed2b848477fa2a4787ba9adf39a41?s=96&d=mm&r=g\",\"url\":\"https:\\\/\\\/secure.gravatar.com\\\/avatar\\\/c7164ed6fdec453195284ad24a5ae5b6e1eed2b848477fa2a4787ba9adf39a41?s=96&d=mm&r=g\",\"contentUrl\":\"https:\\\/\\\/secure.gravatar.com\\\/avatar\\\/c7164ed6fdec453195284ad24a5ae5b6e1eed2b848477fa2a4787ba9adf39a41?s=96&d=mm&r=g\",\"caption\":\"Redacci\u00f3n QP\"},\"url\":\"https:\\\/\\\/quehacerpolitico.mx\\\/?author=2\"}]}<\/script>\n<!-- \/ Yoast SEO plugin. -->","yoast_head_json":{"title":"Lanza Guillermo del Toro nueva edici\u00f3n de becas para estudiar cine, ahora incluye pasaje -","robots":{"index":"index","follow":"follow","max-snippet":"max-snippet:-1","max-image-preview":"max-image-preview:large","max-video-preview":"max-video-preview:-1"},"canonical":"https:\/\/quehacerpolitico.mx\/?p=9553","og_locale":"es_MX","og_type":"article","og_title":"Lanza Guillermo del Toro nueva edici\u00f3n de becas para estudiar cine, ahora incluye pasaje -","og_description":"El director mexicano dio a conocer la convocatoria de una beca para financiar los estudios de 10 j\u00f3venes cineastas mexicanos. Por Redacci\u00f3n QP","og_url":"https:\/\/quehacerpolitico.mx\/?p=9553","article_published_time":"2018-11-18T19:38:56+00:00","author":"Redacci\u00f3n QP","twitter_card":"summary_large_image","twitter_misc":{"Escrito por":"Redacci\u00f3n QP","Tiempo de lectura":"3 minutos"},"schema":{"@context":"https:\/\/schema.org","@graph":[{"@type":"Article","@id":"https:\/\/quehacerpolitico.mx\/?p=9553#article","isPartOf":{"@id":"https:\/\/quehacerpolitico.mx\/?p=9553"},"author":{"name":"Redacci\u00f3n QP","@id":"https:\/\/quehacerpolitico.mx\/#\/schema\/person\/496d8ad2d1d3f8036101dca7ee39e585"},"headline":"Lanza Guillermo del Toro nueva edici\u00f3n de becas para estudiar cine, ahora incluye pasaje","datePublished":"2018-11-18T19:38:56+00:00","mainEntityOfPage":{"@id":"https:\/\/quehacerpolitico.mx\/?p=9553"},"wordCount":576,"commentCount":0,"image":{"@id":"https:\/\/quehacerpolitico.mx\/?p=9553#primaryimage"},"thumbnailUrl":"","articleSection":["Cultura y Entretenimiento"],"inLanguage":"es","potentialAction":[{"@type":"CommentAction","name":"Comment","target":["https:\/\/quehacerpolitico.mx\/?p=9553#respond"]}]},{"@type":"WebPage","@id":"https:\/\/quehacerpolitico.mx\/?p=9553","url":"https:\/\/quehacerpolitico.mx\/?p=9553","name":"Lanza Guillermo del Toro nueva edici\u00f3n de becas para estudiar cine, ahora incluye pasaje -","isPartOf":{"@id":"https:\/\/quehacerpolitico.mx\/#website"},"primaryImageOfPage":{"@id":"https:\/\/quehacerpolitico.mx\/?p=9553#primaryimage"},"image":{"@id":"https:\/\/quehacerpolitico.mx\/?p=9553#primaryimage"},"thumbnailUrl":"","datePublished":"2018-11-18T19:38:56+00:00","author":{"@id":"https:\/\/quehacerpolitico.mx\/#\/schema\/person\/496d8ad2d1d3f8036101dca7ee39e585"},"breadcrumb":{"@id":"https:\/\/quehacerpolitico.mx\/?p=9553#breadcrumb"},"inLanguage":"es","potentialAction":[{"@type":"ReadAction","target":["https:\/\/quehacerpolitico.mx\/?p=9553"]}]},{"@type":"ImageObject","inLanguage":"es","@id":"https:\/\/quehacerpolitico.mx\/?p=9553#primaryimage","url":"","contentUrl":""},{"@type":"BreadcrumbList","@id":"https:\/\/quehacerpolitico.mx\/?p=9553#breadcrumb","itemListElement":[{"@type":"ListItem","position":1,"name":"Inicio","item":"https:\/\/quehacerpolitico.mx\/"},{"@type":"ListItem","position":2,"name":"Lanza Guillermo del Toro nueva edici\u00f3n de becas para estudiar cine, ahora incluye pasaje"}]},{"@type":"WebSite","@id":"https:\/\/quehacerpolitico.mx\/#website","url":"https:\/\/quehacerpolitico.mx\/","name":"","description":"","potentialAction":[{"@type":"SearchAction","target":{"@type":"EntryPoint","urlTemplate":"https:\/\/quehacerpolitico.mx\/?s={search_term_string}"},"query-input":{"@type":"PropertyValueSpecification","valueRequired":true,"valueName":"search_term_string"}}],"inLanguage":"es"},{"@type":"Person","@id":"https:\/\/quehacerpolitico.mx\/#\/schema\/person\/496d8ad2d1d3f8036101dca7ee39e585","name":"Redacci\u00f3n QP","image":{"@type":"ImageObject","inLanguage":"es","@id":"https:\/\/secure.gravatar.com\/avatar\/c7164ed6fdec453195284ad24a5ae5b6e1eed2b848477fa2a4787ba9adf39a41?s=96&d=mm&r=g","url":"https:\/\/secure.gravatar.com\/avatar\/c7164ed6fdec453195284ad24a5ae5b6e1eed2b848477fa2a4787ba9adf39a41?s=96&d=mm&r=g","contentUrl":"https:\/\/secure.gravatar.com\/avatar\/c7164ed6fdec453195284ad24a5ae5b6e1eed2b848477fa2a4787ba9adf39a41?s=96&d=mm&r=g","caption":"Redacci\u00f3n QP"},"url":"https:\/\/quehacerpolitico.mx\/?author=2"}]}},"featured_image_urls":{"full":"","thumbnail":"","medium":"","medium_large":"","large":"","1536x1536":"","2048x2048":"","covernews-featured":"","covernews-medium":""},"author_info":{"display_name":"Redacci\u00f3n QP","author_link":"https:\/\/quehacerpolitico.mx\/?author=2"},"category_info":"<a href=\"https:\/\/quehacerpolitico.mx\/?cat=58\" rel=\"category\">Cultura y Entretenimiento<\/a>","tag_info":"Cultura y Entretenimiento","comment_count":"0","_links":{"self":[{"href":"https:\/\/quehacerpolitico.mx\/index.php?rest_route=\/wp\/v2\/posts\/9553","targetHints":{"allow":["GET"]}}],"collection":[{"href":"https:\/\/quehacerpolitico.mx\/index.php?rest_route=\/wp\/v2\/posts"}],"about":[{"href":"https:\/\/quehacerpolitico.mx\/index.php?rest_route=\/wp\/v2\/types\/post"}],"author":[{"embeddable":true,"href":"https:\/\/quehacerpolitico.mx\/index.php?rest_route=\/wp\/v2\/users\/2"}],"replies":[{"embeddable":true,"href":"https:\/\/quehacerpolitico.mx\/index.php?rest_route=%2Fwp%2Fv2%2Fcomments&post=9553"}],"version-history":[{"count":0,"href":"https:\/\/quehacerpolitico.mx\/index.php?rest_route=\/wp\/v2\/posts\/9553\/revisions"}],"wp:featuredmedia":[{"embeddable":true,"href":"https:\/\/quehacerpolitico.mx\/index.php?rest_route=\/"}],"wp:attachment":[{"href":"https:\/\/quehacerpolitico.mx\/index.php?rest_route=%2Fwp%2Fv2%2Fmedia&parent=9553"}],"wp:term":[{"taxonomy":"category","embeddable":true,"href":"https:\/\/quehacerpolitico.mx\/index.php?rest_route=%2Fwp%2Fv2%2Fcategories&post=9553"},{"taxonomy":"post_tag","embeddable":true,"href":"https:\/\/quehacerpolitico.mx\/index.php?rest_route=%2Fwp%2Fv2%2Ftags&post=9553"}],"curies":[{"name":"wp","href":"https:\/\/api.w.org\/{rel}","templated":true}]}}