{"id":95518,"date":"2022-09-23T18:46:13","date_gmt":"2022-09-23T18:46:13","guid":{"rendered":"https:\/\/quehacerpolitico.mx\/?p=95518"},"modified":"2022-09-23T18:46:16","modified_gmt":"2022-09-23T18:46:16","slug":"lopez-obrador-propone-consulta-ciudadana-sobre-la-presencia-del-ejercito-hasta-2028","status":"publish","type":"post","link":"https:\/\/quehacerpolitico.mx\/?p=95518","title":{"rendered":"L\u00f3pez Obrador propone consulta ciudadana sobre la presencia del Ej\u00e9rcito hasta 2028\u00a0"},"content":{"rendered":"\n<p>Por Redacci\u00f3n QP<\/p>\n\n\n\n<p>El Presidente L\u00f3pez Obrador se\u00f1al\u00f3 que le gustar\u00eda hacer esta consulta para que no se quede como un asunto &#8220;cupular&#8221;<\/p>\n\n\n\n<p>El Presidente Andr\u00e9s Manuel L\u00f3pez Obrador asegur\u00f3 que con libertad los senadores podr\u00edan votar en 10 o 15 d\u00edas m\u00e1s para extender la presencia de las&nbsp;<strong>Fuerzas Armadas en tareas de seguridad hasta 2028,<\/strong>&nbsp;pero reiter\u00f3 que le gustar\u00eda que se hiciera una consulta a la gente para que no se trate de un asunto cupular.<\/p>\n\n\n\n<p>En La Ma\u00f1anera de este viernes, el Presidente L\u00f3pez Obrador present\u00f3 las tres preguntas que podr\u00edan consultarse con la ciudadan\u00eda por medio de una encuesta que ser\u00eda aplicada por la subsecretaria de Desarrollo Democr\u00e1tico, Participaci\u00f3n Social y Asuntos Religiosos.<\/p>\n\n\n\n<p>&#8220;Ayer me qued\u00e9 pensando que lo mejor es hacer una consulta a los ciudadanos,\u00a0<strong>que no sea un asunto cupular\u00a0<\/strong>y ya tengo la propuesta de las tres preguntas:<\/p>\n\n\n\n<p>&#8220;\u00bfEst\u00e1s de acuerdo con la creaci\u00f3n de la Guardia Nacional y en su desempe\u00f1o hasta ahora?, \u00bfConsideras que las Fuerzas Armadas, el Ej\u00e9rcito y Marina, deber\u00edan mantenerse haciendo labor de seguridad p\u00fablica hasta 2028 o que regresen a sus cuarteles en marzo de 2024? y \u00bfCu\u00e1l es tu opini\u00f3n: que la\u00a0<strong>Guardia Nacional pase a formar parte de la Secretar\u00eda de la Defensa Nacional como son las Guardias Civiles de otros pa\u00edses o que dependa de la Secretar\u00eda de Gobernaci\u00f3n<\/strong>?&#8221;, comparti\u00f3.<\/p>\n\n\n\n<figure class=\"wp-block-image size-large\"><img loading=\"lazy\" decoding=\"async\" width=\"1024\" height=\"578\" src=\"https:\/\/quehacerpolitico.mx\/wp-content\/uploads\/2022\/09\/image-100-1024x578.jpeg\" alt=\"\" class=\"wp-image-95520\" srcset=\"https:\/\/quehacerpolitico.mx\/wp-content\/uploads\/2022\/09\/image-100-1024x578.jpeg 1024w, https:\/\/quehacerpolitico.mx\/wp-content\/uploads\/2022\/09\/image-100-300x169.jpeg 300w, https:\/\/quehacerpolitico.mx\/wp-content\/uploads\/2022\/09\/image-100-768x433.jpeg 768w, https:\/\/quehacerpolitico.mx\/wp-content\/uploads\/2022\/09\/image-100-260x146.jpeg 260w, https:\/\/quehacerpolitico.mx\/wp-content\/uploads\/2022\/09\/image-100-50x28.jpeg 50w, https:\/\/quehacerpolitico.mx\/wp-content\/uploads\/2022\/09\/image-100-133x75.jpeg 133w, https:\/\/quehacerpolitico.mx\/wp-content\/uploads\/2022\/09\/image-100.jpeg 1104w\" sizes=\"auto, (max-width: 1024px) 100vw, 1024px\" \/><\/figure>\n\n\n\n<p>Mencion\u00f3 que este ejercicio podr\u00eda promoverse todo lo que resta del 2022, para que se aclaren las dudas y que se argumente en favor y en contra y luego ver c\u00f3mo se recoja los sentimientos de la poblaci\u00f3n.<\/p>\n\n\n\n<p>Mientras que el pr\u00f3ximo a\u00f1o podr\u00eda llevarse a cabo la votaci\u00f3n.<\/p>\n\n\n\n<p>Afirm\u00f3 que no dejar\u00e1 a la primera el tema porque es un asunto muy importante y no quiere &#8220;Garc\u00eda Luna o Palominos&#8221; en la Guardia Nacional (GN).<\/p>\n\n\n\n<p>Asimismo,\u00a0<strong>arremeti\u00f3 contra el Partido Acci\u00f3n Nacional (PAN)\u00a0<\/strong>por falsarios e hip\u00f3critas por se\u00f1alar que la iniciativa busca la militarizaci\u00f3n.<\/p>\n\n\n\n<figure class=\"wp-block-embed is-type-rich is-provider-twitter wp-block-embed-twitter\"><div class=\"wp-block-embed__wrapper\">\n<blockquote class=\"twitter-tweet\" data-width=\"550\" data-dnt=\"true\"><p lang=\"es\" dir=\"ltr\">Y ooootra vez con las consultas \ud83d\ude44<br><br>AMLO quiere hacer una para que la gente opine sobre la militarizaci\u00f3n del pa\u00eds <a href=\"https:\/\/t.co\/bsgdv7UTTe\">pic.twitter.com\/bsgdv7UTTe<\/a><\/p>&mdash; Ruido en la Red (@RuidoEnLaRed) <a href=\"https:\/\/twitter.com\/RuidoEnLaRed\/status\/1573306328486973442?ref_src=twsrc%5Etfw\">September 23, 2022<\/a><\/blockquote><script async src=\"https:\/\/platform.twitter.com\/widgets.js\" charset=\"utf-8\"><\/script>\n<\/div><\/figure>\n\n\n\n<p>Con informaci\u00f3n de SUN<\/p>\n","protected":false},"excerpt":{"rendered":"<p>Por Redacci\u00f3n QP El Presidente L\u00f3pez Obrador se\u00f1al\u00f3 que le gustar\u00eda hacer esta consulta para&#8230;<\/p>\n","protected":false},"author":2,"featured_media":95519,"comment_status":"open","ping_status":"open","sticky":false,"template":"","format":"standard","meta":{"_monsterinsights_skip_tracking":false,"_monsterinsights_sitenote_active":false,"_monsterinsights_sitenote_note":"","_monsterinsights_sitenote_category":0,"footnotes":""},"categories":[2],"tags":[],"class_list":["post-95518","post","type-post","status-publish","format-standard","has-post-thumbnail","hentry","category-noticias"],"yoast_head":"<!-- This site is optimized with the Yoast SEO plugin v27.3 - https:\/\/yoast.com\/product\/yoast-seo-wordpress\/ -->\n<title>L\u00f3pez Obrador propone consulta ciudadana sobre la presencia del Ej\u00e9rcito hasta 2028\u00a0 -<\/title>\n<meta name=\"robots\" content=\"index, follow, max-snippet:-1, max-image-preview:large, max-video-preview:-1\" \/>\n<link rel=\"canonical\" href=\"https:\/\/quehacerpolitico.mx\/?p=95518\" \/>\n<meta property=\"og:locale\" content=\"es_MX\" \/>\n<meta property=\"og:type\" content=\"article\" \/>\n<meta property=\"og:title\" content=\"L\u00f3pez Obrador propone consulta ciudadana sobre la presencia del Ej\u00e9rcito hasta 2028\u00a0 -\" \/>\n<meta property=\"og:description\" content=\"Por Redacci\u00f3n QP El Presidente L\u00f3pez Obrador se\u00f1al\u00f3 que le gustar\u00eda hacer esta consulta para...\" \/>\n<meta property=\"og:url\" content=\"https:\/\/quehacerpolitico.mx\/?p=95518\" \/>\n<meta property=\"article:published_time\" content=\"2022-09-23T18:46:13+00:00\" \/>\n<meta property=\"article:modified_time\" content=\"2022-09-23T18:46:16+00:00\" \/>\n<meta property=\"og:image\" content=\"https:\/\/quehacerpolitico.mx\/wp-content\/uploads\/2022\/09\/95315FDB-A4E7-4115-B36F-6B7B7EAE307D.jpeg\" \/>\n\t<meta property=\"og:image:width\" content=\"775\" \/>\n\t<meta property=\"og:image:height\" content=\"565\" \/>\n\t<meta property=\"og:image:type\" content=\"image\/jpeg\" \/>\n<meta name=\"author\" content=\"Redacci\u00f3n QP\" \/>\n<meta name=\"twitter:card\" content=\"summary_large_image\" \/>\n<meta name=\"twitter:label1\" content=\"Escrito por\" \/>\n\t<meta name=\"twitter:data1\" content=\"Redacci\u00f3n QP\" \/>\n\t<meta name=\"twitter:label2\" content=\"Tiempo de lectura\" \/>\n\t<meta name=\"twitter:data2\" content=\"2 minutos\" \/>\n<script type=\"application\/ld+json\" class=\"yoast-schema-graph\">{\"@context\":\"https:\\\/\\\/schema.org\",\"@graph\":[{\"@type\":\"Article\",\"@id\":\"https:\\\/\\\/quehacerpolitico.mx\\\/?p=95518#article\",\"isPartOf\":{\"@id\":\"https:\\\/\\\/quehacerpolitico.mx\\\/?p=95518\"},\"author\":{\"name\":\"Redacci\u00f3n QP\",\"@id\":\"https:\\\/\\\/quehacerpolitico.mx\\\/#\\\/schema\\\/person\\\/496d8ad2d1d3f8036101dca7ee39e585\"},\"headline\":\"L\u00f3pez Obrador propone consulta ciudadana sobre la presencia del Ej\u00e9rcito hasta 2028\u00a0\",\"datePublished\":\"2022-09-23T18:46:13+00:00\",\"dateModified\":\"2022-09-23T18:46:16+00:00\",\"mainEntityOfPage\":{\"@id\":\"https:\\\/\\\/quehacerpolitico.mx\\\/?p=95518\"},\"wordCount\":390,\"commentCount\":0,\"image\":{\"@id\":\"https:\\\/\\\/quehacerpolitico.mx\\\/?p=95518#primaryimage\"},\"thumbnailUrl\":\"https:\\\/\\\/quehacerpolitico.mx\\\/wp-content\\\/uploads\\\/2022\\\/09\\\/95315FDB-A4E7-4115-B36F-6B7B7EAE307D.jpeg\",\"articleSection\":[\"Noticias\"],\"inLanguage\":\"es\",\"potentialAction\":[{\"@type\":\"CommentAction\",\"name\":\"Comment\",\"target\":[\"https:\\\/\\\/quehacerpolitico.mx\\\/?p=95518#respond\"]}]},{\"@type\":\"WebPage\",\"@id\":\"https:\\\/\\\/quehacerpolitico.mx\\\/?p=95518\",\"url\":\"https:\\\/\\\/quehacerpolitico.mx\\\/?p=95518\",\"name\":\"L\u00f3pez Obrador propone consulta ciudadana sobre la presencia del Ej\u00e9rcito hasta 2028\u00a0 -\",\"isPartOf\":{\"@id\":\"https:\\\/\\\/quehacerpolitico.mx\\\/#website\"},\"primaryImageOfPage\":{\"@id\":\"https:\\\/\\\/quehacerpolitico.mx\\\/?p=95518#primaryimage\"},\"image\":{\"@id\":\"https:\\\/\\\/quehacerpolitico.mx\\\/?p=95518#primaryimage\"},\"thumbnailUrl\":\"https:\\\/\\\/quehacerpolitico.mx\\\/wp-content\\\/uploads\\\/2022\\\/09\\\/95315FDB-A4E7-4115-B36F-6B7B7EAE307D.jpeg\",\"datePublished\":\"2022-09-23T18:46:13+00:00\",\"dateModified\":\"2022-09-23T18:46:16+00:00\",\"author\":{\"@id\":\"https:\\\/\\\/quehacerpolitico.mx\\\/#\\\/schema\\\/person\\\/496d8ad2d1d3f8036101dca7ee39e585\"},\"breadcrumb\":{\"@id\":\"https:\\\/\\\/quehacerpolitico.mx\\\/?p=95518#breadcrumb\"},\"inLanguage\":\"es\",\"potentialAction\":[{\"@type\":\"ReadAction\",\"target\":[\"https:\\\/\\\/quehacerpolitico.mx\\\/?p=95518\"]}]},{\"@type\":\"ImageObject\",\"inLanguage\":\"es\",\"@id\":\"https:\\\/\\\/quehacerpolitico.mx\\\/?p=95518#primaryimage\",\"url\":\"https:\\\/\\\/quehacerpolitico.mx\\\/wp-content\\\/uploads\\\/2022\\\/09\\\/95315FDB-A4E7-4115-B36F-6B7B7EAE307D.jpeg\",\"contentUrl\":\"https:\\\/\\\/quehacerpolitico.mx\\\/wp-content\\\/uploads\\\/2022\\\/09\\\/95315FDB-A4E7-4115-B36F-6B7B7EAE307D.jpeg\",\"width\":775,\"height\":565},{\"@type\":\"BreadcrumbList\",\"@id\":\"https:\\\/\\\/quehacerpolitico.mx\\\/?p=95518#breadcrumb\",\"itemListElement\":[{\"@type\":\"ListItem\",\"position\":1,\"name\":\"Inicio\",\"item\":\"https:\\\/\\\/quehacerpolitico.mx\\\/\"},{\"@type\":\"ListItem\",\"position\":2,\"name\":\"L\u00f3pez Obrador propone consulta ciudadana sobre la presencia del Ej\u00e9rcito hasta 2028\u00a0\"}]},{\"@type\":\"WebSite\",\"@id\":\"https:\\\/\\\/quehacerpolitico.mx\\\/#website\",\"url\":\"https:\\\/\\\/quehacerpolitico.mx\\\/\",\"name\":\"\",\"description\":\"\",\"potentialAction\":[{\"@type\":\"SearchAction\",\"target\":{\"@type\":\"EntryPoint\",\"urlTemplate\":\"https:\\\/\\\/quehacerpolitico.mx\\\/?s={search_term_string}\"},\"query-input\":{\"@type\":\"PropertyValueSpecification\",\"valueRequired\":true,\"valueName\":\"search_term_string\"}}],\"inLanguage\":\"es\"},{\"@type\":\"Person\",\"@id\":\"https:\\\/\\\/quehacerpolitico.mx\\\/#\\\/schema\\\/person\\\/496d8ad2d1d3f8036101dca7ee39e585\",\"name\":\"Redacci\u00f3n QP\",\"image\":{\"@type\":\"ImageObject\",\"inLanguage\":\"es\",\"@id\":\"https:\\\/\\\/secure.gravatar.com\\\/avatar\\\/c7164ed6fdec453195284ad24a5ae5b6e1eed2b848477fa2a4787ba9adf39a41?s=96&d=mm&r=g\",\"url\":\"https:\\\/\\\/secure.gravatar.com\\\/avatar\\\/c7164ed6fdec453195284ad24a5ae5b6e1eed2b848477fa2a4787ba9adf39a41?s=96&d=mm&r=g\",\"contentUrl\":\"https:\\\/\\\/secure.gravatar.com\\\/avatar\\\/c7164ed6fdec453195284ad24a5ae5b6e1eed2b848477fa2a4787ba9adf39a41?s=96&d=mm&r=g\",\"caption\":\"Redacci\u00f3n QP\"},\"url\":\"https:\\\/\\\/quehacerpolitico.mx\\\/?author=2\"}]}<\/script>\n<!-- \/ Yoast SEO plugin. -->","yoast_head_json":{"title":"L\u00f3pez Obrador propone consulta ciudadana sobre la presencia del Ej\u00e9rcito hasta 2028\u00a0 -","robots":{"index":"index","follow":"follow","max-snippet":"max-snippet:-1","max-image-preview":"max-image-preview:large","max-video-preview":"max-video-preview:-1"},"canonical":"https:\/\/quehacerpolitico.mx\/?p=95518","og_locale":"es_MX","og_type":"article","og_title":"L\u00f3pez Obrador propone consulta ciudadana sobre la presencia del Ej\u00e9rcito hasta 2028\u00a0 -","og_description":"Por Redacci\u00f3n QP El Presidente L\u00f3pez Obrador se\u00f1al\u00f3 que le gustar\u00eda hacer esta consulta para...","og_url":"https:\/\/quehacerpolitico.mx\/?p=95518","article_published_time":"2022-09-23T18:46:13+00:00","article_modified_time":"2022-09-23T18:46:16+00:00","og_image":[{"width":775,"height":565,"url":"https:\/\/quehacerpolitico.mx\/wp-content\/uploads\/2022\/09\/95315FDB-A4E7-4115-B36F-6B7B7EAE307D.jpeg","type":"image\/jpeg"}],"author":"Redacci\u00f3n QP","twitter_card":"summary_large_image","twitter_misc":{"Escrito por":"Redacci\u00f3n QP","Tiempo de lectura":"2 minutos"},"schema":{"@context":"https:\/\/schema.org","@graph":[{"@type":"Article","@id":"https:\/\/quehacerpolitico.mx\/?p=95518#article","isPartOf":{"@id":"https:\/\/quehacerpolitico.mx\/?p=95518"},"author":{"name":"Redacci\u00f3n QP","@id":"https:\/\/quehacerpolitico.mx\/#\/schema\/person\/496d8ad2d1d3f8036101dca7ee39e585"},"headline":"L\u00f3pez Obrador propone consulta ciudadana sobre la presencia del Ej\u00e9rcito hasta 2028\u00a0","datePublished":"2022-09-23T18:46:13+00:00","dateModified":"2022-09-23T18:46:16+00:00","mainEntityOfPage":{"@id":"https:\/\/quehacerpolitico.mx\/?p=95518"},"wordCount":390,"commentCount":0,"image":{"@id":"https:\/\/quehacerpolitico.mx\/?p=95518#primaryimage"},"thumbnailUrl":"https:\/\/quehacerpolitico.mx\/wp-content\/uploads\/2022\/09\/95315FDB-A4E7-4115-B36F-6B7B7EAE307D.jpeg","articleSection":["Noticias"],"inLanguage":"es","potentialAction":[{"@type":"CommentAction","name":"Comment","target":["https:\/\/quehacerpolitico.mx\/?p=95518#respond"]}]},{"@type":"WebPage","@id":"https:\/\/quehacerpolitico.mx\/?p=95518","url":"https:\/\/quehacerpolitico.mx\/?p=95518","name":"L\u00f3pez Obrador propone consulta ciudadana sobre la presencia del Ej\u00e9rcito hasta 2028\u00a0 -","isPartOf":{"@id":"https:\/\/quehacerpolitico.mx\/#website"},"primaryImageOfPage":{"@id":"https:\/\/quehacerpolitico.mx\/?p=95518#primaryimage"},"image":{"@id":"https:\/\/quehacerpolitico.mx\/?p=95518#primaryimage"},"thumbnailUrl":"https:\/\/quehacerpolitico.mx\/wp-content\/uploads\/2022\/09\/95315FDB-A4E7-4115-B36F-6B7B7EAE307D.jpeg","datePublished":"2022-09-23T18:46:13+00:00","dateModified":"2022-09-23T18:46:16+00:00","author":{"@id":"https:\/\/quehacerpolitico.mx\/#\/schema\/person\/496d8ad2d1d3f8036101dca7ee39e585"},"breadcrumb":{"@id":"https:\/\/quehacerpolitico.mx\/?p=95518#breadcrumb"},"inLanguage":"es","potentialAction":[{"@type":"ReadAction","target":["https:\/\/quehacerpolitico.mx\/?p=95518"]}]},{"@type":"ImageObject","inLanguage":"es","@id":"https:\/\/quehacerpolitico.mx\/?p=95518#primaryimage","url":"https:\/\/quehacerpolitico.mx\/wp-content\/uploads\/2022\/09\/95315FDB-A4E7-4115-B36F-6B7B7EAE307D.jpeg","contentUrl":"https:\/\/quehacerpolitico.mx\/wp-content\/uploads\/2022\/09\/95315FDB-A4E7-4115-B36F-6B7B7EAE307D.jpeg","width":775,"height":565},{"@type":"BreadcrumbList","@id":"https:\/\/quehacerpolitico.mx\/?p=95518#breadcrumb","itemListElement":[{"@type":"ListItem","position":1,"name":"Inicio","item":"https:\/\/quehacerpolitico.mx\/"},{"@type":"ListItem","position":2,"name":"L\u00f3pez Obrador propone consulta ciudadana sobre la presencia del Ej\u00e9rcito hasta 2028\u00a0"}]},{"@type":"WebSite","@id":"https:\/\/quehacerpolitico.mx\/#website","url":"https:\/\/quehacerpolitico.mx\/","name":"","description":"","potentialAction":[{"@type":"SearchAction","target":{"@type":"EntryPoint","urlTemplate":"https:\/\/quehacerpolitico.mx\/?s={search_term_string}"},"query-input":{"@type":"PropertyValueSpecification","valueRequired":true,"valueName":"search_term_string"}}],"inLanguage":"es"},{"@type":"Person","@id":"https:\/\/quehacerpolitico.mx\/#\/schema\/person\/496d8ad2d1d3f8036101dca7ee39e585","name":"Redacci\u00f3n QP","image":{"@type":"ImageObject","inLanguage":"es","@id":"https:\/\/secure.gravatar.com\/avatar\/c7164ed6fdec453195284ad24a5ae5b6e1eed2b848477fa2a4787ba9adf39a41?s=96&d=mm&r=g","url":"https:\/\/secure.gravatar.com\/avatar\/c7164ed6fdec453195284ad24a5ae5b6e1eed2b848477fa2a4787ba9adf39a41?s=96&d=mm&r=g","contentUrl":"https:\/\/secure.gravatar.com\/avatar\/c7164ed6fdec453195284ad24a5ae5b6e1eed2b848477fa2a4787ba9adf39a41?s=96&d=mm&r=g","caption":"Redacci\u00f3n QP"},"url":"https:\/\/quehacerpolitico.mx\/?author=2"}]}},"featured_image_urls":{"full":["https:\/\/quehacerpolitico.mx\/wp-content\/uploads\/2022\/09\/95315FDB-A4E7-4115-B36F-6B7B7EAE307D.jpeg",775,565,false],"thumbnail":["https:\/\/quehacerpolitico.mx\/wp-content\/uploads\/2022\/09\/95315FDB-A4E7-4115-B36F-6B7B7EAE307D-150x150.jpeg",150,150,true],"medium":["https:\/\/quehacerpolitico.mx\/wp-content\/uploads\/2022\/09\/95315FDB-A4E7-4115-B36F-6B7B7EAE307D-300x219.jpeg",300,219,true],"medium_large":["https:\/\/quehacerpolitico.mx\/wp-content\/uploads\/2022\/09\/95315FDB-A4E7-4115-B36F-6B7B7EAE307D-768x560.jpeg",640,467,true],"large":["https:\/\/quehacerpolitico.mx\/wp-content\/uploads\/2022\/09\/95315FDB-A4E7-4115-B36F-6B7B7EAE307D.jpeg",640,467,false],"1536x1536":["https:\/\/quehacerpolitico.mx\/wp-content\/uploads\/2022\/09\/95315FDB-A4E7-4115-B36F-6B7B7EAE307D.jpeg",775,565,false],"2048x2048":["https:\/\/quehacerpolitico.mx\/wp-content\/uploads\/2022\/09\/95315FDB-A4E7-4115-B36F-6B7B7EAE307D.jpeg",775,565,false],"covernews-featured":["https:\/\/quehacerpolitico.mx\/wp-content\/uploads\/2022\/09\/95315FDB-A4E7-4115-B36F-6B7B7EAE307D.jpeg",775,565,false],"covernews-medium":["https:\/\/quehacerpolitico.mx\/wp-content\/uploads\/2022\/09\/95315FDB-A4E7-4115-B36F-6B7B7EAE307D.jpeg",466,340,false]},"author_info":{"display_name":"Redacci\u00f3n QP","author_link":"https:\/\/quehacerpolitico.mx\/?author=2"},"category_info":"<a href=\"https:\/\/quehacerpolitico.mx\/?cat=2\" rel=\"category\">Noticias<\/a>","tag_info":"Noticias","comment_count":"0","_links":{"self":[{"href":"https:\/\/quehacerpolitico.mx\/index.php?rest_route=\/wp\/v2\/posts\/95518","targetHints":{"allow":["GET"]}}],"collection":[{"href":"https:\/\/quehacerpolitico.mx\/index.php?rest_route=\/wp\/v2\/posts"}],"about":[{"href":"https:\/\/quehacerpolitico.mx\/index.php?rest_route=\/wp\/v2\/types\/post"}],"author":[{"embeddable":true,"href":"https:\/\/quehacerpolitico.mx\/index.php?rest_route=\/wp\/v2\/users\/2"}],"replies":[{"embeddable":true,"href":"https:\/\/quehacerpolitico.mx\/index.php?rest_route=%2Fwp%2Fv2%2Fcomments&post=95518"}],"version-history":[{"count":1,"href":"https:\/\/quehacerpolitico.mx\/index.php?rest_route=\/wp\/v2\/posts\/95518\/revisions"}],"predecessor-version":[{"id":95521,"href":"https:\/\/quehacerpolitico.mx\/index.php?rest_route=\/wp\/v2\/posts\/95518\/revisions\/95521"}],"wp:featuredmedia":[{"embeddable":true,"href":"https:\/\/quehacerpolitico.mx\/index.php?rest_route=\/wp\/v2\/media\/95519"}],"wp:attachment":[{"href":"https:\/\/quehacerpolitico.mx\/index.php?rest_route=%2Fwp%2Fv2%2Fmedia&parent=95518"}],"wp:term":[{"taxonomy":"category","embeddable":true,"href":"https:\/\/quehacerpolitico.mx\/index.php?rest_route=%2Fwp%2Fv2%2Fcategories&post=95518"},{"taxonomy":"post_tag","embeddable":true,"href":"https:\/\/quehacerpolitico.mx\/index.php?rest_route=%2Fwp%2Fv2%2Ftags&post=95518"}],"curies":[{"name":"wp","href":"https:\/\/api.w.org\/{rel}","templated":true}]}}