{"id":95515,"date":"2022-09-23T18:31:00","date_gmt":"2022-09-23T18:31:00","guid":{"rendered":"https:\/\/quehacerpolitico.mx\/?p=95515"},"modified":"2022-09-23T18:31:04","modified_gmt":"2022-09-23T18:31:04","slug":"vamos-a-detener-la-inflacion-dice-lopez-obrador-tras-acuerdo-con-productores","status":"publish","type":"post","link":"https:\/\/quehacerpolitico.mx\/?p=95515","title":{"rendered":"&#8220;Vamos a detener la inflaci\u00f3n&#8221;, dice L\u00f3pez Obrador tras acuerdo con productores\u00a0"},"content":{"rendered":"\n<p>Por Redacci\u00f3n QP<\/p>\n\n\n\n<p>L\u00f3pez Obrador anunci\u00f3 esta ma\u00f1ana que se lleg\u00f3 a un acuerdo con productores en el pa\u00eds para evitar alza en los precios de por lo menos 24 alimentos de la canasta b\u00e1sica<\/p>\n\n\n\n<p>Al manifestar que &#8220;vamos a detener la inflaci\u00f3n&#8221;, el Presidente Andr\u00e9s Manuel L\u00f3pez Obrador asever\u00f3 que la reuni\u00f3n que sostuvo con empresarios, distribuidores y productores acordaron mantener de manera un\u00e1nime<strong>&nbsp;no alzar los precios de 24 alimentos de la canasta b\u00e1sica,<\/strong>&nbsp;y ser\u00e1 el pr\u00f3ximo 3 de octubre cuando se d\u00e9 a conocer al detalle este plan antiinflacionario.<\/p>\n\n\n\n<p>En La Ma\u00f1anera de este viernes, L\u00f3pez Obrador aclar\u00f3 que el plan no es un control de precios, pero asegur\u00f3 que los empresarios y productores est\u00e1n &#8220;en muy buen plan&#8221; para apoyar este plan.<\/p>\n\n\n\n<p>El Jefe del Ejecutivo apunt\u00f3 que\u00a0<strong>\u00e9sta lista de 24 productos de la canasta b\u00e1sica podr\u00eda ampliarse.<\/strong><\/p>\n\n\n\n<p>&#8220;Fue muy buena la reuni\u00f3n, les agradezco mucho a los productores, a los comerciantes. Se est\u00e1 trabajando de manera conjunta, lo importante es que se logr\u00f3 el acuerdo un\u00e1nime de<strong>\u00a0mantener precios sin aumentos de productos b\u00e1sicos alimentos<\/strong>. Llegamos a ese acuerdo, y a otros, lo importante es que todos estuvieron de acuerdo en ayudar.<\/p>\n\n\n\n<figure class=\"wp-block-embed is-type-video is-provider-youtube wp-block-embed-youtube wp-embed-aspect-16-9 wp-has-aspect-ratio\"><div class=\"wp-block-embed__wrapper\">\n<iframe loading=\"lazy\" title=\"AMLO acuerda con empresarios no aumentar precios de la canasta b\u00e1sica\" width=\"640\" height=\"360\" src=\"https:\/\/www.youtube.com\/embed\/0_HlFAKHSQo?feature=oembed\" frameborder=\"0\" allow=\"accelerometer; autoplay; clipboard-write; encrypted-media; gyroscope; picture-in-picture; web-share\" referrerpolicy=\"strict-origin-when-cross-origin\" allowfullscreen><\/iframe>\n<\/div><\/figure>\n\n\n\n<p>&#8220;No es control de precios, o sea, se va a llegar a un acuerdo de decir &#8216;esta canasta de 24 productos &#8211; y si es posible, se va a ampliar &#8211; va a costar tanto y por producto tanto\u00b4, porque participaron productores, distribuidores, industriales, los m\u00e1s importantes.<\/p>\n\n\n\n<p>&#8220;Ellos est\u00e1n un muy buen plan, esperemos para el d\u00eda 3 [de octubre]&nbsp;porque no es s\u00f3lo es esto, sino otras medias, pero vamos a detener la inflaci\u00f3n, porque nos afecta todos, porque perdemos poder adquisitivo, sobre todo<strong>&nbsp;la poblaci\u00f3n m\u00e1s pobre, les rinde menos su dinero&#8221;<\/strong>, se\u00f1al\u00f3.<\/p>\n\n\n\n<p>En el sal\u00f3n Tesorer\u00eda, el Mandatario Federal detall\u00f3 que &#8220;hasta les dije &#8216;Yo sab\u00eda que ustedes iban a estar ellos a las alturas de las circunstancias&#8217;\u00a0y que nos iban a ayudar y les dije &#8216;\u00bfSaben por qu\u00e9\u00a0todos est\u00e1n ayudando? Por M\u00e9xico, porque todos le debemos mucho a nuestro pa\u00eds y todos, todos, comenzaron a tomar la palabra y les explique de qu\u00e9 se trataba: de que<strong>\u00a0tenemos que controlar a inflaci\u00f3n.<\/strong><\/p>\n\n\n\n<p>&#8220;Les expliqu\u00e9 de que la parte energ\u00e9tica dependencia de nosotros y ten\u00edamos control, pero el problema era en el precio de los alimentos y que entend\u00eda yo se estaban subiendo insumos, materias primas en el mundo,&nbsp;<strong>porque es una inflaci\u00f3n mundial<\/strong>, pero que pod\u00edamos actuar y controlar la inflaci\u00f3n, porque causa mucho da\u00f1o y empezaron a pedir la palabra y desde el primero \u2018nosotros apoyamos\u2019, y luego el segundo, el tercero, todos, todos, y quedamos en que se est\u00e1 trabajando el plan. Es reforzar lo que ya se hab\u00eda hecho, pero ahora con m\u00e1s profundidad\u201d, agreg\u00f3.<\/p>\n\n\n\n<p>&#8220;\u00bfC\u00f3mo se reforzar\u00eda?&#8221;, se le cuestion\u00f3.<\/p>\n\n\n\n<p><strong>\u201cDefiniendo muy claramente los precios de la canasta b\u00e1sica,&nbsp;<\/strong>que no haya aumentos&#8221;, contest\u00f3.<\/p>\n\n\n\n<p>&#8220;\u00bfPrecio m\u00e1ximo precios fijo?&#8221;, se le volvi\u00f3 a insistir.<\/p>\n\n\n\n<p>&#8220;Algo as\u00ed, pero no es control de precios, o sea, se va a llegar a un acuerdo de decir, esta canasta de 24 productos y si es posible, se va a ampliar, va a costar tanto y por producto tanto, porque participaron productores, distribuidores, industriales, los m\u00e1s importantes.<\/p>\n\n\n\n<p>&#8220;En la distribuci\u00f3n, por ejemplo que yo recuerdo, hablaron los tres directivos, due\u00f1os de las tres principales distribuidoras o tiendas o cadenas de tiendas; el primero fue el de Soriana, luego el se\u00f1or Chedraui y luego, el representante de WalMart<strong>, eso lo que tiene que ver con el comercio<\/strong>.<\/p>\n\n\n\n<p>&#8220;Pero estaban los que distribuyen la harina del ma\u00edz que tiene que ver con la tortilla. Estuvo el director due\u00f1o de Maseca, Juan Gonz\u00e1lez, y estuvo la due\u00f1a,&nbsp;gerente de Minsa (Altagracia G\u00f3mez), y los principales productores de pollo, huevo. Nos importa mucho el precio de la carne de pollo, los huevos, carne de res, los dos principales productores o empresarios del at\u00fan y otros m\u00e1s\u201d, desglos\u00f3.<\/p>\n\n\n\n<p>A\u00f1adi\u00f3 que en esta reuni\u00f3n tambi\u00e9n estuvieron los&nbsp;<strong>dos productores y distribuidores de carne.<\/strong><\/p>\n\n\n\n<p>&#8220;Un se\u00f1or de San Luis y SuKarne, todos, todos muy solidarios. Ofrezco disculpas, pues no los puedo mencionar a todos, pero si quedamos en que el d\u00eda 3 de octubre los invit\u00e9 para que vengan con ustedes a la ma\u00f1anera, y ya se d\u00e9 a conocer el plan&#8221;, dijo.<\/p>\n\n\n\n<p>Con informaci\u00f3n de SUN<\/p>\n","protected":false},"excerpt":{"rendered":"<p>Por Redacci\u00f3n QP L\u00f3pez Obrador anunci\u00f3 esta ma\u00f1ana que se lleg\u00f3 a un acuerdo con&#8230;<\/p>\n","protected":false},"author":2,"featured_media":95516,"comment_status":"open","ping_status":"open","sticky":false,"template":"","format":"standard","meta":{"_monsterinsights_skip_tracking":false,"_monsterinsights_sitenote_active":false,"_monsterinsights_sitenote_note":"","_monsterinsights_sitenote_category":0,"footnotes":""},"categories":[2],"tags":[],"class_list":["post-95515","post","type-post","status-publish","format-standard","has-post-thumbnail","hentry","category-noticias"],"yoast_head":"<!-- This site is optimized with the Yoast SEO plugin v27.3 - https:\/\/yoast.com\/product\/yoast-seo-wordpress\/ -->\n<title>&quot;Vamos a detener la inflaci\u00f3n&quot;, dice L\u00f3pez Obrador tras acuerdo con productores\u00a0 -<\/title>\n<meta name=\"robots\" content=\"index, follow, max-snippet:-1, max-image-preview:large, max-video-preview:-1\" \/>\n<link rel=\"canonical\" href=\"https:\/\/quehacerpolitico.mx\/?p=95515\" \/>\n<meta property=\"og:locale\" content=\"es_MX\" \/>\n<meta property=\"og:type\" content=\"article\" \/>\n<meta property=\"og:title\" content=\"&quot;Vamos a detener la inflaci\u00f3n&quot;, dice L\u00f3pez Obrador tras acuerdo con productores\u00a0 -\" \/>\n<meta property=\"og:description\" content=\"Por Redacci\u00f3n QP L\u00f3pez Obrador anunci\u00f3 esta ma\u00f1ana que se lleg\u00f3 a un acuerdo con...\" \/>\n<meta property=\"og:url\" content=\"https:\/\/quehacerpolitico.mx\/?p=95515\" \/>\n<meta property=\"article:published_time\" content=\"2022-09-23T18:31:00+00:00\" \/>\n<meta property=\"article:modified_time\" content=\"2022-09-23T18:31:04+00:00\" \/>\n<meta property=\"og:image\" content=\"https:\/\/quehacerpolitico.mx\/wp-content\/uploads\/2022\/09\/0D67483E-DF59-4A29-9F7C-0AA89D11F111.jpeg\" \/>\n\t<meta property=\"og:image:width\" content=\"1281\" \/>\n\t<meta property=\"og:image:height\" content=\"701\" \/>\n\t<meta property=\"og:image:type\" content=\"image\/jpeg\" \/>\n<meta name=\"author\" content=\"Redacci\u00f3n QP\" \/>\n<meta name=\"twitter:card\" content=\"summary_large_image\" \/>\n<meta name=\"twitter:label1\" content=\"Escrito por\" \/>\n\t<meta name=\"twitter:data1\" content=\"Redacci\u00f3n QP\" \/>\n\t<meta name=\"twitter:label2\" content=\"Tiempo de lectura\" \/>\n\t<meta name=\"twitter:data2\" content=\"4 minutos\" \/>\n<script type=\"application\/ld+json\" class=\"yoast-schema-graph\">{\"@context\":\"https:\\\/\\\/schema.org\",\"@graph\":[{\"@type\":\"Article\",\"@id\":\"https:\\\/\\\/quehacerpolitico.mx\\\/?p=95515#article\",\"isPartOf\":{\"@id\":\"https:\\\/\\\/quehacerpolitico.mx\\\/?p=95515\"},\"author\":{\"name\":\"Redacci\u00f3n QP\",\"@id\":\"https:\\\/\\\/quehacerpolitico.mx\\\/#\\\/schema\\\/person\\\/496d8ad2d1d3f8036101dca7ee39e585\"},\"headline\":\"&#8220;Vamos a detener la inflaci\u00f3n&#8221;, dice L\u00f3pez Obrador tras acuerdo con productores\u00a0\",\"datePublished\":\"2022-09-23T18:31:00+00:00\",\"dateModified\":\"2022-09-23T18:31:04+00:00\",\"mainEntityOfPage\":{\"@id\":\"https:\\\/\\\/quehacerpolitico.mx\\\/?p=95515\"},\"wordCount\":807,\"commentCount\":0,\"image\":{\"@id\":\"https:\\\/\\\/quehacerpolitico.mx\\\/?p=95515#primaryimage\"},\"thumbnailUrl\":\"https:\\\/\\\/quehacerpolitico.mx\\\/wp-content\\\/uploads\\\/2022\\\/09\\\/0D67483E-DF59-4A29-9F7C-0AA89D11F111.jpeg\",\"articleSection\":[\"Noticias\"],\"inLanguage\":\"es\",\"potentialAction\":[{\"@type\":\"CommentAction\",\"name\":\"Comment\",\"target\":[\"https:\\\/\\\/quehacerpolitico.mx\\\/?p=95515#respond\"]}]},{\"@type\":\"WebPage\",\"@id\":\"https:\\\/\\\/quehacerpolitico.mx\\\/?p=95515\",\"url\":\"https:\\\/\\\/quehacerpolitico.mx\\\/?p=95515\",\"name\":\"\\\"Vamos a detener la inflaci\u00f3n\\\", dice L\u00f3pez Obrador tras acuerdo con productores\u00a0 -\",\"isPartOf\":{\"@id\":\"https:\\\/\\\/quehacerpolitico.mx\\\/#website\"},\"primaryImageOfPage\":{\"@id\":\"https:\\\/\\\/quehacerpolitico.mx\\\/?p=95515#primaryimage\"},\"image\":{\"@id\":\"https:\\\/\\\/quehacerpolitico.mx\\\/?p=95515#primaryimage\"},\"thumbnailUrl\":\"https:\\\/\\\/quehacerpolitico.mx\\\/wp-content\\\/uploads\\\/2022\\\/09\\\/0D67483E-DF59-4A29-9F7C-0AA89D11F111.jpeg\",\"datePublished\":\"2022-09-23T18:31:00+00:00\",\"dateModified\":\"2022-09-23T18:31:04+00:00\",\"author\":{\"@id\":\"https:\\\/\\\/quehacerpolitico.mx\\\/#\\\/schema\\\/person\\\/496d8ad2d1d3f8036101dca7ee39e585\"},\"breadcrumb\":{\"@id\":\"https:\\\/\\\/quehacerpolitico.mx\\\/?p=95515#breadcrumb\"},\"inLanguage\":\"es\",\"potentialAction\":[{\"@type\":\"ReadAction\",\"target\":[\"https:\\\/\\\/quehacerpolitico.mx\\\/?p=95515\"]}]},{\"@type\":\"ImageObject\",\"inLanguage\":\"es\",\"@id\":\"https:\\\/\\\/quehacerpolitico.mx\\\/?p=95515#primaryimage\",\"url\":\"https:\\\/\\\/quehacerpolitico.mx\\\/wp-content\\\/uploads\\\/2022\\\/09\\\/0D67483E-DF59-4A29-9F7C-0AA89D11F111.jpeg\",\"contentUrl\":\"https:\\\/\\\/quehacerpolitico.mx\\\/wp-content\\\/uploads\\\/2022\\\/09\\\/0D67483E-DF59-4A29-9F7C-0AA89D11F111.jpeg\",\"width\":1281,\"height\":701},{\"@type\":\"BreadcrumbList\",\"@id\":\"https:\\\/\\\/quehacerpolitico.mx\\\/?p=95515#breadcrumb\",\"itemListElement\":[{\"@type\":\"ListItem\",\"position\":1,\"name\":\"Inicio\",\"item\":\"https:\\\/\\\/quehacerpolitico.mx\\\/\"},{\"@type\":\"ListItem\",\"position\":2,\"name\":\"&#8220;Vamos a detener la inflaci\u00f3n&#8221;, dice L\u00f3pez Obrador tras acuerdo con productores\u00a0\"}]},{\"@type\":\"WebSite\",\"@id\":\"https:\\\/\\\/quehacerpolitico.mx\\\/#website\",\"url\":\"https:\\\/\\\/quehacerpolitico.mx\\\/\",\"name\":\"\",\"description\":\"\",\"potentialAction\":[{\"@type\":\"SearchAction\",\"target\":{\"@type\":\"EntryPoint\",\"urlTemplate\":\"https:\\\/\\\/quehacerpolitico.mx\\\/?s={search_term_string}\"},\"query-input\":{\"@type\":\"PropertyValueSpecification\",\"valueRequired\":true,\"valueName\":\"search_term_string\"}}],\"inLanguage\":\"es\"},{\"@type\":\"Person\",\"@id\":\"https:\\\/\\\/quehacerpolitico.mx\\\/#\\\/schema\\\/person\\\/496d8ad2d1d3f8036101dca7ee39e585\",\"name\":\"Redacci\u00f3n QP\",\"image\":{\"@type\":\"ImageObject\",\"inLanguage\":\"es\",\"@id\":\"https:\\\/\\\/secure.gravatar.com\\\/avatar\\\/c7164ed6fdec453195284ad24a5ae5b6e1eed2b848477fa2a4787ba9adf39a41?s=96&d=mm&r=g\",\"url\":\"https:\\\/\\\/secure.gravatar.com\\\/avatar\\\/c7164ed6fdec453195284ad24a5ae5b6e1eed2b848477fa2a4787ba9adf39a41?s=96&d=mm&r=g\",\"contentUrl\":\"https:\\\/\\\/secure.gravatar.com\\\/avatar\\\/c7164ed6fdec453195284ad24a5ae5b6e1eed2b848477fa2a4787ba9adf39a41?s=96&d=mm&r=g\",\"caption\":\"Redacci\u00f3n QP\"},\"url\":\"https:\\\/\\\/quehacerpolitico.mx\\\/?author=2\"}]}<\/script>\n<!-- \/ Yoast SEO plugin. -->","yoast_head_json":{"title":"\"Vamos a detener la inflaci\u00f3n\", dice L\u00f3pez Obrador tras acuerdo con productores\u00a0 -","robots":{"index":"index","follow":"follow","max-snippet":"max-snippet:-1","max-image-preview":"max-image-preview:large","max-video-preview":"max-video-preview:-1"},"canonical":"https:\/\/quehacerpolitico.mx\/?p=95515","og_locale":"es_MX","og_type":"article","og_title":"\"Vamos a detener la inflaci\u00f3n\", dice L\u00f3pez Obrador tras acuerdo con productores\u00a0 -","og_description":"Por Redacci\u00f3n QP L\u00f3pez Obrador anunci\u00f3 esta ma\u00f1ana que se lleg\u00f3 a un acuerdo con...","og_url":"https:\/\/quehacerpolitico.mx\/?p=95515","article_published_time":"2022-09-23T18:31:00+00:00","article_modified_time":"2022-09-23T18:31:04+00:00","og_image":[{"width":1281,"height":701,"url":"https:\/\/quehacerpolitico.mx\/wp-content\/uploads\/2022\/09\/0D67483E-DF59-4A29-9F7C-0AA89D11F111.jpeg","type":"image\/jpeg"}],"author":"Redacci\u00f3n QP","twitter_card":"summary_large_image","twitter_misc":{"Escrito por":"Redacci\u00f3n QP","Tiempo de lectura":"4 minutos"},"schema":{"@context":"https:\/\/schema.org","@graph":[{"@type":"Article","@id":"https:\/\/quehacerpolitico.mx\/?p=95515#article","isPartOf":{"@id":"https:\/\/quehacerpolitico.mx\/?p=95515"},"author":{"name":"Redacci\u00f3n QP","@id":"https:\/\/quehacerpolitico.mx\/#\/schema\/person\/496d8ad2d1d3f8036101dca7ee39e585"},"headline":"&#8220;Vamos a detener la inflaci\u00f3n&#8221;, dice L\u00f3pez Obrador tras acuerdo con productores\u00a0","datePublished":"2022-09-23T18:31:00+00:00","dateModified":"2022-09-23T18:31:04+00:00","mainEntityOfPage":{"@id":"https:\/\/quehacerpolitico.mx\/?p=95515"},"wordCount":807,"commentCount":0,"image":{"@id":"https:\/\/quehacerpolitico.mx\/?p=95515#primaryimage"},"thumbnailUrl":"https:\/\/quehacerpolitico.mx\/wp-content\/uploads\/2022\/09\/0D67483E-DF59-4A29-9F7C-0AA89D11F111.jpeg","articleSection":["Noticias"],"inLanguage":"es","potentialAction":[{"@type":"CommentAction","name":"Comment","target":["https:\/\/quehacerpolitico.mx\/?p=95515#respond"]}]},{"@type":"WebPage","@id":"https:\/\/quehacerpolitico.mx\/?p=95515","url":"https:\/\/quehacerpolitico.mx\/?p=95515","name":"\"Vamos a detener la inflaci\u00f3n\", dice L\u00f3pez Obrador tras acuerdo con productores\u00a0 -","isPartOf":{"@id":"https:\/\/quehacerpolitico.mx\/#website"},"primaryImageOfPage":{"@id":"https:\/\/quehacerpolitico.mx\/?p=95515#primaryimage"},"image":{"@id":"https:\/\/quehacerpolitico.mx\/?p=95515#primaryimage"},"thumbnailUrl":"https:\/\/quehacerpolitico.mx\/wp-content\/uploads\/2022\/09\/0D67483E-DF59-4A29-9F7C-0AA89D11F111.jpeg","datePublished":"2022-09-23T18:31:00+00:00","dateModified":"2022-09-23T18:31:04+00:00","author":{"@id":"https:\/\/quehacerpolitico.mx\/#\/schema\/person\/496d8ad2d1d3f8036101dca7ee39e585"},"breadcrumb":{"@id":"https:\/\/quehacerpolitico.mx\/?p=95515#breadcrumb"},"inLanguage":"es","potentialAction":[{"@type":"ReadAction","target":["https:\/\/quehacerpolitico.mx\/?p=95515"]}]},{"@type":"ImageObject","inLanguage":"es","@id":"https:\/\/quehacerpolitico.mx\/?p=95515#primaryimage","url":"https:\/\/quehacerpolitico.mx\/wp-content\/uploads\/2022\/09\/0D67483E-DF59-4A29-9F7C-0AA89D11F111.jpeg","contentUrl":"https:\/\/quehacerpolitico.mx\/wp-content\/uploads\/2022\/09\/0D67483E-DF59-4A29-9F7C-0AA89D11F111.jpeg","width":1281,"height":701},{"@type":"BreadcrumbList","@id":"https:\/\/quehacerpolitico.mx\/?p=95515#breadcrumb","itemListElement":[{"@type":"ListItem","position":1,"name":"Inicio","item":"https:\/\/quehacerpolitico.mx\/"},{"@type":"ListItem","position":2,"name":"&#8220;Vamos a detener la inflaci\u00f3n&#8221;, dice L\u00f3pez Obrador tras acuerdo con productores\u00a0"}]},{"@type":"WebSite","@id":"https:\/\/quehacerpolitico.mx\/#website","url":"https:\/\/quehacerpolitico.mx\/","name":"","description":"","potentialAction":[{"@type":"SearchAction","target":{"@type":"EntryPoint","urlTemplate":"https:\/\/quehacerpolitico.mx\/?s={search_term_string}"},"query-input":{"@type":"PropertyValueSpecification","valueRequired":true,"valueName":"search_term_string"}}],"inLanguage":"es"},{"@type":"Person","@id":"https:\/\/quehacerpolitico.mx\/#\/schema\/person\/496d8ad2d1d3f8036101dca7ee39e585","name":"Redacci\u00f3n QP","image":{"@type":"ImageObject","inLanguage":"es","@id":"https:\/\/secure.gravatar.com\/avatar\/c7164ed6fdec453195284ad24a5ae5b6e1eed2b848477fa2a4787ba9adf39a41?s=96&d=mm&r=g","url":"https:\/\/secure.gravatar.com\/avatar\/c7164ed6fdec453195284ad24a5ae5b6e1eed2b848477fa2a4787ba9adf39a41?s=96&d=mm&r=g","contentUrl":"https:\/\/secure.gravatar.com\/avatar\/c7164ed6fdec453195284ad24a5ae5b6e1eed2b848477fa2a4787ba9adf39a41?s=96&d=mm&r=g","caption":"Redacci\u00f3n QP"},"url":"https:\/\/quehacerpolitico.mx\/?author=2"}]}},"featured_image_urls":{"full":["https:\/\/quehacerpolitico.mx\/wp-content\/uploads\/2022\/09\/0D67483E-DF59-4A29-9F7C-0AA89D11F111.jpeg",1281,701,false],"thumbnail":["https:\/\/quehacerpolitico.mx\/wp-content\/uploads\/2022\/09\/0D67483E-DF59-4A29-9F7C-0AA89D11F111-150x150.jpeg",150,150,true],"medium":["https:\/\/quehacerpolitico.mx\/wp-content\/uploads\/2022\/09\/0D67483E-DF59-4A29-9F7C-0AA89D11F111-300x164.jpeg",300,164,true],"medium_large":["https:\/\/quehacerpolitico.mx\/wp-content\/uploads\/2022\/09\/0D67483E-DF59-4A29-9F7C-0AA89D11F111-768x420.jpeg",640,350,true],"large":["https:\/\/quehacerpolitico.mx\/wp-content\/uploads\/2022\/09\/0D67483E-DF59-4A29-9F7C-0AA89D11F111-1024x560.jpeg",640,350,true],"1536x1536":["https:\/\/quehacerpolitico.mx\/wp-content\/uploads\/2022\/09\/0D67483E-DF59-4A29-9F7C-0AA89D11F111.jpeg",1281,701,false],"2048x2048":["https:\/\/quehacerpolitico.mx\/wp-content\/uploads\/2022\/09\/0D67483E-DF59-4A29-9F7C-0AA89D11F111.jpeg",1281,701,false],"covernews-featured":["https:\/\/quehacerpolitico.mx\/wp-content\/uploads\/2022\/09\/0D67483E-DF59-4A29-9F7C-0AA89D11F111.jpeg",1024,560,false],"covernews-medium":["https:\/\/quehacerpolitico.mx\/wp-content\/uploads\/2022\/09\/0D67483E-DF59-4A29-9F7C-0AA89D11F111.jpeg",540,296,false]},"author_info":{"display_name":"Redacci\u00f3n QP","author_link":"https:\/\/quehacerpolitico.mx\/?author=2"},"category_info":"<a href=\"https:\/\/quehacerpolitico.mx\/?cat=2\" rel=\"category\">Noticias<\/a>","tag_info":"Noticias","comment_count":"0","_links":{"self":[{"href":"https:\/\/quehacerpolitico.mx\/index.php?rest_route=\/wp\/v2\/posts\/95515","targetHints":{"allow":["GET"]}}],"collection":[{"href":"https:\/\/quehacerpolitico.mx\/index.php?rest_route=\/wp\/v2\/posts"}],"about":[{"href":"https:\/\/quehacerpolitico.mx\/index.php?rest_route=\/wp\/v2\/types\/post"}],"author":[{"embeddable":true,"href":"https:\/\/quehacerpolitico.mx\/index.php?rest_route=\/wp\/v2\/users\/2"}],"replies":[{"embeddable":true,"href":"https:\/\/quehacerpolitico.mx\/index.php?rest_route=%2Fwp%2Fv2%2Fcomments&post=95515"}],"version-history":[{"count":1,"href":"https:\/\/quehacerpolitico.mx\/index.php?rest_route=\/wp\/v2\/posts\/95515\/revisions"}],"predecessor-version":[{"id":95517,"href":"https:\/\/quehacerpolitico.mx\/index.php?rest_route=\/wp\/v2\/posts\/95515\/revisions\/95517"}],"wp:featuredmedia":[{"embeddable":true,"href":"https:\/\/quehacerpolitico.mx\/index.php?rest_route=\/wp\/v2\/media\/95516"}],"wp:attachment":[{"href":"https:\/\/quehacerpolitico.mx\/index.php?rest_route=%2Fwp%2Fv2%2Fmedia&parent=95515"}],"wp:term":[{"taxonomy":"category","embeddable":true,"href":"https:\/\/quehacerpolitico.mx\/index.php?rest_route=%2Fwp%2Fv2%2Fcategories&post=95515"},{"taxonomy":"post_tag","embeddable":true,"href":"https:\/\/quehacerpolitico.mx\/index.php?rest_route=%2Fwp%2Fv2%2Ftags&post=95515"}],"curies":[{"name":"wp","href":"https:\/\/api.w.org\/{rel}","templated":true}]}}