{"id":95460,"date":"2022-09-22T17:01:48","date_gmt":"2022-09-22T17:01:48","guid":{"rendered":"https:\/\/quehacerpolitico.mx\/?p=95460"},"modified":"2022-09-22T17:13:56","modified_gmt":"2022-09-22T17:13:56","slug":"mexicanos-apoyan-que-el-ejercito-este-en-las-calles-asegura-lopez-obrador","status":"publish","type":"post","link":"https:\/\/quehacerpolitico.mx\/?p=95460","title":{"rendered":"Mexicanos apoyan que el Ej\u00e9rcito est\u00e9 en las calles, asegura L\u00f3pez Obrador\u00a0"},"content":{"rendered":"\n<p>Por Redacci\u00f3n QP<\/p>\n\n\n\n<p>El Presidente de la rep\u00fablica asegur\u00f3 que la mayor\u00eda de los mexicanos apoyan la reforma al Ej\u00e9rcito para que permanezcan en las calles<\/p>\n\n\n\n<p>El Mandatario del Ejecutivo Federal, Andr\u00e9s Manuel L\u00f3pez Obrador, asever\u00f3 que la mayor\u00eda de los mexicanos est\u00e1 de acuerdo con su propuesta de que las Fuerzas Armadas del Ej\u00e9rcito est\u00e9n en las calles apoyando en labores de seguridad p\u00fablica.<\/p>\n\n\n\n<p>En La Ma\u00f1anera de este jueves, el Presidente de la rep\u00fablica subray\u00f3 que una encuesta del Instituto Nacional de Estad\u00edstica y Geograf\u00eda (Inegi) muestra que las secretar\u00edas de la Defensa Nacional (Sedena), Marina (Semar) y Guardia Nacional (GN)&nbsp;<strong>conservan un amplio apoyo por parte de la poblaci\u00f3n.<\/strong><\/p>\n\n\n\n<p>&#8220;No voy a dejar de estar planteando de que la Guardia Nacional debe de consolidarse y adem\u00e1s s\u00e9 perfectamente que la mayor\u00eda de los mexicanos est\u00e1 de acuerdo con nuestra propuesta. Tan es as\u00ed que las encuestas del Inegi, la gente le tiene confianza a la Secretar\u00eda de Marina, a la Secretar\u00eda de la Defensa, a la Guardia Nacional&#8221;, se\u00f1al\u00f3.<\/p>\n\n\n\n<figure class=\"wp-block-embed is-type-video is-provider-youtube wp-block-embed-youtube wp-embed-aspect-16-9 wp-has-aspect-ratio\"><div class=\"wp-block-embed__wrapper\">\n<iframe loading=\"lazy\" title=\"AMLO quer\u00eda se votara militarizaci\u00f3n; ahora pide consulta\" width=\"640\" height=\"360\" src=\"https:\/\/www.youtube.com\/embed\/6GQSd5GSJiM?feature=oembed\" frameborder=\"0\" allow=\"accelerometer; autoplay; clipboard-write; encrypted-media; gyroscope; picture-in-picture; web-share\" referrerpolicy=\"strict-origin-when-cross-origin\" allowfullscreen><\/iframe>\n<\/div><\/figure>\n\n\n\n<p>En el sal\u00f3n Tesorer\u00eda de Palacio Nacional, el Mandatario especific\u00f3 que seg\u00fan una encuesta del<strong>Inegi, la Sedena y la Marina cuentan con el apoyo de 71%,<\/strong>&nbsp;mientras que la Guardia Nacional es de 65% &#8220;arriba de las ONG y del mismo gobierno federal, de los partidos pol\u00edticos&#8221;.<\/p>\n\n\n\n<p>&#8220;Por eso vamos a insistir porque no queremos que suceda, repita lo que pas\u00f3 con la Polic\u00eda Federal.&nbsp;<strong>\u00bfDe d\u00f3nde sali\u00f3 (G\u00e9naro) Garc\u00eda Luna? \u00bfDe d\u00f3nde sali\u00f3 (Luis C\u00e1rdenas) Palomino? \u00bfDe d\u00f3nde salieron todos ellos? De la Polic\u00eda Federal.<\/strong>&nbsp;\u00bfQu\u00e9 preparaci\u00f3n en materia de defensa, de seguridad p\u00fablica? \u00bfEn qu\u00e9 escuela estuvieron formados? \u00bfC\u00f3mo fueron llegando a la c\u00f3pula del poder?&#8221;, pregunt\u00f3.<\/p>\n\n\n\n<p>&#8220;Esto es lo que nos les importa a los senadores del PAN, no les importa porque es un asunto copular, como ellos, pues tienen protecci\u00f3n no es el pueblo muchos de ellos andan en carro blindado&#8221;, se\u00f1al\u00f3.<\/p>\n\n\n\n<p>Con informaci\u00f3n de SUN<\/p>\n","protected":false},"excerpt":{"rendered":"<p>Por Redacci\u00f3n QP El Presidente de la rep\u00fablica asegur\u00f3 que la mayor\u00eda de los mexicanos&#8230;<\/p>\n","protected":false},"author":2,"featured_media":95461,"comment_status":"open","ping_status":"open","sticky":false,"template":"","format":"standard","meta":{"_monsterinsights_skip_tracking":false,"_monsterinsights_sitenote_active":false,"_monsterinsights_sitenote_note":"","_monsterinsights_sitenote_category":0,"footnotes":""},"categories":[2],"tags":[],"class_list":["post-95460","post","type-post","status-publish","format-standard","has-post-thumbnail","hentry","category-noticias"],"yoast_head":"<!-- This site is optimized with the Yoast SEO plugin v27.3 - https:\/\/yoast.com\/product\/yoast-seo-wordpress\/ -->\n<title>Mexicanos apoyan que el Ej\u00e9rcito est\u00e9 en las calles, asegura L\u00f3pez Obrador\u00a0 -<\/title>\n<meta name=\"robots\" content=\"index, follow, max-snippet:-1, max-image-preview:large, max-video-preview:-1\" \/>\n<link rel=\"canonical\" href=\"https:\/\/quehacerpolitico.mx\/?p=95460\" \/>\n<meta property=\"og:locale\" content=\"es_MX\" \/>\n<meta property=\"og:type\" content=\"article\" \/>\n<meta property=\"og:title\" content=\"Mexicanos apoyan que el Ej\u00e9rcito est\u00e9 en las calles, asegura L\u00f3pez Obrador\u00a0 -\" \/>\n<meta property=\"og:description\" content=\"Por Redacci\u00f3n QP El Presidente de la rep\u00fablica asegur\u00f3 que la mayor\u00eda de los mexicanos...\" \/>\n<meta property=\"og:url\" content=\"https:\/\/quehacerpolitico.mx\/?p=95460\" \/>\n<meta property=\"article:published_time\" content=\"2022-09-22T17:01:48+00:00\" \/>\n<meta property=\"article:modified_time\" content=\"2022-09-22T17:13:56+00:00\" \/>\n<meta property=\"og:image\" content=\"https:\/\/quehacerpolitico.mx\/wp-content\/uploads\/2022\/09\/754318F3-0602-4B1D-9F93-B22C0195FC69.jpeg\" \/>\n\t<meta property=\"og:image:width\" content=\"1284\" \/>\n\t<meta property=\"og:image:height\" content=\"662\" \/>\n\t<meta property=\"og:image:type\" content=\"image\/jpeg\" \/>\n<meta name=\"author\" content=\"Redacci\u00f3n QP\" \/>\n<meta name=\"twitter:card\" content=\"summary_large_image\" \/>\n<meta name=\"twitter:label1\" content=\"Escrito por\" \/>\n\t<meta name=\"twitter:data1\" content=\"Redacci\u00f3n QP\" \/>\n\t<meta name=\"twitter:label2\" content=\"Tiempo de lectura\" \/>\n\t<meta name=\"twitter:data2\" content=\"2 minutos\" \/>\n<script type=\"application\/ld+json\" class=\"yoast-schema-graph\">{\"@context\":\"https:\\\/\\\/schema.org\",\"@graph\":[{\"@type\":\"Article\",\"@id\":\"https:\\\/\\\/quehacerpolitico.mx\\\/?p=95460#article\",\"isPartOf\":{\"@id\":\"https:\\\/\\\/quehacerpolitico.mx\\\/?p=95460\"},\"author\":{\"name\":\"Redacci\u00f3n QP\",\"@id\":\"https:\\\/\\\/quehacerpolitico.mx\\\/#\\\/schema\\\/person\\\/496d8ad2d1d3f8036101dca7ee39e585\"},\"headline\":\"Mexicanos apoyan que el Ej\u00e9rcito est\u00e9 en las calles, asegura L\u00f3pez Obrador\u00a0\",\"datePublished\":\"2022-09-22T17:01:48+00:00\",\"dateModified\":\"2022-09-22T17:13:56+00:00\",\"mainEntityOfPage\":{\"@id\":\"https:\\\/\\\/quehacerpolitico.mx\\\/?p=95460\"},\"wordCount\":383,\"commentCount\":0,\"image\":{\"@id\":\"https:\\\/\\\/quehacerpolitico.mx\\\/?p=95460#primaryimage\"},\"thumbnailUrl\":\"https:\\\/\\\/quehacerpolitico.mx\\\/wp-content\\\/uploads\\\/2022\\\/09\\\/754318F3-0602-4B1D-9F93-B22C0195FC69.jpeg\",\"articleSection\":[\"Noticias\"],\"inLanguage\":\"es\",\"potentialAction\":[{\"@type\":\"CommentAction\",\"name\":\"Comment\",\"target\":[\"https:\\\/\\\/quehacerpolitico.mx\\\/?p=95460#respond\"]}]},{\"@type\":\"WebPage\",\"@id\":\"https:\\\/\\\/quehacerpolitico.mx\\\/?p=95460\",\"url\":\"https:\\\/\\\/quehacerpolitico.mx\\\/?p=95460\",\"name\":\"Mexicanos apoyan que el Ej\u00e9rcito est\u00e9 en las calles, asegura L\u00f3pez Obrador\u00a0 -\",\"isPartOf\":{\"@id\":\"https:\\\/\\\/quehacerpolitico.mx\\\/#website\"},\"primaryImageOfPage\":{\"@id\":\"https:\\\/\\\/quehacerpolitico.mx\\\/?p=95460#primaryimage\"},\"image\":{\"@id\":\"https:\\\/\\\/quehacerpolitico.mx\\\/?p=95460#primaryimage\"},\"thumbnailUrl\":\"https:\\\/\\\/quehacerpolitico.mx\\\/wp-content\\\/uploads\\\/2022\\\/09\\\/754318F3-0602-4B1D-9F93-B22C0195FC69.jpeg\",\"datePublished\":\"2022-09-22T17:01:48+00:00\",\"dateModified\":\"2022-09-22T17:13:56+00:00\",\"author\":{\"@id\":\"https:\\\/\\\/quehacerpolitico.mx\\\/#\\\/schema\\\/person\\\/496d8ad2d1d3f8036101dca7ee39e585\"},\"breadcrumb\":{\"@id\":\"https:\\\/\\\/quehacerpolitico.mx\\\/?p=95460#breadcrumb\"},\"inLanguage\":\"es\",\"potentialAction\":[{\"@type\":\"ReadAction\",\"target\":[\"https:\\\/\\\/quehacerpolitico.mx\\\/?p=95460\"]}]},{\"@type\":\"ImageObject\",\"inLanguage\":\"es\",\"@id\":\"https:\\\/\\\/quehacerpolitico.mx\\\/?p=95460#primaryimage\",\"url\":\"https:\\\/\\\/quehacerpolitico.mx\\\/wp-content\\\/uploads\\\/2022\\\/09\\\/754318F3-0602-4B1D-9F93-B22C0195FC69.jpeg\",\"contentUrl\":\"https:\\\/\\\/quehacerpolitico.mx\\\/wp-content\\\/uploads\\\/2022\\\/09\\\/754318F3-0602-4B1D-9F93-B22C0195FC69.jpeg\",\"width\":1284,\"height\":662},{\"@type\":\"BreadcrumbList\",\"@id\":\"https:\\\/\\\/quehacerpolitico.mx\\\/?p=95460#breadcrumb\",\"itemListElement\":[{\"@type\":\"ListItem\",\"position\":1,\"name\":\"Inicio\",\"item\":\"https:\\\/\\\/quehacerpolitico.mx\\\/\"},{\"@type\":\"ListItem\",\"position\":2,\"name\":\"Mexicanos apoyan que el Ej\u00e9rcito est\u00e9 en las calles, asegura L\u00f3pez Obrador\u00a0\"}]},{\"@type\":\"WebSite\",\"@id\":\"https:\\\/\\\/quehacerpolitico.mx\\\/#website\",\"url\":\"https:\\\/\\\/quehacerpolitico.mx\\\/\",\"name\":\"\",\"description\":\"\",\"potentialAction\":[{\"@type\":\"SearchAction\",\"target\":{\"@type\":\"EntryPoint\",\"urlTemplate\":\"https:\\\/\\\/quehacerpolitico.mx\\\/?s={search_term_string}\"},\"query-input\":{\"@type\":\"PropertyValueSpecification\",\"valueRequired\":true,\"valueName\":\"search_term_string\"}}],\"inLanguage\":\"es\"},{\"@type\":\"Person\",\"@id\":\"https:\\\/\\\/quehacerpolitico.mx\\\/#\\\/schema\\\/person\\\/496d8ad2d1d3f8036101dca7ee39e585\",\"name\":\"Redacci\u00f3n QP\",\"image\":{\"@type\":\"ImageObject\",\"inLanguage\":\"es\",\"@id\":\"https:\\\/\\\/secure.gravatar.com\\\/avatar\\\/c7164ed6fdec453195284ad24a5ae5b6e1eed2b848477fa2a4787ba9adf39a41?s=96&d=mm&r=g\",\"url\":\"https:\\\/\\\/secure.gravatar.com\\\/avatar\\\/c7164ed6fdec453195284ad24a5ae5b6e1eed2b848477fa2a4787ba9adf39a41?s=96&d=mm&r=g\",\"contentUrl\":\"https:\\\/\\\/secure.gravatar.com\\\/avatar\\\/c7164ed6fdec453195284ad24a5ae5b6e1eed2b848477fa2a4787ba9adf39a41?s=96&d=mm&r=g\",\"caption\":\"Redacci\u00f3n QP\"},\"url\":\"https:\\\/\\\/quehacerpolitico.mx\\\/?author=2\"}]}<\/script>\n<!-- \/ Yoast SEO plugin. -->","yoast_head_json":{"title":"Mexicanos apoyan que el Ej\u00e9rcito est\u00e9 en las calles, asegura L\u00f3pez Obrador\u00a0 -","robots":{"index":"index","follow":"follow","max-snippet":"max-snippet:-1","max-image-preview":"max-image-preview:large","max-video-preview":"max-video-preview:-1"},"canonical":"https:\/\/quehacerpolitico.mx\/?p=95460","og_locale":"es_MX","og_type":"article","og_title":"Mexicanos apoyan que el Ej\u00e9rcito est\u00e9 en las calles, asegura L\u00f3pez Obrador\u00a0 -","og_description":"Por Redacci\u00f3n QP El Presidente de la rep\u00fablica asegur\u00f3 que la mayor\u00eda de los mexicanos...","og_url":"https:\/\/quehacerpolitico.mx\/?p=95460","article_published_time":"2022-09-22T17:01:48+00:00","article_modified_time":"2022-09-22T17:13:56+00:00","og_image":[{"width":1284,"height":662,"url":"https:\/\/quehacerpolitico.mx\/wp-content\/uploads\/2022\/09\/754318F3-0602-4B1D-9F93-B22C0195FC69.jpeg","type":"image\/jpeg"}],"author":"Redacci\u00f3n QP","twitter_card":"summary_large_image","twitter_misc":{"Escrito por":"Redacci\u00f3n QP","Tiempo de lectura":"2 minutos"},"schema":{"@context":"https:\/\/schema.org","@graph":[{"@type":"Article","@id":"https:\/\/quehacerpolitico.mx\/?p=95460#article","isPartOf":{"@id":"https:\/\/quehacerpolitico.mx\/?p=95460"},"author":{"name":"Redacci\u00f3n QP","@id":"https:\/\/quehacerpolitico.mx\/#\/schema\/person\/496d8ad2d1d3f8036101dca7ee39e585"},"headline":"Mexicanos apoyan que el Ej\u00e9rcito est\u00e9 en las calles, asegura L\u00f3pez Obrador\u00a0","datePublished":"2022-09-22T17:01:48+00:00","dateModified":"2022-09-22T17:13:56+00:00","mainEntityOfPage":{"@id":"https:\/\/quehacerpolitico.mx\/?p=95460"},"wordCount":383,"commentCount":0,"image":{"@id":"https:\/\/quehacerpolitico.mx\/?p=95460#primaryimage"},"thumbnailUrl":"https:\/\/quehacerpolitico.mx\/wp-content\/uploads\/2022\/09\/754318F3-0602-4B1D-9F93-B22C0195FC69.jpeg","articleSection":["Noticias"],"inLanguage":"es","potentialAction":[{"@type":"CommentAction","name":"Comment","target":["https:\/\/quehacerpolitico.mx\/?p=95460#respond"]}]},{"@type":"WebPage","@id":"https:\/\/quehacerpolitico.mx\/?p=95460","url":"https:\/\/quehacerpolitico.mx\/?p=95460","name":"Mexicanos apoyan que el Ej\u00e9rcito est\u00e9 en las calles, asegura L\u00f3pez Obrador\u00a0 -","isPartOf":{"@id":"https:\/\/quehacerpolitico.mx\/#website"},"primaryImageOfPage":{"@id":"https:\/\/quehacerpolitico.mx\/?p=95460#primaryimage"},"image":{"@id":"https:\/\/quehacerpolitico.mx\/?p=95460#primaryimage"},"thumbnailUrl":"https:\/\/quehacerpolitico.mx\/wp-content\/uploads\/2022\/09\/754318F3-0602-4B1D-9F93-B22C0195FC69.jpeg","datePublished":"2022-09-22T17:01:48+00:00","dateModified":"2022-09-22T17:13:56+00:00","author":{"@id":"https:\/\/quehacerpolitico.mx\/#\/schema\/person\/496d8ad2d1d3f8036101dca7ee39e585"},"breadcrumb":{"@id":"https:\/\/quehacerpolitico.mx\/?p=95460#breadcrumb"},"inLanguage":"es","potentialAction":[{"@type":"ReadAction","target":["https:\/\/quehacerpolitico.mx\/?p=95460"]}]},{"@type":"ImageObject","inLanguage":"es","@id":"https:\/\/quehacerpolitico.mx\/?p=95460#primaryimage","url":"https:\/\/quehacerpolitico.mx\/wp-content\/uploads\/2022\/09\/754318F3-0602-4B1D-9F93-B22C0195FC69.jpeg","contentUrl":"https:\/\/quehacerpolitico.mx\/wp-content\/uploads\/2022\/09\/754318F3-0602-4B1D-9F93-B22C0195FC69.jpeg","width":1284,"height":662},{"@type":"BreadcrumbList","@id":"https:\/\/quehacerpolitico.mx\/?p=95460#breadcrumb","itemListElement":[{"@type":"ListItem","position":1,"name":"Inicio","item":"https:\/\/quehacerpolitico.mx\/"},{"@type":"ListItem","position":2,"name":"Mexicanos apoyan que el Ej\u00e9rcito est\u00e9 en las calles, asegura L\u00f3pez Obrador\u00a0"}]},{"@type":"WebSite","@id":"https:\/\/quehacerpolitico.mx\/#website","url":"https:\/\/quehacerpolitico.mx\/","name":"","description":"","potentialAction":[{"@type":"SearchAction","target":{"@type":"EntryPoint","urlTemplate":"https:\/\/quehacerpolitico.mx\/?s={search_term_string}"},"query-input":{"@type":"PropertyValueSpecification","valueRequired":true,"valueName":"search_term_string"}}],"inLanguage":"es"},{"@type":"Person","@id":"https:\/\/quehacerpolitico.mx\/#\/schema\/person\/496d8ad2d1d3f8036101dca7ee39e585","name":"Redacci\u00f3n QP","image":{"@type":"ImageObject","inLanguage":"es","@id":"https:\/\/secure.gravatar.com\/avatar\/c7164ed6fdec453195284ad24a5ae5b6e1eed2b848477fa2a4787ba9adf39a41?s=96&d=mm&r=g","url":"https:\/\/secure.gravatar.com\/avatar\/c7164ed6fdec453195284ad24a5ae5b6e1eed2b848477fa2a4787ba9adf39a41?s=96&d=mm&r=g","contentUrl":"https:\/\/secure.gravatar.com\/avatar\/c7164ed6fdec453195284ad24a5ae5b6e1eed2b848477fa2a4787ba9adf39a41?s=96&d=mm&r=g","caption":"Redacci\u00f3n QP"},"url":"https:\/\/quehacerpolitico.mx\/?author=2"}]}},"featured_image_urls":{"full":["https:\/\/quehacerpolitico.mx\/wp-content\/uploads\/2022\/09\/754318F3-0602-4B1D-9F93-B22C0195FC69.jpeg",1284,662,false],"thumbnail":["https:\/\/quehacerpolitico.mx\/wp-content\/uploads\/2022\/09\/754318F3-0602-4B1D-9F93-B22C0195FC69-150x150.jpeg",150,150,true],"medium":["https:\/\/quehacerpolitico.mx\/wp-content\/uploads\/2022\/09\/754318F3-0602-4B1D-9F93-B22C0195FC69-300x155.jpeg",300,155,true],"medium_large":["https:\/\/quehacerpolitico.mx\/wp-content\/uploads\/2022\/09\/754318F3-0602-4B1D-9F93-B22C0195FC69-768x396.jpeg",640,330,true],"large":["https:\/\/quehacerpolitico.mx\/wp-content\/uploads\/2022\/09\/754318F3-0602-4B1D-9F93-B22C0195FC69-1024x528.jpeg",640,330,true],"1536x1536":["https:\/\/quehacerpolitico.mx\/wp-content\/uploads\/2022\/09\/754318F3-0602-4B1D-9F93-B22C0195FC69.jpeg",1284,662,false],"2048x2048":["https:\/\/quehacerpolitico.mx\/wp-content\/uploads\/2022\/09\/754318F3-0602-4B1D-9F93-B22C0195FC69.jpeg",1284,662,false],"covernews-featured":["https:\/\/quehacerpolitico.mx\/wp-content\/uploads\/2022\/09\/754318F3-0602-4B1D-9F93-B22C0195FC69.jpeg",1024,528,false],"covernews-medium":["https:\/\/quehacerpolitico.mx\/wp-content\/uploads\/2022\/09\/754318F3-0602-4B1D-9F93-B22C0195FC69.jpeg",540,278,false]},"author_info":{"display_name":"Redacci\u00f3n QP","author_link":"https:\/\/quehacerpolitico.mx\/?author=2"},"category_info":"<a href=\"https:\/\/quehacerpolitico.mx\/?cat=2\" rel=\"category\">Noticias<\/a>","tag_info":"Noticias","comment_count":"0","_links":{"self":[{"href":"https:\/\/quehacerpolitico.mx\/index.php?rest_route=\/wp\/v2\/posts\/95460","targetHints":{"allow":["GET"]}}],"collection":[{"href":"https:\/\/quehacerpolitico.mx\/index.php?rest_route=\/wp\/v2\/posts"}],"about":[{"href":"https:\/\/quehacerpolitico.mx\/index.php?rest_route=\/wp\/v2\/types\/post"}],"author":[{"embeddable":true,"href":"https:\/\/quehacerpolitico.mx\/index.php?rest_route=\/wp\/v2\/users\/2"}],"replies":[{"embeddable":true,"href":"https:\/\/quehacerpolitico.mx\/index.php?rest_route=%2Fwp%2Fv2%2Fcomments&post=95460"}],"version-history":[{"count":2,"href":"https:\/\/quehacerpolitico.mx\/index.php?rest_route=\/wp\/v2\/posts\/95460\/revisions"}],"predecessor-version":[{"id":95463,"href":"https:\/\/quehacerpolitico.mx\/index.php?rest_route=\/wp\/v2\/posts\/95460\/revisions\/95463"}],"wp:featuredmedia":[{"embeddable":true,"href":"https:\/\/quehacerpolitico.mx\/index.php?rest_route=\/wp\/v2\/media\/95461"}],"wp:attachment":[{"href":"https:\/\/quehacerpolitico.mx\/index.php?rest_route=%2Fwp%2Fv2%2Fmedia&parent=95460"}],"wp:term":[{"taxonomy":"category","embeddable":true,"href":"https:\/\/quehacerpolitico.mx\/index.php?rest_route=%2Fwp%2Fv2%2Fcategories&post=95460"},{"taxonomy":"post_tag","embeddable":true,"href":"https:\/\/quehacerpolitico.mx\/index.php?rest_route=%2Fwp%2Fv2%2Ftags&post=95460"}],"curies":[{"name":"wp","href":"https:\/\/api.w.org\/{rel}","templated":true}]}}