{"id":95453,"date":"2022-09-22T16:10:19","date_gmt":"2022-09-22T16:10:19","guid":{"rendered":"https:\/\/quehacerpolitico.mx\/?p=95453"},"modified":"2022-09-22T16:10:22","modified_gmt":"2022-09-22T16:10:22","slug":"lopez-obrador-niega-que-su-gobierno-sea-mas-violento-que-los-anteriores","status":"publish","type":"post","link":"https:\/\/quehacerpolitico.mx\/?p=95453","title":{"rendered":"L\u00f3pez Obrador niega que su gobierno sea m\u00e1s violento que los anteriores\u00a0"},"content":{"rendered":"\n<p>Por Redacci\u00f3n QP<\/p>\n\n\n\n<p>En\u00a0La Ma\u00f1anera de este jueves, el Presidente L\u00f3pez Obrador neg\u00f3 que su gobierno sea m\u00e1s violento que el de los sexenios de Pe\u00f1a, Calder\u00f3n y Fox<\/p>\n\n\n\n<p>El Presidente del Ejecutivo, Andr\u00e9s Manuel L\u00f3pez Obrador, rechaz\u00f3 rotundamente que su gobierno sea el sexenio m\u00e1s violento en la historia moderna de M\u00e9xico, e insisti\u00f3 en que&nbsp;<strong>no cambiar\u00e1 su estrategia de &#8220;abrazos no balazos&#8221;,<\/strong>&nbsp;porque, asegur\u00f3, est\u00e1 dando resultados.<\/p>\n\n\n\n<p>En La Ma\u00f1anera de este jueves, al ser cuestionado por el periodista Jorge Ramos, el Mandatario Federal se\u00f1al\u00f3 que si mintiera tendr\u00eda un problema con su conciencia.<\/p>\n\n\n\n<p>En plena conferencia desde el Palacio Nacional, el presentador de noticias insisti\u00f3: &#8220;Tengo que comenzar con malas noticias:\u00a0<strong>su gobierno ya es el m\u00e1s violento en la historia moderna de M\u00e9xico&#8221;<\/strong><\/p>\n\n\n\n<p>&#8220;No coincidi\u00f3 contigo&#8221;, respondi\u00f3 Obrador sin rechistar, a lo que Ramos reiter\u00f3 &#8220;Estas son las cifras de su propio gobierno, las saque de su p\u00e1gina. [Desde que] usted lleg\u00f3 al poder ha habido 126 mil 206 mexicanos asesinados, m\u00e1s que los 124 mil de Pe\u00f1a, m\u00e1s que los 121 mil de Calder\u00f3n. Esto es lo que significa se\u00f1or presidente, a pesar de las cifras que nos ha dado, es que\u00a0<strong>su estrategia de seguridad no ha funcionado. La militarizaci\u00f3n no ha funcionado, su propuesta de la Guardia Nacional,\u00a0<\/strong>por eso es que muchos se ponen a ella y la idea es que `abrazos no balazos, al final han dado m\u00e1s balazos; el problema es que si no corrigen se van a poner mucho\u00a0peor; al final, cuando usted entregue el poder, el 1 de octubre de 2024, va a haber 191 mil muertos&#8221;, cuestion\u00f3.<\/p>\n\n\n\n<figure class=\"wp-block-embed is-type-video is-provider-youtube wp-block-embed-youtube wp-embed-aspect-16-9 wp-has-aspect-ratio\"><div class=\"wp-block-embed__wrapper\">\n<iframe loading=\"lazy\" title=\"Responde AMLO a Ramos: mis adversarios quieren muertos\" width=\"640\" height=\"360\" src=\"https:\/\/www.youtube.com\/embed\/QaaDFCQPNGM?feature=oembed\" frameborder=\"0\" allow=\"accelerometer; autoplay; clipboard-write; encrypted-media; gyroscope; picture-in-picture; web-share\" referrerpolicy=\"strict-origin-when-cross-origin\" allowfullscreen><\/iframe>\n<\/div><\/figure>\n\n\n\n<p>En respuesta, el Presidente L\u00f3pez Obrador contest\u00f3:<strong>\u00a0&#8220;No coincido contigo, no estoy de acuerdo<\/strong>\u00a0y considero que no tienes raz\u00f3n&#8221;.<\/p>\n\n\n\n<p><strong>&#8220;Pero es que son tus datos&#8221;,\u00a0<\/strong>replic\u00f3 de nueva cuenta el periodista.<\/p>\n\n\n\n<p>&#8220;Nada m\u00e1s es cosa de c\u00f3mo los presentas t\u00fa y c\u00f3mo consideramos nosotros deben de darse a conocer&#8221;, se\u00f1al\u00f3 el presidente L\u00f3pez Obrador.<\/p>\n\n\n\n<figure class=\"wp-block-image size-large\"><img loading=\"lazy\" decoding=\"async\" width=\"1024\" height=\"557\" src=\"https:\/\/quehacerpolitico.mx\/wp-content\/uploads\/2022\/09\/image-87-1024x557.jpeg\" alt=\"\" class=\"wp-image-95454\" srcset=\"https:\/\/quehacerpolitico.mx\/wp-content\/uploads\/2022\/09\/image-87-1024x557.jpeg 1024w, https:\/\/quehacerpolitico.mx\/wp-content\/uploads\/2022\/09\/image-87-300x163.jpeg 300w, https:\/\/quehacerpolitico.mx\/wp-content\/uploads\/2022\/09\/image-87-768x418.jpeg 768w, https:\/\/quehacerpolitico.mx\/wp-content\/uploads\/2022\/09\/image-87-260x142.jpeg 260w, https:\/\/quehacerpolitico.mx\/wp-content\/uploads\/2022\/09\/image-87-50x27.jpeg 50w, https:\/\/quehacerpolitico.mx\/wp-content\/uploads\/2022\/09\/image-87-138x75.jpeg 138w, https:\/\/quehacerpolitico.mx\/wp-content\/uploads\/2022\/09\/image-87.jpeg 1284w\" sizes=\"auto, (max-width: 1024px) 100vw, 1024px\" \/><\/figure>\n\n\n\n<p>En el sal\u00f3n Tesorer\u00eda, el Mandatario del Ejecutivo garantiz\u00f3 que su gobierno disminuir\u00e1 el n\u00famero de homicidios dolosos y &#8220;es lo que me tiene tranquilo, optimista y por eso sostengo que no vamos a cambiar la estrategia porque nos est\u00e1 dando resultados&#8221;.<\/p>\n\n\n\n<p>&#8220;Tendr\u00eda yo problemas con mi conciencia, con mi tribunal principal, que es mi conciencia, si yo estuviera mintiendo&#8221;, a\u00f1adi\u00f3.<\/p>\n\n\n\n<p>Con informaci\u00f3n de SUN<\/p>\n","protected":false},"excerpt":{"rendered":"<p>Por Redacci\u00f3n QP En\u00a0La Ma\u00f1anera de este jueves, el Presidente L\u00f3pez Obrador neg\u00f3 que su&#8230;<\/p>\n","protected":false},"author":2,"featured_media":95455,"comment_status":"open","ping_status":"open","sticky":false,"template":"","format":"standard","meta":{"_monsterinsights_skip_tracking":false,"_monsterinsights_sitenote_active":false,"_monsterinsights_sitenote_note":"","_monsterinsights_sitenote_category":0,"footnotes":""},"categories":[2],"tags":[],"class_list":["post-95453","post","type-post","status-publish","format-standard","has-post-thumbnail","hentry","category-noticias"],"yoast_head":"<!-- This site is optimized with the Yoast SEO plugin v27.3 - https:\/\/yoast.com\/product\/yoast-seo-wordpress\/ -->\n<title>L\u00f3pez Obrador niega que su gobierno sea m\u00e1s violento que los anteriores\u00a0 -<\/title>\n<meta name=\"robots\" content=\"index, follow, max-snippet:-1, max-image-preview:large, max-video-preview:-1\" \/>\n<link rel=\"canonical\" href=\"https:\/\/quehacerpolitico.mx\/?p=95453\" \/>\n<meta property=\"og:locale\" content=\"es_MX\" \/>\n<meta property=\"og:type\" content=\"article\" \/>\n<meta property=\"og:title\" content=\"L\u00f3pez Obrador niega que su gobierno sea m\u00e1s violento que los anteriores\u00a0 -\" \/>\n<meta property=\"og:description\" content=\"Por Redacci\u00f3n QP En\u00a0La Ma\u00f1anera de este jueves, el Presidente L\u00f3pez Obrador neg\u00f3 que su...\" \/>\n<meta property=\"og:url\" content=\"https:\/\/quehacerpolitico.mx\/?p=95453\" \/>\n<meta property=\"article:published_time\" content=\"2022-09-22T16:10:19+00:00\" \/>\n<meta property=\"article:modified_time\" content=\"2022-09-22T16:10:22+00:00\" \/>\n<meta property=\"og:image\" content=\"https:\/\/quehacerpolitico.mx\/wp-content\/uploads\/2022\/09\/F7B2B98E-38DD-4FF2-A713-954A92EDB4EB.jpeg\" \/>\n\t<meta property=\"og:image:width\" content=\"772\" \/>\n\t<meta property=\"og:image:height\" content=\"576\" \/>\n\t<meta property=\"og:image:type\" content=\"image\/jpeg\" \/>\n<meta name=\"author\" content=\"Redacci\u00f3n QP\" \/>\n<meta name=\"twitter:card\" content=\"summary_large_image\" \/>\n<meta name=\"twitter:label1\" content=\"Escrito por\" \/>\n\t<meta name=\"twitter:data1\" content=\"Redacci\u00f3n QP\" \/>\n\t<meta name=\"twitter:label2\" content=\"Tiempo de lectura\" \/>\n\t<meta name=\"twitter:data2\" content=\"2 minutos\" \/>\n<script type=\"application\/ld+json\" class=\"yoast-schema-graph\">{\"@context\":\"https:\\\/\\\/schema.org\",\"@graph\":[{\"@type\":\"Article\",\"@id\":\"https:\\\/\\\/quehacerpolitico.mx\\\/?p=95453#article\",\"isPartOf\":{\"@id\":\"https:\\\/\\\/quehacerpolitico.mx\\\/?p=95453\"},\"author\":{\"name\":\"Redacci\u00f3n QP\",\"@id\":\"https:\\\/\\\/quehacerpolitico.mx\\\/#\\\/schema\\\/person\\\/496d8ad2d1d3f8036101dca7ee39e585\"},\"headline\":\"L\u00f3pez Obrador niega que su gobierno sea m\u00e1s violento que los anteriores\u00a0\",\"datePublished\":\"2022-09-22T16:10:19+00:00\",\"dateModified\":\"2022-09-22T16:10:22+00:00\",\"mainEntityOfPage\":{\"@id\":\"https:\\\/\\\/quehacerpolitico.mx\\\/?p=95453\"},\"wordCount\":442,\"commentCount\":0,\"image\":{\"@id\":\"https:\\\/\\\/quehacerpolitico.mx\\\/?p=95453#primaryimage\"},\"thumbnailUrl\":\"https:\\\/\\\/quehacerpolitico.mx\\\/wp-content\\\/uploads\\\/2022\\\/09\\\/F7B2B98E-38DD-4FF2-A713-954A92EDB4EB.jpeg\",\"articleSection\":[\"Noticias\"],\"inLanguage\":\"es\",\"potentialAction\":[{\"@type\":\"CommentAction\",\"name\":\"Comment\",\"target\":[\"https:\\\/\\\/quehacerpolitico.mx\\\/?p=95453#respond\"]}]},{\"@type\":\"WebPage\",\"@id\":\"https:\\\/\\\/quehacerpolitico.mx\\\/?p=95453\",\"url\":\"https:\\\/\\\/quehacerpolitico.mx\\\/?p=95453\",\"name\":\"L\u00f3pez Obrador niega que su gobierno sea m\u00e1s violento que los anteriores\u00a0 -\",\"isPartOf\":{\"@id\":\"https:\\\/\\\/quehacerpolitico.mx\\\/#website\"},\"primaryImageOfPage\":{\"@id\":\"https:\\\/\\\/quehacerpolitico.mx\\\/?p=95453#primaryimage\"},\"image\":{\"@id\":\"https:\\\/\\\/quehacerpolitico.mx\\\/?p=95453#primaryimage\"},\"thumbnailUrl\":\"https:\\\/\\\/quehacerpolitico.mx\\\/wp-content\\\/uploads\\\/2022\\\/09\\\/F7B2B98E-38DD-4FF2-A713-954A92EDB4EB.jpeg\",\"datePublished\":\"2022-09-22T16:10:19+00:00\",\"dateModified\":\"2022-09-22T16:10:22+00:00\",\"author\":{\"@id\":\"https:\\\/\\\/quehacerpolitico.mx\\\/#\\\/schema\\\/person\\\/496d8ad2d1d3f8036101dca7ee39e585\"},\"breadcrumb\":{\"@id\":\"https:\\\/\\\/quehacerpolitico.mx\\\/?p=95453#breadcrumb\"},\"inLanguage\":\"es\",\"potentialAction\":[{\"@type\":\"ReadAction\",\"target\":[\"https:\\\/\\\/quehacerpolitico.mx\\\/?p=95453\"]}]},{\"@type\":\"ImageObject\",\"inLanguage\":\"es\",\"@id\":\"https:\\\/\\\/quehacerpolitico.mx\\\/?p=95453#primaryimage\",\"url\":\"https:\\\/\\\/quehacerpolitico.mx\\\/wp-content\\\/uploads\\\/2022\\\/09\\\/F7B2B98E-38DD-4FF2-A713-954A92EDB4EB.jpeg\",\"contentUrl\":\"https:\\\/\\\/quehacerpolitico.mx\\\/wp-content\\\/uploads\\\/2022\\\/09\\\/F7B2B98E-38DD-4FF2-A713-954A92EDB4EB.jpeg\",\"width\":772,\"height\":576},{\"@type\":\"BreadcrumbList\",\"@id\":\"https:\\\/\\\/quehacerpolitico.mx\\\/?p=95453#breadcrumb\",\"itemListElement\":[{\"@type\":\"ListItem\",\"position\":1,\"name\":\"Inicio\",\"item\":\"https:\\\/\\\/quehacerpolitico.mx\\\/\"},{\"@type\":\"ListItem\",\"position\":2,\"name\":\"L\u00f3pez Obrador niega que su gobierno sea m\u00e1s violento que los anteriores\u00a0\"}]},{\"@type\":\"WebSite\",\"@id\":\"https:\\\/\\\/quehacerpolitico.mx\\\/#website\",\"url\":\"https:\\\/\\\/quehacerpolitico.mx\\\/\",\"name\":\"\",\"description\":\"\",\"potentialAction\":[{\"@type\":\"SearchAction\",\"target\":{\"@type\":\"EntryPoint\",\"urlTemplate\":\"https:\\\/\\\/quehacerpolitico.mx\\\/?s={search_term_string}\"},\"query-input\":{\"@type\":\"PropertyValueSpecification\",\"valueRequired\":true,\"valueName\":\"search_term_string\"}}],\"inLanguage\":\"es\"},{\"@type\":\"Person\",\"@id\":\"https:\\\/\\\/quehacerpolitico.mx\\\/#\\\/schema\\\/person\\\/496d8ad2d1d3f8036101dca7ee39e585\",\"name\":\"Redacci\u00f3n QP\",\"image\":{\"@type\":\"ImageObject\",\"inLanguage\":\"es\",\"@id\":\"https:\\\/\\\/secure.gravatar.com\\\/avatar\\\/c7164ed6fdec453195284ad24a5ae5b6e1eed2b848477fa2a4787ba9adf39a41?s=96&d=mm&r=g\",\"url\":\"https:\\\/\\\/secure.gravatar.com\\\/avatar\\\/c7164ed6fdec453195284ad24a5ae5b6e1eed2b848477fa2a4787ba9adf39a41?s=96&d=mm&r=g\",\"contentUrl\":\"https:\\\/\\\/secure.gravatar.com\\\/avatar\\\/c7164ed6fdec453195284ad24a5ae5b6e1eed2b848477fa2a4787ba9adf39a41?s=96&d=mm&r=g\",\"caption\":\"Redacci\u00f3n QP\"},\"url\":\"https:\\\/\\\/quehacerpolitico.mx\\\/?author=2\"}]}<\/script>\n<!-- \/ Yoast SEO plugin. -->","yoast_head_json":{"title":"L\u00f3pez Obrador niega que su gobierno sea m\u00e1s violento que los anteriores\u00a0 -","robots":{"index":"index","follow":"follow","max-snippet":"max-snippet:-1","max-image-preview":"max-image-preview:large","max-video-preview":"max-video-preview:-1"},"canonical":"https:\/\/quehacerpolitico.mx\/?p=95453","og_locale":"es_MX","og_type":"article","og_title":"L\u00f3pez Obrador niega que su gobierno sea m\u00e1s violento que los anteriores\u00a0 -","og_description":"Por Redacci\u00f3n QP En\u00a0La Ma\u00f1anera de este jueves, el Presidente L\u00f3pez Obrador neg\u00f3 que su...","og_url":"https:\/\/quehacerpolitico.mx\/?p=95453","article_published_time":"2022-09-22T16:10:19+00:00","article_modified_time":"2022-09-22T16:10:22+00:00","og_image":[{"width":772,"height":576,"url":"https:\/\/quehacerpolitico.mx\/wp-content\/uploads\/2022\/09\/F7B2B98E-38DD-4FF2-A713-954A92EDB4EB.jpeg","type":"image\/jpeg"}],"author":"Redacci\u00f3n QP","twitter_card":"summary_large_image","twitter_misc":{"Escrito por":"Redacci\u00f3n QP","Tiempo de lectura":"2 minutos"},"schema":{"@context":"https:\/\/schema.org","@graph":[{"@type":"Article","@id":"https:\/\/quehacerpolitico.mx\/?p=95453#article","isPartOf":{"@id":"https:\/\/quehacerpolitico.mx\/?p=95453"},"author":{"name":"Redacci\u00f3n QP","@id":"https:\/\/quehacerpolitico.mx\/#\/schema\/person\/496d8ad2d1d3f8036101dca7ee39e585"},"headline":"L\u00f3pez Obrador niega que su gobierno sea m\u00e1s violento que los anteriores\u00a0","datePublished":"2022-09-22T16:10:19+00:00","dateModified":"2022-09-22T16:10:22+00:00","mainEntityOfPage":{"@id":"https:\/\/quehacerpolitico.mx\/?p=95453"},"wordCount":442,"commentCount":0,"image":{"@id":"https:\/\/quehacerpolitico.mx\/?p=95453#primaryimage"},"thumbnailUrl":"https:\/\/quehacerpolitico.mx\/wp-content\/uploads\/2022\/09\/F7B2B98E-38DD-4FF2-A713-954A92EDB4EB.jpeg","articleSection":["Noticias"],"inLanguage":"es","potentialAction":[{"@type":"CommentAction","name":"Comment","target":["https:\/\/quehacerpolitico.mx\/?p=95453#respond"]}]},{"@type":"WebPage","@id":"https:\/\/quehacerpolitico.mx\/?p=95453","url":"https:\/\/quehacerpolitico.mx\/?p=95453","name":"L\u00f3pez Obrador niega que su gobierno sea m\u00e1s violento que los anteriores\u00a0 -","isPartOf":{"@id":"https:\/\/quehacerpolitico.mx\/#website"},"primaryImageOfPage":{"@id":"https:\/\/quehacerpolitico.mx\/?p=95453#primaryimage"},"image":{"@id":"https:\/\/quehacerpolitico.mx\/?p=95453#primaryimage"},"thumbnailUrl":"https:\/\/quehacerpolitico.mx\/wp-content\/uploads\/2022\/09\/F7B2B98E-38DD-4FF2-A713-954A92EDB4EB.jpeg","datePublished":"2022-09-22T16:10:19+00:00","dateModified":"2022-09-22T16:10:22+00:00","author":{"@id":"https:\/\/quehacerpolitico.mx\/#\/schema\/person\/496d8ad2d1d3f8036101dca7ee39e585"},"breadcrumb":{"@id":"https:\/\/quehacerpolitico.mx\/?p=95453#breadcrumb"},"inLanguage":"es","potentialAction":[{"@type":"ReadAction","target":["https:\/\/quehacerpolitico.mx\/?p=95453"]}]},{"@type":"ImageObject","inLanguage":"es","@id":"https:\/\/quehacerpolitico.mx\/?p=95453#primaryimage","url":"https:\/\/quehacerpolitico.mx\/wp-content\/uploads\/2022\/09\/F7B2B98E-38DD-4FF2-A713-954A92EDB4EB.jpeg","contentUrl":"https:\/\/quehacerpolitico.mx\/wp-content\/uploads\/2022\/09\/F7B2B98E-38DD-4FF2-A713-954A92EDB4EB.jpeg","width":772,"height":576},{"@type":"BreadcrumbList","@id":"https:\/\/quehacerpolitico.mx\/?p=95453#breadcrumb","itemListElement":[{"@type":"ListItem","position":1,"name":"Inicio","item":"https:\/\/quehacerpolitico.mx\/"},{"@type":"ListItem","position":2,"name":"L\u00f3pez Obrador niega que su gobierno sea m\u00e1s violento que los anteriores\u00a0"}]},{"@type":"WebSite","@id":"https:\/\/quehacerpolitico.mx\/#website","url":"https:\/\/quehacerpolitico.mx\/","name":"","description":"","potentialAction":[{"@type":"SearchAction","target":{"@type":"EntryPoint","urlTemplate":"https:\/\/quehacerpolitico.mx\/?s={search_term_string}"},"query-input":{"@type":"PropertyValueSpecification","valueRequired":true,"valueName":"search_term_string"}}],"inLanguage":"es"},{"@type":"Person","@id":"https:\/\/quehacerpolitico.mx\/#\/schema\/person\/496d8ad2d1d3f8036101dca7ee39e585","name":"Redacci\u00f3n QP","image":{"@type":"ImageObject","inLanguage":"es","@id":"https:\/\/secure.gravatar.com\/avatar\/c7164ed6fdec453195284ad24a5ae5b6e1eed2b848477fa2a4787ba9adf39a41?s=96&d=mm&r=g","url":"https:\/\/secure.gravatar.com\/avatar\/c7164ed6fdec453195284ad24a5ae5b6e1eed2b848477fa2a4787ba9adf39a41?s=96&d=mm&r=g","contentUrl":"https:\/\/secure.gravatar.com\/avatar\/c7164ed6fdec453195284ad24a5ae5b6e1eed2b848477fa2a4787ba9adf39a41?s=96&d=mm&r=g","caption":"Redacci\u00f3n QP"},"url":"https:\/\/quehacerpolitico.mx\/?author=2"}]}},"featured_image_urls":{"full":["https:\/\/quehacerpolitico.mx\/wp-content\/uploads\/2022\/09\/F7B2B98E-38DD-4FF2-A713-954A92EDB4EB.jpeg",772,576,false],"thumbnail":["https:\/\/quehacerpolitico.mx\/wp-content\/uploads\/2022\/09\/F7B2B98E-38DD-4FF2-A713-954A92EDB4EB-150x150.jpeg",150,150,true],"medium":["https:\/\/quehacerpolitico.mx\/wp-content\/uploads\/2022\/09\/F7B2B98E-38DD-4FF2-A713-954A92EDB4EB-300x224.jpeg",300,224,true],"medium_large":["https:\/\/quehacerpolitico.mx\/wp-content\/uploads\/2022\/09\/F7B2B98E-38DD-4FF2-A713-954A92EDB4EB-768x573.jpeg",640,478,true],"large":["https:\/\/quehacerpolitico.mx\/wp-content\/uploads\/2022\/09\/F7B2B98E-38DD-4FF2-A713-954A92EDB4EB.jpeg",640,478,false],"1536x1536":["https:\/\/quehacerpolitico.mx\/wp-content\/uploads\/2022\/09\/F7B2B98E-38DD-4FF2-A713-954A92EDB4EB.jpeg",772,576,false],"2048x2048":["https:\/\/quehacerpolitico.mx\/wp-content\/uploads\/2022\/09\/F7B2B98E-38DD-4FF2-A713-954A92EDB4EB.jpeg",772,576,false],"covernews-featured":["https:\/\/quehacerpolitico.mx\/wp-content\/uploads\/2022\/09\/F7B2B98E-38DD-4FF2-A713-954A92EDB4EB.jpeg",772,576,false],"covernews-medium":["https:\/\/quehacerpolitico.mx\/wp-content\/uploads\/2022\/09\/F7B2B98E-38DD-4FF2-A713-954A92EDB4EB.jpeg",456,340,false]},"author_info":{"display_name":"Redacci\u00f3n QP","author_link":"https:\/\/quehacerpolitico.mx\/?author=2"},"category_info":"<a href=\"https:\/\/quehacerpolitico.mx\/?cat=2\" rel=\"category\">Noticias<\/a>","tag_info":"Noticias","comment_count":"0","_links":{"self":[{"href":"https:\/\/quehacerpolitico.mx\/index.php?rest_route=\/wp\/v2\/posts\/95453","targetHints":{"allow":["GET"]}}],"collection":[{"href":"https:\/\/quehacerpolitico.mx\/index.php?rest_route=\/wp\/v2\/posts"}],"about":[{"href":"https:\/\/quehacerpolitico.mx\/index.php?rest_route=\/wp\/v2\/types\/post"}],"author":[{"embeddable":true,"href":"https:\/\/quehacerpolitico.mx\/index.php?rest_route=\/wp\/v2\/users\/2"}],"replies":[{"embeddable":true,"href":"https:\/\/quehacerpolitico.mx\/index.php?rest_route=%2Fwp%2Fv2%2Fcomments&post=95453"}],"version-history":[{"count":1,"href":"https:\/\/quehacerpolitico.mx\/index.php?rest_route=\/wp\/v2\/posts\/95453\/revisions"}],"predecessor-version":[{"id":95456,"href":"https:\/\/quehacerpolitico.mx\/index.php?rest_route=\/wp\/v2\/posts\/95453\/revisions\/95456"}],"wp:featuredmedia":[{"embeddable":true,"href":"https:\/\/quehacerpolitico.mx\/index.php?rest_route=\/wp\/v2\/media\/95455"}],"wp:attachment":[{"href":"https:\/\/quehacerpolitico.mx\/index.php?rest_route=%2Fwp%2Fv2%2Fmedia&parent=95453"}],"wp:term":[{"taxonomy":"category","embeddable":true,"href":"https:\/\/quehacerpolitico.mx\/index.php?rest_route=%2Fwp%2Fv2%2Fcategories&post=95453"},{"taxonomy":"post_tag","embeddable":true,"href":"https:\/\/quehacerpolitico.mx\/index.php?rest_route=%2Fwp%2Fv2%2Ftags&post=95453"}],"curies":[{"name":"wp","href":"https:\/\/api.w.org\/{rel}","templated":true}]}}