{"id":95449,"date":"2022-09-22T15:16:00","date_gmt":"2022-09-22T15:16:00","guid":{"rendered":"https:\/\/quehacerpolitico.mx\/?p=95449"},"modified":"2022-09-22T15:16:04","modified_gmt":"2022-09-22T15:16:04","slug":"los-que-usaban-a-ejercito-para-reprimir-acusan-de-militarizar-dice-lopez-obrador","status":"publish","type":"post","link":"https:\/\/quehacerpolitico.mx\/?p=95449","title":{"rendered":"&#8220;Los que usaban a Ej\u00e9rcito para reprimir, acusan de militarizar&#8221;, dice L\u00f3pez Obrador\u00a0"},"content":{"rendered":"\n<p>Por Redacci\u00f3n QP<\/p>\n\n\n\n<p>Se\u00f1al\u00f3 que quienes en el pasado usaban al Ej\u00e9rcito para reprimir sin fundamento legal ahora est\u00e1n acusando a su gobierno de querer militarizar al pa\u00eds<\/p>\n\n\n\n<p>Despu\u00e9s de que ayer mi\u00e9rcoles el bloque opositor en el Senado fren\u00f3 la reforma constitucional que busca extender hasta 2028 la presencia militar en tareas de seguridad p\u00fablica, el Presidente de la rep\u00fablica, Andr\u00e9s Manuel L\u00f3pez Obrador, asever\u00f3 que &#8220;es el mundo al rev\u00e9s&#8221;, pues se\u00f1al\u00f3 que quienes en el pasado usaban al Ej\u00e9rcito para reprimir sin fundamento legal ahora est\u00e1n acusando a su gobierno de querer militarizar al pa\u00eds e implantar un r\u00e9gimen autoritario.<\/p>\n\n\n\n<p>En La Ma\u00f1anera de este jueves, el Mandatario del Ejecutivo asegur\u00f3 que quienes no ven con buenos ojos a su administraci\u00f3n, califican a su gobierno como &#8220;blando&#8221; o &#8220;c\u00f3mplices de la delincuencia&#8221; al seguir su pol\u00edtica de &#8220;Abrazos no balazos&#8221;.<\/p>\n\n\n\n<figure class=\"wp-block-embed is-type-rich is-provider-twitter wp-block-embed-twitter\"><div class=\"wp-block-embed__wrapper\">\n<blockquote class=\"twitter-tweet\" data-width=\"550\" data-dnt=\"true\"><p lang=\"es\" dir=\"ltr\">Tras tachar de &quot;hip\u00f3critas&quot; a los senadores de oposici\u00f3n que votaron contra la permanencia de las Fuerzas Armadas en labores de seguridad, el presidente L\u00f3pez Obrador adelant\u00f3 que volver\u00e1 a presentar dicha iniciativa.<br><br>&quot;Que pase un tiempo y voy a volver a presentarla&quot;, asegur\u00f3. <a href=\"https:\/\/t.co\/HPXOVP1fMF\">pic.twitter.com\/HPXOVP1fMF<\/a><\/p>&mdash; Joaqu\u00edn L\u00f3pez-D\u00f3riga (@lopezdoriga) <a href=\"https:\/\/twitter.com\/lopezdoriga\/status\/1572937273963839490?ref_src=twsrc%5Etfw\">September 22, 2022<\/a><\/blockquote><script async src=\"https:\/\/platform.twitter.com\/widgets.js\" charset=\"utf-8\"><\/script>\n<\/div><\/figure>\n\n\n\n<p>&#8220;Los que no nos ven con buenos ojos y nos llaman &#8220;blandos&#8221; cuando decimos que &#8220;abrazos, no balazos&#8221; o &#8220;c\u00f3mplices de la delincuencia&#8221;, o &#8220;duros&#8221; ahora, por ejemplo que es como el mundo al rev\u00e9s,\u00a0quienes usaban al Ej\u00e9rcito para reprimir sin fundamento legal nos est\u00e1n acusando de querer militarizar al pa\u00eds, de implantar un r\u00e9gimen autoritario.<\/p>\n\n\n\n<p>&#8220;Entonces siempre hay esto, pero tiene que ver con la politiquer\u00eda, b\u00e1sicamente&#8221;, comparti\u00f3 desde Palacio Nacional.<\/p>\n\n\n\n<p>Con informaci\u00f3n de SUN<\/p>\n","protected":false},"excerpt":{"rendered":"<p>Por Redacci\u00f3n QP Se\u00f1al\u00f3 que quienes en el pasado usaban al Ej\u00e9rcito para reprimir sin&#8230;<\/p>\n","protected":false},"author":2,"featured_media":95451,"comment_status":"open","ping_status":"open","sticky":false,"template":"","format":"standard","meta":{"_monsterinsights_skip_tracking":false,"_monsterinsights_sitenote_active":false,"_monsterinsights_sitenote_note":"","_monsterinsights_sitenote_category":0,"footnotes":""},"categories":[2],"tags":[],"class_list":["post-95449","post","type-post","status-publish","format-standard","has-post-thumbnail","hentry","category-noticias"],"yoast_head":"<!-- This site is optimized with the Yoast SEO plugin v27.3 - https:\/\/yoast.com\/product\/yoast-seo-wordpress\/ -->\n<title>&quot;Los que usaban a Ej\u00e9rcito para reprimir, acusan de militarizar&quot;, dice L\u00f3pez Obrador\u00a0 -<\/title>\n<meta name=\"robots\" content=\"index, follow, max-snippet:-1, max-image-preview:large, max-video-preview:-1\" \/>\n<link rel=\"canonical\" href=\"https:\/\/quehacerpolitico.mx\/?p=95449\" \/>\n<meta property=\"og:locale\" content=\"es_MX\" \/>\n<meta property=\"og:type\" content=\"article\" \/>\n<meta property=\"og:title\" content=\"&quot;Los que usaban a Ej\u00e9rcito para reprimir, acusan de militarizar&quot;, dice L\u00f3pez Obrador\u00a0 -\" \/>\n<meta property=\"og:description\" content=\"Por Redacci\u00f3n QP Se\u00f1al\u00f3 que quienes en el pasado usaban al Ej\u00e9rcito para reprimir sin...\" \/>\n<meta property=\"og:url\" content=\"https:\/\/quehacerpolitico.mx\/?p=95449\" \/>\n<meta property=\"article:published_time\" content=\"2022-09-22T15:16:00+00:00\" \/>\n<meta property=\"article:modified_time\" content=\"2022-09-22T15:16:04+00:00\" \/>\n<meta property=\"og:image\" content=\"https:\/\/quehacerpolitico.mx\/wp-content\/uploads\/2022\/09\/A378B8E9-FABA-4DF1-B6B5-1A997A866750.jpeg\" \/>\n\t<meta property=\"og:image:width\" content=\"1284\" \/>\n\t<meta property=\"og:image:height\" content=\"713\" \/>\n\t<meta property=\"og:image:type\" content=\"image\/jpeg\" \/>\n<meta name=\"author\" content=\"Redacci\u00f3n QP\" \/>\n<meta name=\"twitter:card\" content=\"summary_large_image\" \/>\n<meta name=\"twitter:label1\" content=\"Escrito por\" \/>\n\t<meta name=\"twitter:data1\" content=\"Redacci\u00f3n QP\" \/>\n\t<meta name=\"twitter:label2\" content=\"Tiempo de lectura\" \/>\n\t<meta name=\"twitter:data2\" content=\"1 minuto\" \/>\n<script type=\"application\/ld+json\" class=\"yoast-schema-graph\">{\"@context\":\"https:\\\/\\\/schema.org\",\"@graph\":[{\"@type\":\"Article\",\"@id\":\"https:\\\/\\\/quehacerpolitico.mx\\\/?p=95449#article\",\"isPartOf\":{\"@id\":\"https:\\\/\\\/quehacerpolitico.mx\\\/?p=95449\"},\"author\":{\"name\":\"Redacci\u00f3n QP\",\"@id\":\"https:\\\/\\\/quehacerpolitico.mx\\\/#\\\/schema\\\/person\\\/496d8ad2d1d3f8036101dca7ee39e585\"},\"headline\":\"&#8220;Los que usaban a Ej\u00e9rcito para reprimir, acusan de militarizar&#8221;, dice L\u00f3pez Obrador\u00a0\",\"datePublished\":\"2022-09-22T15:16:00+00:00\",\"dateModified\":\"2022-09-22T15:16:04+00:00\",\"mainEntityOfPage\":{\"@id\":\"https:\\\/\\\/quehacerpolitico.mx\\\/?p=95449\"},\"wordCount\":274,\"commentCount\":0,\"image\":{\"@id\":\"https:\\\/\\\/quehacerpolitico.mx\\\/?p=95449#primaryimage\"},\"thumbnailUrl\":\"https:\\\/\\\/quehacerpolitico.mx\\\/wp-content\\\/uploads\\\/2022\\\/09\\\/A378B8E9-FABA-4DF1-B6B5-1A997A866750.jpeg\",\"articleSection\":[\"Noticias\"],\"inLanguage\":\"es\",\"potentialAction\":[{\"@type\":\"CommentAction\",\"name\":\"Comment\",\"target\":[\"https:\\\/\\\/quehacerpolitico.mx\\\/?p=95449#respond\"]}]},{\"@type\":\"WebPage\",\"@id\":\"https:\\\/\\\/quehacerpolitico.mx\\\/?p=95449\",\"url\":\"https:\\\/\\\/quehacerpolitico.mx\\\/?p=95449\",\"name\":\"\\\"Los que usaban a Ej\u00e9rcito para reprimir, acusan de militarizar\\\", dice L\u00f3pez Obrador\u00a0 -\",\"isPartOf\":{\"@id\":\"https:\\\/\\\/quehacerpolitico.mx\\\/#website\"},\"primaryImageOfPage\":{\"@id\":\"https:\\\/\\\/quehacerpolitico.mx\\\/?p=95449#primaryimage\"},\"image\":{\"@id\":\"https:\\\/\\\/quehacerpolitico.mx\\\/?p=95449#primaryimage\"},\"thumbnailUrl\":\"https:\\\/\\\/quehacerpolitico.mx\\\/wp-content\\\/uploads\\\/2022\\\/09\\\/A378B8E9-FABA-4DF1-B6B5-1A997A866750.jpeg\",\"datePublished\":\"2022-09-22T15:16:00+00:00\",\"dateModified\":\"2022-09-22T15:16:04+00:00\",\"author\":{\"@id\":\"https:\\\/\\\/quehacerpolitico.mx\\\/#\\\/schema\\\/person\\\/496d8ad2d1d3f8036101dca7ee39e585\"},\"breadcrumb\":{\"@id\":\"https:\\\/\\\/quehacerpolitico.mx\\\/?p=95449#breadcrumb\"},\"inLanguage\":\"es\",\"potentialAction\":[{\"@type\":\"ReadAction\",\"target\":[\"https:\\\/\\\/quehacerpolitico.mx\\\/?p=95449\"]}]},{\"@type\":\"ImageObject\",\"inLanguage\":\"es\",\"@id\":\"https:\\\/\\\/quehacerpolitico.mx\\\/?p=95449#primaryimage\",\"url\":\"https:\\\/\\\/quehacerpolitico.mx\\\/wp-content\\\/uploads\\\/2022\\\/09\\\/A378B8E9-FABA-4DF1-B6B5-1A997A866750.jpeg\",\"contentUrl\":\"https:\\\/\\\/quehacerpolitico.mx\\\/wp-content\\\/uploads\\\/2022\\\/09\\\/A378B8E9-FABA-4DF1-B6B5-1A997A866750.jpeg\",\"width\":1284,\"height\":713},{\"@type\":\"BreadcrumbList\",\"@id\":\"https:\\\/\\\/quehacerpolitico.mx\\\/?p=95449#breadcrumb\",\"itemListElement\":[{\"@type\":\"ListItem\",\"position\":1,\"name\":\"Inicio\",\"item\":\"https:\\\/\\\/quehacerpolitico.mx\\\/\"},{\"@type\":\"ListItem\",\"position\":2,\"name\":\"&#8220;Los que usaban a Ej\u00e9rcito para reprimir, acusan de militarizar&#8221;, dice L\u00f3pez Obrador\u00a0\"}]},{\"@type\":\"WebSite\",\"@id\":\"https:\\\/\\\/quehacerpolitico.mx\\\/#website\",\"url\":\"https:\\\/\\\/quehacerpolitico.mx\\\/\",\"name\":\"\",\"description\":\"\",\"potentialAction\":[{\"@type\":\"SearchAction\",\"target\":{\"@type\":\"EntryPoint\",\"urlTemplate\":\"https:\\\/\\\/quehacerpolitico.mx\\\/?s={search_term_string}\"},\"query-input\":{\"@type\":\"PropertyValueSpecification\",\"valueRequired\":true,\"valueName\":\"search_term_string\"}}],\"inLanguage\":\"es\"},{\"@type\":\"Person\",\"@id\":\"https:\\\/\\\/quehacerpolitico.mx\\\/#\\\/schema\\\/person\\\/496d8ad2d1d3f8036101dca7ee39e585\",\"name\":\"Redacci\u00f3n QP\",\"image\":{\"@type\":\"ImageObject\",\"inLanguage\":\"es\",\"@id\":\"https:\\\/\\\/secure.gravatar.com\\\/avatar\\\/c7164ed6fdec453195284ad24a5ae5b6e1eed2b848477fa2a4787ba9adf39a41?s=96&d=mm&r=g\",\"url\":\"https:\\\/\\\/secure.gravatar.com\\\/avatar\\\/c7164ed6fdec453195284ad24a5ae5b6e1eed2b848477fa2a4787ba9adf39a41?s=96&d=mm&r=g\",\"contentUrl\":\"https:\\\/\\\/secure.gravatar.com\\\/avatar\\\/c7164ed6fdec453195284ad24a5ae5b6e1eed2b848477fa2a4787ba9adf39a41?s=96&d=mm&r=g\",\"caption\":\"Redacci\u00f3n QP\"},\"url\":\"https:\\\/\\\/quehacerpolitico.mx\\\/?author=2\"}]}<\/script>\n<!-- \/ Yoast SEO plugin. -->","yoast_head_json":{"title":"\"Los que usaban a Ej\u00e9rcito para reprimir, acusan de militarizar\", dice L\u00f3pez Obrador\u00a0 -","robots":{"index":"index","follow":"follow","max-snippet":"max-snippet:-1","max-image-preview":"max-image-preview:large","max-video-preview":"max-video-preview:-1"},"canonical":"https:\/\/quehacerpolitico.mx\/?p=95449","og_locale":"es_MX","og_type":"article","og_title":"\"Los que usaban a Ej\u00e9rcito para reprimir, acusan de militarizar\", dice L\u00f3pez Obrador\u00a0 -","og_description":"Por Redacci\u00f3n QP Se\u00f1al\u00f3 que quienes en el pasado usaban al Ej\u00e9rcito para reprimir sin...","og_url":"https:\/\/quehacerpolitico.mx\/?p=95449","article_published_time":"2022-09-22T15:16:00+00:00","article_modified_time":"2022-09-22T15:16:04+00:00","og_image":[{"width":1284,"height":713,"url":"https:\/\/quehacerpolitico.mx\/wp-content\/uploads\/2022\/09\/A378B8E9-FABA-4DF1-B6B5-1A997A866750.jpeg","type":"image\/jpeg"}],"author":"Redacci\u00f3n QP","twitter_card":"summary_large_image","twitter_misc":{"Escrito por":"Redacci\u00f3n QP","Tiempo de lectura":"1 minuto"},"schema":{"@context":"https:\/\/schema.org","@graph":[{"@type":"Article","@id":"https:\/\/quehacerpolitico.mx\/?p=95449#article","isPartOf":{"@id":"https:\/\/quehacerpolitico.mx\/?p=95449"},"author":{"name":"Redacci\u00f3n QP","@id":"https:\/\/quehacerpolitico.mx\/#\/schema\/person\/496d8ad2d1d3f8036101dca7ee39e585"},"headline":"&#8220;Los que usaban a Ej\u00e9rcito para reprimir, acusan de militarizar&#8221;, dice L\u00f3pez Obrador\u00a0","datePublished":"2022-09-22T15:16:00+00:00","dateModified":"2022-09-22T15:16:04+00:00","mainEntityOfPage":{"@id":"https:\/\/quehacerpolitico.mx\/?p=95449"},"wordCount":274,"commentCount":0,"image":{"@id":"https:\/\/quehacerpolitico.mx\/?p=95449#primaryimage"},"thumbnailUrl":"https:\/\/quehacerpolitico.mx\/wp-content\/uploads\/2022\/09\/A378B8E9-FABA-4DF1-B6B5-1A997A866750.jpeg","articleSection":["Noticias"],"inLanguage":"es","potentialAction":[{"@type":"CommentAction","name":"Comment","target":["https:\/\/quehacerpolitico.mx\/?p=95449#respond"]}]},{"@type":"WebPage","@id":"https:\/\/quehacerpolitico.mx\/?p=95449","url":"https:\/\/quehacerpolitico.mx\/?p=95449","name":"\"Los que usaban a Ej\u00e9rcito para reprimir, acusan de militarizar\", dice L\u00f3pez Obrador\u00a0 -","isPartOf":{"@id":"https:\/\/quehacerpolitico.mx\/#website"},"primaryImageOfPage":{"@id":"https:\/\/quehacerpolitico.mx\/?p=95449#primaryimage"},"image":{"@id":"https:\/\/quehacerpolitico.mx\/?p=95449#primaryimage"},"thumbnailUrl":"https:\/\/quehacerpolitico.mx\/wp-content\/uploads\/2022\/09\/A378B8E9-FABA-4DF1-B6B5-1A997A866750.jpeg","datePublished":"2022-09-22T15:16:00+00:00","dateModified":"2022-09-22T15:16:04+00:00","author":{"@id":"https:\/\/quehacerpolitico.mx\/#\/schema\/person\/496d8ad2d1d3f8036101dca7ee39e585"},"breadcrumb":{"@id":"https:\/\/quehacerpolitico.mx\/?p=95449#breadcrumb"},"inLanguage":"es","potentialAction":[{"@type":"ReadAction","target":["https:\/\/quehacerpolitico.mx\/?p=95449"]}]},{"@type":"ImageObject","inLanguage":"es","@id":"https:\/\/quehacerpolitico.mx\/?p=95449#primaryimage","url":"https:\/\/quehacerpolitico.mx\/wp-content\/uploads\/2022\/09\/A378B8E9-FABA-4DF1-B6B5-1A997A866750.jpeg","contentUrl":"https:\/\/quehacerpolitico.mx\/wp-content\/uploads\/2022\/09\/A378B8E9-FABA-4DF1-B6B5-1A997A866750.jpeg","width":1284,"height":713},{"@type":"BreadcrumbList","@id":"https:\/\/quehacerpolitico.mx\/?p=95449#breadcrumb","itemListElement":[{"@type":"ListItem","position":1,"name":"Inicio","item":"https:\/\/quehacerpolitico.mx\/"},{"@type":"ListItem","position":2,"name":"&#8220;Los que usaban a Ej\u00e9rcito para reprimir, acusan de militarizar&#8221;, dice L\u00f3pez Obrador\u00a0"}]},{"@type":"WebSite","@id":"https:\/\/quehacerpolitico.mx\/#website","url":"https:\/\/quehacerpolitico.mx\/","name":"","description":"","potentialAction":[{"@type":"SearchAction","target":{"@type":"EntryPoint","urlTemplate":"https:\/\/quehacerpolitico.mx\/?s={search_term_string}"},"query-input":{"@type":"PropertyValueSpecification","valueRequired":true,"valueName":"search_term_string"}}],"inLanguage":"es"},{"@type":"Person","@id":"https:\/\/quehacerpolitico.mx\/#\/schema\/person\/496d8ad2d1d3f8036101dca7ee39e585","name":"Redacci\u00f3n QP","image":{"@type":"ImageObject","inLanguage":"es","@id":"https:\/\/secure.gravatar.com\/avatar\/c7164ed6fdec453195284ad24a5ae5b6e1eed2b848477fa2a4787ba9adf39a41?s=96&d=mm&r=g","url":"https:\/\/secure.gravatar.com\/avatar\/c7164ed6fdec453195284ad24a5ae5b6e1eed2b848477fa2a4787ba9adf39a41?s=96&d=mm&r=g","contentUrl":"https:\/\/secure.gravatar.com\/avatar\/c7164ed6fdec453195284ad24a5ae5b6e1eed2b848477fa2a4787ba9adf39a41?s=96&d=mm&r=g","caption":"Redacci\u00f3n QP"},"url":"https:\/\/quehacerpolitico.mx\/?author=2"}]}},"featured_image_urls":{"full":["https:\/\/quehacerpolitico.mx\/wp-content\/uploads\/2022\/09\/A378B8E9-FABA-4DF1-B6B5-1A997A866750.jpeg",1284,713,false],"thumbnail":["https:\/\/quehacerpolitico.mx\/wp-content\/uploads\/2022\/09\/A378B8E9-FABA-4DF1-B6B5-1A997A866750-150x150.jpeg",150,150,true],"medium":["https:\/\/quehacerpolitico.mx\/wp-content\/uploads\/2022\/09\/A378B8E9-FABA-4DF1-B6B5-1A997A866750-300x167.jpeg",300,167,true],"medium_large":["https:\/\/quehacerpolitico.mx\/wp-content\/uploads\/2022\/09\/A378B8E9-FABA-4DF1-B6B5-1A997A866750-768x426.jpeg",640,355,true],"large":["https:\/\/quehacerpolitico.mx\/wp-content\/uploads\/2022\/09\/A378B8E9-FABA-4DF1-B6B5-1A997A866750-1024x569.jpeg",640,356,true],"1536x1536":["https:\/\/quehacerpolitico.mx\/wp-content\/uploads\/2022\/09\/A378B8E9-FABA-4DF1-B6B5-1A997A866750.jpeg",1284,713,false],"2048x2048":["https:\/\/quehacerpolitico.mx\/wp-content\/uploads\/2022\/09\/A378B8E9-FABA-4DF1-B6B5-1A997A866750.jpeg",1284,713,false],"covernews-featured":["https:\/\/quehacerpolitico.mx\/wp-content\/uploads\/2022\/09\/A378B8E9-FABA-4DF1-B6B5-1A997A866750.jpeg",1024,569,false],"covernews-medium":["https:\/\/quehacerpolitico.mx\/wp-content\/uploads\/2022\/09\/A378B8E9-FABA-4DF1-B6B5-1A997A866750.jpeg",540,300,false]},"author_info":{"display_name":"Redacci\u00f3n QP","author_link":"https:\/\/quehacerpolitico.mx\/?author=2"},"category_info":"<a href=\"https:\/\/quehacerpolitico.mx\/?cat=2\" rel=\"category\">Noticias<\/a>","tag_info":"Noticias","comment_count":"0","_links":{"self":[{"href":"https:\/\/quehacerpolitico.mx\/index.php?rest_route=\/wp\/v2\/posts\/95449","targetHints":{"allow":["GET"]}}],"collection":[{"href":"https:\/\/quehacerpolitico.mx\/index.php?rest_route=\/wp\/v2\/posts"}],"about":[{"href":"https:\/\/quehacerpolitico.mx\/index.php?rest_route=\/wp\/v2\/types\/post"}],"author":[{"embeddable":true,"href":"https:\/\/quehacerpolitico.mx\/index.php?rest_route=\/wp\/v2\/users\/2"}],"replies":[{"embeddable":true,"href":"https:\/\/quehacerpolitico.mx\/index.php?rest_route=%2Fwp%2Fv2%2Fcomments&post=95449"}],"version-history":[{"count":1,"href":"https:\/\/quehacerpolitico.mx\/index.php?rest_route=\/wp\/v2\/posts\/95449\/revisions"}],"predecessor-version":[{"id":95452,"href":"https:\/\/quehacerpolitico.mx\/index.php?rest_route=\/wp\/v2\/posts\/95449\/revisions\/95452"}],"wp:featuredmedia":[{"embeddable":true,"href":"https:\/\/quehacerpolitico.mx\/index.php?rest_route=\/wp\/v2\/media\/95451"}],"wp:attachment":[{"href":"https:\/\/quehacerpolitico.mx\/index.php?rest_route=%2Fwp%2Fv2%2Fmedia&parent=95449"}],"wp:term":[{"taxonomy":"category","embeddable":true,"href":"https:\/\/quehacerpolitico.mx\/index.php?rest_route=%2Fwp%2Fv2%2Fcategories&post=95449"},{"taxonomy":"post_tag","embeddable":true,"href":"https:\/\/quehacerpolitico.mx\/index.php?rest_route=%2Fwp%2Fv2%2Ftags&post=95449"}],"curies":[{"name":"wp","href":"https:\/\/api.w.org\/{rel}","templated":true}]}}