{"id":95446,"date":"2022-09-22T14:48:52","date_gmt":"2022-09-22T14:48:52","guid":{"rendered":"https:\/\/quehacerpolitico.mx\/?p=95446"},"modified":"2022-09-22T14:48:56","modified_gmt":"2022-09-22T14:48:56","slug":"lopez-obrador-lamenta-muerte-del-cineasta-jorge-fons","status":"publish","type":"post","link":"https:\/\/quehacerpolitico.mx\/?p=95446","title":{"rendered":"L\u00f3pez Obrador lamenta muerte del cineasta Jorge Fons\u00a0"},"content":{"rendered":"\n<p>Por Redacci\u00f3n QP<\/p>\n\n\n\n<p>En La Ma\u00f1anera record\u00f3 que el pasado 17 de mayo el cineasta visit\u00f3\u00a0Palacio Nacional junto con otros integrantes de la comunidad cineasta de M\u00e9xico<\/p>\n\n\n\n<p>El Presidente de la rep\u00fablica, Andr\u00e9s Manuel L\u00f3pez Obrador, lament\u00f3 este jueves el fallecimiento del cineasta Jorge Fons, a quien calific\u00f3 como un &#8220;cineasta extraordinario&#8221;.<\/p>\n\n\n\n<p>En La Ma\u00f1anera, el Mandato del Ejecutivo federal&nbsp;<strong>envi\u00f3 un abrazo a familiares amigos&nbsp;<\/strong>y record\u00f3 que el pasado 17 de mayo el mismo Jorge Fons visit\u00f3 en Palacio Nacional junto con otros integrantes de la comunidad cineasta de M\u00e9xico.<\/p>\n\n\n\n<p>&#8220;Mandar un abrazo a familiares de Jorge Fons, un cineasta extraordinario que falleci\u00f3 el d\u00eda de ayer. Estuvo con nosotros visit\u00e1ndonos con otros cineastas el 17 de mayo. Es recordado por la obra, la cinta &#8220;Rojo Amanecer&#8221; que todos vimos, que muchos vimos, sobre el [movimiento estudiantil de]\u00a068, y &#8220;El callej\u00f3n de los Milagros&#8221;.<\/p>\n\n\n\n<figure class=\"wp-block-embed is-type-rich is-provider-twitter wp-block-embed-twitter\"><div class=\"wp-block-embed__wrapper\">\n<blockquote class=\"twitter-tweet\" data-width=\"550\" data-dnt=\"true\"><p lang=\"es\" dir=\"ltr\">El presidente <a href=\"https:\/\/twitter.com\/lopezobrador_?ref_src=twsrc%5Etfw\">@lopezobrador_<\/a> extern\u00f3 sus condolencias a familiares y amigos del cineasta Jorge Fons, quien falleciera durante las primeras horas del jueves 22 de septiembre. <a href=\"https:\/\/t.co\/4RDweiAH5x\">pic.twitter.com\/4RDweiAH5x<\/a><\/p>&mdash; Ruido en la Red (@RuidoEnLaRed) <a href=\"https:\/\/twitter.com\/RuidoEnLaRed\/status\/1572938766087426048?ref_src=twsrc%5Etfw\">September 22, 2022<\/a><\/blockquote><script async src=\"https:\/\/platform.twitter.com\/widgets.js\" charset=\"utf-8\"><\/script>\n<\/div><\/figure>\n\n\n\n<p><strong>&#8220;Un abrazo a familiares y amigos, a los cineastas&#8221;,<\/strong>\u00a0expres\u00f3.<\/p>\n\n\n\n<figure class=\"wp-block-embed is-type-rich is-provider-twitter wp-block-embed-twitter\"><div class=\"wp-block-embed__wrapper\">\n<blockquote class=\"twitter-tweet\" data-width=\"550\" data-dnt=\"true\"><p lang=\"es\" dir=\"ltr\">La Secretar\u00eda de Cultura lamenta el fallecimiento del cineasta, guionista y actor Jorge Fons, director de pel\u00edculas memorables como \u201cLos alba\u00f1iles\u201d, que recibi\u00f3 el Oso de Plata en Berl\u00edn; \u201cRojo amanecer\u201d, ganadora del Ariel por Mejor Direcci\u00f3n; y \u201cEl callej\u00f3n de los milagros\u201d. <a href=\"https:\/\/t.co\/KYtiGKl34T\">pic.twitter.com\/KYtiGKl34T<\/a><\/p>&mdash; Secretar\u00eda de Cultura (@cultura_mx) <a href=\"https:\/\/twitter.com\/cultura_mx\/status\/1572848596315426817?ref_src=twsrc%5Etfw\">September 22, 2022<\/a><\/blockquote><script async src=\"https:\/\/platform.twitter.com\/widgets.js\" charset=\"utf-8\"><\/script>\n<\/div><\/figure>\n\n\n\n<p>Por su parte, la\u00a0Academia Mexicana de Artes y Ciencias Cinematogr\u00e1ficas. Casa de los Premios Ariel, por su parte, tambi\u00e9n comparti\u00f3 la noticia del deceso del creador mexicano, quien falleci\u00f3 a la edad de 83\u00a0a\u00f1os tras una amplia carrera en la que cultiv\u00f3 grandes \u00e9xitos\u00a0como\u00a0<strong><em>El Callej\u00f3n de los Milagros\u00a0<\/em>(1995) y\u00a0<em>Rojo Amanecer<\/em>\u00a0(1989).<\/strong><\/p>\n\n\n\n<figure class=\"wp-block-embed is-type-rich is-provider-twitter wp-block-embed-twitter\"><div class=\"wp-block-embed__wrapper\">\n<blockquote class=\"twitter-tweet\" data-width=\"550\" data-dnt=\"true\"><p lang=\"es\" dir=\"ltr\">Se nos fue Fons.<br>La AMACC abraza a su familia y a la comunidad por esta p\u00e9rdida.<br>Director de cintas emblem\u00e1ticas como Rojo amanecer y El callej\u00f3n de los milagros, Fons encabez\u00f3 la renovaci\u00f3n de la AMACC. Miembro em\u00e9rito de la misma y Ariel de Oro 2011.<br>Te vamos a extra\u00f1ar, Jorge. <a href=\"https:\/\/t.co\/YHBG5DSP3k\">pic.twitter.com\/YHBG5DSP3k<\/a><\/p>&mdash; AMACC (@AcademiaCineMx) <a href=\"https:\/\/twitter.com\/AcademiaCineMx\/status\/1572824595534585856?ref_src=twsrc%5Etfw\">September 22, 2022<\/a><\/blockquote><script async src=\"https:\/\/platform.twitter.com\/widgets.js\" charset=\"utf-8\"><\/script>\n<\/div><\/figure>\n\n\n\n<p>Con informaci\u00f3n de SUN<\/p>\n","protected":false},"excerpt":{"rendered":"<p>Por Redacci\u00f3n QP En La Ma\u00f1anera record\u00f3 que el pasado 17 de mayo el cineasta&#8230;<\/p>\n","protected":false},"author":2,"featured_media":95447,"comment_status":"open","ping_status":"open","sticky":false,"template":"","format":"standard","meta":{"_monsterinsights_skip_tracking":false,"_monsterinsights_sitenote_active":false,"_monsterinsights_sitenote_note":"","_monsterinsights_sitenote_category":0,"footnotes":""},"categories":[2],"tags":[],"class_list":["post-95446","post","type-post","status-publish","format-standard","has-post-thumbnail","hentry","category-noticias"],"yoast_head":"<!-- This site is optimized with the Yoast SEO plugin v27.3 - https:\/\/yoast.com\/product\/yoast-seo-wordpress\/ -->\n<title>L\u00f3pez Obrador lamenta muerte del cineasta Jorge Fons\u00a0 -<\/title>\n<meta name=\"robots\" content=\"index, follow, max-snippet:-1, max-image-preview:large, max-video-preview:-1\" \/>\n<link rel=\"canonical\" href=\"https:\/\/quehacerpolitico.mx\/?p=95446\" \/>\n<meta property=\"og:locale\" content=\"es_MX\" \/>\n<meta property=\"og:type\" content=\"article\" \/>\n<meta property=\"og:title\" content=\"L\u00f3pez Obrador lamenta muerte del cineasta Jorge Fons\u00a0 -\" \/>\n<meta property=\"og:description\" content=\"Por Redacci\u00f3n QP En La Ma\u00f1anera record\u00f3 que el pasado 17 de mayo el cineasta...\" \/>\n<meta property=\"og:url\" content=\"https:\/\/quehacerpolitico.mx\/?p=95446\" \/>\n<meta property=\"article:published_time\" content=\"2022-09-22T14:48:52+00:00\" \/>\n<meta property=\"article:modified_time\" content=\"2022-09-22T14:48:56+00:00\" \/>\n<meta property=\"og:image\" content=\"https:\/\/quehacerpolitico.mx\/wp-content\/uploads\/2022\/09\/E9B7BDA5-C88E-435D-9B5D-AC450C6415E9.jpeg\" \/>\n\t<meta property=\"og:image:width\" content=\"729\" \/>\n\t<meta property=\"og:image:height\" content=\"420\" \/>\n\t<meta property=\"og:image:type\" content=\"image\/jpeg\" \/>\n<meta name=\"author\" content=\"Redacci\u00f3n QP\" \/>\n<meta name=\"twitter:card\" content=\"summary_large_image\" \/>\n<meta name=\"twitter:label1\" content=\"Escrito por\" \/>\n\t<meta name=\"twitter:data1\" content=\"Redacci\u00f3n QP\" \/>\n\t<meta name=\"twitter:label2\" content=\"Tiempo de lectura\" \/>\n\t<meta name=\"twitter:data2\" content=\"1 minuto\" \/>\n<script type=\"application\/ld+json\" class=\"yoast-schema-graph\">{\"@context\":\"https:\\\/\\\/schema.org\",\"@graph\":[{\"@type\":\"Article\",\"@id\":\"https:\\\/\\\/quehacerpolitico.mx\\\/?p=95446#article\",\"isPartOf\":{\"@id\":\"https:\\\/\\\/quehacerpolitico.mx\\\/?p=95446\"},\"author\":{\"name\":\"Redacci\u00f3n QP\",\"@id\":\"https:\\\/\\\/quehacerpolitico.mx\\\/#\\\/schema\\\/person\\\/496d8ad2d1d3f8036101dca7ee39e585\"},\"headline\":\"L\u00f3pez Obrador lamenta muerte del cineasta Jorge Fons\u00a0\",\"datePublished\":\"2022-09-22T14:48:52+00:00\",\"dateModified\":\"2022-09-22T14:48:56+00:00\",\"mainEntityOfPage\":{\"@id\":\"https:\\\/\\\/quehacerpolitico.mx\\\/?p=95446\"},\"wordCount\":271,\"commentCount\":0,\"image\":{\"@id\":\"https:\\\/\\\/quehacerpolitico.mx\\\/?p=95446#primaryimage\"},\"thumbnailUrl\":\"https:\\\/\\\/quehacerpolitico.mx\\\/wp-content\\\/uploads\\\/2022\\\/09\\\/E9B7BDA5-C88E-435D-9B5D-AC450C6415E9.jpeg\",\"articleSection\":[\"Noticias\"],\"inLanguage\":\"es\",\"potentialAction\":[{\"@type\":\"CommentAction\",\"name\":\"Comment\",\"target\":[\"https:\\\/\\\/quehacerpolitico.mx\\\/?p=95446#respond\"]}]},{\"@type\":\"WebPage\",\"@id\":\"https:\\\/\\\/quehacerpolitico.mx\\\/?p=95446\",\"url\":\"https:\\\/\\\/quehacerpolitico.mx\\\/?p=95446\",\"name\":\"L\u00f3pez Obrador lamenta muerte del cineasta Jorge Fons\u00a0 -\",\"isPartOf\":{\"@id\":\"https:\\\/\\\/quehacerpolitico.mx\\\/#website\"},\"primaryImageOfPage\":{\"@id\":\"https:\\\/\\\/quehacerpolitico.mx\\\/?p=95446#primaryimage\"},\"image\":{\"@id\":\"https:\\\/\\\/quehacerpolitico.mx\\\/?p=95446#primaryimage\"},\"thumbnailUrl\":\"https:\\\/\\\/quehacerpolitico.mx\\\/wp-content\\\/uploads\\\/2022\\\/09\\\/E9B7BDA5-C88E-435D-9B5D-AC450C6415E9.jpeg\",\"datePublished\":\"2022-09-22T14:48:52+00:00\",\"dateModified\":\"2022-09-22T14:48:56+00:00\",\"author\":{\"@id\":\"https:\\\/\\\/quehacerpolitico.mx\\\/#\\\/schema\\\/person\\\/496d8ad2d1d3f8036101dca7ee39e585\"},\"breadcrumb\":{\"@id\":\"https:\\\/\\\/quehacerpolitico.mx\\\/?p=95446#breadcrumb\"},\"inLanguage\":\"es\",\"potentialAction\":[{\"@type\":\"ReadAction\",\"target\":[\"https:\\\/\\\/quehacerpolitico.mx\\\/?p=95446\"]}]},{\"@type\":\"ImageObject\",\"inLanguage\":\"es\",\"@id\":\"https:\\\/\\\/quehacerpolitico.mx\\\/?p=95446#primaryimage\",\"url\":\"https:\\\/\\\/quehacerpolitico.mx\\\/wp-content\\\/uploads\\\/2022\\\/09\\\/E9B7BDA5-C88E-435D-9B5D-AC450C6415E9.jpeg\",\"contentUrl\":\"https:\\\/\\\/quehacerpolitico.mx\\\/wp-content\\\/uploads\\\/2022\\\/09\\\/E9B7BDA5-C88E-435D-9B5D-AC450C6415E9.jpeg\",\"width\":729,\"height\":420},{\"@type\":\"BreadcrumbList\",\"@id\":\"https:\\\/\\\/quehacerpolitico.mx\\\/?p=95446#breadcrumb\",\"itemListElement\":[{\"@type\":\"ListItem\",\"position\":1,\"name\":\"Inicio\",\"item\":\"https:\\\/\\\/quehacerpolitico.mx\\\/\"},{\"@type\":\"ListItem\",\"position\":2,\"name\":\"L\u00f3pez Obrador lamenta muerte del cineasta Jorge Fons\u00a0\"}]},{\"@type\":\"WebSite\",\"@id\":\"https:\\\/\\\/quehacerpolitico.mx\\\/#website\",\"url\":\"https:\\\/\\\/quehacerpolitico.mx\\\/\",\"name\":\"\",\"description\":\"\",\"potentialAction\":[{\"@type\":\"SearchAction\",\"target\":{\"@type\":\"EntryPoint\",\"urlTemplate\":\"https:\\\/\\\/quehacerpolitico.mx\\\/?s={search_term_string}\"},\"query-input\":{\"@type\":\"PropertyValueSpecification\",\"valueRequired\":true,\"valueName\":\"search_term_string\"}}],\"inLanguage\":\"es\"},{\"@type\":\"Person\",\"@id\":\"https:\\\/\\\/quehacerpolitico.mx\\\/#\\\/schema\\\/person\\\/496d8ad2d1d3f8036101dca7ee39e585\",\"name\":\"Redacci\u00f3n QP\",\"image\":{\"@type\":\"ImageObject\",\"inLanguage\":\"es\",\"@id\":\"https:\\\/\\\/secure.gravatar.com\\\/avatar\\\/c7164ed6fdec453195284ad24a5ae5b6e1eed2b848477fa2a4787ba9adf39a41?s=96&d=mm&r=g\",\"url\":\"https:\\\/\\\/secure.gravatar.com\\\/avatar\\\/c7164ed6fdec453195284ad24a5ae5b6e1eed2b848477fa2a4787ba9adf39a41?s=96&d=mm&r=g\",\"contentUrl\":\"https:\\\/\\\/secure.gravatar.com\\\/avatar\\\/c7164ed6fdec453195284ad24a5ae5b6e1eed2b848477fa2a4787ba9adf39a41?s=96&d=mm&r=g\",\"caption\":\"Redacci\u00f3n QP\"},\"url\":\"https:\\\/\\\/quehacerpolitico.mx\\\/?author=2\"}]}<\/script>\n<!-- \/ Yoast SEO plugin. -->","yoast_head_json":{"title":"L\u00f3pez Obrador lamenta muerte del cineasta Jorge Fons\u00a0 -","robots":{"index":"index","follow":"follow","max-snippet":"max-snippet:-1","max-image-preview":"max-image-preview:large","max-video-preview":"max-video-preview:-1"},"canonical":"https:\/\/quehacerpolitico.mx\/?p=95446","og_locale":"es_MX","og_type":"article","og_title":"L\u00f3pez Obrador lamenta muerte del cineasta Jorge Fons\u00a0 -","og_description":"Por Redacci\u00f3n QP En La Ma\u00f1anera record\u00f3 que el pasado 17 de mayo el cineasta...","og_url":"https:\/\/quehacerpolitico.mx\/?p=95446","article_published_time":"2022-09-22T14:48:52+00:00","article_modified_time":"2022-09-22T14:48:56+00:00","og_image":[{"width":729,"height":420,"url":"https:\/\/quehacerpolitico.mx\/wp-content\/uploads\/2022\/09\/E9B7BDA5-C88E-435D-9B5D-AC450C6415E9.jpeg","type":"image\/jpeg"}],"author":"Redacci\u00f3n QP","twitter_card":"summary_large_image","twitter_misc":{"Escrito por":"Redacci\u00f3n QP","Tiempo de lectura":"1 minuto"},"schema":{"@context":"https:\/\/schema.org","@graph":[{"@type":"Article","@id":"https:\/\/quehacerpolitico.mx\/?p=95446#article","isPartOf":{"@id":"https:\/\/quehacerpolitico.mx\/?p=95446"},"author":{"name":"Redacci\u00f3n QP","@id":"https:\/\/quehacerpolitico.mx\/#\/schema\/person\/496d8ad2d1d3f8036101dca7ee39e585"},"headline":"L\u00f3pez Obrador lamenta muerte del cineasta Jorge Fons\u00a0","datePublished":"2022-09-22T14:48:52+00:00","dateModified":"2022-09-22T14:48:56+00:00","mainEntityOfPage":{"@id":"https:\/\/quehacerpolitico.mx\/?p=95446"},"wordCount":271,"commentCount":0,"image":{"@id":"https:\/\/quehacerpolitico.mx\/?p=95446#primaryimage"},"thumbnailUrl":"https:\/\/quehacerpolitico.mx\/wp-content\/uploads\/2022\/09\/E9B7BDA5-C88E-435D-9B5D-AC450C6415E9.jpeg","articleSection":["Noticias"],"inLanguage":"es","potentialAction":[{"@type":"CommentAction","name":"Comment","target":["https:\/\/quehacerpolitico.mx\/?p=95446#respond"]}]},{"@type":"WebPage","@id":"https:\/\/quehacerpolitico.mx\/?p=95446","url":"https:\/\/quehacerpolitico.mx\/?p=95446","name":"L\u00f3pez Obrador lamenta muerte del cineasta Jorge Fons\u00a0 -","isPartOf":{"@id":"https:\/\/quehacerpolitico.mx\/#website"},"primaryImageOfPage":{"@id":"https:\/\/quehacerpolitico.mx\/?p=95446#primaryimage"},"image":{"@id":"https:\/\/quehacerpolitico.mx\/?p=95446#primaryimage"},"thumbnailUrl":"https:\/\/quehacerpolitico.mx\/wp-content\/uploads\/2022\/09\/E9B7BDA5-C88E-435D-9B5D-AC450C6415E9.jpeg","datePublished":"2022-09-22T14:48:52+00:00","dateModified":"2022-09-22T14:48:56+00:00","author":{"@id":"https:\/\/quehacerpolitico.mx\/#\/schema\/person\/496d8ad2d1d3f8036101dca7ee39e585"},"breadcrumb":{"@id":"https:\/\/quehacerpolitico.mx\/?p=95446#breadcrumb"},"inLanguage":"es","potentialAction":[{"@type":"ReadAction","target":["https:\/\/quehacerpolitico.mx\/?p=95446"]}]},{"@type":"ImageObject","inLanguage":"es","@id":"https:\/\/quehacerpolitico.mx\/?p=95446#primaryimage","url":"https:\/\/quehacerpolitico.mx\/wp-content\/uploads\/2022\/09\/E9B7BDA5-C88E-435D-9B5D-AC450C6415E9.jpeg","contentUrl":"https:\/\/quehacerpolitico.mx\/wp-content\/uploads\/2022\/09\/E9B7BDA5-C88E-435D-9B5D-AC450C6415E9.jpeg","width":729,"height":420},{"@type":"BreadcrumbList","@id":"https:\/\/quehacerpolitico.mx\/?p=95446#breadcrumb","itemListElement":[{"@type":"ListItem","position":1,"name":"Inicio","item":"https:\/\/quehacerpolitico.mx\/"},{"@type":"ListItem","position":2,"name":"L\u00f3pez Obrador lamenta muerte del cineasta Jorge Fons\u00a0"}]},{"@type":"WebSite","@id":"https:\/\/quehacerpolitico.mx\/#website","url":"https:\/\/quehacerpolitico.mx\/","name":"","description":"","potentialAction":[{"@type":"SearchAction","target":{"@type":"EntryPoint","urlTemplate":"https:\/\/quehacerpolitico.mx\/?s={search_term_string}"},"query-input":{"@type":"PropertyValueSpecification","valueRequired":true,"valueName":"search_term_string"}}],"inLanguage":"es"},{"@type":"Person","@id":"https:\/\/quehacerpolitico.mx\/#\/schema\/person\/496d8ad2d1d3f8036101dca7ee39e585","name":"Redacci\u00f3n QP","image":{"@type":"ImageObject","inLanguage":"es","@id":"https:\/\/secure.gravatar.com\/avatar\/c7164ed6fdec453195284ad24a5ae5b6e1eed2b848477fa2a4787ba9adf39a41?s=96&d=mm&r=g","url":"https:\/\/secure.gravatar.com\/avatar\/c7164ed6fdec453195284ad24a5ae5b6e1eed2b848477fa2a4787ba9adf39a41?s=96&d=mm&r=g","contentUrl":"https:\/\/secure.gravatar.com\/avatar\/c7164ed6fdec453195284ad24a5ae5b6e1eed2b848477fa2a4787ba9adf39a41?s=96&d=mm&r=g","caption":"Redacci\u00f3n QP"},"url":"https:\/\/quehacerpolitico.mx\/?author=2"}]}},"featured_image_urls":{"full":["https:\/\/quehacerpolitico.mx\/wp-content\/uploads\/2022\/09\/E9B7BDA5-C88E-435D-9B5D-AC450C6415E9.jpeg",729,420,false],"thumbnail":["https:\/\/quehacerpolitico.mx\/wp-content\/uploads\/2022\/09\/E9B7BDA5-C88E-435D-9B5D-AC450C6415E9-150x150.jpeg",150,150,true],"medium":["https:\/\/quehacerpolitico.mx\/wp-content\/uploads\/2022\/09\/E9B7BDA5-C88E-435D-9B5D-AC450C6415E9-300x173.jpeg",300,173,true],"medium_large":["https:\/\/quehacerpolitico.mx\/wp-content\/uploads\/2022\/09\/E9B7BDA5-C88E-435D-9B5D-AC450C6415E9.jpeg",640,369,false],"large":["https:\/\/quehacerpolitico.mx\/wp-content\/uploads\/2022\/09\/E9B7BDA5-C88E-435D-9B5D-AC450C6415E9.jpeg",640,369,false],"1536x1536":["https:\/\/quehacerpolitico.mx\/wp-content\/uploads\/2022\/09\/E9B7BDA5-C88E-435D-9B5D-AC450C6415E9.jpeg",729,420,false],"2048x2048":["https:\/\/quehacerpolitico.mx\/wp-content\/uploads\/2022\/09\/E9B7BDA5-C88E-435D-9B5D-AC450C6415E9.jpeg",729,420,false],"covernews-featured":["https:\/\/quehacerpolitico.mx\/wp-content\/uploads\/2022\/09\/E9B7BDA5-C88E-435D-9B5D-AC450C6415E9.jpeg",729,420,false],"covernews-medium":["https:\/\/quehacerpolitico.mx\/wp-content\/uploads\/2022\/09\/E9B7BDA5-C88E-435D-9B5D-AC450C6415E9.jpeg",540,311,false]},"author_info":{"display_name":"Redacci\u00f3n QP","author_link":"https:\/\/quehacerpolitico.mx\/?author=2"},"category_info":"<a href=\"https:\/\/quehacerpolitico.mx\/?cat=2\" rel=\"category\">Noticias<\/a>","tag_info":"Noticias","comment_count":"0","_links":{"self":[{"href":"https:\/\/quehacerpolitico.mx\/index.php?rest_route=\/wp\/v2\/posts\/95446","targetHints":{"allow":["GET"]}}],"collection":[{"href":"https:\/\/quehacerpolitico.mx\/index.php?rest_route=\/wp\/v2\/posts"}],"about":[{"href":"https:\/\/quehacerpolitico.mx\/index.php?rest_route=\/wp\/v2\/types\/post"}],"author":[{"embeddable":true,"href":"https:\/\/quehacerpolitico.mx\/index.php?rest_route=\/wp\/v2\/users\/2"}],"replies":[{"embeddable":true,"href":"https:\/\/quehacerpolitico.mx\/index.php?rest_route=%2Fwp%2Fv2%2Fcomments&post=95446"}],"version-history":[{"count":1,"href":"https:\/\/quehacerpolitico.mx\/index.php?rest_route=\/wp\/v2\/posts\/95446\/revisions"}],"predecessor-version":[{"id":95448,"href":"https:\/\/quehacerpolitico.mx\/index.php?rest_route=\/wp\/v2\/posts\/95446\/revisions\/95448"}],"wp:featuredmedia":[{"embeddable":true,"href":"https:\/\/quehacerpolitico.mx\/index.php?rest_route=\/wp\/v2\/media\/95447"}],"wp:attachment":[{"href":"https:\/\/quehacerpolitico.mx\/index.php?rest_route=%2Fwp%2Fv2%2Fmedia&parent=95446"}],"wp:term":[{"taxonomy":"category","embeddable":true,"href":"https:\/\/quehacerpolitico.mx\/index.php?rest_route=%2Fwp%2Fv2%2Fcategories&post=95446"},{"taxonomy":"post_tag","embeddable":true,"href":"https:\/\/quehacerpolitico.mx\/index.php?rest_route=%2Fwp%2Fv2%2Ftags&post=95446"}],"curies":[{"name":"wp","href":"https:\/\/api.w.org\/{rel}","templated":true}]}}