{"id":95443,"date":"2022-09-22T14:34:06","date_gmt":"2022-09-22T14:34:06","guid":{"rendered":"https:\/\/quehacerpolitico.mx\/?p=95443"},"modified":"2022-09-22T14:34:09","modified_gmt":"2022-09-22T14:34:09","slug":"lopez-obrador-informa-que-inicia-censo-de-afectaciones-de-viviendas-por-replica","status":"publish","type":"post","link":"https:\/\/quehacerpolitico.mx\/?p=95443","title":{"rendered":"L\u00f3pez Obrador informa que inicia censo de afectaciones de viviendas por r\u00e9plica\u00a0"},"content":{"rendered":"\n<p>Por Redacci\u00f3n QP<\/p>\n\n\n\n<p>El Presidente L\u00f3pez Obrador lamenta el fallecimiento de dos personas en la Ciudad de M\u00e9xico<\/p>\n\n\n\n<p>Luego del sismo de esta madrugada de magnitud 6.9 con epicentro en Coalcoman, Michoac\u00e1n, el Presidente\u00a0Andres Manuel Lopez Obrador inform\u00f3 que ya se realiza\u00a0<strong>un censo de viviendas afectadas<\/strong>en los estados de\u00a0<strong>Michoac\u00e1n y Colima<\/strong>.<\/p>\n\n\n\n<p>En\u00a0conferencia de prensa \u201dma\u00f1anera\u201d y al lamentar\u00a0el fallecimiento de dos personas en la Ciudad de M\u00e9xico y manifestar que\u00a0<strong>&#8220;afortunadamente no hubieron da\u00f1os mayores&#8221;<\/strong>, detall\u00f3 que en el resto del pa\u00eds los da\u00f1os por el movimiento tel\u00farico son menores.<\/p>\n\n\n\n<p>&#8220;Afortunadamente, no hubieron da\u00f1os mayores, desde luego se lamenta la p\u00e9rdida de dos personas aqu\u00ed en la Ciudad de M\u00e9xico, una se\u00f1ora que se cay\u00f3 y se golpe\u00f3 la cabeza, falleci\u00f3 y otra persona que falleci\u00f3, seg\u00fan el informe del gobierno de la Ciudad de M\u00e9xico, por un infarto; en el resto del pa\u00eds, da\u00f1os materiales menores&#8221;.<\/p>\n\n\n\n<figure class=\"wp-block-embed is-type-video is-provider-youtube wp-block-embed-youtube wp-embed-aspect-16-9 wp-has-aspect-ratio\"><div class=\"wp-block-embed__wrapper\">\n<iframe loading=\"lazy\" title=\"No hubo da\u00f1os mayores tras sismo: AMLO; se ampliar\u00e1 censo iniciado por temblor del 19-S\" width=\"640\" height=\"360\" src=\"https:\/\/www.youtube.com\/embed\/3K9lgm5VwTY?feature=oembed\" frameborder=\"0\" allow=\"accelerometer; autoplay; clipboard-write; encrypted-media; gyroscope; picture-in-picture; web-share\" referrerpolicy=\"strict-origin-when-cross-origin\" allowfullscreen><\/iframe>\n<\/div><\/figure>\n\n\n\n<p>&#8220;Ya se est\u00e1 trabajado haciendo un censo desde el 19 (de septiembre) de viviendas afectadas en Michoac\u00e1n, en Colima, de\u00a0<strong>instalaciones educativas, de salud, caminos<\/strong>\u00a0y ya se van a quedar all\u00e1 quienes estaban trabajando para ampliar ahora con motivo de esta r\u00e9plica el trabajo de valuaci\u00f3n y tener ya un conocimiento m\u00e1s apegado a lo que se necesita para ayudar como siempre lo hacemos&#8221;, dijo.<\/p>\n\n\n\n<p>Con informaci\u00f3n de SUN<\/p>\n","protected":false},"excerpt":{"rendered":"<p>Por Redacci\u00f3n QP El Presidente L\u00f3pez Obrador lamenta el fallecimiento de dos personas en la&#8230;<\/p>\n","protected":false},"author":2,"featured_media":95444,"comment_status":"open","ping_status":"open","sticky":false,"template":"","format":"standard","meta":{"_monsterinsights_skip_tracking":false,"_monsterinsights_sitenote_active":false,"_monsterinsights_sitenote_note":"","_monsterinsights_sitenote_category":0,"footnotes":""},"categories":[2],"tags":[],"class_list":["post-95443","post","type-post","status-publish","format-standard","has-post-thumbnail","hentry","category-noticias"],"yoast_head":"<!-- This site is optimized with the Yoast SEO plugin v27.3 - https:\/\/yoast.com\/product\/yoast-seo-wordpress\/ -->\n<title>L\u00f3pez Obrador informa que inicia censo de afectaciones de viviendas por r\u00e9plica\u00a0 -<\/title>\n<meta name=\"robots\" content=\"index, follow, max-snippet:-1, max-image-preview:large, max-video-preview:-1\" \/>\n<link rel=\"canonical\" href=\"https:\/\/quehacerpolitico.mx\/?p=95443\" \/>\n<meta property=\"og:locale\" content=\"es_MX\" \/>\n<meta property=\"og:type\" content=\"article\" \/>\n<meta property=\"og:title\" content=\"L\u00f3pez Obrador informa que inicia censo de afectaciones de viviendas por r\u00e9plica\u00a0 -\" \/>\n<meta property=\"og:description\" content=\"Por Redacci\u00f3n QP El Presidente L\u00f3pez Obrador lamenta el fallecimiento de dos personas en la...\" \/>\n<meta property=\"og:url\" content=\"https:\/\/quehacerpolitico.mx\/?p=95443\" \/>\n<meta property=\"article:published_time\" content=\"2022-09-22T14:34:06+00:00\" \/>\n<meta property=\"article:modified_time\" content=\"2022-09-22T14:34:09+00:00\" \/>\n<meta property=\"og:image\" content=\"https:\/\/quehacerpolitico.mx\/wp-content\/uploads\/2022\/09\/C9C548EE-1C04-4391-9F49-AF1262FC86B1.jpeg\" \/>\n\t<meta property=\"og:image:width\" content=\"1284\" \/>\n\t<meta property=\"og:image:height\" content=\"699\" \/>\n\t<meta property=\"og:image:type\" content=\"image\/jpeg\" \/>\n<meta name=\"author\" content=\"Redacci\u00f3n QP\" \/>\n<meta name=\"twitter:card\" content=\"summary_large_image\" \/>\n<meta name=\"twitter:label1\" content=\"Escrito por\" \/>\n\t<meta name=\"twitter:data1\" content=\"Redacci\u00f3n QP\" \/>\n\t<meta name=\"twitter:label2\" content=\"Tiempo de lectura\" \/>\n\t<meta name=\"twitter:data2\" content=\"1 minuto\" \/>\n<script type=\"application\/ld+json\" class=\"yoast-schema-graph\">{\"@context\":\"https:\\\/\\\/schema.org\",\"@graph\":[{\"@type\":\"Article\",\"@id\":\"https:\\\/\\\/quehacerpolitico.mx\\\/?p=95443#article\",\"isPartOf\":{\"@id\":\"https:\\\/\\\/quehacerpolitico.mx\\\/?p=95443\"},\"author\":{\"name\":\"Redacci\u00f3n QP\",\"@id\":\"https:\\\/\\\/quehacerpolitico.mx\\\/#\\\/schema\\\/person\\\/496d8ad2d1d3f8036101dca7ee39e585\"},\"headline\":\"L\u00f3pez Obrador informa que inicia censo de afectaciones de viviendas por r\u00e9plica\u00a0\",\"datePublished\":\"2022-09-22T14:34:06+00:00\",\"dateModified\":\"2022-09-22T14:34:09+00:00\",\"mainEntityOfPage\":{\"@id\":\"https:\\\/\\\/quehacerpolitico.mx\\\/?p=95443\"},\"wordCount\":264,\"commentCount\":0,\"image\":{\"@id\":\"https:\\\/\\\/quehacerpolitico.mx\\\/?p=95443#primaryimage\"},\"thumbnailUrl\":\"https:\\\/\\\/quehacerpolitico.mx\\\/wp-content\\\/uploads\\\/2022\\\/09\\\/C9C548EE-1C04-4391-9F49-AF1262FC86B1.jpeg\",\"articleSection\":[\"Noticias\"],\"inLanguage\":\"es\",\"potentialAction\":[{\"@type\":\"CommentAction\",\"name\":\"Comment\",\"target\":[\"https:\\\/\\\/quehacerpolitico.mx\\\/?p=95443#respond\"]}]},{\"@type\":\"WebPage\",\"@id\":\"https:\\\/\\\/quehacerpolitico.mx\\\/?p=95443\",\"url\":\"https:\\\/\\\/quehacerpolitico.mx\\\/?p=95443\",\"name\":\"L\u00f3pez Obrador informa que inicia censo de afectaciones de viviendas por r\u00e9plica\u00a0 -\",\"isPartOf\":{\"@id\":\"https:\\\/\\\/quehacerpolitico.mx\\\/#website\"},\"primaryImageOfPage\":{\"@id\":\"https:\\\/\\\/quehacerpolitico.mx\\\/?p=95443#primaryimage\"},\"image\":{\"@id\":\"https:\\\/\\\/quehacerpolitico.mx\\\/?p=95443#primaryimage\"},\"thumbnailUrl\":\"https:\\\/\\\/quehacerpolitico.mx\\\/wp-content\\\/uploads\\\/2022\\\/09\\\/C9C548EE-1C04-4391-9F49-AF1262FC86B1.jpeg\",\"datePublished\":\"2022-09-22T14:34:06+00:00\",\"dateModified\":\"2022-09-22T14:34:09+00:00\",\"author\":{\"@id\":\"https:\\\/\\\/quehacerpolitico.mx\\\/#\\\/schema\\\/person\\\/496d8ad2d1d3f8036101dca7ee39e585\"},\"breadcrumb\":{\"@id\":\"https:\\\/\\\/quehacerpolitico.mx\\\/?p=95443#breadcrumb\"},\"inLanguage\":\"es\",\"potentialAction\":[{\"@type\":\"ReadAction\",\"target\":[\"https:\\\/\\\/quehacerpolitico.mx\\\/?p=95443\"]}]},{\"@type\":\"ImageObject\",\"inLanguage\":\"es\",\"@id\":\"https:\\\/\\\/quehacerpolitico.mx\\\/?p=95443#primaryimage\",\"url\":\"https:\\\/\\\/quehacerpolitico.mx\\\/wp-content\\\/uploads\\\/2022\\\/09\\\/C9C548EE-1C04-4391-9F49-AF1262FC86B1.jpeg\",\"contentUrl\":\"https:\\\/\\\/quehacerpolitico.mx\\\/wp-content\\\/uploads\\\/2022\\\/09\\\/C9C548EE-1C04-4391-9F49-AF1262FC86B1.jpeg\",\"width\":1284,\"height\":699},{\"@type\":\"BreadcrumbList\",\"@id\":\"https:\\\/\\\/quehacerpolitico.mx\\\/?p=95443#breadcrumb\",\"itemListElement\":[{\"@type\":\"ListItem\",\"position\":1,\"name\":\"Inicio\",\"item\":\"https:\\\/\\\/quehacerpolitico.mx\\\/\"},{\"@type\":\"ListItem\",\"position\":2,\"name\":\"L\u00f3pez Obrador informa que inicia censo de afectaciones de viviendas por r\u00e9plica\u00a0\"}]},{\"@type\":\"WebSite\",\"@id\":\"https:\\\/\\\/quehacerpolitico.mx\\\/#website\",\"url\":\"https:\\\/\\\/quehacerpolitico.mx\\\/\",\"name\":\"\",\"description\":\"\",\"potentialAction\":[{\"@type\":\"SearchAction\",\"target\":{\"@type\":\"EntryPoint\",\"urlTemplate\":\"https:\\\/\\\/quehacerpolitico.mx\\\/?s={search_term_string}\"},\"query-input\":{\"@type\":\"PropertyValueSpecification\",\"valueRequired\":true,\"valueName\":\"search_term_string\"}}],\"inLanguage\":\"es\"},{\"@type\":\"Person\",\"@id\":\"https:\\\/\\\/quehacerpolitico.mx\\\/#\\\/schema\\\/person\\\/496d8ad2d1d3f8036101dca7ee39e585\",\"name\":\"Redacci\u00f3n QP\",\"image\":{\"@type\":\"ImageObject\",\"inLanguage\":\"es\",\"@id\":\"https:\\\/\\\/secure.gravatar.com\\\/avatar\\\/c7164ed6fdec453195284ad24a5ae5b6e1eed2b848477fa2a4787ba9adf39a41?s=96&d=mm&r=g\",\"url\":\"https:\\\/\\\/secure.gravatar.com\\\/avatar\\\/c7164ed6fdec453195284ad24a5ae5b6e1eed2b848477fa2a4787ba9adf39a41?s=96&d=mm&r=g\",\"contentUrl\":\"https:\\\/\\\/secure.gravatar.com\\\/avatar\\\/c7164ed6fdec453195284ad24a5ae5b6e1eed2b848477fa2a4787ba9adf39a41?s=96&d=mm&r=g\",\"caption\":\"Redacci\u00f3n QP\"},\"url\":\"https:\\\/\\\/quehacerpolitico.mx\\\/?author=2\"}]}<\/script>\n<!-- \/ Yoast SEO plugin. -->","yoast_head_json":{"title":"L\u00f3pez Obrador informa que inicia censo de afectaciones de viviendas por r\u00e9plica\u00a0 -","robots":{"index":"index","follow":"follow","max-snippet":"max-snippet:-1","max-image-preview":"max-image-preview:large","max-video-preview":"max-video-preview:-1"},"canonical":"https:\/\/quehacerpolitico.mx\/?p=95443","og_locale":"es_MX","og_type":"article","og_title":"L\u00f3pez Obrador informa que inicia censo de afectaciones de viviendas por r\u00e9plica\u00a0 -","og_description":"Por Redacci\u00f3n QP El Presidente L\u00f3pez Obrador lamenta el fallecimiento de dos personas en la...","og_url":"https:\/\/quehacerpolitico.mx\/?p=95443","article_published_time":"2022-09-22T14:34:06+00:00","article_modified_time":"2022-09-22T14:34:09+00:00","og_image":[{"width":1284,"height":699,"url":"https:\/\/quehacerpolitico.mx\/wp-content\/uploads\/2022\/09\/C9C548EE-1C04-4391-9F49-AF1262FC86B1.jpeg","type":"image\/jpeg"}],"author":"Redacci\u00f3n QP","twitter_card":"summary_large_image","twitter_misc":{"Escrito por":"Redacci\u00f3n QP","Tiempo de lectura":"1 minuto"},"schema":{"@context":"https:\/\/schema.org","@graph":[{"@type":"Article","@id":"https:\/\/quehacerpolitico.mx\/?p=95443#article","isPartOf":{"@id":"https:\/\/quehacerpolitico.mx\/?p=95443"},"author":{"name":"Redacci\u00f3n QP","@id":"https:\/\/quehacerpolitico.mx\/#\/schema\/person\/496d8ad2d1d3f8036101dca7ee39e585"},"headline":"L\u00f3pez Obrador informa que inicia censo de afectaciones de viviendas por r\u00e9plica\u00a0","datePublished":"2022-09-22T14:34:06+00:00","dateModified":"2022-09-22T14:34:09+00:00","mainEntityOfPage":{"@id":"https:\/\/quehacerpolitico.mx\/?p=95443"},"wordCount":264,"commentCount":0,"image":{"@id":"https:\/\/quehacerpolitico.mx\/?p=95443#primaryimage"},"thumbnailUrl":"https:\/\/quehacerpolitico.mx\/wp-content\/uploads\/2022\/09\/C9C548EE-1C04-4391-9F49-AF1262FC86B1.jpeg","articleSection":["Noticias"],"inLanguage":"es","potentialAction":[{"@type":"CommentAction","name":"Comment","target":["https:\/\/quehacerpolitico.mx\/?p=95443#respond"]}]},{"@type":"WebPage","@id":"https:\/\/quehacerpolitico.mx\/?p=95443","url":"https:\/\/quehacerpolitico.mx\/?p=95443","name":"L\u00f3pez Obrador informa que inicia censo de afectaciones de viviendas por r\u00e9plica\u00a0 -","isPartOf":{"@id":"https:\/\/quehacerpolitico.mx\/#website"},"primaryImageOfPage":{"@id":"https:\/\/quehacerpolitico.mx\/?p=95443#primaryimage"},"image":{"@id":"https:\/\/quehacerpolitico.mx\/?p=95443#primaryimage"},"thumbnailUrl":"https:\/\/quehacerpolitico.mx\/wp-content\/uploads\/2022\/09\/C9C548EE-1C04-4391-9F49-AF1262FC86B1.jpeg","datePublished":"2022-09-22T14:34:06+00:00","dateModified":"2022-09-22T14:34:09+00:00","author":{"@id":"https:\/\/quehacerpolitico.mx\/#\/schema\/person\/496d8ad2d1d3f8036101dca7ee39e585"},"breadcrumb":{"@id":"https:\/\/quehacerpolitico.mx\/?p=95443#breadcrumb"},"inLanguage":"es","potentialAction":[{"@type":"ReadAction","target":["https:\/\/quehacerpolitico.mx\/?p=95443"]}]},{"@type":"ImageObject","inLanguage":"es","@id":"https:\/\/quehacerpolitico.mx\/?p=95443#primaryimage","url":"https:\/\/quehacerpolitico.mx\/wp-content\/uploads\/2022\/09\/C9C548EE-1C04-4391-9F49-AF1262FC86B1.jpeg","contentUrl":"https:\/\/quehacerpolitico.mx\/wp-content\/uploads\/2022\/09\/C9C548EE-1C04-4391-9F49-AF1262FC86B1.jpeg","width":1284,"height":699},{"@type":"BreadcrumbList","@id":"https:\/\/quehacerpolitico.mx\/?p=95443#breadcrumb","itemListElement":[{"@type":"ListItem","position":1,"name":"Inicio","item":"https:\/\/quehacerpolitico.mx\/"},{"@type":"ListItem","position":2,"name":"L\u00f3pez Obrador informa que inicia censo de afectaciones de viviendas por r\u00e9plica\u00a0"}]},{"@type":"WebSite","@id":"https:\/\/quehacerpolitico.mx\/#website","url":"https:\/\/quehacerpolitico.mx\/","name":"","description":"","potentialAction":[{"@type":"SearchAction","target":{"@type":"EntryPoint","urlTemplate":"https:\/\/quehacerpolitico.mx\/?s={search_term_string}"},"query-input":{"@type":"PropertyValueSpecification","valueRequired":true,"valueName":"search_term_string"}}],"inLanguage":"es"},{"@type":"Person","@id":"https:\/\/quehacerpolitico.mx\/#\/schema\/person\/496d8ad2d1d3f8036101dca7ee39e585","name":"Redacci\u00f3n QP","image":{"@type":"ImageObject","inLanguage":"es","@id":"https:\/\/secure.gravatar.com\/avatar\/c7164ed6fdec453195284ad24a5ae5b6e1eed2b848477fa2a4787ba9adf39a41?s=96&d=mm&r=g","url":"https:\/\/secure.gravatar.com\/avatar\/c7164ed6fdec453195284ad24a5ae5b6e1eed2b848477fa2a4787ba9adf39a41?s=96&d=mm&r=g","contentUrl":"https:\/\/secure.gravatar.com\/avatar\/c7164ed6fdec453195284ad24a5ae5b6e1eed2b848477fa2a4787ba9adf39a41?s=96&d=mm&r=g","caption":"Redacci\u00f3n QP"},"url":"https:\/\/quehacerpolitico.mx\/?author=2"}]}},"featured_image_urls":{"full":["https:\/\/quehacerpolitico.mx\/wp-content\/uploads\/2022\/09\/C9C548EE-1C04-4391-9F49-AF1262FC86B1.jpeg",1284,699,false],"thumbnail":["https:\/\/quehacerpolitico.mx\/wp-content\/uploads\/2022\/09\/C9C548EE-1C04-4391-9F49-AF1262FC86B1-150x150.jpeg",150,150,true],"medium":["https:\/\/quehacerpolitico.mx\/wp-content\/uploads\/2022\/09\/C9C548EE-1C04-4391-9F49-AF1262FC86B1-300x163.jpeg",300,163,true],"medium_large":["https:\/\/quehacerpolitico.mx\/wp-content\/uploads\/2022\/09\/C9C548EE-1C04-4391-9F49-AF1262FC86B1-768x418.jpeg",640,348,true],"large":["https:\/\/quehacerpolitico.mx\/wp-content\/uploads\/2022\/09\/C9C548EE-1C04-4391-9F49-AF1262FC86B1-1024x557.jpeg",640,348,true],"1536x1536":["https:\/\/quehacerpolitico.mx\/wp-content\/uploads\/2022\/09\/C9C548EE-1C04-4391-9F49-AF1262FC86B1.jpeg",1284,699,false],"2048x2048":["https:\/\/quehacerpolitico.mx\/wp-content\/uploads\/2022\/09\/C9C548EE-1C04-4391-9F49-AF1262FC86B1.jpeg",1284,699,false],"covernews-featured":["https:\/\/quehacerpolitico.mx\/wp-content\/uploads\/2022\/09\/C9C548EE-1C04-4391-9F49-AF1262FC86B1.jpeg",1024,557,false],"covernews-medium":["https:\/\/quehacerpolitico.mx\/wp-content\/uploads\/2022\/09\/C9C548EE-1C04-4391-9F49-AF1262FC86B1.jpeg",540,294,false]},"author_info":{"display_name":"Redacci\u00f3n QP","author_link":"https:\/\/quehacerpolitico.mx\/?author=2"},"category_info":"<a href=\"https:\/\/quehacerpolitico.mx\/?cat=2\" rel=\"category\">Noticias<\/a>","tag_info":"Noticias","comment_count":"0","_links":{"self":[{"href":"https:\/\/quehacerpolitico.mx\/index.php?rest_route=\/wp\/v2\/posts\/95443","targetHints":{"allow":["GET"]}}],"collection":[{"href":"https:\/\/quehacerpolitico.mx\/index.php?rest_route=\/wp\/v2\/posts"}],"about":[{"href":"https:\/\/quehacerpolitico.mx\/index.php?rest_route=\/wp\/v2\/types\/post"}],"author":[{"embeddable":true,"href":"https:\/\/quehacerpolitico.mx\/index.php?rest_route=\/wp\/v2\/users\/2"}],"replies":[{"embeddable":true,"href":"https:\/\/quehacerpolitico.mx\/index.php?rest_route=%2Fwp%2Fv2%2Fcomments&post=95443"}],"version-history":[{"count":1,"href":"https:\/\/quehacerpolitico.mx\/index.php?rest_route=\/wp\/v2\/posts\/95443\/revisions"}],"predecessor-version":[{"id":95445,"href":"https:\/\/quehacerpolitico.mx\/index.php?rest_route=\/wp\/v2\/posts\/95443\/revisions\/95445"}],"wp:featuredmedia":[{"embeddable":true,"href":"https:\/\/quehacerpolitico.mx\/index.php?rest_route=\/wp\/v2\/media\/95444"}],"wp:attachment":[{"href":"https:\/\/quehacerpolitico.mx\/index.php?rest_route=%2Fwp%2Fv2%2Fmedia&parent=95443"}],"wp:term":[{"taxonomy":"category","embeddable":true,"href":"https:\/\/quehacerpolitico.mx\/index.php?rest_route=%2Fwp%2Fv2%2Fcategories&post=95443"},{"taxonomy":"post_tag","embeddable":true,"href":"https:\/\/quehacerpolitico.mx\/index.php?rest_route=%2Fwp%2Fv2%2Ftags&post=95443"}],"curies":[{"name":"wp","href":"https:\/\/api.w.org\/{rel}","templated":true}]}}