{"id":9543,"date":"2018-11-18T17:49:12","date_gmt":"2018-11-18T17:49:12","guid":{"rendered":"http:\/\/quehacerpolitico.mx\/despues-de-la-verguenza-nacional-ahora-si-cuidaran-el-cesped-en-el-azteca\/"},"modified":"2018-11-18T17:49:12","modified_gmt":"2018-11-18T17:49:12","slug":"despues-de-la-verguenza-nacional-ahora-si-cuidaran-el-cesped-en-el-azteca","status":"publish","type":"post","link":"https:\/\/quehacerpolitico.mx\/?p=9543","title":{"rendered":"Despu\u00e9s de la verg\u00fcenza nacional, ahora si cuidar\u00e1n el c\u00e9sped en el Azteca"},"content":{"rendered":"<h3 class=\"mtitle\">Despu\u00e9s de la verg\u00fcenza nacional, ahora si cuidar\u00e1n el c\u00e9sped en el Azteca<\/h3>\n<p>Por Redacci\u00f3n QP<\/p>\n<p>El <strong>mal estado<\/strong> de la cancha del <strong>Estadio Azteca<\/strong>ha generado <strong>pol\u00e9mica<\/strong> desde hace tiempo, y lo peor se dio cuando se cancel\u00f3 el partido de la <strong>NFL<\/strong> entre LA Rams y Kansas City que se iba a celebrar el 19 de <strong>noviembre<\/strong>.<\/p>\n<p>Ahora, con la esperanza de que mejore, se. Jugar\u00e1 la \u00faltima jornada de la fase regular entre Am\u00e9rica y Veracruz en Toluca.\u00a0\u00a0El organismo rector del torneo dio a conocer a trav\u00e9s de un comunicado que daba el visto bueno para el cambio de sede.<\/p>\n<blockquote>\n<p>\u201cLa Liga Bancomer MX autoriza, en una decisi\u00f3n conjunta con los Clubes Am\u00e9rica y Veracruz, el cambio de sede para el partido entre ambos Clubes correspondiente a la Jornada 17 del Torneo Apertura 2018, mismo que se realizar\u00e1 en el Estadio Nemesio Diez el pr\u00f3ximo s\u00e1bado 24 de noviembre a las 19:00 horas\u201d, se explic\u00f3 en documentos.<\/p>\n<\/blockquote>\n<p>Este cambio de sede cont\u00f3 con la anuencia de todos los Clubes de la LIGA Bancomer MX. Am\u00e9rica agradeci\u00f3 especialmente al Club Toluca su disposici\u00f3n y apoyo para poder realizar la modificaci\u00f3n y que dicho partido de la Jornada 17 se juegue en su estadio.<\/p>\n<p>Se ha mencionado que de no mejorar el terreno de juego, entonces podr\u00edan regresar de nuevo al pasto natural. Hay que recordar que la colocaci\u00f3n del pasto h\u00edbrido inici\u00f3 el 16 de julio y se termin\u00f3 el 20 del mismo mes. El poco tiempo que tuvo para afianzarse fue lo que hizo que se da\u00f1ara con el uso constante.<\/p>\n<p>El c\u00e9sped h\u00edbrido es una mezcla de pasto natural, en un 90 por ciento, con sint\u00e9tico, en un 10 por ciento. Desde que tiene pasto h\u00edbrido, se han jugado 25 partidos de f\u00fatbol y se realizaron tres conciertos, situaci\u00f3n que agrav\u00f3 el estado del c\u00e9sped.<\/p>\n","protected":false},"excerpt":{"rendered":"<p>La administraci\u00f3n del inmueble ha decidido que Am\u00e9rica juegue la \u00faltima jornada del Apertura 2018 en el Estadio Nemesio Diez de Toluca<br \/>\nPor Redacci\u00f3n QP<\/p>\n","protected":false},"author":2,"featured_media":9542,"comment_status":"open","ping_status":"open","sticky":false,"template":"","format":"standard","meta":{"_monsterinsights_skip_tracking":false,"_monsterinsights_sitenote_active":false,"_monsterinsights_sitenote_note":"","_monsterinsights_sitenote_category":0,"footnotes":""},"categories":[54],"tags":[],"class_list":["post-9543","post","type-post","status-publish","format-standard","has-post-thumbnail","hentry","category-deportes"],"yoast_head":"<!-- This site is optimized with the Yoast SEO plugin v27.3 - https:\/\/yoast.com\/product\/yoast-seo-wordpress\/ -->\n<title>Despu\u00e9s de la verg\u00fcenza nacional, ahora si cuidar\u00e1n el c\u00e9sped en el Azteca -<\/title>\n<meta name=\"robots\" content=\"index, follow, max-snippet:-1, max-image-preview:large, max-video-preview:-1\" \/>\n<link rel=\"canonical\" href=\"https:\/\/quehacerpolitico.mx\/?p=9543\" \/>\n<meta property=\"og:locale\" content=\"es_MX\" \/>\n<meta property=\"og:type\" content=\"article\" \/>\n<meta property=\"og:title\" content=\"Despu\u00e9s de la verg\u00fcenza nacional, ahora si cuidar\u00e1n el c\u00e9sped en el Azteca -\" \/>\n<meta property=\"og:description\" content=\"La administraci\u00f3n del inmueble ha decidido que Am\u00e9rica juegue la \u00faltima jornada del Apertura 2018 en el Estadio Nemesio Diez de Toluca Por Redacci\u00f3n QP\" \/>\n<meta property=\"og:url\" content=\"https:\/\/quehacerpolitico.mx\/?p=9543\" \/>\n<meta property=\"article:published_time\" content=\"2018-11-18T17:49:12+00:00\" \/>\n<meta name=\"author\" content=\"Redacci\u00f3n QP\" \/>\n<meta name=\"twitter:card\" content=\"summary_large_image\" \/>\n<meta name=\"twitter:label1\" content=\"Escrito por\" \/>\n\t<meta name=\"twitter:data1\" content=\"Redacci\u00f3n QP\" \/>\n\t<meta name=\"twitter:label2\" content=\"Tiempo de lectura\" \/>\n\t<meta name=\"twitter:data2\" content=\"2 minutos\" \/>\n<script type=\"application\/ld+json\" class=\"yoast-schema-graph\">{\"@context\":\"https:\\\/\\\/schema.org\",\"@graph\":[{\"@type\":\"Article\",\"@id\":\"https:\\\/\\\/quehacerpolitico.mx\\\/?p=9543#article\",\"isPartOf\":{\"@id\":\"https:\\\/\\\/quehacerpolitico.mx\\\/?p=9543\"},\"author\":{\"name\":\"Redacci\u00f3n QP\",\"@id\":\"https:\\\/\\\/quehacerpolitico.mx\\\/#\\\/schema\\\/person\\\/496d8ad2d1d3f8036101dca7ee39e585\"},\"headline\":\"Despu\u00e9s de la verg\u00fcenza nacional, ahora si cuidar\u00e1n el c\u00e9sped en el Azteca\",\"datePublished\":\"2018-11-18T17:49:12+00:00\",\"mainEntityOfPage\":{\"@id\":\"https:\\\/\\\/quehacerpolitico.mx\\\/?p=9543\"},\"wordCount\":341,\"commentCount\":0,\"image\":{\"@id\":\"https:\\\/\\\/quehacerpolitico.mx\\\/?p=9543#primaryimage\"},\"thumbnailUrl\":\"\",\"articleSection\":[\"Deportes\"],\"inLanguage\":\"es\",\"potentialAction\":[{\"@type\":\"CommentAction\",\"name\":\"Comment\",\"target\":[\"https:\\\/\\\/quehacerpolitico.mx\\\/?p=9543#respond\"]}]},{\"@type\":\"WebPage\",\"@id\":\"https:\\\/\\\/quehacerpolitico.mx\\\/?p=9543\",\"url\":\"https:\\\/\\\/quehacerpolitico.mx\\\/?p=9543\",\"name\":\"Despu\u00e9s de la verg\u00fcenza nacional, ahora si cuidar\u00e1n el c\u00e9sped en el Azteca -\",\"isPartOf\":{\"@id\":\"https:\\\/\\\/quehacerpolitico.mx\\\/#website\"},\"primaryImageOfPage\":{\"@id\":\"https:\\\/\\\/quehacerpolitico.mx\\\/?p=9543#primaryimage\"},\"image\":{\"@id\":\"https:\\\/\\\/quehacerpolitico.mx\\\/?p=9543#primaryimage\"},\"thumbnailUrl\":\"\",\"datePublished\":\"2018-11-18T17:49:12+00:00\",\"author\":{\"@id\":\"https:\\\/\\\/quehacerpolitico.mx\\\/#\\\/schema\\\/person\\\/496d8ad2d1d3f8036101dca7ee39e585\"},\"breadcrumb\":{\"@id\":\"https:\\\/\\\/quehacerpolitico.mx\\\/?p=9543#breadcrumb\"},\"inLanguage\":\"es\",\"potentialAction\":[{\"@type\":\"ReadAction\",\"target\":[\"https:\\\/\\\/quehacerpolitico.mx\\\/?p=9543\"]}]},{\"@type\":\"ImageObject\",\"inLanguage\":\"es\",\"@id\":\"https:\\\/\\\/quehacerpolitico.mx\\\/?p=9543#primaryimage\",\"url\":\"\",\"contentUrl\":\"\"},{\"@type\":\"BreadcrumbList\",\"@id\":\"https:\\\/\\\/quehacerpolitico.mx\\\/?p=9543#breadcrumb\",\"itemListElement\":[{\"@type\":\"ListItem\",\"position\":1,\"name\":\"Inicio\",\"item\":\"https:\\\/\\\/quehacerpolitico.mx\\\/\"},{\"@type\":\"ListItem\",\"position\":2,\"name\":\"Despu\u00e9s de la verg\u00fcenza nacional, ahora si cuidar\u00e1n el c\u00e9sped en el Azteca\"}]},{\"@type\":\"WebSite\",\"@id\":\"https:\\\/\\\/quehacerpolitico.mx\\\/#website\",\"url\":\"https:\\\/\\\/quehacerpolitico.mx\\\/\",\"name\":\"\",\"description\":\"\",\"potentialAction\":[{\"@type\":\"SearchAction\",\"target\":{\"@type\":\"EntryPoint\",\"urlTemplate\":\"https:\\\/\\\/quehacerpolitico.mx\\\/?s={search_term_string}\"},\"query-input\":{\"@type\":\"PropertyValueSpecification\",\"valueRequired\":true,\"valueName\":\"search_term_string\"}}],\"inLanguage\":\"es\"},{\"@type\":\"Person\",\"@id\":\"https:\\\/\\\/quehacerpolitico.mx\\\/#\\\/schema\\\/person\\\/496d8ad2d1d3f8036101dca7ee39e585\",\"name\":\"Redacci\u00f3n QP\",\"image\":{\"@type\":\"ImageObject\",\"inLanguage\":\"es\",\"@id\":\"https:\\\/\\\/secure.gravatar.com\\\/avatar\\\/c7164ed6fdec453195284ad24a5ae5b6e1eed2b848477fa2a4787ba9adf39a41?s=96&d=mm&r=g\",\"url\":\"https:\\\/\\\/secure.gravatar.com\\\/avatar\\\/c7164ed6fdec453195284ad24a5ae5b6e1eed2b848477fa2a4787ba9adf39a41?s=96&d=mm&r=g\",\"contentUrl\":\"https:\\\/\\\/secure.gravatar.com\\\/avatar\\\/c7164ed6fdec453195284ad24a5ae5b6e1eed2b848477fa2a4787ba9adf39a41?s=96&d=mm&r=g\",\"caption\":\"Redacci\u00f3n QP\"},\"url\":\"https:\\\/\\\/quehacerpolitico.mx\\\/?author=2\"}]}<\/script>\n<!-- \/ Yoast SEO plugin. -->","yoast_head_json":{"title":"Despu\u00e9s de la verg\u00fcenza nacional, ahora si cuidar\u00e1n el c\u00e9sped en el Azteca -","robots":{"index":"index","follow":"follow","max-snippet":"max-snippet:-1","max-image-preview":"max-image-preview:large","max-video-preview":"max-video-preview:-1"},"canonical":"https:\/\/quehacerpolitico.mx\/?p=9543","og_locale":"es_MX","og_type":"article","og_title":"Despu\u00e9s de la verg\u00fcenza nacional, ahora si cuidar\u00e1n el c\u00e9sped en el Azteca -","og_description":"La administraci\u00f3n del inmueble ha decidido que Am\u00e9rica juegue la \u00faltima jornada del Apertura 2018 en el Estadio Nemesio Diez de Toluca Por Redacci\u00f3n QP","og_url":"https:\/\/quehacerpolitico.mx\/?p=9543","article_published_time":"2018-11-18T17:49:12+00:00","author":"Redacci\u00f3n QP","twitter_card":"summary_large_image","twitter_misc":{"Escrito por":"Redacci\u00f3n QP","Tiempo de lectura":"2 minutos"},"schema":{"@context":"https:\/\/schema.org","@graph":[{"@type":"Article","@id":"https:\/\/quehacerpolitico.mx\/?p=9543#article","isPartOf":{"@id":"https:\/\/quehacerpolitico.mx\/?p=9543"},"author":{"name":"Redacci\u00f3n QP","@id":"https:\/\/quehacerpolitico.mx\/#\/schema\/person\/496d8ad2d1d3f8036101dca7ee39e585"},"headline":"Despu\u00e9s de la verg\u00fcenza nacional, ahora si cuidar\u00e1n el c\u00e9sped en el Azteca","datePublished":"2018-11-18T17:49:12+00:00","mainEntityOfPage":{"@id":"https:\/\/quehacerpolitico.mx\/?p=9543"},"wordCount":341,"commentCount":0,"image":{"@id":"https:\/\/quehacerpolitico.mx\/?p=9543#primaryimage"},"thumbnailUrl":"","articleSection":["Deportes"],"inLanguage":"es","potentialAction":[{"@type":"CommentAction","name":"Comment","target":["https:\/\/quehacerpolitico.mx\/?p=9543#respond"]}]},{"@type":"WebPage","@id":"https:\/\/quehacerpolitico.mx\/?p=9543","url":"https:\/\/quehacerpolitico.mx\/?p=9543","name":"Despu\u00e9s de la verg\u00fcenza nacional, ahora si cuidar\u00e1n el c\u00e9sped en el Azteca -","isPartOf":{"@id":"https:\/\/quehacerpolitico.mx\/#website"},"primaryImageOfPage":{"@id":"https:\/\/quehacerpolitico.mx\/?p=9543#primaryimage"},"image":{"@id":"https:\/\/quehacerpolitico.mx\/?p=9543#primaryimage"},"thumbnailUrl":"","datePublished":"2018-11-18T17:49:12+00:00","author":{"@id":"https:\/\/quehacerpolitico.mx\/#\/schema\/person\/496d8ad2d1d3f8036101dca7ee39e585"},"breadcrumb":{"@id":"https:\/\/quehacerpolitico.mx\/?p=9543#breadcrumb"},"inLanguage":"es","potentialAction":[{"@type":"ReadAction","target":["https:\/\/quehacerpolitico.mx\/?p=9543"]}]},{"@type":"ImageObject","inLanguage":"es","@id":"https:\/\/quehacerpolitico.mx\/?p=9543#primaryimage","url":"","contentUrl":""},{"@type":"BreadcrumbList","@id":"https:\/\/quehacerpolitico.mx\/?p=9543#breadcrumb","itemListElement":[{"@type":"ListItem","position":1,"name":"Inicio","item":"https:\/\/quehacerpolitico.mx\/"},{"@type":"ListItem","position":2,"name":"Despu\u00e9s de la verg\u00fcenza nacional, ahora si cuidar\u00e1n el c\u00e9sped en el Azteca"}]},{"@type":"WebSite","@id":"https:\/\/quehacerpolitico.mx\/#website","url":"https:\/\/quehacerpolitico.mx\/","name":"","description":"","potentialAction":[{"@type":"SearchAction","target":{"@type":"EntryPoint","urlTemplate":"https:\/\/quehacerpolitico.mx\/?s={search_term_string}"},"query-input":{"@type":"PropertyValueSpecification","valueRequired":true,"valueName":"search_term_string"}}],"inLanguage":"es"},{"@type":"Person","@id":"https:\/\/quehacerpolitico.mx\/#\/schema\/person\/496d8ad2d1d3f8036101dca7ee39e585","name":"Redacci\u00f3n QP","image":{"@type":"ImageObject","inLanguage":"es","@id":"https:\/\/secure.gravatar.com\/avatar\/c7164ed6fdec453195284ad24a5ae5b6e1eed2b848477fa2a4787ba9adf39a41?s=96&d=mm&r=g","url":"https:\/\/secure.gravatar.com\/avatar\/c7164ed6fdec453195284ad24a5ae5b6e1eed2b848477fa2a4787ba9adf39a41?s=96&d=mm&r=g","contentUrl":"https:\/\/secure.gravatar.com\/avatar\/c7164ed6fdec453195284ad24a5ae5b6e1eed2b848477fa2a4787ba9adf39a41?s=96&d=mm&r=g","caption":"Redacci\u00f3n QP"},"url":"https:\/\/quehacerpolitico.mx\/?author=2"}]}},"featured_image_urls":{"full":"","thumbnail":"","medium":"","medium_large":"","large":"","1536x1536":"","2048x2048":"","covernews-featured":"","covernews-medium":""},"author_info":{"display_name":"Redacci\u00f3n QP","author_link":"https:\/\/quehacerpolitico.mx\/?author=2"},"category_info":"<a href=\"https:\/\/quehacerpolitico.mx\/?cat=54\" rel=\"category\">Deportes<\/a>","tag_info":"Deportes","comment_count":"0","_links":{"self":[{"href":"https:\/\/quehacerpolitico.mx\/index.php?rest_route=\/wp\/v2\/posts\/9543","targetHints":{"allow":["GET"]}}],"collection":[{"href":"https:\/\/quehacerpolitico.mx\/index.php?rest_route=\/wp\/v2\/posts"}],"about":[{"href":"https:\/\/quehacerpolitico.mx\/index.php?rest_route=\/wp\/v2\/types\/post"}],"author":[{"embeddable":true,"href":"https:\/\/quehacerpolitico.mx\/index.php?rest_route=\/wp\/v2\/users\/2"}],"replies":[{"embeddable":true,"href":"https:\/\/quehacerpolitico.mx\/index.php?rest_route=%2Fwp%2Fv2%2Fcomments&post=9543"}],"version-history":[{"count":0,"href":"https:\/\/quehacerpolitico.mx\/index.php?rest_route=\/wp\/v2\/posts\/9543\/revisions"}],"wp:featuredmedia":[{"embeddable":true,"href":"https:\/\/quehacerpolitico.mx\/index.php?rest_route=\/"}],"wp:attachment":[{"href":"https:\/\/quehacerpolitico.mx\/index.php?rest_route=%2Fwp%2Fv2%2Fmedia&parent=9543"}],"wp:term":[{"taxonomy":"category","embeddable":true,"href":"https:\/\/quehacerpolitico.mx\/index.php?rest_route=%2Fwp%2Fv2%2Fcategories&post=9543"},{"taxonomy":"post_tag","embeddable":true,"href":"https:\/\/quehacerpolitico.mx\/index.php?rest_route=%2Fwp%2Fv2%2Ftags&post=9543"}],"curies":[{"name":"wp","href":"https:\/\/api.w.org\/{rel}","templated":true}]}}