{"id":95384,"date":"2022-09-20T22:24:25","date_gmt":"2022-09-20T22:24:25","guid":{"rendered":"https:\/\/quehacerpolitico.mx\/?p=95384"},"modified":"2022-09-20T22:24:28","modified_gmt":"2022-09-20T22:24:28","slug":"lopez-obrador-recibe-al-presidente-de-alemania-frank-walter-steinmeier","status":"publish","type":"post","link":"https:\/\/quehacerpolitico.mx\/?p=95384","title":{"rendered":"L\u00f3pez Obrador recibe al presidente de Alemania, Frank-Walter Steinmeier\u00a0"},"content":{"rendered":"\n<p>Por Redacci\u00f3n QP<\/p>\n\n\n\n<p>Ebrard\u00a0asegura\u00a0que el Presidente L\u00f3pez Obrador y Frank-Walter Steinmeier hablar\u00e1n en t\u00e9rminos generales de la relaci\u00f3n entre ambos pa\u00edses<\/p>\n\n\n\n<p>El Presidente<strong>\u00a0<\/strong>Andres Manuel Lopez Obrador recibi\u00f3 este martes, en Palacio Nacional, a su hom\u00f3logo de la Rep\u00fablica Federal de Alemania, Frank-Walter Steinmeier, quien realiza una visita de Estado a nuestro pa\u00eds.<\/p>\n\n\n\n<figure class=\"wp-block-embed is-type-rich is-provider-twitter wp-block-embed-twitter\"><div class=\"wp-block-embed__wrapper\">\n<blockquote class=\"twitter-tweet\" data-width=\"550\" data-dnt=\"true\"><p lang=\"es\" dir=\"ltr\"><a href=\"https:\/\/twitter.com\/hashtag\/QPMX?src=hash&amp;ref_src=twsrc%5Etfw\">#QPMX<\/a> \ud83d\udd34<a href=\"https:\/\/twitter.com\/hashtag\/EnVivo?src=hash&amp;ref_src=twsrc%5Etfw\">#EnVivo<\/a> Presidente <a href=\"https:\/\/twitter.com\/lopezobrador_?ref_src=twsrc%5Etfw\">@lopezobrador_<\/a> <a href=\"https:\/\/twitter.com\/GobiernoMX?ref_src=twsrc%5Etfw\">@GobiernoMX<\/a> | Ceremonia oficial de bienvenida. Visita de Estado del presidente de la Rep\u00fablica Federal de Alemania, Frank-Walter Steinmeier.<a href=\"https:\/\/t.co\/AawG7Clvx2\">https:\/\/t.co\/AawG7Clvx2<\/a><\/p>&mdash; Quehacer Pol\u00edtico (@QueHacerPolitic) <a href=\"https:\/\/twitter.com\/QueHacerPolitic\/status\/1572268598378532864?ref_src=twsrc%5Etfw\">September 20, 2022<\/a><\/blockquote><script async src=\"https:\/\/platform.twitter.com\/widgets.js\" charset=\"utf-8\"><\/script>\n<\/div><\/figure>\n\n\n\n<p>El secretario de Relaciones Exteriores, Marcelo Ebrard, asegur\u00f3 que el Presidente L\u00f3pez Obrador y Frank-Walter Steinmeier\u00a0<strong>hablar\u00e1n en t\u00e9rminos generales de la relaci\u00f3n entre ambos pa\u00edses<\/strong>.<\/p>\n\n\n\n<figure class=\"wp-block-image size-large\"><img loading=\"lazy\" decoding=\"async\" width=\"1024\" height=\"683\" src=\"https:\/\/quehacerpolitico.mx\/wp-content\/uploads\/2022\/09\/image-79-1024x683.jpeg\" alt=\"\" class=\"wp-image-95388\" srcset=\"https:\/\/quehacerpolitico.mx\/wp-content\/uploads\/2022\/09\/image-79-1024x683.jpeg 1024w, https:\/\/quehacerpolitico.mx\/wp-content\/uploads\/2022\/09\/image-79-300x200.jpeg 300w, https:\/\/quehacerpolitico.mx\/wp-content\/uploads\/2022\/09\/image-79-768x512.jpeg 768w, https:\/\/quehacerpolitico.mx\/wp-content\/uploads\/2022\/09\/image-79-1536x1024.jpeg 1536w, https:\/\/quehacerpolitico.mx\/wp-content\/uploads\/2022\/09\/image-79-219x146.jpeg 219w, https:\/\/quehacerpolitico.mx\/wp-content\/uploads\/2022\/09\/image-79-50x33.jpeg 50w, https:\/\/quehacerpolitico.mx\/wp-content\/uploads\/2022\/09\/image-79-113x75.jpeg 113w, https:\/\/quehacerpolitico.mx\/wp-content\/uploads\/2022\/09\/image-79.jpeg 2048w\" sizes=\"auto, (max-width: 1024px) 100vw, 1024px\" \/><\/figure>\n\n\n\n<p>&#8220;Es una visita de Estado, no necesariamente es lo mismo que cuando viene un jefe de Gobierno, que ellos tienen una separaci\u00f3n. Vamos a hablar en t\u00e9rminos generales de las relaciones de los dos pa\u00edses; es un jefe de estado, no es como las bilaterales que hacemos con los presidentes de otros pa\u00edses&#8221;, explic\u00f3 el canciller Ebrard.<\/p>\n\n\n\n<figure class=\"wp-block-image size-large\"><img loading=\"lazy\" decoding=\"async\" width=\"1024\" height=\"566\" src=\"https:\/\/quehacerpolitico.mx\/wp-content\/uploads\/2022\/09\/image-76-1024x566.jpeg\" alt=\"\" class=\"wp-image-95385\" srcset=\"https:\/\/quehacerpolitico.mx\/wp-content\/uploads\/2022\/09\/image-76-1024x566.jpeg 1024w, https:\/\/quehacerpolitico.mx\/wp-content\/uploads\/2022\/09\/image-76-300x166.jpeg 300w, https:\/\/quehacerpolitico.mx\/wp-content\/uploads\/2022\/09\/image-76-768x425.jpeg 768w, https:\/\/quehacerpolitico.mx\/wp-content\/uploads\/2022\/09\/image-76-260x144.jpeg 260w, https:\/\/quehacerpolitico.mx\/wp-content\/uploads\/2022\/09\/image-76-50x28.jpeg 50w, https:\/\/quehacerpolitico.mx\/wp-content\/uploads\/2022\/09\/image-76-136x75.jpeg 136w, https:\/\/quehacerpolitico.mx\/wp-content\/uploads\/2022\/09\/image-76.jpeg 1284w\" sizes=\"auto, (max-width: 1024px) 100vw, 1024px\" \/><\/figure>\n\n\n\n<p>En breve entrevista, a su arribo a Palacio Nacional, donde acompa\u00f1a al Presidente L\u00f3pez Obrador, el canciller Ebrard record\u00f3 que&nbsp;<strong>Alemania es el cuarto socio comercial de M\u00e9xico<\/strong>, con una importante industria automotriz en nuestro pa\u00eds.<\/p>\n\n\n\n<p>Marcelo\u00a0<strong>Ebrard dijo que viaj\u00f3 toda la noche desde Londres a la Ciudad de M\u00e9xico<\/strong>, despu\u00e9s de participar en el funeral de la reina Isabel II.<\/p>\n\n\n\n<figure class=\"wp-block-image size-large\"><img loading=\"lazy\" decoding=\"async\" width=\"1024\" height=\"576\" src=\"https:\/\/quehacerpolitico.mx\/wp-content\/uploads\/2022\/09\/image-78-1024x576.jpeg\" alt=\"\" class=\"wp-image-95387\" srcset=\"https:\/\/quehacerpolitico.mx\/wp-content\/uploads\/2022\/09\/image-78-1024x576.jpeg 1024w, https:\/\/quehacerpolitico.mx\/wp-content\/uploads\/2022\/09\/image-78-300x169.jpeg 300w, https:\/\/quehacerpolitico.mx\/wp-content\/uploads\/2022\/09\/image-78-768x432.jpeg 768w, https:\/\/quehacerpolitico.mx\/wp-content\/uploads\/2022\/09\/image-78-1536x864.jpeg 1536w, https:\/\/quehacerpolitico.mx\/wp-content\/uploads\/2022\/09\/image-78-260x146.jpeg 260w, https:\/\/quehacerpolitico.mx\/wp-content\/uploads\/2022\/09\/image-78-50x28.jpeg 50w, https:\/\/quehacerpolitico.mx\/wp-content\/uploads\/2022\/09\/image-78-133x75.jpeg 133w, https:\/\/quehacerpolitico.mx\/wp-content\/uploads\/2022\/09\/image-78-1200x675.jpeg 1200w, https:\/\/quehacerpolitico.mx\/wp-content\/uploads\/2022\/09\/image-78.jpeg 2048w\" sizes=\"auto, (max-width: 1024px) 100vw, 1024px\" \/><\/figure>\n\n\n\n<figure class=\"wp-block-image size-large\"><img loading=\"lazy\" decoding=\"async\" width=\"1024\" height=\"563\" src=\"https:\/\/quehacerpolitico.mx\/wp-content\/uploads\/2022\/09\/image-77-1024x563.jpeg\" alt=\"\" class=\"wp-image-95386\" srcset=\"https:\/\/quehacerpolitico.mx\/wp-content\/uploads\/2022\/09\/image-77-1024x563.jpeg 1024w, https:\/\/quehacerpolitico.mx\/wp-content\/uploads\/2022\/09\/image-77-300x165.jpeg 300w, https:\/\/quehacerpolitico.mx\/wp-content\/uploads\/2022\/09\/image-77-768x422.jpeg 768w, https:\/\/quehacerpolitico.mx\/wp-content\/uploads\/2022\/09\/image-77-260x143.jpeg 260w, https:\/\/quehacerpolitico.mx\/wp-content\/uploads\/2022\/09\/image-77-50x27.jpeg 50w, https:\/\/quehacerpolitico.mx\/wp-content\/uploads\/2022\/09\/image-77-136x75.jpeg 136w, https:\/\/quehacerpolitico.mx\/wp-content\/uploads\/2022\/09\/image-77.jpeg 1284w\" sizes=\"auto, (max-width: 1024px) 100vw, 1024px\" \/><\/figure>\n\n\n\n<p>&#8220;Hicimos presencia, M\u00e9xico estuvo ah\u00ed, acompa\u00f1amos al pueblo brit\u00e1nico en una hora muy dif\u00edcil, pude saludar al rey, desearle lo bueno para su reinado, acompa\u00f1arlos, creo que se cumpli\u00f3 cabalmente la misi\u00f3n que tuvimos que es acompa\u00f1ar al pueblo brit\u00e1nico. Ahora pues tenemos la visita del presidente de Alemania&#8221;, se\u00f1al\u00f3.<\/p>\n\n\n\n<p>Con informaci\u00f3n de SUN<\/p>\n","protected":false},"excerpt":{"rendered":"<p>Por Redacci\u00f3n QP Ebrard\u00a0asegura\u00a0que el Presidente L\u00f3pez Obrador y Frank-Walter Steinmeier hablar\u00e1n en t\u00e9rminos generales&#8230;<\/p>\n","protected":false},"author":2,"featured_media":95389,"comment_status":"open","ping_status":"open","sticky":false,"template":"","format":"standard","meta":{"_monsterinsights_skip_tracking":false,"_monsterinsights_sitenote_active":false,"_monsterinsights_sitenote_note":"","_monsterinsights_sitenote_category":0,"footnotes":""},"categories":[2],"tags":[],"class_list":["post-95384","post","type-post","status-publish","format-standard","has-post-thumbnail","hentry","category-noticias"],"yoast_head":"<!-- This site is optimized with the Yoast SEO plugin v27.3 - https:\/\/yoast.com\/product\/yoast-seo-wordpress\/ -->\n<title>L\u00f3pez Obrador recibe al presidente de Alemania, Frank-Walter Steinmeier\u00a0 -<\/title>\n<meta name=\"robots\" content=\"index, follow, max-snippet:-1, max-image-preview:large, max-video-preview:-1\" \/>\n<link rel=\"canonical\" href=\"https:\/\/quehacerpolitico.mx\/?p=95384\" \/>\n<meta property=\"og:locale\" content=\"es_MX\" \/>\n<meta property=\"og:type\" content=\"article\" \/>\n<meta property=\"og:title\" content=\"L\u00f3pez Obrador recibe al presidente de Alemania, Frank-Walter Steinmeier\u00a0 -\" \/>\n<meta property=\"og:description\" content=\"Por Redacci\u00f3n QP Ebrard\u00a0asegura\u00a0que el Presidente L\u00f3pez Obrador y Frank-Walter Steinmeier hablar\u00e1n en t\u00e9rminos generales...\" \/>\n<meta property=\"og:url\" content=\"https:\/\/quehacerpolitico.mx\/?p=95384\" \/>\n<meta property=\"article:published_time\" content=\"2022-09-20T22:24:25+00:00\" \/>\n<meta property=\"article:modified_time\" content=\"2022-09-20T22:24:28+00:00\" \/>\n<meta property=\"og:image\" content=\"https:\/\/quehacerpolitico.mx\/wp-content\/uploads\/2022\/09\/569AFF45-91B2-4389-B07A-969E0B37BC26.jpeg\" \/>\n\t<meta property=\"og:image:width\" content=\"1284\" \/>\n\t<meta property=\"og:image:height\" content=\"841\" \/>\n\t<meta property=\"og:image:type\" content=\"image\/jpeg\" \/>\n<meta name=\"author\" content=\"Redacci\u00f3n QP\" \/>\n<meta name=\"twitter:card\" content=\"summary_large_image\" \/>\n<meta name=\"twitter:label1\" content=\"Escrito por\" \/>\n\t<meta name=\"twitter:data1\" content=\"Redacci\u00f3n QP\" \/>\n\t<meta name=\"twitter:label2\" content=\"Tiempo de lectura\" \/>\n\t<meta name=\"twitter:data2\" content=\"2 minutos\" \/>\n<script type=\"application\/ld+json\" class=\"yoast-schema-graph\">{\"@context\":\"https:\\\/\\\/schema.org\",\"@graph\":[{\"@type\":\"Article\",\"@id\":\"https:\\\/\\\/quehacerpolitico.mx\\\/?p=95384#article\",\"isPartOf\":{\"@id\":\"https:\\\/\\\/quehacerpolitico.mx\\\/?p=95384\"},\"author\":{\"name\":\"Redacci\u00f3n QP\",\"@id\":\"https:\\\/\\\/quehacerpolitico.mx\\\/#\\\/schema\\\/person\\\/496d8ad2d1d3f8036101dca7ee39e585\"},\"headline\":\"L\u00f3pez Obrador recibe al presidente de Alemania, Frank-Walter Steinmeier\u00a0\",\"datePublished\":\"2022-09-20T22:24:25+00:00\",\"dateModified\":\"2022-09-20T22:24:28+00:00\",\"mainEntityOfPage\":{\"@id\":\"https:\\\/\\\/quehacerpolitico.mx\\\/?p=95384\"},\"wordCount\":313,\"commentCount\":0,\"image\":{\"@id\":\"https:\\\/\\\/quehacerpolitico.mx\\\/?p=95384#primaryimage\"},\"thumbnailUrl\":\"https:\\\/\\\/quehacerpolitico.mx\\\/wp-content\\\/uploads\\\/2022\\\/09\\\/569AFF45-91B2-4389-B07A-969E0B37BC26.jpeg\",\"articleSection\":[\"Noticias\"],\"inLanguage\":\"es\",\"potentialAction\":[{\"@type\":\"CommentAction\",\"name\":\"Comment\",\"target\":[\"https:\\\/\\\/quehacerpolitico.mx\\\/?p=95384#respond\"]}]},{\"@type\":\"WebPage\",\"@id\":\"https:\\\/\\\/quehacerpolitico.mx\\\/?p=95384\",\"url\":\"https:\\\/\\\/quehacerpolitico.mx\\\/?p=95384\",\"name\":\"L\u00f3pez Obrador recibe al presidente de Alemania, Frank-Walter Steinmeier\u00a0 -\",\"isPartOf\":{\"@id\":\"https:\\\/\\\/quehacerpolitico.mx\\\/#website\"},\"primaryImageOfPage\":{\"@id\":\"https:\\\/\\\/quehacerpolitico.mx\\\/?p=95384#primaryimage\"},\"image\":{\"@id\":\"https:\\\/\\\/quehacerpolitico.mx\\\/?p=95384#primaryimage\"},\"thumbnailUrl\":\"https:\\\/\\\/quehacerpolitico.mx\\\/wp-content\\\/uploads\\\/2022\\\/09\\\/569AFF45-91B2-4389-B07A-969E0B37BC26.jpeg\",\"datePublished\":\"2022-09-20T22:24:25+00:00\",\"dateModified\":\"2022-09-20T22:24:28+00:00\",\"author\":{\"@id\":\"https:\\\/\\\/quehacerpolitico.mx\\\/#\\\/schema\\\/person\\\/496d8ad2d1d3f8036101dca7ee39e585\"},\"breadcrumb\":{\"@id\":\"https:\\\/\\\/quehacerpolitico.mx\\\/?p=95384#breadcrumb\"},\"inLanguage\":\"es\",\"potentialAction\":[{\"@type\":\"ReadAction\",\"target\":[\"https:\\\/\\\/quehacerpolitico.mx\\\/?p=95384\"]}]},{\"@type\":\"ImageObject\",\"inLanguage\":\"es\",\"@id\":\"https:\\\/\\\/quehacerpolitico.mx\\\/?p=95384#primaryimage\",\"url\":\"https:\\\/\\\/quehacerpolitico.mx\\\/wp-content\\\/uploads\\\/2022\\\/09\\\/569AFF45-91B2-4389-B07A-969E0B37BC26.jpeg\",\"contentUrl\":\"https:\\\/\\\/quehacerpolitico.mx\\\/wp-content\\\/uploads\\\/2022\\\/09\\\/569AFF45-91B2-4389-B07A-969E0B37BC26.jpeg\",\"width\":1284,\"height\":841},{\"@type\":\"BreadcrumbList\",\"@id\":\"https:\\\/\\\/quehacerpolitico.mx\\\/?p=95384#breadcrumb\",\"itemListElement\":[{\"@type\":\"ListItem\",\"position\":1,\"name\":\"Inicio\",\"item\":\"https:\\\/\\\/quehacerpolitico.mx\\\/\"},{\"@type\":\"ListItem\",\"position\":2,\"name\":\"L\u00f3pez Obrador recibe al presidente de Alemania, Frank-Walter Steinmeier\u00a0\"}]},{\"@type\":\"WebSite\",\"@id\":\"https:\\\/\\\/quehacerpolitico.mx\\\/#website\",\"url\":\"https:\\\/\\\/quehacerpolitico.mx\\\/\",\"name\":\"\",\"description\":\"\",\"potentialAction\":[{\"@type\":\"SearchAction\",\"target\":{\"@type\":\"EntryPoint\",\"urlTemplate\":\"https:\\\/\\\/quehacerpolitico.mx\\\/?s={search_term_string}\"},\"query-input\":{\"@type\":\"PropertyValueSpecification\",\"valueRequired\":true,\"valueName\":\"search_term_string\"}}],\"inLanguage\":\"es\"},{\"@type\":\"Person\",\"@id\":\"https:\\\/\\\/quehacerpolitico.mx\\\/#\\\/schema\\\/person\\\/496d8ad2d1d3f8036101dca7ee39e585\",\"name\":\"Redacci\u00f3n QP\",\"image\":{\"@type\":\"ImageObject\",\"inLanguage\":\"es\",\"@id\":\"https:\\\/\\\/secure.gravatar.com\\\/avatar\\\/c7164ed6fdec453195284ad24a5ae5b6e1eed2b848477fa2a4787ba9adf39a41?s=96&d=mm&r=g\",\"url\":\"https:\\\/\\\/secure.gravatar.com\\\/avatar\\\/c7164ed6fdec453195284ad24a5ae5b6e1eed2b848477fa2a4787ba9adf39a41?s=96&d=mm&r=g\",\"contentUrl\":\"https:\\\/\\\/secure.gravatar.com\\\/avatar\\\/c7164ed6fdec453195284ad24a5ae5b6e1eed2b848477fa2a4787ba9adf39a41?s=96&d=mm&r=g\",\"caption\":\"Redacci\u00f3n QP\"},\"url\":\"https:\\\/\\\/quehacerpolitico.mx\\\/?author=2\"}]}<\/script>\n<!-- \/ Yoast SEO plugin. -->","yoast_head_json":{"title":"L\u00f3pez Obrador recibe al presidente de Alemania, Frank-Walter Steinmeier\u00a0 -","robots":{"index":"index","follow":"follow","max-snippet":"max-snippet:-1","max-image-preview":"max-image-preview:large","max-video-preview":"max-video-preview:-1"},"canonical":"https:\/\/quehacerpolitico.mx\/?p=95384","og_locale":"es_MX","og_type":"article","og_title":"L\u00f3pez Obrador recibe al presidente de Alemania, Frank-Walter Steinmeier\u00a0 -","og_description":"Por Redacci\u00f3n QP Ebrard\u00a0asegura\u00a0que el Presidente L\u00f3pez Obrador y Frank-Walter Steinmeier hablar\u00e1n en t\u00e9rminos generales...","og_url":"https:\/\/quehacerpolitico.mx\/?p=95384","article_published_time":"2022-09-20T22:24:25+00:00","article_modified_time":"2022-09-20T22:24:28+00:00","og_image":[{"width":1284,"height":841,"url":"https:\/\/quehacerpolitico.mx\/wp-content\/uploads\/2022\/09\/569AFF45-91B2-4389-B07A-969E0B37BC26.jpeg","type":"image\/jpeg"}],"author":"Redacci\u00f3n QP","twitter_card":"summary_large_image","twitter_misc":{"Escrito por":"Redacci\u00f3n QP","Tiempo de lectura":"2 minutos"},"schema":{"@context":"https:\/\/schema.org","@graph":[{"@type":"Article","@id":"https:\/\/quehacerpolitico.mx\/?p=95384#article","isPartOf":{"@id":"https:\/\/quehacerpolitico.mx\/?p=95384"},"author":{"name":"Redacci\u00f3n QP","@id":"https:\/\/quehacerpolitico.mx\/#\/schema\/person\/496d8ad2d1d3f8036101dca7ee39e585"},"headline":"L\u00f3pez Obrador recibe al presidente de Alemania, Frank-Walter Steinmeier\u00a0","datePublished":"2022-09-20T22:24:25+00:00","dateModified":"2022-09-20T22:24:28+00:00","mainEntityOfPage":{"@id":"https:\/\/quehacerpolitico.mx\/?p=95384"},"wordCount":313,"commentCount":0,"image":{"@id":"https:\/\/quehacerpolitico.mx\/?p=95384#primaryimage"},"thumbnailUrl":"https:\/\/quehacerpolitico.mx\/wp-content\/uploads\/2022\/09\/569AFF45-91B2-4389-B07A-969E0B37BC26.jpeg","articleSection":["Noticias"],"inLanguage":"es","potentialAction":[{"@type":"CommentAction","name":"Comment","target":["https:\/\/quehacerpolitico.mx\/?p=95384#respond"]}]},{"@type":"WebPage","@id":"https:\/\/quehacerpolitico.mx\/?p=95384","url":"https:\/\/quehacerpolitico.mx\/?p=95384","name":"L\u00f3pez Obrador recibe al presidente de Alemania, Frank-Walter Steinmeier\u00a0 -","isPartOf":{"@id":"https:\/\/quehacerpolitico.mx\/#website"},"primaryImageOfPage":{"@id":"https:\/\/quehacerpolitico.mx\/?p=95384#primaryimage"},"image":{"@id":"https:\/\/quehacerpolitico.mx\/?p=95384#primaryimage"},"thumbnailUrl":"https:\/\/quehacerpolitico.mx\/wp-content\/uploads\/2022\/09\/569AFF45-91B2-4389-B07A-969E0B37BC26.jpeg","datePublished":"2022-09-20T22:24:25+00:00","dateModified":"2022-09-20T22:24:28+00:00","author":{"@id":"https:\/\/quehacerpolitico.mx\/#\/schema\/person\/496d8ad2d1d3f8036101dca7ee39e585"},"breadcrumb":{"@id":"https:\/\/quehacerpolitico.mx\/?p=95384#breadcrumb"},"inLanguage":"es","potentialAction":[{"@type":"ReadAction","target":["https:\/\/quehacerpolitico.mx\/?p=95384"]}]},{"@type":"ImageObject","inLanguage":"es","@id":"https:\/\/quehacerpolitico.mx\/?p=95384#primaryimage","url":"https:\/\/quehacerpolitico.mx\/wp-content\/uploads\/2022\/09\/569AFF45-91B2-4389-B07A-969E0B37BC26.jpeg","contentUrl":"https:\/\/quehacerpolitico.mx\/wp-content\/uploads\/2022\/09\/569AFF45-91B2-4389-B07A-969E0B37BC26.jpeg","width":1284,"height":841},{"@type":"BreadcrumbList","@id":"https:\/\/quehacerpolitico.mx\/?p=95384#breadcrumb","itemListElement":[{"@type":"ListItem","position":1,"name":"Inicio","item":"https:\/\/quehacerpolitico.mx\/"},{"@type":"ListItem","position":2,"name":"L\u00f3pez Obrador recibe al presidente de Alemania, Frank-Walter Steinmeier\u00a0"}]},{"@type":"WebSite","@id":"https:\/\/quehacerpolitico.mx\/#website","url":"https:\/\/quehacerpolitico.mx\/","name":"","description":"","potentialAction":[{"@type":"SearchAction","target":{"@type":"EntryPoint","urlTemplate":"https:\/\/quehacerpolitico.mx\/?s={search_term_string}"},"query-input":{"@type":"PropertyValueSpecification","valueRequired":true,"valueName":"search_term_string"}}],"inLanguage":"es"},{"@type":"Person","@id":"https:\/\/quehacerpolitico.mx\/#\/schema\/person\/496d8ad2d1d3f8036101dca7ee39e585","name":"Redacci\u00f3n QP","image":{"@type":"ImageObject","inLanguage":"es","@id":"https:\/\/secure.gravatar.com\/avatar\/c7164ed6fdec453195284ad24a5ae5b6e1eed2b848477fa2a4787ba9adf39a41?s=96&d=mm&r=g","url":"https:\/\/secure.gravatar.com\/avatar\/c7164ed6fdec453195284ad24a5ae5b6e1eed2b848477fa2a4787ba9adf39a41?s=96&d=mm&r=g","contentUrl":"https:\/\/secure.gravatar.com\/avatar\/c7164ed6fdec453195284ad24a5ae5b6e1eed2b848477fa2a4787ba9adf39a41?s=96&d=mm&r=g","caption":"Redacci\u00f3n QP"},"url":"https:\/\/quehacerpolitico.mx\/?author=2"}]}},"featured_image_urls":{"full":["https:\/\/quehacerpolitico.mx\/wp-content\/uploads\/2022\/09\/569AFF45-91B2-4389-B07A-969E0B37BC26.jpeg",1284,841,false],"thumbnail":["https:\/\/quehacerpolitico.mx\/wp-content\/uploads\/2022\/09\/569AFF45-91B2-4389-B07A-969E0B37BC26-150x150.jpeg",150,150,true],"medium":["https:\/\/quehacerpolitico.mx\/wp-content\/uploads\/2022\/09\/569AFF45-91B2-4389-B07A-969E0B37BC26-300x196.jpeg",300,196,true],"medium_large":["https:\/\/quehacerpolitico.mx\/wp-content\/uploads\/2022\/09\/569AFF45-91B2-4389-B07A-969E0B37BC26-768x503.jpeg",640,419,true],"large":["https:\/\/quehacerpolitico.mx\/wp-content\/uploads\/2022\/09\/569AFF45-91B2-4389-B07A-969E0B37BC26-1024x671.jpeg",640,419,true],"1536x1536":["https:\/\/quehacerpolitico.mx\/wp-content\/uploads\/2022\/09\/569AFF45-91B2-4389-B07A-969E0B37BC26.jpeg",1284,841,false],"2048x2048":["https:\/\/quehacerpolitico.mx\/wp-content\/uploads\/2022\/09\/569AFF45-91B2-4389-B07A-969E0B37BC26.jpeg",1284,841,false],"covernews-featured":["https:\/\/quehacerpolitico.mx\/wp-content\/uploads\/2022\/09\/569AFF45-91B2-4389-B07A-969E0B37BC26.jpeg",1024,671,false],"covernews-medium":["https:\/\/quehacerpolitico.mx\/wp-content\/uploads\/2022\/09\/569AFF45-91B2-4389-B07A-969E0B37BC26.jpeg",519,340,false]},"author_info":{"display_name":"Redacci\u00f3n QP","author_link":"https:\/\/quehacerpolitico.mx\/?author=2"},"category_info":"<a href=\"https:\/\/quehacerpolitico.mx\/?cat=2\" rel=\"category\">Noticias<\/a>","tag_info":"Noticias","comment_count":"0","_links":{"self":[{"href":"https:\/\/quehacerpolitico.mx\/index.php?rest_route=\/wp\/v2\/posts\/95384","targetHints":{"allow":["GET"]}}],"collection":[{"href":"https:\/\/quehacerpolitico.mx\/index.php?rest_route=\/wp\/v2\/posts"}],"about":[{"href":"https:\/\/quehacerpolitico.mx\/index.php?rest_route=\/wp\/v2\/types\/post"}],"author":[{"embeddable":true,"href":"https:\/\/quehacerpolitico.mx\/index.php?rest_route=\/wp\/v2\/users\/2"}],"replies":[{"embeddable":true,"href":"https:\/\/quehacerpolitico.mx\/index.php?rest_route=%2Fwp%2Fv2%2Fcomments&post=95384"}],"version-history":[{"count":1,"href":"https:\/\/quehacerpolitico.mx\/index.php?rest_route=\/wp\/v2\/posts\/95384\/revisions"}],"predecessor-version":[{"id":95390,"href":"https:\/\/quehacerpolitico.mx\/index.php?rest_route=\/wp\/v2\/posts\/95384\/revisions\/95390"}],"wp:featuredmedia":[{"embeddable":true,"href":"https:\/\/quehacerpolitico.mx\/index.php?rest_route=\/wp\/v2\/media\/95389"}],"wp:attachment":[{"href":"https:\/\/quehacerpolitico.mx\/index.php?rest_route=%2Fwp%2Fv2%2Fmedia&parent=95384"}],"wp:term":[{"taxonomy":"category","embeddable":true,"href":"https:\/\/quehacerpolitico.mx\/index.php?rest_route=%2Fwp%2Fv2%2Fcategories&post=95384"},{"taxonomy":"post_tag","embeddable":true,"href":"https:\/\/quehacerpolitico.mx\/index.php?rest_route=%2Fwp%2Fv2%2Ftags&post=95384"}],"curies":[{"name":"wp","href":"https:\/\/api.w.org\/{rel}","templated":true}]}}