{"id":95375,"date":"2022-09-20T16:26:42","date_gmt":"2022-09-20T16:26:42","guid":{"rendered":"https:\/\/quehacerpolitico.mx\/?p=95375"},"modified":"2022-09-20T16:26:46","modified_gmt":"2022-09-20T16:26:46","slug":"la-sspc-reporta-disminucion-de-homicidios-dolosos-en-el-mes-de-agosto","status":"publish","type":"post","link":"https:\/\/quehacerpolitico.mx\/?p=95375","title":{"rendered":"La SSPC reporta disminuci\u00f3n de homicidios dolosos en el mes de agosto\u00a0"},"content":{"rendered":"\n<p>Por Redacci\u00f3n QP<\/p>\n\n\n\n<p>La SSPC se\u00f1al\u00f3 que el 48.7% de homicidios dolosos registrados en todo el pa\u00eds se concentran en Guanajuato, Baja California, Michoac\u00e1n, Estado de M\u00e9xico, Jalisco y Chihuahua<\/p>\n\n\n\n<p>La secretaria de Seguridad P\u00fablica y Protecci\u00f3n Ciudadana (SSPC), Rosa Icela Rodr\u00edguez, inform\u00f3 una disminuci\u00f3n de homicidios dolosos en el pasado mes de agosto, en el cual se registraron&nbsp;2 mil 624 homicidios a diferencia del mes de julio, en el que se reportaron 2 mil 681 homicidios. Es decir, hubo una disminuci\u00f3n de 57 casos.<\/p>\n\n\n\n<p>Al presentar el reporte mensual de seguridad, correspondiente al mes de agosto, en la ma\u00f1anera del Presidente de la rep\u00fablica, Andr\u00e9s Manuel L\u00f3pez Obrador, la funcionaria federal se\u00f1al\u00f3 que este delito mantiene una\u00a0tendencia a la baja en comparaci\u00f3n con el m\u00e1ximo hist\u00f3rico registrado en 2018.<\/p>\n\n\n\n<figure class=\"wp-block-embed is-type-rich is-provider-twitter wp-block-embed-twitter\"><div class=\"wp-block-embed__wrapper\">\n<blockquote class=\"twitter-tweet\" data-width=\"550\" data-dnt=\"true\"><p lang=\"es\" dir=\"ltr\">En la <a href=\"https:\/\/twitter.com\/hashtag\/ConferenciaMa%C3%B1anera?src=hash&amp;ref_src=twsrc%5Etfw\">#ConferenciaMa\u00f1anera<\/a>, tambi\u00e9n informamos que, al 19 de septiembre, se han regularizado 557 mil 697 veh\u00edculos usados de procedencia extranjera, m\u00e1s de la meta planteada, y ante la demanda, se ampl\u00eda el plazo al 31 de diciembre. Adem\u00e1s <a href=\"https:\/\/twitter.com\/hashtag\/Jalisco?src=hash&amp;ref_src=twsrc%5Etfw\">#Jalisco<\/a> se suma al programa. \ud83d\ude97\ud83d\ude99 <a href=\"https:\/\/t.co\/Qs7kpTzUC4\">pic.twitter.com\/Qs7kpTzUC4<\/a><\/p>&mdash; Rosa Icela Rodr\u00edguez Vel\u00e1zquez (@rosaicela_) <a href=\"https:\/\/twitter.com\/rosaicela_\/status\/1572214453743276032?ref_src=twsrc%5Etfw\">September 20, 2022<\/a><\/blockquote><script async src=\"https:\/\/platform.twitter.com\/widgets.js\" charset=\"utf-8\"><\/script>\n<\/div><\/figure>\n\n\n\n<p>&#8220;Es el agosto m\u00e1s bajo desde hace cinco a\u00f1os de este delito&#8221;, subray\u00f3 Icela Rodr\u00edguez.<\/p>\n\n\n\n<p>La secretaria de seguridad&nbsp;indic\u00f3 que los estados de&nbsp;<strong>Guanajuato, Baja California, Michoac\u00e1n, Estado de M\u00e9xico, Jalisco y Chihuahua registran el 48.7%<\/strong>&nbsp;de los homicidios dolosos que se presentan en todo el pa\u00eds.<\/p>\n\n\n\n<p>&#8220;En #ConferenciaMa\u00f1anera, encabezada por el #PresidenteDeM\u00e9xico, @lopezobrador_, presentamos el informe mensual de seguridad. La coordinaci\u00f3n de esfuerzos del Gabinete de Seguridad da resultados.\u00a0Hay una baja visible en la incidencia delictiva en el pa\u00eds.\u00a0#JuntosConstruimosLaPaz&#8221;,\u00a0comparti\u00f3 la funcionar\u00eda a trav\u00e9s de sus redes sociales.<\/p>\n\n\n\n<figure class=\"wp-block-embed is-type-rich is-provider-twitter wp-block-embed-twitter\"><div class=\"wp-block-embed__wrapper\">\n<blockquote class=\"twitter-tweet\" data-width=\"550\" data-dnt=\"true\"><p lang=\"es\" dir=\"ltr\">En <a href=\"https:\/\/twitter.com\/hashtag\/ConferenciaMa%C3%B1anera?src=hash&amp;ref_src=twsrc%5Etfw\">#ConferenciaMa\u00f1anera<\/a>, encabezada por el <a href=\"https:\/\/twitter.com\/hashtag\/PresidenteDeM%C3%A9xico?src=hash&amp;ref_src=twsrc%5Etfw\">#PresidenteDeM\u00e9xico<\/a>, <a href=\"https:\/\/twitter.com\/lopezobrador_?ref_src=twsrc%5Etfw\">@lopezobrador_<\/a>, presentamos el informe mensual de seguridad. La coordinaci\u00f3n de esfuerzos del Gabinete de Seguridad da resultados. Hay una baja visible en la incidencia delictiva en el pa\u00eds. <a href=\"https:\/\/twitter.com\/hashtag\/JuntosConstruimosLaPaz?src=hash&amp;ref_src=twsrc%5Etfw\">#JuntosConstruimosLaPaz<\/a>\ud83d\udd4a\ufe0f <a href=\"https:\/\/t.co\/ih5rwAO1D1\">pic.twitter.com\/ih5rwAO1D1<\/a><\/p>&mdash; Rosa Icela Rodr\u00edguez Vel\u00e1zquez (@rosaicela_) <a href=\"https:\/\/twitter.com\/rosaicela_\/status\/1572213139579568130?ref_src=twsrc%5Etfw\">September 20, 2022<\/a><\/blockquote><script async src=\"https:\/\/platform.twitter.com\/widgets.js\" charset=\"utf-8\"><\/script>\n<\/div><\/figure>\n\n\n\n<p>No obstante, en Guanajuato y Baja California este crimen presenta una tendencia a la baja, as\u00ed como en Michoac\u00e1n, Estado de M\u00e9xico y Jalisco, mientras que&nbsp;<strong>en el caso de Chihuahua en los \u00faltimos tres meses que est\u00e1 contenido este delito.<\/strong><\/p>\n\n\n\n<p>En cuanto a los delitos del fuero federal de reportados de enero a agosto de 2022, Rodr\u00edguez mencion\u00f3 que hubo una disminuci\u00f3n en delitos relacionados contra la salud, delitos fiscales, delitos financieros, pero\u00a0van al alza delitos relacionados con armas de fuego y explosivos (4.9%) y delitos patrimoniales (9.3%).<\/p>\n\n\n\n<figure class=\"wp-block-embed is-type-video is-provider-youtube wp-block-embed-youtube wp-embed-aspect-16-9 wp-has-aspect-ratio\"><div class=\"wp-block-embed__wrapper\">\n<iframe loading=\"lazy\" title=\"Hay una reducci\u00f3n de homicidios dolosos en agosto en comparaci\u00f3n con julio: SSPC\" width=\"640\" height=\"360\" src=\"https:\/\/www.youtube.com\/embed\/dUoOwzx21z4?feature=oembed\" frameborder=\"0\" allow=\"accelerometer; autoplay; clipboard-write; encrypted-media; gyroscope; picture-in-picture; web-share\" referrerpolicy=\"strict-origin-when-cross-origin\" allowfullscreen><\/iframe>\n<\/div><\/figure>\n\n\n\n<p>Con informaci\u00f3n de SUN<\/p>\n","protected":false},"excerpt":{"rendered":"<p>Por Redacci\u00f3n QP La SSPC se\u00f1al\u00f3 que el 48.7% de homicidios dolosos registrados en todo&#8230;<\/p>\n","protected":false},"author":2,"featured_media":95376,"comment_status":"open","ping_status":"open","sticky":false,"template":"","format":"standard","meta":{"_monsterinsights_skip_tracking":false,"_monsterinsights_sitenote_active":false,"_monsterinsights_sitenote_note":"","_monsterinsights_sitenote_category":0,"footnotes":""},"categories":[2],"tags":[],"class_list":["post-95375","post","type-post","status-publish","format-standard","has-post-thumbnail","hentry","category-noticias"],"yoast_head":"<!-- This site is optimized with the Yoast SEO plugin v27.3 - https:\/\/yoast.com\/product\/yoast-seo-wordpress\/ -->\n<title>La SSPC reporta disminuci\u00f3n de homicidios dolosos en el mes de agosto\u00a0 -<\/title>\n<meta name=\"robots\" content=\"index, follow, max-snippet:-1, max-image-preview:large, max-video-preview:-1\" \/>\n<link rel=\"canonical\" href=\"https:\/\/quehacerpolitico.mx\/?p=95375\" \/>\n<meta property=\"og:locale\" content=\"es_MX\" \/>\n<meta property=\"og:type\" content=\"article\" \/>\n<meta property=\"og:title\" content=\"La SSPC reporta disminuci\u00f3n de homicidios dolosos en el mes de agosto\u00a0 -\" \/>\n<meta property=\"og:description\" content=\"Por Redacci\u00f3n QP La SSPC se\u00f1al\u00f3 que el 48.7% de homicidios dolosos registrados en todo...\" \/>\n<meta property=\"og:url\" content=\"https:\/\/quehacerpolitico.mx\/?p=95375\" \/>\n<meta property=\"article:published_time\" content=\"2022-09-20T16:26:42+00:00\" \/>\n<meta property=\"article:modified_time\" content=\"2022-09-20T16:26:46+00:00\" \/>\n<meta property=\"og:image\" content=\"https:\/\/quehacerpolitico.mx\/wp-content\/uploads\/2022\/09\/17867801-9CE8-482D-B866-CEB9603E7BAC.jpeg\" \/>\n\t<meta property=\"og:image:width\" content=\"1600\" \/>\n\t<meta property=\"og:image:height\" content=\"1096\" \/>\n\t<meta property=\"og:image:type\" content=\"image\/jpeg\" \/>\n<meta name=\"author\" content=\"Redacci\u00f3n QP\" \/>\n<meta name=\"twitter:card\" content=\"summary_large_image\" \/>\n<meta name=\"twitter:label1\" content=\"Escrito por\" \/>\n\t<meta name=\"twitter:data1\" content=\"Redacci\u00f3n QP\" \/>\n\t<meta name=\"twitter:label2\" content=\"Tiempo de lectura\" \/>\n\t<meta name=\"twitter:data2\" content=\"2 minutos\" \/>\n<script type=\"application\/ld+json\" class=\"yoast-schema-graph\">{\"@context\":\"https:\\\/\\\/schema.org\",\"@graph\":[{\"@type\":\"Article\",\"@id\":\"https:\\\/\\\/quehacerpolitico.mx\\\/?p=95375#article\",\"isPartOf\":{\"@id\":\"https:\\\/\\\/quehacerpolitico.mx\\\/?p=95375\"},\"author\":{\"name\":\"Redacci\u00f3n QP\",\"@id\":\"https:\\\/\\\/quehacerpolitico.mx\\\/#\\\/schema\\\/person\\\/496d8ad2d1d3f8036101dca7ee39e585\"},\"headline\":\"La SSPC reporta disminuci\u00f3n de homicidios dolosos en el mes de agosto\u00a0\",\"datePublished\":\"2022-09-20T16:26:42+00:00\",\"dateModified\":\"2022-09-20T16:26:46+00:00\",\"mainEntityOfPage\":{\"@id\":\"https:\\\/\\\/quehacerpolitico.mx\\\/?p=95375\"},\"wordCount\":390,\"commentCount\":0,\"image\":{\"@id\":\"https:\\\/\\\/quehacerpolitico.mx\\\/?p=95375#primaryimage\"},\"thumbnailUrl\":\"https:\\\/\\\/quehacerpolitico.mx\\\/wp-content\\\/uploads\\\/2022\\\/09\\\/17867801-9CE8-482D-B866-CEB9603E7BAC.jpeg\",\"articleSection\":[\"Noticias\"],\"inLanguage\":\"es\",\"potentialAction\":[{\"@type\":\"CommentAction\",\"name\":\"Comment\",\"target\":[\"https:\\\/\\\/quehacerpolitico.mx\\\/?p=95375#respond\"]}]},{\"@type\":\"WebPage\",\"@id\":\"https:\\\/\\\/quehacerpolitico.mx\\\/?p=95375\",\"url\":\"https:\\\/\\\/quehacerpolitico.mx\\\/?p=95375\",\"name\":\"La SSPC reporta disminuci\u00f3n de homicidios dolosos en el mes de agosto\u00a0 -\",\"isPartOf\":{\"@id\":\"https:\\\/\\\/quehacerpolitico.mx\\\/#website\"},\"primaryImageOfPage\":{\"@id\":\"https:\\\/\\\/quehacerpolitico.mx\\\/?p=95375#primaryimage\"},\"image\":{\"@id\":\"https:\\\/\\\/quehacerpolitico.mx\\\/?p=95375#primaryimage\"},\"thumbnailUrl\":\"https:\\\/\\\/quehacerpolitico.mx\\\/wp-content\\\/uploads\\\/2022\\\/09\\\/17867801-9CE8-482D-B866-CEB9603E7BAC.jpeg\",\"datePublished\":\"2022-09-20T16:26:42+00:00\",\"dateModified\":\"2022-09-20T16:26:46+00:00\",\"author\":{\"@id\":\"https:\\\/\\\/quehacerpolitico.mx\\\/#\\\/schema\\\/person\\\/496d8ad2d1d3f8036101dca7ee39e585\"},\"breadcrumb\":{\"@id\":\"https:\\\/\\\/quehacerpolitico.mx\\\/?p=95375#breadcrumb\"},\"inLanguage\":\"es\",\"potentialAction\":[{\"@type\":\"ReadAction\",\"target\":[\"https:\\\/\\\/quehacerpolitico.mx\\\/?p=95375\"]}]},{\"@type\":\"ImageObject\",\"inLanguage\":\"es\",\"@id\":\"https:\\\/\\\/quehacerpolitico.mx\\\/?p=95375#primaryimage\",\"url\":\"https:\\\/\\\/quehacerpolitico.mx\\\/wp-content\\\/uploads\\\/2022\\\/09\\\/17867801-9CE8-482D-B866-CEB9603E7BAC.jpeg\",\"contentUrl\":\"https:\\\/\\\/quehacerpolitico.mx\\\/wp-content\\\/uploads\\\/2022\\\/09\\\/17867801-9CE8-482D-B866-CEB9603E7BAC.jpeg\",\"width\":1600,\"height\":1096},{\"@type\":\"BreadcrumbList\",\"@id\":\"https:\\\/\\\/quehacerpolitico.mx\\\/?p=95375#breadcrumb\",\"itemListElement\":[{\"@type\":\"ListItem\",\"position\":1,\"name\":\"Inicio\",\"item\":\"https:\\\/\\\/quehacerpolitico.mx\\\/\"},{\"@type\":\"ListItem\",\"position\":2,\"name\":\"La SSPC reporta disminuci\u00f3n de homicidios dolosos en el mes de agosto\u00a0\"}]},{\"@type\":\"WebSite\",\"@id\":\"https:\\\/\\\/quehacerpolitico.mx\\\/#website\",\"url\":\"https:\\\/\\\/quehacerpolitico.mx\\\/\",\"name\":\"\",\"description\":\"\",\"potentialAction\":[{\"@type\":\"SearchAction\",\"target\":{\"@type\":\"EntryPoint\",\"urlTemplate\":\"https:\\\/\\\/quehacerpolitico.mx\\\/?s={search_term_string}\"},\"query-input\":{\"@type\":\"PropertyValueSpecification\",\"valueRequired\":true,\"valueName\":\"search_term_string\"}}],\"inLanguage\":\"es\"},{\"@type\":\"Person\",\"@id\":\"https:\\\/\\\/quehacerpolitico.mx\\\/#\\\/schema\\\/person\\\/496d8ad2d1d3f8036101dca7ee39e585\",\"name\":\"Redacci\u00f3n QP\",\"image\":{\"@type\":\"ImageObject\",\"inLanguage\":\"es\",\"@id\":\"https:\\\/\\\/secure.gravatar.com\\\/avatar\\\/c7164ed6fdec453195284ad24a5ae5b6e1eed2b848477fa2a4787ba9adf39a41?s=96&d=mm&r=g\",\"url\":\"https:\\\/\\\/secure.gravatar.com\\\/avatar\\\/c7164ed6fdec453195284ad24a5ae5b6e1eed2b848477fa2a4787ba9adf39a41?s=96&d=mm&r=g\",\"contentUrl\":\"https:\\\/\\\/secure.gravatar.com\\\/avatar\\\/c7164ed6fdec453195284ad24a5ae5b6e1eed2b848477fa2a4787ba9adf39a41?s=96&d=mm&r=g\",\"caption\":\"Redacci\u00f3n QP\"},\"url\":\"https:\\\/\\\/quehacerpolitico.mx\\\/?author=2\"}]}<\/script>\n<!-- \/ Yoast SEO plugin. -->","yoast_head_json":{"title":"La SSPC reporta disminuci\u00f3n de homicidios dolosos en el mes de agosto\u00a0 -","robots":{"index":"index","follow":"follow","max-snippet":"max-snippet:-1","max-image-preview":"max-image-preview:large","max-video-preview":"max-video-preview:-1"},"canonical":"https:\/\/quehacerpolitico.mx\/?p=95375","og_locale":"es_MX","og_type":"article","og_title":"La SSPC reporta disminuci\u00f3n de homicidios dolosos en el mes de agosto\u00a0 -","og_description":"Por Redacci\u00f3n QP La SSPC se\u00f1al\u00f3 que el 48.7% de homicidios dolosos registrados en todo...","og_url":"https:\/\/quehacerpolitico.mx\/?p=95375","article_published_time":"2022-09-20T16:26:42+00:00","article_modified_time":"2022-09-20T16:26:46+00:00","og_image":[{"width":1600,"height":1096,"url":"https:\/\/quehacerpolitico.mx\/wp-content\/uploads\/2022\/09\/17867801-9CE8-482D-B866-CEB9603E7BAC.jpeg","type":"image\/jpeg"}],"author":"Redacci\u00f3n QP","twitter_card":"summary_large_image","twitter_misc":{"Escrito por":"Redacci\u00f3n QP","Tiempo de lectura":"2 minutos"},"schema":{"@context":"https:\/\/schema.org","@graph":[{"@type":"Article","@id":"https:\/\/quehacerpolitico.mx\/?p=95375#article","isPartOf":{"@id":"https:\/\/quehacerpolitico.mx\/?p=95375"},"author":{"name":"Redacci\u00f3n QP","@id":"https:\/\/quehacerpolitico.mx\/#\/schema\/person\/496d8ad2d1d3f8036101dca7ee39e585"},"headline":"La SSPC reporta disminuci\u00f3n de homicidios dolosos en el mes de agosto\u00a0","datePublished":"2022-09-20T16:26:42+00:00","dateModified":"2022-09-20T16:26:46+00:00","mainEntityOfPage":{"@id":"https:\/\/quehacerpolitico.mx\/?p=95375"},"wordCount":390,"commentCount":0,"image":{"@id":"https:\/\/quehacerpolitico.mx\/?p=95375#primaryimage"},"thumbnailUrl":"https:\/\/quehacerpolitico.mx\/wp-content\/uploads\/2022\/09\/17867801-9CE8-482D-B866-CEB9603E7BAC.jpeg","articleSection":["Noticias"],"inLanguage":"es","potentialAction":[{"@type":"CommentAction","name":"Comment","target":["https:\/\/quehacerpolitico.mx\/?p=95375#respond"]}]},{"@type":"WebPage","@id":"https:\/\/quehacerpolitico.mx\/?p=95375","url":"https:\/\/quehacerpolitico.mx\/?p=95375","name":"La SSPC reporta disminuci\u00f3n de homicidios dolosos en el mes de agosto\u00a0 -","isPartOf":{"@id":"https:\/\/quehacerpolitico.mx\/#website"},"primaryImageOfPage":{"@id":"https:\/\/quehacerpolitico.mx\/?p=95375#primaryimage"},"image":{"@id":"https:\/\/quehacerpolitico.mx\/?p=95375#primaryimage"},"thumbnailUrl":"https:\/\/quehacerpolitico.mx\/wp-content\/uploads\/2022\/09\/17867801-9CE8-482D-B866-CEB9603E7BAC.jpeg","datePublished":"2022-09-20T16:26:42+00:00","dateModified":"2022-09-20T16:26:46+00:00","author":{"@id":"https:\/\/quehacerpolitico.mx\/#\/schema\/person\/496d8ad2d1d3f8036101dca7ee39e585"},"breadcrumb":{"@id":"https:\/\/quehacerpolitico.mx\/?p=95375#breadcrumb"},"inLanguage":"es","potentialAction":[{"@type":"ReadAction","target":["https:\/\/quehacerpolitico.mx\/?p=95375"]}]},{"@type":"ImageObject","inLanguage":"es","@id":"https:\/\/quehacerpolitico.mx\/?p=95375#primaryimage","url":"https:\/\/quehacerpolitico.mx\/wp-content\/uploads\/2022\/09\/17867801-9CE8-482D-B866-CEB9603E7BAC.jpeg","contentUrl":"https:\/\/quehacerpolitico.mx\/wp-content\/uploads\/2022\/09\/17867801-9CE8-482D-B866-CEB9603E7BAC.jpeg","width":1600,"height":1096},{"@type":"BreadcrumbList","@id":"https:\/\/quehacerpolitico.mx\/?p=95375#breadcrumb","itemListElement":[{"@type":"ListItem","position":1,"name":"Inicio","item":"https:\/\/quehacerpolitico.mx\/"},{"@type":"ListItem","position":2,"name":"La SSPC reporta disminuci\u00f3n de homicidios dolosos en el mes de agosto\u00a0"}]},{"@type":"WebSite","@id":"https:\/\/quehacerpolitico.mx\/#website","url":"https:\/\/quehacerpolitico.mx\/","name":"","description":"","potentialAction":[{"@type":"SearchAction","target":{"@type":"EntryPoint","urlTemplate":"https:\/\/quehacerpolitico.mx\/?s={search_term_string}"},"query-input":{"@type":"PropertyValueSpecification","valueRequired":true,"valueName":"search_term_string"}}],"inLanguage":"es"},{"@type":"Person","@id":"https:\/\/quehacerpolitico.mx\/#\/schema\/person\/496d8ad2d1d3f8036101dca7ee39e585","name":"Redacci\u00f3n QP","image":{"@type":"ImageObject","inLanguage":"es","@id":"https:\/\/secure.gravatar.com\/avatar\/c7164ed6fdec453195284ad24a5ae5b6e1eed2b848477fa2a4787ba9adf39a41?s=96&d=mm&r=g","url":"https:\/\/secure.gravatar.com\/avatar\/c7164ed6fdec453195284ad24a5ae5b6e1eed2b848477fa2a4787ba9adf39a41?s=96&d=mm&r=g","contentUrl":"https:\/\/secure.gravatar.com\/avatar\/c7164ed6fdec453195284ad24a5ae5b6e1eed2b848477fa2a4787ba9adf39a41?s=96&d=mm&r=g","caption":"Redacci\u00f3n QP"},"url":"https:\/\/quehacerpolitico.mx\/?author=2"}]}},"featured_image_urls":{"full":["https:\/\/quehacerpolitico.mx\/wp-content\/uploads\/2022\/09\/17867801-9CE8-482D-B866-CEB9603E7BAC.jpeg",1600,1096,false],"thumbnail":["https:\/\/quehacerpolitico.mx\/wp-content\/uploads\/2022\/09\/17867801-9CE8-482D-B866-CEB9603E7BAC-150x150.jpeg",150,150,true],"medium":["https:\/\/quehacerpolitico.mx\/wp-content\/uploads\/2022\/09\/17867801-9CE8-482D-B866-CEB9603E7BAC-300x206.jpeg",300,206,true],"medium_large":["https:\/\/quehacerpolitico.mx\/wp-content\/uploads\/2022\/09\/17867801-9CE8-482D-B866-CEB9603E7BAC-768x526.jpeg",640,438,true],"large":["https:\/\/quehacerpolitico.mx\/wp-content\/uploads\/2022\/09\/17867801-9CE8-482D-B866-CEB9603E7BAC-1024x701.jpeg",640,438,true],"1536x1536":["https:\/\/quehacerpolitico.mx\/wp-content\/uploads\/2022\/09\/17867801-9CE8-482D-B866-CEB9603E7BAC-1536x1052.jpeg",1536,1052,true],"2048x2048":["https:\/\/quehacerpolitico.mx\/wp-content\/uploads\/2022\/09\/17867801-9CE8-482D-B866-CEB9603E7BAC.jpeg",1600,1096,false],"covernews-featured":["https:\/\/quehacerpolitico.mx\/wp-content\/uploads\/2022\/09\/17867801-9CE8-482D-B866-CEB9603E7BAC.jpeg",1024,701,false],"covernews-medium":["https:\/\/quehacerpolitico.mx\/wp-content\/uploads\/2022\/09\/17867801-9CE8-482D-B866-CEB9603E7BAC.jpeg",496,340,false]},"author_info":{"display_name":"Redacci\u00f3n QP","author_link":"https:\/\/quehacerpolitico.mx\/?author=2"},"category_info":"<a href=\"https:\/\/quehacerpolitico.mx\/?cat=2\" rel=\"category\">Noticias<\/a>","tag_info":"Noticias","comment_count":"0","_links":{"self":[{"href":"https:\/\/quehacerpolitico.mx\/index.php?rest_route=\/wp\/v2\/posts\/95375","targetHints":{"allow":["GET"]}}],"collection":[{"href":"https:\/\/quehacerpolitico.mx\/index.php?rest_route=\/wp\/v2\/posts"}],"about":[{"href":"https:\/\/quehacerpolitico.mx\/index.php?rest_route=\/wp\/v2\/types\/post"}],"author":[{"embeddable":true,"href":"https:\/\/quehacerpolitico.mx\/index.php?rest_route=\/wp\/v2\/users\/2"}],"replies":[{"embeddable":true,"href":"https:\/\/quehacerpolitico.mx\/index.php?rest_route=%2Fwp%2Fv2%2Fcomments&post=95375"}],"version-history":[{"count":1,"href":"https:\/\/quehacerpolitico.mx\/index.php?rest_route=\/wp\/v2\/posts\/95375\/revisions"}],"predecessor-version":[{"id":95377,"href":"https:\/\/quehacerpolitico.mx\/index.php?rest_route=\/wp\/v2\/posts\/95375\/revisions\/95377"}],"wp:featuredmedia":[{"embeddable":true,"href":"https:\/\/quehacerpolitico.mx\/index.php?rest_route=\/wp\/v2\/media\/95376"}],"wp:attachment":[{"href":"https:\/\/quehacerpolitico.mx\/index.php?rest_route=%2Fwp%2Fv2%2Fmedia&parent=95375"}],"wp:term":[{"taxonomy":"category","embeddable":true,"href":"https:\/\/quehacerpolitico.mx\/index.php?rest_route=%2Fwp%2Fv2%2Fcategories&post=95375"},{"taxonomy":"post_tag","embeddable":true,"href":"https:\/\/quehacerpolitico.mx\/index.php?rest_route=%2Fwp%2Fv2%2Ftags&post=95375"}],"curies":[{"name":"wp","href":"https:\/\/api.w.org\/{rel}","templated":true}]}}