{"id":95206,"date":"2022-09-14T17:58:43","date_gmt":"2022-09-14T17:58:43","guid":{"rendered":"https:\/\/quehacerpolitico.mx\/?p=95206"},"modified":"2022-09-14T17:58:46","modified_gmt":"2022-09-14T17:58:46","slug":"el-pri-votara-a-favor-de-ampliar-presencia-del-ejercito-en-calles-adelanta-moreira","status":"publish","type":"post","link":"https:\/\/quehacerpolitico.mx\/?p=95206","title":{"rendered":"El PRI votar\u00e1 a favor de ampliar presencia del Ej\u00e9rcito en calles, adelanta Moreira"},"content":{"rendered":"\n<p>Por Redacci\u00f3n QP<\/p>\n\n\n\n<p>&#8220;Lo hacemos por coherencia con lo que est\u00e1 sucediendo en la realidad&#8221;, asever\u00f3 el coordinador parlamentario del PRI<\/p>\n\n\n\n<p><strong>El coordinador parlamentario del PRI en la C\u00e1mara de Diputados, Rub\u00e9n Moreira, adelant\u00f3 que su bancada votar\u00e1 a favor de la iniciativa<\/strong>para ampliar la presencia del Ej\u00e9rcito en las calles, y asegur\u00f3 que la iniciativa &#8220;es por el bien de M\u00e9xico&#8221; y ello, &#8220;est\u00e1 por encima de cualquier otra cosa&#8221;.<\/p>\n\n\n\n<p>&#8220;Lo \u00fanico que estamos haciendo es darle la oportunidad a los mexicanos de darles seguridad&#8221;<\/p>\n\n\n\n<p>&#8220;Lo hacemos por coherencia con lo que est\u00e1 sucediendo en la realidad, todos los gobernadores se han manifestado por la necesidad de poder recurrir al Ej\u00e9rcito si es necesario, debemos mantener nuestra responsabilidad con M\u00e9xico, y M\u00e9xico est\u00e1 sobre todo, sobre los partidos y sobre las personas&#8221;, puntualiz\u00f3.<\/p>\n\n\n\n<p>Moreira Valdez rechaz\u00f3 que la propuesta signifique una &#8220;moneda de cambio&#8221; por la impunidad de Alejandro Moreno, l\u00edder del PRI, tal y como lo han afirmado otros partidos de oposici\u00f3n.<\/p>\n\n\n\n<p>&#8220;Claro que no, y yo no quisiera ser ofensivo con ellos, lo \u00fanico que estamos haciendo es darle la oportunidad a los mexicanos de darles seguridad&#8221;, expres\u00f3.<\/p>\n\n\n\n<p>El l\u00edder priista dijo que no hay presi\u00f3n contra su bancada para votar de manera un\u00e1nime, y aclar\u00f3 que permitir\u00e1 a cada uno de sus legisladores sufragar de manera libre:\u00a0<strong>&#8220;De manera libre, cada qui\u00e9n se hace responsable de su voto frente a la historia&#8221;<\/strong>.<\/p>\n\n\n\n<p>Finalmente, confi\u00f3 en que tras la votaci\u00f3n de este mi\u00e9rcoles, la alianza de Va por M\u00e9xico se mantenga.<\/p>\n\n\n\n<p>Con informaci\u00f3n de SUN<\/p>\n","protected":false},"excerpt":{"rendered":"<p>Por Redacci\u00f3n QP &#8220;Lo hacemos por coherencia con lo que est\u00e1 sucediendo en la realidad&#8221;,&#8230;<\/p>\n","protected":false},"author":2,"featured_media":95207,"comment_status":"open","ping_status":"open","sticky":false,"template":"","format":"standard","meta":{"_monsterinsights_skip_tracking":false,"_monsterinsights_sitenote_active":false,"_monsterinsights_sitenote_note":"","_monsterinsights_sitenote_category":0,"footnotes":""},"categories":[2],"tags":[],"class_list":["post-95206","post","type-post","status-publish","format-standard","has-post-thumbnail","hentry","category-noticias"],"yoast_head":"<!-- This site is optimized with the Yoast SEO plugin v27.3 - https:\/\/yoast.com\/product\/yoast-seo-wordpress\/ -->\n<title>El PRI votar\u00e1 a favor de ampliar presencia del Ej\u00e9rcito en calles, adelanta Moreira -<\/title>\n<meta name=\"robots\" content=\"index, follow, max-snippet:-1, max-image-preview:large, max-video-preview:-1\" \/>\n<link rel=\"canonical\" href=\"https:\/\/quehacerpolitico.mx\/?p=95206\" \/>\n<meta property=\"og:locale\" content=\"es_MX\" \/>\n<meta property=\"og:type\" content=\"article\" \/>\n<meta property=\"og:title\" content=\"El PRI votar\u00e1 a favor de ampliar presencia del Ej\u00e9rcito en calles, adelanta Moreira -\" \/>\n<meta property=\"og:description\" content=\"Por Redacci\u00f3n QP &#8220;Lo hacemos por coherencia con lo que est\u00e1 sucediendo en la realidad&#8221;,...\" \/>\n<meta property=\"og:url\" content=\"https:\/\/quehacerpolitico.mx\/?p=95206\" \/>\n<meta property=\"article:published_time\" content=\"2022-09-14T17:58:43+00:00\" \/>\n<meta property=\"article:modified_time\" content=\"2022-09-14T17:58:46+00:00\" \/>\n<meta property=\"og:image\" content=\"https:\/\/quehacerpolitico.mx\/wp-content\/uploads\/2022\/09\/FA73582E-2A25-40C9-9BDF-A81250FFC8F2.jpeg\" \/>\n\t<meta property=\"og:image:width\" content=\"739\" \/>\n\t<meta property=\"og:image:height\" content=\"415\" \/>\n\t<meta property=\"og:image:type\" content=\"image\/jpeg\" \/>\n<meta name=\"author\" content=\"Redacci\u00f3n QP\" \/>\n<meta name=\"twitter:card\" content=\"summary_large_image\" \/>\n<meta name=\"twitter:label1\" content=\"Escrito por\" \/>\n\t<meta name=\"twitter:data1\" content=\"Redacci\u00f3n QP\" \/>\n\t<meta name=\"twitter:label2\" content=\"Tiempo de lectura\" \/>\n\t<meta name=\"twitter:data2\" content=\"1 minuto\" \/>\n<script type=\"application\/ld+json\" class=\"yoast-schema-graph\">{\"@context\":\"https:\\\/\\\/schema.org\",\"@graph\":[{\"@type\":\"Article\",\"@id\":\"https:\\\/\\\/quehacerpolitico.mx\\\/?p=95206#article\",\"isPartOf\":{\"@id\":\"https:\\\/\\\/quehacerpolitico.mx\\\/?p=95206\"},\"author\":{\"name\":\"Redacci\u00f3n QP\",\"@id\":\"https:\\\/\\\/quehacerpolitico.mx\\\/#\\\/schema\\\/person\\\/496d8ad2d1d3f8036101dca7ee39e585\"},\"headline\":\"El PRI votar\u00e1 a favor de ampliar presencia del Ej\u00e9rcito en calles, adelanta Moreira\",\"datePublished\":\"2022-09-14T17:58:43+00:00\",\"dateModified\":\"2022-09-14T17:58:46+00:00\",\"mainEntityOfPage\":{\"@id\":\"https:\\\/\\\/quehacerpolitico.mx\\\/?p=95206\"},\"wordCount\":291,\"commentCount\":0,\"image\":{\"@id\":\"https:\\\/\\\/quehacerpolitico.mx\\\/?p=95206#primaryimage\"},\"thumbnailUrl\":\"https:\\\/\\\/quehacerpolitico.mx\\\/wp-content\\\/uploads\\\/2022\\\/09\\\/FA73582E-2A25-40C9-9BDF-A81250FFC8F2.jpeg\",\"articleSection\":[\"Noticias\"],\"inLanguage\":\"es\",\"potentialAction\":[{\"@type\":\"CommentAction\",\"name\":\"Comment\",\"target\":[\"https:\\\/\\\/quehacerpolitico.mx\\\/?p=95206#respond\"]}]},{\"@type\":\"WebPage\",\"@id\":\"https:\\\/\\\/quehacerpolitico.mx\\\/?p=95206\",\"url\":\"https:\\\/\\\/quehacerpolitico.mx\\\/?p=95206\",\"name\":\"El PRI votar\u00e1 a favor de ampliar presencia del Ej\u00e9rcito en calles, adelanta Moreira -\",\"isPartOf\":{\"@id\":\"https:\\\/\\\/quehacerpolitico.mx\\\/#website\"},\"primaryImageOfPage\":{\"@id\":\"https:\\\/\\\/quehacerpolitico.mx\\\/?p=95206#primaryimage\"},\"image\":{\"@id\":\"https:\\\/\\\/quehacerpolitico.mx\\\/?p=95206#primaryimage\"},\"thumbnailUrl\":\"https:\\\/\\\/quehacerpolitico.mx\\\/wp-content\\\/uploads\\\/2022\\\/09\\\/FA73582E-2A25-40C9-9BDF-A81250FFC8F2.jpeg\",\"datePublished\":\"2022-09-14T17:58:43+00:00\",\"dateModified\":\"2022-09-14T17:58:46+00:00\",\"author\":{\"@id\":\"https:\\\/\\\/quehacerpolitico.mx\\\/#\\\/schema\\\/person\\\/496d8ad2d1d3f8036101dca7ee39e585\"},\"breadcrumb\":{\"@id\":\"https:\\\/\\\/quehacerpolitico.mx\\\/?p=95206#breadcrumb\"},\"inLanguage\":\"es\",\"potentialAction\":[{\"@type\":\"ReadAction\",\"target\":[\"https:\\\/\\\/quehacerpolitico.mx\\\/?p=95206\"]}]},{\"@type\":\"ImageObject\",\"inLanguage\":\"es\",\"@id\":\"https:\\\/\\\/quehacerpolitico.mx\\\/?p=95206#primaryimage\",\"url\":\"https:\\\/\\\/quehacerpolitico.mx\\\/wp-content\\\/uploads\\\/2022\\\/09\\\/FA73582E-2A25-40C9-9BDF-A81250FFC8F2.jpeg\",\"contentUrl\":\"https:\\\/\\\/quehacerpolitico.mx\\\/wp-content\\\/uploads\\\/2022\\\/09\\\/FA73582E-2A25-40C9-9BDF-A81250FFC8F2.jpeg\",\"width\":739,\"height\":415},{\"@type\":\"BreadcrumbList\",\"@id\":\"https:\\\/\\\/quehacerpolitico.mx\\\/?p=95206#breadcrumb\",\"itemListElement\":[{\"@type\":\"ListItem\",\"position\":1,\"name\":\"Inicio\",\"item\":\"https:\\\/\\\/quehacerpolitico.mx\\\/\"},{\"@type\":\"ListItem\",\"position\":2,\"name\":\"El PRI votar\u00e1 a favor de ampliar presencia del Ej\u00e9rcito en calles, adelanta Moreira\"}]},{\"@type\":\"WebSite\",\"@id\":\"https:\\\/\\\/quehacerpolitico.mx\\\/#website\",\"url\":\"https:\\\/\\\/quehacerpolitico.mx\\\/\",\"name\":\"\",\"description\":\"\",\"potentialAction\":[{\"@type\":\"SearchAction\",\"target\":{\"@type\":\"EntryPoint\",\"urlTemplate\":\"https:\\\/\\\/quehacerpolitico.mx\\\/?s={search_term_string}\"},\"query-input\":{\"@type\":\"PropertyValueSpecification\",\"valueRequired\":true,\"valueName\":\"search_term_string\"}}],\"inLanguage\":\"es\"},{\"@type\":\"Person\",\"@id\":\"https:\\\/\\\/quehacerpolitico.mx\\\/#\\\/schema\\\/person\\\/496d8ad2d1d3f8036101dca7ee39e585\",\"name\":\"Redacci\u00f3n QP\",\"image\":{\"@type\":\"ImageObject\",\"inLanguage\":\"es\",\"@id\":\"https:\\\/\\\/secure.gravatar.com\\\/avatar\\\/c7164ed6fdec453195284ad24a5ae5b6e1eed2b848477fa2a4787ba9adf39a41?s=96&d=mm&r=g\",\"url\":\"https:\\\/\\\/secure.gravatar.com\\\/avatar\\\/c7164ed6fdec453195284ad24a5ae5b6e1eed2b848477fa2a4787ba9adf39a41?s=96&d=mm&r=g\",\"contentUrl\":\"https:\\\/\\\/secure.gravatar.com\\\/avatar\\\/c7164ed6fdec453195284ad24a5ae5b6e1eed2b848477fa2a4787ba9adf39a41?s=96&d=mm&r=g\",\"caption\":\"Redacci\u00f3n QP\"},\"url\":\"https:\\\/\\\/quehacerpolitico.mx\\\/?author=2\"}]}<\/script>\n<!-- \/ Yoast SEO plugin. -->","yoast_head_json":{"title":"El PRI votar\u00e1 a favor de ampliar presencia del Ej\u00e9rcito en calles, adelanta Moreira -","robots":{"index":"index","follow":"follow","max-snippet":"max-snippet:-1","max-image-preview":"max-image-preview:large","max-video-preview":"max-video-preview:-1"},"canonical":"https:\/\/quehacerpolitico.mx\/?p=95206","og_locale":"es_MX","og_type":"article","og_title":"El PRI votar\u00e1 a favor de ampliar presencia del Ej\u00e9rcito en calles, adelanta Moreira -","og_description":"Por Redacci\u00f3n QP &#8220;Lo hacemos por coherencia con lo que est\u00e1 sucediendo en la realidad&#8221;,...","og_url":"https:\/\/quehacerpolitico.mx\/?p=95206","article_published_time":"2022-09-14T17:58:43+00:00","article_modified_time":"2022-09-14T17:58:46+00:00","og_image":[{"width":739,"height":415,"url":"https:\/\/quehacerpolitico.mx\/wp-content\/uploads\/2022\/09\/FA73582E-2A25-40C9-9BDF-A81250FFC8F2.jpeg","type":"image\/jpeg"}],"author":"Redacci\u00f3n QP","twitter_card":"summary_large_image","twitter_misc":{"Escrito por":"Redacci\u00f3n QP","Tiempo de lectura":"1 minuto"},"schema":{"@context":"https:\/\/schema.org","@graph":[{"@type":"Article","@id":"https:\/\/quehacerpolitico.mx\/?p=95206#article","isPartOf":{"@id":"https:\/\/quehacerpolitico.mx\/?p=95206"},"author":{"name":"Redacci\u00f3n QP","@id":"https:\/\/quehacerpolitico.mx\/#\/schema\/person\/496d8ad2d1d3f8036101dca7ee39e585"},"headline":"El PRI votar\u00e1 a favor de ampliar presencia del Ej\u00e9rcito en calles, adelanta Moreira","datePublished":"2022-09-14T17:58:43+00:00","dateModified":"2022-09-14T17:58:46+00:00","mainEntityOfPage":{"@id":"https:\/\/quehacerpolitico.mx\/?p=95206"},"wordCount":291,"commentCount":0,"image":{"@id":"https:\/\/quehacerpolitico.mx\/?p=95206#primaryimage"},"thumbnailUrl":"https:\/\/quehacerpolitico.mx\/wp-content\/uploads\/2022\/09\/FA73582E-2A25-40C9-9BDF-A81250FFC8F2.jpeg","articleSection":["Noticias"],"inLanguage":"es","potentialAction":[{"@type":"CommentAction","name":"Comment","target":["https:\/\/quehacerpolitico.mx\/?p=95206#respond"]}]},{"@type":"WebPage","@id":"https:\/\/quehacerpolitico.mx\/?p=95206","url":"https:\/\/quehacerpolitico.mx\/?p=95206","name":"El PRI votar\u00e1 a favor de ampliar presencia del Ej\u00e9rcito en calles, adelanta Moreira -","isPartOf":{"@id":"https:\/\/quehacerpolitico.mx\/#website"},"primaryImageOfPage":{"@id":"https:\/\/quehacerpolitico.mx\/?p=95206#primaryimage"},"image":{"@id":"https:\/\/quehacerpolitico.mx\/?p=95206#primaryimage"},"thumbnailUrl":"https:\/\/quehacerpolitico.mx\/wp-content\/uploads\/2022\/09\/FA73582E-2A25-40C9-9BDF-A81250FFC8F2.jpeg","datePublished":"2022-09-14T17:58:43+00:00","dateModified":"2022-09-14T17:58:46+00:00","author":{"@id":"https:\/\/quehacerpolitico.mx\/#\/schema\/person\/496d8ad2d1d3f8036101dca7ee39e585"},"breadcrumb":{"@id":"https:\/\/quehacerpolitico.mx\/?p=95206#breadcrumb"},"inLanguage":"es","potentialAction":[{"@type":"ReadAction","target":["https:\/\/quehacerpolitico.mx\/?p=95206"]}]},{"@type":"ImageObject","inLanguage":"es","@id":"https:\/\/quehacerpolitico.mx\/?p=95206#primaryimage","url":"https:\/\/quehacerpolitico.mx\/wp-content\/uploads\/2022\/09\/FA73582E-2A25-40C9-9BDF-A81250FFC8F2.jpeg","contentUrl":"https:\/\/quehacerpolitico.mx\/wp-content\/uploads\/2022\/09\/FA73582E-2A25-40C9-9BDF-A81250FFC8F2.jpeg","width":739,"height":415},{"@type":"BreadcrumbList","@id":"https:\/\/quehacerpolitico.mx\/?p=95206#breadcrumb","itemListElement":[{"@type":"ListItem","position":1,"name":"Inicio","item":"https:\/\/quehacerpolitico.mx\/"},{"@type":"ListItem","position":2,"name":"El PRI votar\u00e1 a favor de ampliar presencia del Ej\u00e9rcito en calles, adelanta Moreira"}]},{"@type":"WebSite","@id":"https:\/\/quehacerpolitico.mx\/#website","url":"https:\/\/quehacerpolitico.mx\/","name":"","description":"","potentialAction":[{"@type":"SearchAction","target":{"@type":"EntryPoint","urlTemplate":"https:\/\/quehacerpolitico.mx\/?s={search_term_string}"},"query-input":{"@type":"PropertyValueSpecification","valueRequired":true,"valueName":"search_term_string"}}],"inLanguage":"es"},{"@type":"Person","@id":"https:\/\/quehacerpolitico.mx\/#\/schema\/person\/496d8ad2d1d3f8036101dca7ee39e585","name":"Redacci\u00f3n QP","image":{"@type":"ImageObject","inLanguage":"es","@id":"https:\/\/secure.gravatar.com\/avatar\/c7164ed6fdec453195284ad24a5ae5b6e1eed2b848477fa2a4787ba9adf39a41?s=96&d=mm&r=g","url":"https:\/\/secure.gravatar.com\/avatar\/c7164ed6fdec453195284ad24a5ae5b6e1eed2b848477fa2a4787ba9adf39a41?s=96&d=mm&r=g","contentUrl":"https:\/\/secure.gravatar.com\/avatar\/c7164ed6fdec453195284ad24a5ae5b6e1eed2b848477fa2a4787ba9adf39a41?s=96&d=mm&r=g","caption":"Redacci\u00f3n QP"},"url":"https:\/\/quehacerpolitico.mx\/?author=2"}]}},"featured_image_urls":{"full":["https:\/\/quehacerpolitico.mx\/wp-content\/uploads\/2022\/09\/FA73582E-2A25-40C9-9BDF-A81250FFC8F2.jpeg",739,415,false],"thumbnail":["https:\/\/quehacerpolitico.mx\/wp-content\/uploads\/2022\/09\/FA73582E-2A25-40C9-9BDF-A81250FFC8F2-150x150.jpeg",150,150,true],"medium":["https:\/\/quehacerpolitico.mx\/wp-content\/uploads\/2022\/09\/FA73582E-2A25-40C9-9BDF-A81250FFC8F2-300x168.jpeg",300,168,true],"medium_large":["https:\/\/quehacerpolitico.mx\/wp-content\/uploads\/2022\/09\/FA73582E-2A25-40C9-9BDF-A81250FFC8F2.jpeg",640,359,false],"large":["https:\/\/quehacerpolitico.mx\/wp-content\/uploads\/2022\/09\/FA73582E-2A25-40C9-9BDF-A81250FFC8F2.jpeg",640,359,false],"1536x1536":["https:\/\/quehacerpolitico.mx\/wp-content\/uploads\/2022\/09\/FA73582E-2A25-40C9-9BDF-A81250FFC8F2.jpeg",739,415,false],"2048x2048":["https:\/\/quehacerpolitico.mx\/wp-content\/uploads\/2022\/09\/FA73582E-2A25-40C9-9BDF-A81250FFC8F2.jpeg",739,415,false],"covernews-featured":["https:\/\/quehacerpolitico.mx\/wp-content\/uploads\/2022\/09\/FA73582E-2A25-40C9-9BDF-A81250FFC8F2.jpeg",739,415,false],"covernews-medium":["https:\/\/quehacerpolitico.mx\/wp-content\/uploads\/2022\/09\/FA73582E-2A25-40C9-9BDF-A81250FFC8F2.jpeg",540,303,false]},"author_info":{"display_name":"Redacci\u00f3n QP","author_link":"https:\/\/quehacerpolitico.mx\/?author=2"},"category_info":"<a href=\"https:\/\/quehacerpolitico.mx\/?cat=2\" rel=\"category\">Noticias<\/a>","tag_info":"Noticias","comment_count":"0","_links":{"self":[{"href":"https:\/\/quehacerpolitico.mx\/index.php?rest_route=\/wp\/v2\/posts\/95206","targetHints":{"allow":["GET"]}}],"collection":[{"href":"https:\/\/quehacerpolitico.mx\/index.php?rest_route=\/wp\/v2\/posts"}],"about":[{"href":"https:\/\/quehacerpolitico.mx\/index.php?rest_route=\/wp\/v2\/types\/post"}],"author":[{"embeddable":true,"href":"https:\/\/quehacerpolitico.mx\/index.php?rest_route=\/wp\/v2\/users\/2"}],"replies":[{"embeddable":true,"href":"https:\/\/quehacerpolitico.mx\/index.php?rest_route=%2Fwp%2Fv2%2Fcomments&post=95206"}],"version-history":[{"count":1,"href":"https:\/\/quehacerpolitico.mx\/index.php?rest_route=\/wp\/v2\/posts\/95206\/revisions"}],"predecessor-version":[{"id":95208,"href":"https:\/\/quehacerpolitico.mx\/index.php?rest_route=\/wp\/v2\/posts\/95206\/revisions\/95208"}],"wp:featuredmedia":[{"embeddable":true,"href":"https:\/\/quehacerpolitico.mx\/index.php?rest_route=\/wp\/v2\/media\/95207"}],"wp:attachment":[{"href":"https:\/\/quehacerpolitico.mx\/index.php?rest_route=%2Fwp%2Fv2%2Fmedia&parent=95206"}],"wp:term":[{"taxonomy":"category","embeddable":true,"href":"https:\/\/quehacerpolitico.mx\/index.php?rest_route=%2Fwp%2Fv2%2Fcategories&post=95206"},{"taxonomy":"post_tag","embeddable":true,"href":"https:\/\/quehacerpolitico.mx\/index.php?rest_route=%2Fwp%2Fv2%2Ftags&post=95206"}],"curies":[{"name":"wp","href":"https:\/\/api.w.org\/{rel}","templated":true}]}}