{"id":95194,"date":"2022-09-14T15:15:26","date_gmt":"2022-09-14T15:15:26","guid":{"rendered":"https:\/\/quehacerpolitico.mx\/?p=95194"},"modified":"2022-09-14T15:15:31","modified_gmt":"2022-09-14T15:15:31","slug":"a-pesar-de-la-inflacion-creditos-hipotecarios-viven-un-buen-momento","status":"publish","type":"post","link":"https:\/\/quehacerpolitico.mx\/?p=95194","title":{"rendered":"A pesar de la inflaci\u00f3n Cr\u00e9ditos hipotecarios viven un buen momento"},"content":{"rendered":"\n<p>Por Redacci\u00f3n NotiExpress La Revista del Sector Inmobiliario<\/p>\n\n\n\n<p>A pesar del&nbsp;<strong>escenario inflacionario<\/strong>&nbsp;y los incrementos en las tasas de referencia, el costo de los cr\u00e9ditos hipotecarios se ha mantenido sin aumentos considerables, seg\u00fan se\u00f1al\u00f3 Enrique Margain Pitman, director ejecutivo de Cr\u00e9dito Hipotecario e Inmediato de HSBC.&nbsp;<\/p>\n\n\n\n<p>De junio a septiembre, por ejemplo, la tasa de inter\u00e9s en los productos de financiamiento para la vivienda ha aumentado menos de 50 puntos b\u00e1sicos, al pasar&nbsp;<strong>de 9.23 a 9.60 por ciento.<\/strong><\/p>\n\n\n\n<p>Durante su participaci\u00f3n en el programa Inversiones Inmobiliarias, conducido por Karim Goudiaby, el experto se\u00f1al\u00f3 que se espera que las tasas&nbsp;<strong>cierren el 2022 en niveles de un d\u00edgito.<\/strong><\/p>\n\n\n\n<p>\u201cEstamos hablando que los&nbsp;<strong>cambios han sido marginales.<\/strong>&nbsp;Creo que, al final, esto debe transmitir mucha confianza para contratar un cr\u00e9dito\u201d, coment\u00f3.<\/p>\n\n\n\n<p>El tambi\u00e9n Coordinador del Comit\u00e9 de Cr\u00e9dito Hipotecario de la Asociaci\u00f3n de Bancos de M\u00e9xico (ABM) a\u00f1adi\u00f3 que, en junio de 2021, la tasa de&nbsp;<strong>inter\u00e9s en hipotecas<\/strong>&nbsp;se ubicaba en 9.18 por ciento.&nbsp;<\/p>\n\n\n\n<p>De esta forma, destac\u00f3 que, comparando con el mismo mes de este a\u00f1o, se habla de un aument\u00f3 de\u00a0<strong>cinco puntos b\u00e1sicos en 12 meses.<\/strong><\/p>\n\n\n\n<figure class=\"wp-block-image size-full\"><img loading=\"lazy\" decoding=\"async\" width=\"751\" height=\"408\" src=\"https:\/\/quehacerpolitico.mx\/wp-content\/uploads\/2022\/09\/image-47.jpeg\" alt=\"\" class=\"wp-image-95196\" srcset=\"https:\/\/quehacerpolitico.mx\/wp-content\/uploads\/2022\/09\/image-47.jpeg 751w, https:\/\/quehacerpolitico.mx\/wp-content\/uploads\/2022\/09\/image-47-300x163.jpeg 300w, https:\/\/quehacerpolitico.mx\/wp-content\/uploads\/2022\/09\/image-47-260x141.jpeg 260w, https:\/\/quehacerpolitico.mx\/wp-content\/uploads\/2022\/09\/image-47-50x27.jpeg 50w, https:\/\/quehacerpolitico.mx\/wp-content\/uploads\/2022\/09\/image-47-138x75.jpeg 138w\" sizes=\"auto, (max-width: 751px) 100vw, 751px\" \/><\/figure>\n\n\n\n<h3 class=\"wp-block-heading\"><strong>Competencia entre bancos y expectativas positivas de inflaci\u00f3n<\/strong><\/h3>\n\n\n\n<p>Uno de los factores determinantes para mantener la tasa de inter\u00e9s de los cr\u00e9ditos hipotecarios sin alzas importantes ha sido la fuerte&nbsp;<strong>competencia entre los bancos<\/strong>, explic\u00f3 Enrique Margain.<\/p>\n\n\n\n<p>Esto \u00faltimo, se ha sumado al sano&nbsp;<strong>comportamiento de los portafolios<\/strong>, as\u00ed como a ciertas perspectivas positivas de mediano y largo plazo en cuanto al manejo de la inflaci\u00f3n.<\/p>\n\n\n\n<p>\u201cSe estima que para el&nbsp;<strong>pr\u00f3ximo a\u00f1o pueda bajar la inflaci\u00f3n.<\/strong>&nbsp;Yo creo que eso es determinante en un momento donde ya est\u00e1 muy alta en muchos pa\u00edses\u201d, dijo.<\/p>\n\n\n\n<h3 class=\"wp-block-heading\"><strong>\u201cBuen momento para adquirir cr\u00e9ditos hipotecarios\u201d: Enrique Margain<\/strong><\/h3>\n\n\n\n<p>En este contexto, el banquero consider\u00f3 que, de cara a la \u00faltima parte del a\u00f1o, es un&nbsp;<strong>buen momento para contratar cr\u00e9ditos hipotecarios<\/strong>para adquirir una casa o departamento, ya que cuentan con condiciones atractivas, como tasas fijas de un d\u00edgito.&nbsp;<\/p>\n\n\n\n<p>De igual forma, recomend\u00f3 a los interesados tener como ahorro al menos el&nbsp;<strong>10% del valor<\/strong>&nbsp;del inmueble que desean comprar.<\/p>\n\n\n\n<p>\u201cNadie piensa que el d\u00eda de ma\u00f1ana las viviendas vayan a valer menos. Cada a\u00f1o se forman 650 mil familias que necesitan una solucion de vivienda,\u00a0ya sea comprar o rentar. Y aprovechar las condiciones de hoy en d\u00eda es una ventaja\u201d, afirm\u00f3.<\/p>\n\n\n\n<p>Finalmente, Carlos Nava, director comercial de la inmobiliaria\u00a0Neximo, coincidi\u00f3 al subrayar que el riesgo es nulo, porque \u201csi las tasas comienzan a bajar, se tiene la oportunidad de recalificar el\u00a0<strong>cr\u00e9dito hipotecario<\/strong>, y aprovechar un ajuste\u201d.<\/p>\n\n\n\n<p>No se te olvide que?<\/p>\n\n\n\n<p>En\u00a0NotiExpress | La Revista del Sector Inmobiliario nos ocupamos en la difusi\u00f3n de la industria inmobiliaria generamos contenidos que te ayudar\u00e1n a mantenerte a la vanguardia en tecnolog\u00eda y en tendencias del sector inmobiliario para que puedas ofrecer el mejor servicio y generar m\u00e1s clientes.<\/p>\n\n\n\n<p>\u00c9chale una miradita a nuestra revista mensual donde encontrar\u00e1s la informaci\u00f3n precisa y oportuna con todo lo relacionado al sector inmobiliario aqu\u00ed\u00a0?<a href=\"https:\/\/issuu.com\/notiexpressmx\/docs\/notiexpress_07\">https:\/\/issuu.com\/notiexpressmx\/docs\/notiexpress_07\u00a0<\/a>\u00a0NotiExpress | La Revista del Sector Inmobiliario<\/p>\n\n\n\n<figure class=\"wp-block-image size-large\"><img loading=\"lazy\" decoding=\"async\" width=\"1024\" height=\"378\" src=\"https:\/\/quehacerpolitico.mx\/wp-content\/uploads\/2022\/09\/image-46-1024x378.jpeg\" alt=\"\" class=\"wp-image-95195\" srcset=\"https:\/\/quehacerpolitico.mx\/wp-content\/uploads\/2022\/09\/image-46-1024x378.jpeg 1024w, https:\/\/quehacerpolitico.mx\/wp-content\/uploads\/2022\/09\/image-46-300x111.jpeg 300w, https:\/\/quehacerpolitico.mx\/wp-content\/uploads\/2022\/09\/image-46-768x284.jpeg 768w, https:\/\/quehacerpolitico.mx\/wp-content\/uploads\/2022\/09\/image-46-260x96.jpeg 260w, https:\/\/quehacerpolitico.mx\/wp-content\/uploads\/2022\/09\/image-46-50x18.jpeg 50w, https:\/\/quehacerpolitico.mx\/wp-content\/uploads\/2022\/09\/image-46-150x55.jpeg 150w, https:\/\/quehacerpolitico.mx\/wp-content\/uploads\/2022\/09\/image-46.jpeg 1280w\" sizes=\"auto, (max-width: 1024px) 100vw, 1024px\" \/><\/figure>\n","protected":false},"excerpt":{"rendered":"<p>Por Redacci\u00f3n NotiExpress La Revista del Sector Inmobiliario A pesar del&nbsp;escenario inflacionario&nbsp;y los incrementos en&#8230;<\/p>\n","protected":false},"author":2,"featured_media":95197,"comment_status":"open","ping_status":"open","sticky":false,"template":"","format":"standard","meta":{"_monsterinsights_skip_tracking":false,"_monsterinsights_sitenote_active":false,"_monsterinsights_sitenote_note":"","_monsterinsights_sitenote_category":0,"footnotes":""},"categories":[56],"tags":[],"class_list":["post-95194","post","type-post","status-publish","format-standard","has-post-thumbnail","hentry","category-economia"],"yoast_head":"<!-- This site is optimized with the Yoast SEO plugin v27.3 - https:\/\/yoast.com\/product\/yoast-seo-wordpress\/ -->\n<title>A pesar de la inflaci\u00f3n Cr\u00e9ditos hipotecarios viven un buen momento -<\/title>\n<meta name=\"robots\" content=\"index, follow, max-snippet:-1, max-image-preview:large, max-video-preview:-1\" \/>\n<link rel=\"canonical\" href=\"https:\/\/quehacerpolitico.mx\/?p=95194\" \/>\n<meta property=\"og:locale\" content=\"es_MX\" \/>\n<meta property=\"og:type\" content=\"article\" \/>\n<meta property=\"og:title\" content=\"A pesar de la inflaci\u00f3n Cr\u00e9ditos hipotecarios viven un buen momento -\" \/>\n<meta property=\"og:description\" content=\"Por Redacci\u00f3n NotiExpress La Revista del Sector Inmobiliario A pesar del&nbsp;escenario inflacionario&nbsp;y los incrementos en...\" \/>\n<meta property=\"og:url\" content=\"https:\/\/quehacerpolitico.mx\/?p=95194\" \/>\n<meta property=\"article:published_time\" content=\"2022-09-14T15:15:26+00:00\" \/>\n<meta property=\"article:modified_time\" content=\"2022-09-14T15:15:31+00:00\" \/>\n<meta property=\"og:image\" content=\"https:\/\/quehacerpolitico.mx\/wp-content\/uploads\/2022\/09\/400B471A-31CA-4E8E-BE0F-1C5981C35398.jpeg\" \/>\n\t<meta property=\"og:image:width\" content=\"2048\" \/>\n\t<meta property=\"og:image:height\" content=\"999\" \/>\n\t<meta property=\"og:image:type\" content=\"image\/jpeg\" \/>\n<meta name=\"author\" content=\"Redacci\u00f3n QP\" \/>\n<meta name=\"twitter:card\" content=\"summary_large_image\" \/>\n<meta name=\"twitter:label1\" content=\"Escrito por\" \/>\n\t<meta name=\"twitter:data1\" content=\"Redacci\u00f3n QP\" \/>\n\t<meta name=\"twitter:label2\" content=\"Tiempo de lectura\" \/>\n\t<meta name=\"twitter:data2\" content=\"3 minutos\" \/>\n<script type=\"application\/ld+json\" class=\"yoast-schema-graph\">{\"@context\":\"https:\\\/\\\/schema.org\",\"@graph\":[{\"@type\":\"Article\",\"@id\":\"https:\\\/\\\/quehacerpolitico.mx\\\/?p=95194#article\",\"isPartOf\":{\"@id\":\"https:\\\/\\\/quehacerpolitico.mx\\\/?p=95194\"},\"author\":{\"name\":\"Redacci\u00f3n QP\",\"@id\":\"https:\\\/\\\/quehacerpolitico.mx\\\/#\\\/schema\\\/person\\\/496d8ad2d1d3f8036101dca7ee39e585\"},\"headline\":\"A pesar de la inflaci\u00f3n Cr\u00e9ditos hipotecarios viven un buen momento\",\"datePublished\":\"2022-09-14T15:15:26+00:00\",\"dateModified\":\"2022-09-14T15:15:31+00:00\",\"mainEntityOfPage\":{\"@id\":\"https:\\\/\\\/quehacerpolitico.mx\\\/?p=95194\"},\"wordCount\":582,\"commentCount\":0,\"image\":{\"@id\":\"https:\\\/\\\/quehacerpolitico.mx\\\/?p=95194#primaryimage\"},\"thumbnailUrl\":\"https:\\\/\\\/quehacerpolitico.mx\\\/wp-content\\\/uploads\\\/2022\\\/09\\\/400B471A-31CA-4E8E-BE0F-1C5981C35398.jpeg\",\"articleSection\":[\"Econom\u00eda\"],\"inLanguage\":\"es\",\"potentialAction\":[{\"@type\":\"CommentAction\",\"name\":\"Comment\",\"target\":[\"https:\\\/\\\/quehacerpolitico.mx\\\/?p=95194#respond\"]}]},{\"@type\":\"WebPage\",\"@id\":\"https:\\\/\\\/quehacerpolitico.mx\\\/?p=95194\",\"url\":\"https:\\\/\\\/quehacerpolitico.mx\\\/?p=95194\",\"name\":\"A pesar de la inflaci\u00f3n Cr\u00e9ditos hipotecarios viven un buen momento -\",\"isPartOf\":{\"@id\":\"https:\\\/\\\/quehacerpolitico.mx\\\/#website\"},\"primaryImageOfPage\":{\"@id\":\"https:\\\/\\\/quehacerpolitico.mx\\\/?p=95194#primaryimage\"},\"image\":{\"@id\":\"https:\\\/\\\/quehacerpolitico.mx\\\/?p=95194#primaryimage\"},\"thumbnailUrl\":\"https:\\\/\\\/quehacerpolitico.mx\\\/wp-content\\\/uploads\\\/2022\\\/09\\\/400B471A-31CA-4E8E-BE0F-1C5981C35398.jpeg\",\"datePublished\":\"2022-09-14T15:15:26+00:00\",\"dateModified\":\"2022-09-14T15:15:31+00:00\",\"author\":{\"@id\":\"https:\\\/\\\/quehacerpolitico.mx\\\/#\\\/schema\\\/person\\\/496d8ad2d1d3f8036101dca7ee39e585\"},\"breadcrumb\":{\"@id\":\"https:\\\/\\\/quehacerpolitico.mx\\\/?p=95194#breadcrumb\"},\"inLanguage\":\"es\",\"potentialAction\":[{\"@type\":\"ReadAction\",\"target\":[\"https:\\\/\\\/quehacerpolitico.mx\\\/?p=95194\"]}]},{\"@type\":\"ImageObject\",\"inLanguage\":\"es\",\"@id\":\"https:\\\/\\\/quehacerpolitico.mx\\\/?p=95194#primaryimage\",\"url\":\"https:\\\/\\\/quehacerpolitico.mx\\\/wp-content\\\/uploads\\\/2022\\\/09\\\/400B471A-31CA-4E8E-BE0F-1C5981C35398.jpeg\",\"contentUrl\":\"https:\\\/\\\/quehacerpolitico.mx\\\/wp-content\\\/uploads\\\/2022\\\/09\\\/400B471A-31CA-4E8E-BE0F-1C5981C35398.jpeg\",\"width\":2048,\"height\":999},{\"@type\":\"BreadcrumbList\",\"@id\":\"https:\\\/\\\/quehacerpolitico.mx\\\/?p=95194#breadcrumb\",\"itemListElement\":[{\"@type\":\"ListItem\",\"position\":1,\"name\":\"Inicio\",\"item\":\"https:\\\/\\\/quehacerpolitico.mx\\\/\"},{\"@type\":\"ListItem\",\"position\":2,\"name\":\"A pesar de la inflaci\u00f3n Cr\u00e9ditos hipotecarios viven un buen momento\"}]},{\"@type\":\"WebSite\",\"@id\":\"https:\\\/\\\/quehacerpolitico.mx\\\/#website\",\"url\":\"https:\\\/\\\/quehacerpolitico.mx\\\/\",\"name\":\"\",\"description\":\"\",\"potentialAction\":[{\"@type\":\"SearchAction\",\"target\":{\"@type\":\"EntryPoint\",\"urlTemplate\":\"https:\\\/\\\/quehacerpolitico.mx\\\/?s={search_term_string}\"},\"query-input\":{\"@type\":\"PropertyValueSpecification\",\"valueRequired\":true,\"valueName\":\"search_term_string\"}}],\"inLanguage\":\"es\"},{\"@type\":\"Person\",\"@id\":\"https:\\\/\\\/quehacerpolitico.mx\\\/#\\\/schema\\\/person\\\/496d8ad2d1d3f8036101dca7ee39e585\",\"name\":\"Redacci\u00f3n QP\",\"image\":{\"@type\":\"ImageObject\",\"inLanguage\":\"es\",\"@id\":\"https:\\\/\\\/secure.gravatar.com\\\/avatar\\\/c7164ed6fdec453195284ad24a5ae5b6e1eed2b848477fa2a4787ba9adf39a41?s=96&d=mm&r=g\",\"url\":\"https:\\\/\\\/secure.gravatar.com\\\/avatar\\\/c7164ed6fdec453195284ad24a5ae5b6e1eed2b848477fa2a4787ba9adf39a41?s=96&d=mm&r=g\",\"contentUrl\":\"https:\\\/\\\/secure.gravatar.com\\\/avatar\\\/c7164ed6fdec453195284ad24a5ae5b6e1eed2b848477fa2a4787ba9adf39a41?s=96&d=mm&r=g\",\"caption\":\"Redacci\u00f3n QP\"},\"url\":\"https:\\\/\\\/quehacerpolitico.mx\\\/?author=2\"}]}<\/script>\n<!-- \/ Yoast SEO plugin. -->","yoast_head_json":{"title":"A pesar de la inflaci\u00f3n Cr\u00e9ditos hipotecarios viven un buen momento -","robots":{"index":"index","follow":"follow","max-snippet":"max-snippet:-1","max-image-preview":"max-image-preview:large","max-video-preview":"max-video-preview:-1"},"canonical":"https:\/\/quehacerpolitico.mx\/?p=95194","og_locale":"es_MX","og_type":"article","og_title":"A pesar de la inflaci\u00f3n Cr\u00e9ditos hipotecarios viven un buen momento -","og_description":"Por Redacci\u00f3n NotiExpress La Revista del Sector Inmobiliario A pesar del&nbsp;escenario inflacionario&nbsp;y los incrementos en...","og_url":"https:\/\/quehacerpolitico.mx\/?p=95194","article_published_time":"2022-09-14T15:15:26+00:00","article_modified_time":"2022-09-14T15:15:31+00:00","og_image":[{"width":2048,"height":999,"url":"https:\/\/quehacerpolitico.mx\/wp-content\/uploads\/2022\/09\/400B471A-31CA-4E8E-BE0F-1C5981C35398.jpeg","type":"image\/jpeg"}],"author":"Redacci\u00f3n QP","twitter_card":"summary_large_image","twitter_misc":{"Escrito por":"Redacci\u00f3n QP","Tiempo de lectura":"3 minutos"},"schema":{"@context":"https:\/\/schema.org","@graph":[{"@type":"Article","@id":"https:\/\/quehacerpolitico.mx\/?p=95194#article","isPartOf":{"@id":"https:\/\/quehacerpolitico.mx\/?p=95194"},"author":{"name":"Redacci\u00f3n QP","@id":"https:\/\/quehacerpolitico.mx\/#\/schema\/person\/496d8ad2d1d3f8036101dca7ee39e585"},"headline":"A pesar de la inflaci\u00f3n Cr\u00e9ditos hipotecarios viven un buen momento","datePublished":"2022-09-14T15:15:26+00:00","dateModified":"2022-09-14T15:15:31+00:00","mainEntityOfPage":{"@id":"https:\/\/quehacerpolitico.mx\/?p=95194"},"wordCount":582,"commentCount":0,"image":{"@id":"https:\/\/quehacerpolitico.mx\/?p=95194#primaryimage"},"thumbnailUrl":"https:\/\/quehacerpolitico.mx\/wp-content\/uploads\/2022\/09\/400B471A-31CA-4E8E-BE0F-1C5981C35398.jpeg","articleSection":["Econom\u00eda"],"inLanguage":"es","potentialAction":[{"@type":"CommentAction","name":"Comment","target":["https:\/\/quehacerpolitico.mx\/?p=95194#respond"]}]},{"@type":"WebPage","@id":"https:\/\/quehacerpolitico.mx\/?p=95194","url":"https:\/\/quehacerpolitico.mx\/?p=95194","name":"A pesar de la inflaci\u00f3n Cr\u00e9ditos hipotecarios viven un buen momento -","isPartOf":{"@id":"https:\/\/quehacerpolitico.mx\/#website"},"primaryImageOfPage":{"@id":"https:\/\/quehacerpolitico.mx\/?p=95194#primaryimage"},"image":{"@id":"https:\/\/quehacerpolitico.mx\/?p=95194#primaryimage"},"thumbnailUrl":"https:\/\/quehacerpolitico.mx\/wp-content\/uploads\/2022\/09\/400B471A-31CA-4E8E-BE0F-1C5981C35398.jpeg","datePublished":"2022-09-14T15:15:26+00:00","dateModified":"2022-09-14T15:15:31+00:00","author":{"@id":"https:\/\/quehacerpolitico.mx\/#\/schema\/person\/496d8ad2d1d3f8036101dca7ee39e585"},"breadcrumb":{"@id":"https:\/\/quehacerpolitico.mx\/?p=95194#breadcrumb"},"inLanguage":"es","potentialAction":[{"@type":"ReadAction","target":["https:\/\/quehacerpolitico.mx\/?p=95194"]}]},{"@type":"ImageObject","inLanguage":"es","@id":"https:\/\/quehacerpolitico.mx\/?p=95194#primaryimage","url":"https:\/\/quehacerpolitico.mx\/wp-content\/uploads\/2022\/09\/400B471A-31CA-4E8E-BE0F-1C5981C35398.jpeg","contentUrl":"https:\/\/quehacerpolitico.mx\/wp-content\/uploads\/2022\/09\/400B471A-31CA-4E8E-BE0F-1C5981C35398.jpeg","width":2048,"height":999},{"@type":"BreadcrumbList","@id":"https:\/\/quehacerpolitico.mx\/?p=95194#breadcrumb","itemListElement":[{"@type":"ListItem","position":1,"name":"Inicio","item":"https:\/\/quehacerpolitico.mx\/"},{"@type":"ListItem","position":2,"name":"A pesar de la inflaci\u00f3n Cr\u00e9ditos hipotecarios viven un buen momento"}]},{"@type":"WebSite","@id":"https:\/\/quehacerpolitico.mx\/#website","url":"https:\/\/quehacerpolitico.mx\/","name":"","description":"","potentialAction":[{"@type":"SearchAction","target":{"@type":"EntryPoint","urlTemplate":"https:\/\/quehacerpolitico.mx\/?s={search_term_string}"},"query-input":{"@type":"PropertyValueSpecification","valueRequired":true,"valueName":"search_term_string"}}],"inLanguage":"es"},{"@type":"Person","@id":"https:\/\/quehacerpolitico.mx\/#\/schema\/person\/496d8ad2d1d3f8036101dca7ee39e585","name":"Redacci\u00f3n QP","image":{"@type":"ImageObject","inLanguage":"es","@id":"https:\/\/secure.gravatar.com\/avatar\/c7164ed6fdec453195284ad24a5ae5b6e1eed2b848477fa2a4787ba9adf39a41?s=96&d=mm&r=g","url":"https:\/\/secure.gravatar.com\/avatar\/c7164ed6fdec453195284ad24a5ae5b6e1eed2b848477fa2a4787ba9adf39a41?s=96&d=mm&r=g","contentUrl":"https:\/\/secure.gravatar.com\/avatar\/c7164ed6fdec453195284ad24a5ae5b6e1eed2b848477fa2a4787ba9adf39a41?s=96&d=mm&r=g","caption":"Redacci\u00f3n QP"},"url":"https:\/\/quehacerpolitico.mx\/?author=2"}]}},"featured_image_urls":{"full":["https:\/\/quehacerpolitico.mx\/wp-content\/uploads\/2022\/09\/400B471A-31CA-4E8E-BE0F-1C5981C35398.jpeg",2048,999,false],"thumbnail":["https:\/\/quehacerpolitico.mx\/wp-content\/uploads\/2022\/09\/400B471A-31CA-4E8E-BE0F-1C5981C35398-150x150.jpeg",150,150,true],"medium":["https:\/\/quehacerpolitico.mx\/wp-content\/uploads\/2022\/09\/400B471A-31CA-4E8E-BE0F-1C5981C35398-300x146.jpeg",300,146,true],"medium_large":["https:\/\/quehacerpolitico.mx\/wp-content\/uploads\/2022\/09\/400B471A-31CA-4E8E-BE0F-1C5981C35398-768x375.jpeg",640,313,true],"large":["https:\/\/quehacerpolitico.mx\/wp-content\/uploads\/2022\/09\/400B471A-31CA-4E8E-BE0F-1C5981C35398-1024x500.jpeg",640,313,true],"1536x1536":["https:\/\/quehacerpolitico.mx\/wp-content\/uploads\/2022\/09\/400B471A-31CA-4E8E-BE0F-1C5981C35398-1536x749.jpeg",1536,749,true],"2048x2048":["https:\/\/quehacerpolitico.mx\/wp-content\/uploads\/2022\/09\/400B471A-31CA-4E8E-BE0F-1C5981C35398.jpeg",2048,999,false],"covernews-featured":["https:\/\/quehacerpolitico.mx\/wp-content\/uploads\/2022\/09\/400B471A-31CA-4E8E-BE0F-1C5981C35398.jpeg",1024,500,false],"covernews-medium":["https:\/\/quehacerpolitico.mx\/wp-content\/uploads\/2022\/09\/400B471A-31CA-4E8E-BE0F-1C5981C35398.jpeg",540,263,false]},"author_info":{"display_name":"Redacci\u00f3n QP","author_link":"https:\/\/quehacerpolitico.mx\/?author=2"},"category_info":"<a href=\"https:\/\/quehacerpolitico.mx\/?cat=56\" rel=\"category\">Econom\u00eda<\/a>","tag_info":"Econom\u00eda","comment_count":"0","_links":{"self":[{"href":"https:\/\/quehacerpolitico.mx\/index.php?rest_route=\/wp\/v2\/posts\/95194","targetHints":{"allow":["GET"]}}],"collection":[{"href":"https:\/\/quehacerpolitico.mx\/index.php?rest_route=\/wp\/v2\/posts"}],"about":[{"href":"https:\/\/quehacerpolitico.mx\/index.php?rest_route=\/wp\/v2\/types\/post"}],"author":[{"embeddable":true,"href":"https:\/\/quehacerpolitico.mx\/index.php?rest_route=\/wp\/v2\/users\/2"}],"replies":[{"embeddable":true,"href":"https:\/\/quehacerpolitico.mx\/index.php?rest_route=%2Fwp%2Fv2%2Fcomments&post=95194"}],"version-history":[{"count":1,"href":"https:\/\/quehacerpolitico.mx\/index.php?rest_route=\/wp\/v2\/posts\/95194\/revisions"}],"predecessor-version":[{"id":95198,"href":"https:\/\/quehacerpolitico.mx\/index.php?rest_route=\/wp\/v2\/posts\/95194\/revisions\/95198"}],"wp:featuredmedia":[{"embeddable":true,"href":"https:\/\/quehacerpolitico.mx\/index.php?rest_route=\/wp\/v2\/media\/95197"}],"wp:attachment":[{"href":"https:\/\/quehacerpolitico.mx\/index.php?rest_route=%2Fwp%2Fv2%2Fmedia&parent=95194"}],"wp:term":[{"taxonomy":"category","embeddable":true,"href":"https:\/\/quehacerpolitico.mx\/index.php?rest_route=%2Fwp%2Fv2%2Fcategories&post=95194"},{"taxonomy":"post_tag","embeddable":true,"href":"https:\/\/quehacerpolitico.mx\/index.php?rest_route=%2Fwp%2Fv2%2Ftags&post=95194"}],"curies":[{"name":"wp","href":"https:\/\/api.w.org\/{rel}","templated":true}]}}