{"id":95191,"date":"2022-09-14T14:57:08","date_gmt":"2022-09-14T14:57:08","guid":{"rendered":"https:\/\/quehacerpolitico.mx\/?p=95191"},"modified":"2022-09-14T14:57:11","modified_gmt":"2022-09-14T14:57:11","slug":"habra-500-mil-elementos-para-reforzar-seguridad-tras-reforma-a-gn-lopez-obrador","status":"publish","type":"post","link":"https:\/\/quehacerpolitico.mx\/?p=95191","title":{"rendered":"Habr\u00e1 500 mil elementos para reforzar seguridad tras reforma a GN: L\u00f3pez Obrador"},"content":{"rendered":"\n<p>Por Redacci\u00f3n QP<\/p>\n\n\n\n<p>El Presidente de M\u00e9xico critic\u00f3 que los legisladores del PAN no apoyen el uso de las Fuerzas Armadas en labores de seguridad p\u00fablica, como en Guanajuato<\/p>\n\n\n\n<p>El Presidente de M\u00e9xico, Andr\u00e9s Manuel L\u00f3pez Obrador asegur\u00f3 que con los cambios a la constituci\u00f3n para mantener la presencia de las Fuerzas Armadas en tareas de seguridad se podr\u00e1 contar con 500 mil elementos en todo el territorio que ayudar\u00e1n a recuperar la paz.<\/p>\n\n\n\n<p>&#8220;<strong>Porque no contar en vez de 115 mil elementos de la Guardia, con casi 400 mil m\u00e1s del Ej\u00e9rcito y Marina, estamos hablando de 500 mil elementos<\/strong> para tenerlos en todo el territorio nacional para garantizar la seguridad&#8221;.<\/p>\n\n\n\n<p>Durante la &#8220;ma\u00f1anera&#8221; de hoy, L\u00f3pez Obrador confi\u00f3 en que los legisladores apoyen estos cambios legales, y tambi\u00e9n arremeti\u00f3 contra los diputados del PAN que no apoyan el uso de las Fuerzas Armadas en labores de seguridad p\u00fablica al se\u00f1alar que su doctrina es la hipocres\u00eda.<\/p>\n\n\n\n<p>&#8220;Son proyectos distintos con todo respeto,\u00a0<strong>la doctrina del PAN de estos tiempos es la hipocres\u00eda, imag\u00ednense un legislador del PAN votando porque se retire el Ej\u00e9rcito y la Marina de Guanajuato<\/strong>&#8220;.<\/p>\n\n\n\n<figure class=\"wp-block-embed is-type-rich is-provider-twitter wp-block-embed-twitter\"><div class=\"wp-block-embed__wrapper\">\n<blockquote class=\"twitter-tweet\" data-width=\"550\" data-dnt=\"true\"><p lang=\"es\" dir=\"ltr\">Retr\u00f3gradas, facciosos y cegados.<br><br>As\u00ed llamo AMLO a las personas que se han opuesto a las reformas para dejar a los militares en las calles.<br><br>Ahora s\u00ed cree que los priistas &quot;act\u00faan de forma responsable&quot;. \u00a1LA AUDACIA! <a href=\"https:\/\/t.co\/46gZahL41I\">pic.twitter.com\/46gZahL41I<\/a><\/p>&mdash; Ruido en la Red (@RuidoEnLaRed) <a href=\"https:\/\/twitter.com\/RuidoEnLaRed\/status\/1570042349857669120?ref_src=twsrc%5Etfw\">September 14, 2022<\/a><\/blockquote><script async src=\"https:\/\/platform.twitter.com\/widgets.js\" charset=\"utf-8\"><\/script>\n<\/div><\/figure>\n\n\n\n<p>Aprovech\u00f3 para mostrar la estad\u00edstica de los homicidios dolosos cometidos ayer en Guanajuato, que, asegur\u00f3, no fueron dados a conocer por los medios de comunicaci\u00f3n porque s\u00f3lo resaltan &#8220;lo que afecta&#8221; a su gobierno.<\/p>\n\n\n\n<p>&#8220;18 homicidios, es normal, hablamos de 24% de los homicidios del pa\u00eds de ayer, pues estos legisladores del PAN no quieren que est\u00e9 el Ej\u00e9rcito y la Marina, lo explicaba ayer, o es el negarse a todo como consigna o es aceptar que se mantenga esta situaci\u00f3n que sin duda es creada por complicidad de autoridades con delincuencia, esa hipocres\u00eda es la que no debemos de aceptar&#8221;.<\/p>\n\n\n\n<p>L\u00f3pez Obrador dijo que es sano no estar de acuerdo, que haya pluralidad, que haya oposici\u00f3n, que haya cr\u00edtica, pero &#8220;en cuestiones que tienen que ver la vida de las personas tenemos que hacer a un lado la politiquer\u00eda, intereses mezquinos y odios&#8221;.<\/p>\n\n\n\n<p>Con informaci\u00f3n de SUN<\/p>\n","protected":false},"excerpt":{"rendered":"<p>Por Redacci\u00f3n QP El Presidente de M\u00e9xico critic\u00f3 que los legisladores del PAN no apoyen&#8230;<\/p>\n","protected":false},"author":2,"featured_media":95192,"comment_status":"open","ping_status":"open","sticky":false,"template":"","format":"standard","meta":{"_monsterinsights_skip_tracking":false,"_monsterinsights_sitenote_active":false,"_monsterinsights_sitenote_note":"","_monsterinsights_sitenote_category":0,"footnotes":""},"categories":[2],"tags":[],"class_list":["post-95191","post","type-post","status-publish","format-standard","has-post-thumbnail","hentry","category-noticias"],"yoast_head":"<!-- This site is optimized with the Yoast SEO plugin v27.3 - https:\/\/yoast.com\/product\/yoast-seo-wordpress\/ -->\n<title>Habr\u00e1 500 mil elementos para reforzar seguridad tras reforma a GN: L\u00f3pez Obrador -<\/title>\n<meta name=\"robots\" content=\"index, follow, max-snippet:-1, max-image-preview:large, max-video-preview:-1\" \/>\n<link rel=\"canonical\" href=\"https:\/\/quehacerpolitico.mx\/?p=95191\" \/>\n<meta property=\"og:locale\" content=\"es_MX\" \/>\n<meta property=\"og:type\" content=\"article\" \/>\n<meta property=\"og:title\" content=\"Habr\u00e1 500 mil elementos para reforzar seguridad tras reforma a GN: L\u00f3pez Obrador -\" \/>\n<meta property=\"og:description\" content=\"Por Redacci\u00f3n QP El Presidente de M\u00e9xico critic\u00f3 que los legisladores del PAN no apoyen...\" \/>\n<meta property=\"og:url\" content=\"https:\/\/quehacerpolitico.mx\/?p=95191\" \/>\n<meta property=\"article:published_time\" content=\"2022-09-14T14:57:08+00:00\" \/>\n<meta property=\"article:modified_time\" content=\"2022-09-14T14:57:11+00:00\" \/>\n<meta property=\"og:image\" content=\"https:\/\/quehacerpolitico.mx\/wp-content\/uploads\/2022\/09\/7F64AA38-B6D2-44DD-B61F-DD0A3A9B9BE6.jpeg\" \/>\n\t<meta property=\"og:image:width\" content=\"1284\" \/>\n\t<meta property=\"og:image:height\" content=\"681\" \/>\n\t<meta property=\"og:image:type\" content=\"image\/jpeg\" \/>\n<meta name=\"author\" content=\"Redacci\u00f3n QP\" \/>\n<meta name=\"twitter:card\" content=\"summary_large_image\" \/>\n<meta name=\"twitter:label1\" content=\"Escrito por\" \/>\n\t<meta name=\"twitter:data1\" content=\"Redacci\u00f3n QP\" \/>\n\t<meta name=\"twitter:label2\" content=\"Tiempo de lectura\" \/>\n\t<meta name=\"twitter:data2\" content=\"2 minutos\" \/>\n<script type=\"application\/ld+json\" class=\"yoast-schema-graph\">{\"@context\":\"https:\\\/\\\/schema.org\",\"@graph\":[{\"@type\":\"Article\",\"@id\":\"https:\\\/\\\/quehacerpolitico.mx\\\/?p=95191#article\",\"isPartOf\":{\"@id\":\"https:\\\/\\\/quehacerpolitico.mx\\\/?p=95191\"},\"author\":{\"name\":\"Redacci\u00f3n QP\",\"@id\":\"https:\\\/\\\/quehacerpolitico.mx\\\/#\\\/schema\\\/person\\\/496d8ad2d1d3f8036101dca7ee39e585\"},\"headline\":\"Habr\u00e1 500 mil elementos para reforzar seguridad tras reforma a GN: L\u00f3pez Obrador\",\"datePublished\":\"2022-09-14T14:57:08+00:00\",\"dateModified\":\"2022-09-14T14:57:11+00:00\",\"mainEntityOfPage\":{\"@id\":\"https:\\\/\\\/quehacerpolitico.mx\\\/?p=95191\"},\"wordCount\":388,\"commentCount\":0,\"image\":{\"@id\":\"https:\\\/\\\/quehacerpolitico.mx\\\/?p=95191#primaryimage\"},\"thumbnailUrl\":\"https:\\\/\\\/quehacerpolitico.mx\\\/wp-content\\\/uploads\\\/2022\\\/09\\\/7F64AA38-B6D2-44DD-B61F-DD0A3A9B9BE6.jpeg\",\"articleSection\":[\"Noticias\"],\"inLanguage\":\"es\",\"potentialAction\":[{\"@type\":\"CommentAction\",\"name\":\"Comment\",\"target\":[\"https:\\\/\\\/quehacerpolitico.mx\\\/?p=95191#respond\"]}]},{\"@type\":\"WebPage\",\"@id\":\"https:\\\/\\\/quehacerpolitico.mx\\\/?p=95191\",\"url\":\"https:\\\/\\\/quehacerpolitico.mx\\\/?p=95191\",\"name\":\"Habr\u00e1 500 mil elementos para reforzar seguridad tras reforma a GN: L\u00f3pez Obrador -\",\"isPartOf\":{\"@id\":\"https:\\\/\\\/quehacerpolitico.mx\\\/#website\"},\"primaryImageOfPage\":{\"@id\":\"https:\\\/\\\/quehacerpolitico.mx\\\/?p=95191#primaryimage\"},\"image\":{\"@id\":\"https:\\\/\\\/quehacerpolitico.mx\\\/?p=95191#primaryimage\"},\"thumbnailUrl\":\"https:\\\/\\\/quehacerpolitico.mx\\\/wp-content\\\/uploads\\\/2022\\\/09\\\/7F64AA38-B6D2-44DD-B61F-DD0A3A9B9BE6.jpeg\",\"datePublished\":\"2022-09-14T14:57:08+00:00\",\"dateModified\":\"2022-09-14T14:57:11+00:00\",\"author\":{\"@id\":\"https:\\\/\\\/quehacerpolitico.mx\\\/#\\\/schema\\\/person\\\/496d8ad2d1d3f8036101dca7ee39e585\"},\"breadcrumb\":{\"@id\":\"https:\\\/\\\/quehacerpolitico.mx\\\/?p=95191#breadcrumb\"},\"inLanguage\":\"es\",\"potentialAction\":[{\"@type\":\"ReadAction\",\"target\":[\"https:\\\/\\\/quehacerpolitico.mx\\\/?p=95191\"]}]},{\"@type\":\"ImageObject\",\"inLanguage\":\"es\",\"@id\":\"https:\\\/\\\/quehacerpolitico.mx\\\/?p=95191#primaryimage\",\"url\":\"https:\\\/\\\/quehacerpolitico.mx\\\/wp-content\\\/uploads\\\/2022\\\/09\\\/7F64AA38-B6D2-44DD-B61F-DD0A3A9B9BE6.jpeg\",\"contentUrl\":\"https:\\\/\\\/quehacerpolitico.mx\\\/wp-content\\\/uploads\\\/2022\\\/09\\\/7F64AA38-B6D2-44DD-B61F-DD0A3A9B9BE6.jpeg\",\"width\":1284,\"height\":681},{\"@type\":\"BreadcrumbList\",\"@id\":\"https:\\\/\\\/quehacerpolitico.mx\\\/?p=95191#breadcrumb\",\"itemListElement\":[{\"@type\":\"ListItem\",\"position\":1,\"name\":\"Inicio\",\"item\":\"https:\\\/\\\/quehacerpolitico.mx\\\/\"},{\"@type\":\"ListItem\",\"position\":2,\"name\":\"Habr\u00e1 500 mil elementos para reforzar seguridad tras reforma a GN: L\u00f3pez Obrador\"}]},{\"@type\":\"WebSite\",\"@id\":\"https:\\\/\\\/quehacerpolitico.mx\\\/#website\",\"url\":\"https:\\\/\\\/quehacerpolitico.mx\\\/\",\"name\":\"\",\"description\":\"\",\"potentialAction\":[{\"@type\":\"SearchAction\",\"target\":{\"@type\":\"EntryPoint\",\"urlTemplate\":\"https:\\\/\\\/quehacerpolitico.mx\\\/?s={search_term_string}\"},\"query-input\":{\"@type\":\"PropertyValueSpecification\",\"valueRequired\":true,\"valueName\":\"search_term_string\"}}],\"inLanguage\":\"es\"},{\"@type\":\"Person\",\"@id\":\"https:\\\/\\\/quehacerpolitico.mx\\\/#\\\/schema\\\/person\\\/496d8ad2d1d3f8036101dca7ee39e585\",\"name\":\"Redacci\u00f3n QP\",\"image\":{\"@type\":\"ImageObject\",\"inLanguage\":\"es\",\"@id\":\"https:\\\/\\\/secure.gravatar.com\\\/avatar\\\/c7164ed6fdec453195284ad24a5ae5b6e1eed2b848477fa2a4787ba9adf39a41?s=96&d=mm&r=g\",\"url\":\"https:\\\/\\\/secure.gravatar.com\\\/avatar\\\/c7164ed6fdec453195284ad24a5ae5b6e1eed2b848477fa2a4787ba9adf39a41?s=96&d=mm&r=g\",\"contentUrl\":\"https:\\\/\\\/secure.gravatar.com\\\/avatar\\\/c7164ed6fdec453195284ad24a5ae5b6e1eed2b848477fa2a4787ba9adf39a41?s=96&d=mm&r=g\",\"caption\":\"Redacci\u00f3n QP\"},\"url\":\"https:\\\/\\\/quehacerpolitico.mx\\\/?author=2\"}]}<\/script>\n<!-- \/ Yoast SEO plugin. -->","yoast_head_json":{"title":"Habr\u00e1 500 mil elementos para reforzar seguridad tras reforma a GN: L\u00f3pez Obrador -","robots":{"index":"index","follow":"follow","max-snippet":"max-snippet:-1","max-image-preview":"max-image-preview:large","max-video-preview":"max-video-preview:-1"},"canonical":"https:\/\/quehacerpolitico.mx\/?p=95191","og_locale":"es_MX","og_type":"article","og_title":"Habr\u00e1 500 mil elementos para reforzar seguridad tras reforma a GN: L\u00f3pez Obrador -","og_description":"Por Redacci\u00f3n QP El Presidente de M\u00e9xico critic\u00f3 que los legisladores del PAN no apoyen...","og_url":"https:\/\/quehacerpolitico.mx\/?p=95191","article_published_time":"2022-09-14T14:57:08+00:00","article_modified_time":"2022-09-14T14:57:11+00:00","og_image":[{"width":1284,"height":681,"url":"https:\/\/quehacerpolitico.mx\/wp-content\/uploads\/2022\/09\/7F64AA38-B6D2-44DD-B61F-DD0A3A9B9BE6.jpeg","type":"image\/jpeg"}],"author":"Redacci\u00f3n QP","twitter_card":"summary_large_image","twitter_misc":{"Escrito por":"Redacci\u00f3n QP","Tiempo de lectura":"2 minutos"},"schema":{"@context":"https:\/\/schema.org","@graph":[{"@type":"Article","@id":"https:\/\/quehacerpolitico.mx\/?p=95191#article","isPartOf":{"@id":"https:\/\/quehacerpolitico.mx\/?p=95191"},"author":{"name":"Redacci\u00f3n QP","@id":"https:\/\/quehacerpolitico.mx\/#\/schema\/person\/496d8ad2d1d3f8036101dca7ee39e585"},"headline":"Habr\u00e1 500 mil elementos para reforzar seguridad tras reforma a GN: L\u00f3pez Obrador","datePublished":"2022-09-14T14:57:08+00:00","dateModified":"2022-09-14T14:57:11+00:00","mainEntityOfPage":{"@id":"https:\/\/quehacerpolitico.mx\/?p=95191"},"wordCount":388,"commentCount":0,"image":{"@id":"https:\/\/quehacerpolitico.mx\/?p=95191#primaryimage"},"thumbnailUrl":"https:\/\/quehacerpolitico.mx\/wp-content\/uploads\/2022\/09\/7F64AA38-B6D2-44DD-B61F-DD0A3A9B9BE6.jpeg","articleSection":["Noticias"],"inLanguage":"es","potentialAction":[{"@type":"CommentAction","name":"Comment","target":["https:\/\/quehacerpolitico.mx\/?p=95191#respond"]}]},{"@type":"WebPage","@id":"https:\/\/quehacerpolitico.mx\/?p=95191","url":"https:\/\/quehacerpolitico.mx\/?p=95191","name":"Habr\u00e1 500 mil elementos para reforzar seguridad tras reforma a GN: L\u00f3pez Obrador -","isPartOf":{"@id":"https:\/\/quehacerpolitico.mx\/#website"},"primaryImageOfPage":{"@id":"https:\/\/quehacerpolitico.mx\/?p=95191#primaryimage"},"image":{"@id":"https:\/\/quehacerpolitico.mx\/?p=95191#primaryimage"},"thumbnailUrl":"https:\/\/quehacerpolitico.mx\/wp-content\/uploads\/2022\/09\/7F64AA38-B6D2-44DD-B61F-DD0A3A9B9BE6.jpeg","datePublished":"2022-09-14T14:57:08+00:00","dateModified":"2022-09-14T14:57:11+00:00","author":{"@id":"https:\/\/quehacerpolitico.mx\/#\/schema\/person\/496d8ad2d1d3f8036101dca7ee39e585"},"breadcrumb":{"@id":"https:\/\/quehacerpolitico.mx\/?p=95191#breadcrumb"},"inLanguage":"es","potentialAction":[{"@type":"ReadAction","target":["https:\/\/quehacerpolitico.mx\/?p=95191"]}]},{"@type":"ImageObject","inLanguage":"es","@id":"https:\/\/quehacerpolitico.mx\/?p=95191#primaryimage","url":"https:\/\/quehacerpolitico.mx\/wp-content\/uploads\/2022\/09\/7F64AA38-B6D2-44DD-B61F-DD0A3A9B9BE6.jpeg","contentUrl":"https:\/\/quehacerpolitico.mx\/wp-content\/uploads\/2022\/09\/7F64AA38-B6D2-44DD-B61F-DD0A3A9B9BE6.jpeg","width":1284,"height":681},{"@type":"BreadcrumbList","@id":"https:\/\/quehacerpolitico.mx\/?p=95191#breadcrumb","itemListElement":[{"@type":"ListItem","position":1,"name":"Inicio","item":"https:\/\/quehacerpolitico.mx\/"},{"@type":"ListItem","position":2,"name":"Habr\u00e1 500 mil elementos para reforzar seguridad tras reforma a GN: L\u00f3pez Obrador"}]},{"@type":"WebSite","@id":"https:\/\/quehacerpolitico.mx\/#website","url":"https:\/\/quehacerpolitico.mx\/","name":"","description":"","potentialAction":[{"@type":"SearchAction","target":{"@type":"EntryPoint","urlTemplate":"https:\/\/quehacerpolitico.mx\/?s={search_term_string}"},"query-input":{"@type":"PropertyValueSpecification","valueRequired":true,"valueName":"search_term_string"}}],"inLanguage":"es"},{"@type":"Person","@id":"https:\/\/quehacerpolitico.mx\/#\/schema\/person\/496d8ad2d1d3f8036101dca7ee39e585","name":"Redacci\u00f3n QP","image":{"@type":"ImageObject","inLanguage":"es","@id":"https:\/\/secure.gravatar.com\/avatar\/c7164ed6fdec453195284ad24a5ae5b6e1eed2b848477fa2a4787ba9adf39a41?s=96&d=mm&r=g","url":"https:\/\/secure.gravatar.com\/avatar\/c7164ed6fdec453195284ad24a5ae5b6e1eed2b848477fa2a4787ba9adf39a41?s=96&d=mm&r=g","contentUrl":"https:\/\/secure.gravatar.com\/avatar\/c7164ed6fdec453195284ad24a5ae5b6e1eed2b848477fa2a4787ba9adf39a41?s=96&d=mm&r=g","caption":"Redacci\u00f3n QP"},"url":"https:\/\/quehacerpolitico.mx\/?author=2"}]}},"featured_image_urls":{"full":["https:\/\/quehacerpolitico.mx\/wp-content\/uploads\/2022\/09\/7F64AA38-B6D2-44DD-B61F-DD0A3A9B9BE6.jpeg",1284,681,false],"thumbnail":["https:\/\/quehacerpolitico.mx\/wp-content\/uploads\/2022\/09\/7F64AA38-B6D2-44DD-B61F-DD0A3A9B9BE6-150x150.jpeg",150,150,true],"medium":["https:\/\/quehacerpolitico.mx\/wp-content\/uploads\/2022\/09\/7F64AA38-B6D2-44DD-B61F-DD0A3A9B9BE6-300x159.jpeg",300,159,true],"medium_large":["https:\/\/quehacerpolitico.mx\/wp-content\/uploads\/2022\/09\/7F64AA38-B6D2-44DD-B61F-DD0A3A9B9BE6-768x407.jpeg",640,339,true],"large":["https:\/\/quehacerpolitico.mx\/wp-content\/uploads\/2022\/09\/7F64AA38-B6D2-44DD-B61F-DD0A3A9B9BE6-1024x543.jpeg",640,339,true],"1536x1536":["https:\/\/quehacerpolitico.mx\/wp-content\/uploads\/2022\/09\/7F64AA38-B6D2-44DD-B61F-DD0A3A9B9BE6.jpeg",1284,681,false],"2048x2048":["https:\/\/quehacerpolitico.mx\/wp-content\/uploads\/2022\/09\/7F64AA38-B6D2-44DD-B61F-DD0A3A9B9BE6.jpeg",1284,681,false],"covernews-featured":["https:\/\/quehacerpolitico.mx\/wp-content\/uploads\/2022\/09\/7F64AA38-B6D2-44DD-B61F-DD0A3A9B9BE6.jpeg",1024,543,false],"covernews-medium":["https:\/\/quehacerpolitico.mx\/wp-content\/uploads\/2022\/09\/7F64AA38-B6D2-44DD-B61F-DD0A3A9B9BE6.jpeg",540,286,false]},"author_info":{"display_name":"Redacci\u00f3n QP","author_link":"https:\/\/quehacerpolitico.mx\/?author=2"},"category_info":"<a href=\"https:\/\/quehacerpolitico.mx\/?cat=2\" rel=\"category\">Noticias<\/a>","tag_info":"Noticias","comment_count":"0","_links":{"self":[{"href":"https:\/\/quehacerpolitico.mx\/index.php?rest_route=\/wp\/v2\/posts\/95191","targetHints":{"allow":["GET"]}}],"collection":[{"href":"https:\/\/quehacerpolitico.mx\/index.php?rest_route=\/wp\/v2\/posts"}],"about":[{"href":"https:\/\/quehacerpolitico.mx\/index.php?rest_route=\/wp\/v2\/types\/post"}],"author":[{"embeddable":true,"href":"https:\/\/quehacerpolitico.mx\/index.php?rest_route=\/wp\/v2\/users\/2"}],"replies":[{"embeddable":true,"href":"https:\/\/quehacerpolitico.mx\/index.php?rest_route=%2Fwp%2Fv2%2Fcomments&post=95191"}],"version-history":[{"count":1,"href":"https:\/\/quehacerpolitico.mx\/index.php?rest_route=\/wp\/v2\/posts\/95191\/revisions"}],"predecessor-version":[{"id":95193,"href":"https:\/\/quehacerpolitico.mx\/index.php?rest_route=\/wp\/v2\/posts\/95191\/revisions\/95193"}],"wp:featuredmedia":[{"embeddable":true,"href":"https:\/\/quehacerpolitico.mx\/index.php?rest_route=\/wp\/v2\/media\/95192"}],"wp:attachment":[{"href":"https:\/\/quehacerpolitico.mx\/index.php?rest_route=%2Fwp%2Fv2%2Fmedia&parent=95191"}],"wp:term":[{"taxonomy":"category","embeddable":true,"href":"https:\/\/quehacerpolitico.mx\/index.php?rest_route=%2Fwp%2Fv2%2Fcategories&post=95191"},{"taxonomy":"post_tag","embeddable":true,"href":"https:\/\/quehacerpolitico.mx\/index.php?rest_route=%2Fwp%2Fv2%2Ftags&post=95191"}],"curies":[{"name":"wp","href":"https:\/\/api.w.org\/{rel}","templated":true}]}}