{"id":95161,"date":"2022-09-13T02:01:27","date_gmt":"2022-09-13T02:01:27","guid":{"rendered":"https:\/\/quehacerpolitico.mx\/?p=95161"},"modified":"2022-09-13T02:01:31","modified_gmt":"2022-09-13T02:01:31","slug":"alcaldesa-de-cuauhtemoc-sandra-cuevas-exige-a-claudia-sheinbaum-rescatar-imagen-urbana-del-monumento-a-la-revolucion","status":"publish","type":"post","link":"https:\/\/quehacerpolitico.mx\/?p=95161","title":{"rendered":"ALCALDESA DE CUAUHT\u00c9MOC, SANDRA CUEVAS, EXIGE\u00a0A\u00a0CLAUDIA SHEINBAUM RESCATAR IMAGEN URBANA DEL MONUMENTO A LA REVOLUCI\u00d3N\u00a0"},"content":{"rendered":"\n<p>Por Redacci\u00f3n QP<\/p>\n\n\n\n<p>Durante un recorrido por los alrededores del Monumento a la Revoluci\u00f3n\u00a0para mostrar los da\u00f1os en la imagen urbana\u00a0resultado del descuido\u00a0por\u00a0parte del\u00a0Gobierno Central, la Alcaldesa de Cuauht\u00e9moc, Sandra Cuevas,\u00a0exigi\u00f3\u00a0a la Jefa de Gobierno\u00a0de la Ciudad de M\u00e9xico,\u00a0Claudia Sheinbaum, que deje trabajar a esta demarcaci\u00f3n en temas que afectan a la ciudadan\u00eda y\u00a0a\u00a0visitantes\u00a0como\u00a0son baches,\u00a0luminarias, arriates y bolardos en los alrededores\u00a0de\u00a0Plaza de la Rep\u00fablica,\u00a0ubicada\u00a0en la colonia Tabacalera as\u00ed como en otros\u00a0monumentos\u00a0localizados en las 33 colonias de la Alcald\u00eda.<\/p>\n\n\n\n<figure class=\"wp-block-embed is-type-rich is-provider-twitter wp-block-embed-twitter\"><div class=\"wp-block-embed__wrapper\">\n<blockquote class=\"twitter-tweet\" data-width=\"550\" data-dnt=\"true\"><p lang=\"es\" dir=\"ltr\"><a href=\"https:\/\/twitter.com\/hashtag\/QPMX?src=hash&amp;ref_src=twsrc%5Etfw\">#QPMX<\/a> La imagen urbana para la <a href=\"https:\/\/twitter.com\/hashtag\/Alcald%C3%ADaCuauht%C3%A9moc?src=hash&amp;ref_src=twsrc%5Etfw\">#Alcald\u00edaCuauht\u00e9moc<\/a> es prioridad, por lo que la Alcaldesa, <a href=\"https:\/\/twitter.com\/SandraCuevas_?ref_src=twsrc%5Etfw\">@SandraCuevas_<\/a> , exigi\u00f3 que Gobierno Central atienda la problem\u00e1tica que en la materia padece el per\u00edmetro vinculado al Monumento a la Revoluci\u00f3n <a href=\"https:\/\/twitter.com\/hashtag\/QuehacerPolitico?src=hash&amp;ref_src=twsrc%5Etfw\">#QuehacerPolitico<\/a> <a href=\"https:\/\/t.co\/6yUqw0H8AV\">pic.twitter.com\/6yUqw0H8AV<\/a><\/p>&mdash; Quehacer Pol\u00edtico (@QueHacerPolitic) <a href=\"https:\/\/twitter.com\/QueHacerPolitic\/status\/1569502926065770496?ref_src=twsrc%5Etfw\">September 13, 2022<\/a><\/blockquote><script async src=\"https:\/\/platform.twitter.com\/widgets.js\" charset=\"utf-8\"><\/script>\n<\/div><\/figure>\n\n\n\n<p>Por lo anterior reiter\u00f3 a la Jefa de Gobierno que si no quiere cuidar los monumentos hist\u00f3ricos,&nbsp;le&nbsp;permita&nbsp;ala Alcald\u00eda Cuauht\u00e9moc&nbsp;trabajar&nbsp;sin que haya denuncias, sin que haya ataques,&nbsp;\u201csin que me amenacen&nbsp;con&nbsp;que me van a destituir por cada cosa que yo s\u00ed hago\u201d.<\/p>\n\n\n\n<p>La\u00a0Alcaldesa camin\u00f3 por\u00a0el circuito del Monumento a la Revoluci\u00f3n\u00a0a fin de\u00a0evidenciar los da\u00f1os al mobiliario urbano que incluso ponen en riesgo la integridad f\u00edsica de los transe\u00fantes.<\/p>\n\n\n\n<figure class=\"wp-block-image size-large\"><img loading=\"lazy\" decoding=\"async\" width=\"682\" height=\"1024\" src=\"https:\/\/quehacerpolitico.mx\/wp-content\/uploads\/2022\/09\/image-42-682x1024.jpeg\" alt=\"\" class=\"wp-image-95166\" srcset=\"https:\/\/quehacerpolitico.mx\/wp-content\/uploads\/2022\/09\/image-42-682x1024.jpeg 682w, https:\/\/quehacerpolitico.mx\/wp-content\/uploads\/2022\/09\/image-42-200x300.jpeg 200w, https:\/\/quehacerpolitico.mx\/wp-content\/uploads\/2022\/09\/image-42-768x1152.jpeg 768w, https:\/\/quehacerpolitico.mx\/wp-content\/uploads\/2022\/09\/image-42-97x146.jpeg 97w, https:\/\/quehacerpolitico.mx\/wp-content\/uploads\/2022\/09\/image-42-33x50.jpeg 33w, https:\/\/quehacerpolitico.mx\/wp-content\/uploads\/2022\/09\/image-42-50x75.jpeg 50w, https:\/\/quehacerpolitico.mx\/wp-content\/uploads\/2022\/09\/image-42.jpeg 853w\" sizes=\"auto, (max-width: 682px) 100vw, 682px\" \/><\/figure>\n\n\n\n<figure class=\"wp-block-image size-large\"><img loading=\"lazy\" decoding=\"async\" width=\"1024\" height=\"842\" src=\"https:\/\/quehacerpolitico.mx\/wp-content\/uploads\/2022\/09\/image-41-1024x842.jpeg\" alt=\"\" class=\"wp-image-95165\" srcset=\"https:\/\/quehacerpolitico.mx\/wp-content\/uploads\/2022\/09\/image-41-1024x842.jpeg 1024w, https:\/\/quehacerpolitico.mx\/wp-content\/uploads\/2022\/09\/image-41-300x247.jpeg 300w, https:\/\/quehacerpolitico.mx\/wp-content\/uploads\/2022\/09\/image-41-768x631.jpeg 768w, https:\/\/quehacerpolitico.mx\/wp-content\/uploads\/2022\/09\/image-41-178x146.jpeg 178w, https:\/\/quehacerpolitico.mx\/wp-content\/uploads\/2022\/09\/image-41-50x41.jpeg 50w, https:\/\/quehacerpolitico.mx\/wp-content\/uploads\/2022\/09\/image-41-91x75.jpeg 91w, https:\/\/quehacerpolitico.mx\/wp-content\/uploads\/2022\/09\/image-41.jpeg 1280w\" sizes=\"auto, (max-width: 1024px) 100vw, 1024px\" \/><\/figure>\n\n\n\n<figure class=\"wp-block-image size-large\"><img loading=\"lazy\" decoding=\"async\" width=\"1024\" height=\"843\" src=\"https:\/\/quehacerpolitico.mx\/wp-content\/uploads\/2022\/09\/image-40-1024x843.jpeg\" alt=\"\" class=\"wp-image-95164\" srcset=\"https:\/\/quehacerpolitico.mx\/wp-content\/uploads\/2022\/09\/image-40-1024x843.jpeg 1024w, https:\/\/quehacerpolitico.mx\/wp-content\/uploads\/2022\/09\/image-40-300x247.jpeg 300w, https:\/\/quehacerpolitico.mx\/wp-content\/uploads\/2022\/09\/image-40-768x632.jpeg 768w, https:\/\/quehacerpolitico.mx\/wp-content\/uploads\/2022\/09\/image-40-177x146.jpeg 177w, https:\/\/quehacerpolitico.mx\/wp-content\/uploads\/2022\/09\/image-40-50x41.jpeg 50w, https:\/\/quehacerpolitico.mx\/wp-content\/uploads\/2022\/09\/image-40-91x75.jpeg 91w, https:\/\/quehacerpolitico.mx\/wp-content\/uploads\/2022\/09\/image-40.jpeg 1280w\" sizes=\"auto, (max-width: 1024px) 100vw, 1024px\" \/><\/figure>\n\n\n\n<figure class=\"wp-block-image size-large\"><img loading=\"lazy\" decoding=\"async\" width=\"1024\" height=\"864\" src=\"https:\/\/quehacerpolitico.mx\/wp-content\/uploads\/2022\/09\/image-39-1024x864.jpeg\" alt=\"\" class=\"wp-image-95163\" srcset=\"https:\/\/quehacerpolitico.mx\/wp-content\/uploads\/2022\/09\/image-39-1024x864.jpeg 1024w, https:\/\/quehacerpolitico.mx\/wp-content\/uploads\/2022\/09\/image-39-300x253.jpeg 300w, https:\/\/quehacerpolitico.mx\/wp-content\/uploads\/2022\/09\/image-39-768x648.jpeg 768w, https:\/\/quehacerpolitico.mx\/wp-content\/uploads\/2022\/09\/image-39-173x146.jpeg 173w, https:\/\/quehacerpolitico.mx\/wp-content\/uploads\/2022\/09\/image-39-50x42.jpeg 50w, https:\/\/quehacerpolitico.mx\/wp-content\/uploads\/2022\/09\/image-39-89x75.jpeg 89w, https:\/\/quehacerpolitico.mx\/wp-content\/uploads\/2022\/09\/image-39.jpeg 1280w\" sizes=\"auto, (max-width: 1024px) 100vw, 1024px\" \/><\/figure>\n\n\n\n<p>Y aunque&nbsp;el per\u00edmetro&nbsp;es una v\u00eda primaria y responsabilidad del Gobierno de la Ciudad de M\u00e9xico, la Alcaldesa Sandra Cuevas indic\u00f3 que ante la problem\u00e1tica la autoridad a su cargo ha tomado acci\u00f3n para tapar baches y la respuesta de los funcionarios del GCDMX son&nbsp;denuncias&nbsp;y&nbsp;ataques.<\/p>\n\n\n\n<p>Por ello, hizo una exigencia&nbsp;a Claudia Sheinbaum para que atienda los Monumentos Hist\u00f3ricos&nbsp;ya que advirti\u00f3:&nbsp;se perder\u00e1 ese patrimonio.<\/p>\n\n\n\n<p>Tan solo en los alrededores del Monumento a la Revoluci\u00f3n, faltan 49 bolardos viales\u00a0localizados en Plaza de la Rep\u00fablica esquina Ponciano Arriaga.<\/p>\n\n\n\n<p>Existen\u00a0afectaciones en 8 rejillas,\u00a02 cajas de v\u00e1lvulas\u00a0y\u00a0da\u00f1os en 6 arriates\u00a0en la periferia del Monumento con da\u00f1os que van desde fracturas hasta hundimientos.<\/p>\n\n\n\n<figure class=\"wp-block-image size-large\"><img loading=\"lazy\" decoding=\"async\" width=\"605\" height=\"1024\" src=\"https:\/\/quehacerpolitico.mx\/wp-content\/uploads\/2022\/09\/image-45-605x1024.jpeg\" alt=\"\" class=\"wp-image-95169\" srcset=\"https:\/\/quehacerpolitico.mx\/wp-content\/uploads\/2022\/09\/image-45-605x1024.jpeg 605w, https:\/\/quehacerpolitico.mx\/wp-content\/uploads\/2022\/09\/image-45-177x300.jpeg 177w, https:\/\/quehacerpolitico.mx\/wp-content\/uploads\/2022\/09\/image-45-86x146.jpeg 86w, https:\/\/quehacerpolitico.mx\/wp-content\/uploads\/2022\/09\/image-45-30x50.jpeg 30w, https:\/\/quehacerpolitico.mx\/wp-content\/uploads\/2022\/09\/image-45-44x75.jpeg 44w, https:\/\/quehacerpolitico.mx\/wp-content\/uploads\/2022\/09\/image-45.jpeg 756w\" sizes=\"auto, (max-width: 605px) 100vw, 605px\" \/><\/figure>\n\n\n\n<figure class=\"wp-block-image size-large\"><img loading=\"lazy\" decoding=\"async\" width=\"1024\" height=\"682\" src=\"https:\/\/quehacerpolitico.mx\/wp-content\/uploads\/2022\/09\/image-44-1024x682.jpeg\" alt=\"\" class=\"wp-image-95168\" srcset=\"https:\/\/quehacerpolitico.mx\/wp-content\/uploads\/2022\/09\/image-44-1024x682.jpeg 1024w, https:\/\/quehacerpolitico.mx\/wp-content\/uploads\/2022\/09\/image-44-300x200.jpeg 300w, https:\/\/quehacerpolitico.mx\/wp-content\/uploads\/2022\/09\/image-44-768x512.jpeg 768w, https:\/\/quehacerpolitico.mx\/wp-content\/uploads\/2022\/09\/image-44-219x146.jpeg 219w, https:\/\/quehacerpolitico.mx\/wp-content\/uploads\/2022\/09\/image-44-50x33.jpeg 50w, https:\/\/quehacerpolitico.mx\/wp-content\/uploads\/2022\/09\/image-44-113x75.jpeg 113w, https:\/\/quehacerpolitico.mx\/wp-content\/uploads\/2022\/09\/image-44.jpeg 1280w\" sizes=\"auto, (max-width: 1024px) 100vw, 1024px\" \/><\/figure>\n\n\n\n<figure class=\"wp-block-image size-large\"><img loading=\"lazy\" decoding=\"async\" width=\"1024\" height=\"731\" src=\"https:\/\/quehacerpolitico.mx\/wp-content\/uploads\/2022\/09\/image-43-1024x731.jpeg\" alt=\"\" class=\"wp-image-95167\" srcset=\"https:\/\/quehacerpolitico.mx\/wp-content\/uploads\/2022\/09\/image-43-1024x731.jpeg 1024w, https:\/\/quehacerpolitico.mx\/wp-content\/uploads\/2022\/09\/image-43-300x214.jpeg 300w, https:\/\/quehacerpolitico.mx\/wp-content\/uploads\/2022\/09\/image-43-768x548.jpeg 768w, https:\/\/quehacerpolitico.mx\/wp-content\/uploads\/2022\/09\/image-43-204x146.jpeg 204w, https:\/\/quehacerpolitico.mx\/wp-content\/uploads\/2022\/09\/image-43-50x36.jpeg 50w, https:\/\/quehacerpolitico.mx\/wp-content\/uploads\/2022\/09\/image-43-105x75.jpeg 105w, https:\/\/quehacerpolitico.mx\/wp-content\/uploads\/2022\/09\/image-43.jpeg 1280w\" sizes=\"auto, (max-width: 1024px) 100vw, 1024px\" \/><\/figure>\n\n\n\n<p>Tambi\u00e9n est\u00e1n afectadas&nbsp;57&nbsp;piezas de&nbsp;losetas&nbsp;en Avenida de la Rep\u00fablica y su colindancia con las esquinas de Avenida Insurgentes, calle Alc\u00e1zar y calle Ignacio Ram\u00edrez.<\/p>\n\n\n\n<p>Del mismo modo&nbsp;hay 9&nbsp;baches grandes&nbsp;de los cuales \u201cuno tuvo que ser reparado por la Alcald\u00eda, lo que gener\u00f3 innumerables denuncias. Es decir,&nbsp;ni lo hacen ni permiten que nosotros hagamos el trabajo en favor de los vecinos y las vecinas\u201d.<\/p>\n\n\n\n<p>La Alcaldesa, Sandra Cuevas a\u00f1adi\u00f3 que se tiene afectaci\u00f3n en 286 metros lineales de balizamiento y 35 por ciento de &nbsp;luminarias&nbsp;est\u00e1n inservibles en el ala sureste del Monumento a la Revoluci\u00f3n en donde, incluso, hay postes sin servicio de luz.<\/p>\n\n\n\n<p>Al informar sobre los da\u00f1os, acot\u00f3 que empresas como Pemex o&nbsp;SACMEX&nbsp;realizan trabajos y los dejan sin concluir lo que genera baches, de manera que a los 16 mil detectados&nbsp;en la Alcald\u00eda&nbsp;a principio de esta administraci\u00f3n&nbsp;ya se sumaron&nbsp;cuatro mil m\u00e1s.<\/p>\n","protected":false},"excerpt":{"rendered":"<p>Por Redacci\u00f3n QP Durante un recorrido por los alrededores del Monumento a la Revoluci\u00f3n\u00a0para mostrar&#8230;<\/p>\n","protected":false},"author":2,"featured_media":95162,"comment_status":"open","ping_status":"open","sticky":false,"template":"","format":"standard","meta":{"_monsterinsights_skip_tracking":false,"_monsterinsights_sitenote_active":false,"_monsterinsights_sitenote_note":"","_monsterinsights_sitenote_category":0,"footnotes":""},"categories":[55],"tags":[],"class_list":["post-95161","post","type-post","status-publish","format-standard","has-post-thumbnail","hentry","category-cdmx"],"yoast_head":"<!-- This site is optimized with the Yoast SEO plugin v27.3 - https:\/\/yoast.com\/product\/yoast-seo-wordpress\/ -->\n<title>ALCALDESA DE CUAUHT\u00c9MOC, SANDRA CUEVAS, EXIGE\u00a0A\u00a0CLAUDIA SHEINBAUM RESCATAR IMAGEN URBANA DEL MONUMENTO A LA REVOLUCI\u00d3N\u00a0 -<\/title>\n<meta name=\"robots\" content=\"index, follow, max-snippet:-1, max-image-preview:large, max-video-preview:-1\" \/>\n<link rel=\"canonical\" href=\"https:\/\/quehacerpolitico.mx\/?p=95161\" \/>\n<meta property=\"og:locale\" content=\"es_MX\" \/>\n<meta property=\"og:type\" content=\"article\" \/>\n<meta property=\"og:title\" content=\"ALCALDESA DE CUAUHT\u00c9MOC, SANDRA CUEVAS, EXIGE\u00a0A\u00a0CLAUDIA SHEINBAUM RESCATAR IMAGEN URBANA DEL MONUMENTO A LA REVOLUCI\u00d3N\u00a0 -\" \/>\n<meta property=\"og:description\" content=\"Por Redacci\u00f3n QP Durante un recorrido por los alrededores del Monumento a la Revoluci\u00f3n\u00a0para mostrar...\" \/>\n<meta property=\"og:url\" content=\"https:\/\/quehacerpolitico.mx\/?p=95161\" \/>\n<meta property=\"article:published_time\" content=\"2022-09-13T02:01:27+00:00\" \/>\n<meta property=\"article:modified_time\" content=\"2022-09-13T02:01:31+00:00\" \/>\n<meta property=\"og:image\" content=\"https:\/\/quehacerpolitico.mx\/wp-content\/uploads\/2022\/09\/CBF8721E-FB8D-49F1-9A97-6F0EF14D8684.jpeg\" \/>\n\t<meta property=\"og:image:width\" content=\"1280\" \/>\n\t<meta property=\"og:image:height\" content=\"853\" \/>\n\t<meta property=\"og:image:type\" content=\"image\/jpeg\" \/>\n<meta name=\"author\" content=\"Redacci\u00f3n QP\" \/>\n<meta name=\"twitter:card\" content=\"summary_large_image\" \/>\n<meta name=\"twitter:label1\" content=\"Escrito por\" \/>\n\t<meta name=\"twitter:data1\" content=\"Redacci\u00f3n QP\" \/>\n\t<meta name=\"twitter:label2\" content=\"Tiempo de lectura\" \/>\n\t<meta name=\"twitter:data2\" content=\"3 minutos\" \/>\n<script type=\"application\/ld+json\" class=\"yoast-schema-graph\">{\"@context\":\"https:\\\/\\\/schema.org\",\"@graph\":[{\"@type\":\"Article\",\"@id\":\"https:\\\/\\\/quehacerpolitico.mx\\\/?p=95161#article\",\"isPartOf\":{\"@id\":\"https:\\\/\\\/quehacerpolitico.mx\\\/?p=95161\"},\"author\":{\"name\":\"Redacci\u00f3n QP\",\"@id\":\"https:\\\/\\\/quehacerpolitico.mx\\\/#\\\/schema\\\/person\\\/496d8ad2d1d3f8036101dca7ee39e585\"},\"headline\":\"ALCALDESA DE CUAUHT\u00c9MOC, SANDRA CUEVAS, EXIGE\u00a0A\u00a0CLAUDIA SHEINBAUM RESCATAR IMAGEN URBANA DEL MONUMENTO A LA REVOLUCI\u00d3N\u00a0\",\"datePublished\":\"2022-09-13T02:01:27+00:00\",\"dateModified\":\"2022-09-13T02:01:31+00:00\",\"mainEntityOfPage\":{\"@id\":\"https:\\\/\\\/quehacerpolitico.mx\\\/?p=95161\"},\"wordCount\":547,\"commentCount\":0,\"image\":{\"@id\":\"https:\\\/\\\/quehacerpolitico.mx\\\/?p=95161#primaryimage\"},\"thumbnailUrl\":\"https:\\\/\\\/quehacerpolitico.mx\\\/wp-content\\\/uploads\\\/2022\\\/09\\\/CBF8721E-FB8D-49F1-9A97-6F0EF14D8684.jpeg\",\"articleSection\":[\"CDMX\"],\"inLanguage\":\"es\",\"potentialAction\":[{\"@type\":\"CommentAction\",\"name\":\"Comment\",\"target\":[\"https:\\\/\\\/quehacerpolitico.mx\\\/?p=95161#respond\"]}]},{\"@type\":\"WebPage\",\"@id\":\"https:\\\/\\\/quehacerpolitico.mx\\\/?p=95161\",\"url\":\"https:\\\/\\\/quehacerpolitico.mx\\\/?p=95161\",\"name\":\"ALCALDESA DE CUAUHT\u00c9MOC, SANDRA CUEVAS, EXIGE\u00a0A\u00a0CLAUDIA SHEINBAUM RESCATAR IMAGEN URBANA DEL MONUMENTO A LA REVOLUCI\u00d3N\u00a0 -\",\"isPartOf\":{\"@id\":\"https:\\\/\\\/quehacerpolitico.mx\\\/#website\"},\"primaryImageOfPage\":{\"@id\":\"https:\\\/\\\/quehacerpolitico.mx\\\/?p=95161#primaryimage\"},\"image\":{\"@id\":\"https:\\\/\\\/quehacerpolitico.mx\\\/?p=95161#primaryimage\"},\"thumbnailUrl\":\"https:\\\/\\\/quehacerpolitico.mx\\\/wp-content\\\/uploads\\\/2022\\\/09\\\/CBF8721E-FB8D-49F1-9A97-6F0EF14D8684.jpeg\",\"datePublished\":\"2022-09-13T02:01:27+00:00\",\"dateModified\":\"2022-09-13T02:01:31+00:00\",\"author\":{\"@id\":\"https:\\\/\\\/quehacerpolitico.mx\\\/#\\\/schema\\\/person\\\/496d8ad2d1d3f8036101dca7ee39e585\"},\"breadcrumb\":{\"@id\":\"https:\\\/\\\/quehacerpolitico.mx\\\/?p=95161#breadcrumb\"},\"inLanguage\":\"es\",\"potentialAction\":[{\"@type\":\"ReadAction\",\"target\":[\"https:\\\/\\\/quehacerpolitico.mx\\\/?p=95161\"]}]},{\"@type\":\"ImageObject\",\"inLanguage\":\"es\",\"@id\":\"https:\\\/\\\/quehacerpolitico.mx\\\/?p=95161#primaryimage\",\"url\":\"https:\\\/\\\/quehacerpolitico.mx\\\/wp-content\\\/uploads\\\/2022\\\/09\\\/CBF8721E-FB8D-49F1-9A97-6F0EF14D8684.jpeg\",\"contentUrl\":\"https:\\\/\\\/quehacerpolitico.mx\\\/wp-content\\\/uploads\\\/2022\\\/09\\\/CBF8721E-FB8D-49F1-9A97-6F0EF14D8684.jpeg\",\"width\":1280,\"height\":853},{\"@type\":\"BreadcrumbList\",\"@id\":\"https:\\\/\\\/quehacerpolitico.mx\\\/?p=95161#breadcrumb\",\"itemListElement\":[{\"@type\":\"ListItem\",\"position\":1,\"name\":\"Inicio\",\"item\":\"https:\\\/\\\/quehacerpolitico.mx\\\/\"},{\"@type\":\"ListItem\",\"position\":2,\"name\":\"ALCALDESA DE CUAUHT\u00c9MOC, SANDRA CUEVAS, EXIGE\u00a0A\u00a0CLAUDIA SHEINBAUM RESCATAR IMAGEN URBANA DEL MONUMENTO A LA REVOLUCI\u00d3N\u00a0\"}]},{\"@type\":\"WebSite\",\"@id\":\"https:\\\/\\\/quehacerpolitico.mx\\\/#website\",\"url\":\"https:\\\/\\\/quehacerpolitico.mx\\\/\",\"name\":\"\",\"description\":\"\",\"potentialAction\":[{\"@type\":\"SearchAction\",\"target\":{\"@type\":\"EntryPoint\",\"urlTemplate\":\"https:\\\/\\\/quehacerpolitico.mx\\\/?s={search_term_string}\"},\"query-input\":{\"@type\":\"PropertyValueSpecification\",\"valueRequired\":true,\"valueName\":\"search_term_string\"}}],\"inLanguage\":\"es\"},{\"@type\":\"Person\",\"@id\":\"https:\\\/\\\/quehacerpolitico.mx\\\/#\\\/schema\\\/person\\\/496d8ad2d1d3f8036101dca7ee39e585\",\"name\":\"Redacci\u00f3n QP\",\"image\":{\"@type\":\"ImageObject\",\"inLanguage\":\"es\",\"@id\":\"https:\\\/\\\/secure.gravatar.com\\\/avatar\\\/c7164ed6fdec453195284ad24a5ae5b6e1eed2b848477fa2a4787ba9adf39a41?s=96&d=mm&r=g\",\"url\":\"https:\\\/\\\/secure.gravatar.com\\\/avatar\\\/c7164ed6fdec453195284ad24a5ae5b6e1eed2b848477fa2a4787ba9adf39a41?s=96&d=mm&r=g\",\"contentUrl\":\"https:\\\/\\\/secure.gravatar.com\\\/avatar\\\/c7164ed6fdec453195284ad24a5ae5b6e1eed2b848477fa2a4787ba9adf39a41?s=96&d=mm&r=g\",\"caption\":\"Redacci\u00f3n QP\"},\"url\":\"https:\\\/\\\/quehacerpolitico.mx\\\/?author=2\"}]}<\/script>\n<!-- \/ Yoast SEO plugin. -->","yoast_head_json":{"title":"ALCALDESA DE CUAUHT\u00c9MOC, SANDRA CUEVAS, EXIGE\u00a0A\u00a0CLAUDIA SHEINBAUM RESCATAR IMAGEN URBANA DEL MONUMENTO A LA REVOLUCI\u00d3N\u00a0 -","robots":{"index":"index","follow":"follow","max-snippet":"max-snippet:-1","max-image-preview":"max-image-preview:large","max-video-preview":"max-video-preview:-1"},"canonical":"https:\/\/quehacerpolitico.mx\/?p=95161","og_locale":"es_MX","og_type":"article","og_title":"ALCALDESA DE CUAUHT\u00c9MOC, SANDRA CUEVAS, EXIGE\u00a0A\u00a0CLAUDIA SHEINBAUM RESCATAR IMAGEN URBANA DEL MONUMENTO A LA REVOLUCI\u00d3N\u00a0 -","og_description":"Por Redacci\u00f3n QP Durante un recorrido por los alrededores del Monumento a la Revoluci\u00f3n\u00a0para mostrar...","og_url":"https:\/\/quehacerpolitico.mx\/?p=95161","article_published_time":"2022-09-13T02:01:27+00:00","article_modified_time":"2022-09-13T02:01:31+00:00","og_image":[{"width":1280,"height":853,"url":"https:\/\/quehacerpolitico.mx\/wp-content\/uploads\/2022\/09\/CBF8721E-FB8D-49F1-9A97-6F0EF14D8684.jpeg","type":"image\/jpeg"}],"author":"Redacci\u00f3n QP","twitter_card":"summary_large_image","twitter_misc":{"Escrito por":"Redacci\u00f3n QP","Tiempo de lectura":"3 minutos"},"schema":{"@context":"https:\/\/schema.org","@graph":[{"@type":"Article","@id":"https:\/\/quehacerpolitico.mx\/?p=95161#article","isPartOf":{"@id":"https:\/\/quehacerpolitico.mx\/?p=95161"},"author":{"name":"Redacci\u00f3n QP","@id":"https:\/\/quehacerpolitico.mx\/#\/schema\/person\/496d8ad2d1d3f8036101dca7ee39e585"},"headline":"ALCALDESA DE CUAUHT\u00c9MOC, SANDRA CUEVAS, EXIGE\u00a0A\u00a0CLAUDIA SHEINBAUM RESCATAR IMAGEN URBANA DEL MONUMENTO A LA REVOLUCI\u00d3N\u00a0","datePublished":"2022-09-13T02:01:27+00:00","dateModified":"2022-09-13T02:01:31+00:00","mainEntityOfPage":{"@id":"https:\/\/quehacerpolitico.mx\/?p=95161"},"wordCount":547,"commentCount":0,"image":{"@id":"https:\/\/quehacerpolitico.mx\/?p=95161#primaryimage"},"thumbnailUrl":"https:\/\/quehacerpolitico.mx\/wp-content\/uploads\/2022\/09\/CBF8721E-FB8D-49F1-9A97-6F0EF14D8684.jpeg","articleSection":["CDMX"],"inLanguage":"es","potentialAction":[{"@type":"CommentAction","name":"Comment","target":["https:\/\/quehacerpolitico.mx\/?p=95161#respond"]}]},{"@type":"WebPage","@id":"https:\/\/quehacerpolitico.mx\/?p=95161","url":"https:\/\/quehacerpolitico.mx\/?p=95161","name":"ALCALDESA DE CUAUHT\u00c9MOC, SANDRA CUEVAS, EXIGE\u00a0A\u00a0CLAUDIA SHEINBAUM RESCATAR IMAGEN URBANA DEL MONUMENTO A LA REVOLUCI\u00d3N\u00a0 -","isPartOf":{"@id":"https:\/\/quehacerpolitico.mx\/#website"},"primaryImageOfPage":{"@id":"https:\/\/quehacerpolitico.mx\/?p=95161#primaryimage"},"image":{"@id":"https:\/\/quehacerpolitico.mx\/?p=95161#primaryimage"},"thumbnailUrl":"https:\/\/quehacerpolitico.mx\/wp-content\/uploads\/2022\/09\/CBF8721E-FB8D-49F1-9A97-6F0EF14D8684.jpeg","datePublished":"2022-09-13T02:01:27+00:00","dateModified":"2022-09-13T02:01:31+00:00","author":{"@id":"https:\/\/quehacerpolitico.mx\/#\/schema\/person\/496d8ad2d1d3f8036101dca7ee39e585"},"breadcrumb":{"@id":"https:\/\/quehacerpolitico.mx\/?p=95161#breadcrumb"},"inLanguage":"es","potentialAction":[{"@type":"ReadAction","target":["https:\/\/quehacerpolitico.mx\/?p=95161"]}]},{"@type":"ImageObject","inLanguage":"es","@id":"https:\/\/quehacerpolitico.mx\/?p=95161#primaryimage","url":"https:\/\/quehacerpolitico.mx\/wp-content\/uploads\/2022\/09\/CBF8721E-FB8D-49F1-9A97-6F0EF14D8684.jpeg","contentUrl":"https:\/\/quehacerpolitico.mx\/wp-content\/uploads\/2022\/09\/CBF8721E-FB8D-49F1-9A97-6F0EF14D8684.jpeg","width":1280,"height":853},{"@type":"BreadcrumbList","@id":"https:\/\/quehacerpolitico.mx\/?p=95161#breadcrumb","itemListElement":[{"@type":"ListItem","position":1,"name":"Inicio","item":"https:\/\/quehacerpolitico.mx\/"},{"@type":"ListItem","position":2,"name":"ALCALDESA DE CUAUHT\u00c9MOC, SANDRA CUEVAS, EXIGE\u00a0A\u00a0CLAUDIA SHEINBAUM RESCATAR IMAGEN URBANA DEL MONUMENTO A LA REVOLUCI\u00d3N\u00a0"}]},{"@type":"WebSite","@id":"https:\/\/quehacerpolitico.mx\/#website","url":"https:\/\/quehacerpolitico.mx\/","name":"","description":"","potentialAction":[{"@type":"SearchAction","target":{"@type":"EntryPoint","urlTemplate":"https:\/\/quehacerpolitico.mx\/?s={search_term_string}"},"query-input":{"@type":"PropertyValueSpecification","valueRequired":true,"valueName":"search_term_string"}}],"inLanguage":"es"},{"@type":"Person","@id":"https:\/\/quehacerpolitico.mx\/#\/schema\/person\/496d8ad2d1d3f8036101dca7ee39e585","name":"Redacci\u00f3n QP","image":{"@type":"ImageObject","inLanguage":"es","@id":"https:\/\/secure.gravatar.com\/avatar\/c7164ed6fdec453195284ad24a5ae5b6e1eed2b848477fa2a4787ba9adf39a41?s=96&d=mm&r=g","url":"https:\/\/secure.gravatar.com\/avatar\/c7164ed6fdec453195284ad24a5ae5b6e1eed2b848477fa2a4787ba9adf39a41?s=96&d=mm&r=g","contentUrl":"https:\/\/secure.gravatar.com\/avatar\/c7164ed6fdec453195284ad24a5ae5b6e1eed2b848477fa2a4787ba9adf39a41?s=96&d=mm&r=g","caption":"Redacci\u00f3n QP"},"url":"https:\/\/quehacerpolitico.mx\/?author=2"}]}},"featured_image_urls":{"full":["https:\/\/quehacerpolitico.mx\/wp-content\/uploads\/2022\/09\/CBF8721E-FB8D-49F1-9A97-6F0EF14D8684.jpeg",1280,853,false],"thumbnail":["https:\/\/quehacerpolitico.mx\/wp-content\/uploads\/2022\/09\/CBF8721E-FB8D-49F1-9A97-6F0EF14D8684-150x150.jpeg",150,150,true],"medium":["https:\/\/quehacerpolitico.mx\/wp-content\/uploads\/2022\/09\/CBF8721E-FB8D-49F1-9A97-6F0EF14D8684-300x200.jpeg",300,200,true],"medium_large":["https:\/\/quehacerpolitico.mx\/wp-content\/uploads\/2022\/09\/CBF8721E-FB8D-49F1-9A97-6F0EF14D8684-768x512.jpeg",640,427,true],"large":["https:\/\/quehacerpolitico.mx\/wp-content\/uploads\/2022\/09\/CBF8721E-FB8D-49F1-9A97-6F0EF14D8684-1024x682.jpeg",640,426,true],"1536x1536":["https:\/\/quehacerpolitico.mx\/wp-content\/uploads\/2022\/09\/CBF8721E-FB8D-49F1-9A97-6F0EF14D8684.jpeg",1280,853,false],"2048x2048":["https:\/\/quehacerpolitico.mx\/wp-content\/uploads\/2022\/09\/CBF8721E-FB8D-49F1-9A97-6F0EF14D8684.jpeg",1280,853,false],"covernews-featured":["https:\/\/quehacerpolitico.mx\/wp-content\/uploads\/2022\/09\/CBF8721E-FB8D-49F1-9A97-6F0EF14D8684.jpeg",1024,682,false],"covernews-medium":["https:\/\/quehacerpolitico.mx\/wp-content\/uploads\/2022\/09\/CBF8721E-FB8D-49F1-9A97-6F0EF14D8684.jpeg",510,340,false]},"author_info":{"display_name":"Redacci\u00f3n QP","author_link":"https:\/\/quehacerpolitico.mx\/?author=2"},"category_info":"<a href=\"https:\/\/quehacerpolitico.mx\/?cat=55\" rel=\"category\">CDMX<\/a>","tag_info":"CDMX","comment_count":"0","_links":{"self":[{"href":"https:\/\/quehacerpolitico.mx\/index.php?rest_route=\/wp\/v2\/posts\/95161","targetHints":{"allow":["GET"]}}],"collection":[{"href":"https:\/\/quehacerpolitico.mx\/index.php?rest_route=\/wp\/v2\/posts"}],"about":[{"href":"https:\/\/quehacerpolitico.mx\/index.php?rest_route=\/wp\/v2\/types\/post"}],"author":[{"embeddable":true,"href":"https:\/\/quehacerpolitico.mx\/index.php?rest_route=\/wp\/v2\/users\/2"}],"replies":[{"embeddable":true,"href":"https:\/\/quehacerpolitico.mx\/index.php?rest_route=%2Fwp%2Fv2%2Fcomments&post=95161"}],"version-history":[{"count":1,"href":"https:\/\/quehacerpolitico.mx\/index.php?rest_route=\/wp\/v2\/posts\/95161\/revisions"}],"predecessor-version":[{"id":95170,"href":"https:\/\/quehacerpolitico.mx\/index.php?rest_route=\/wp\/v2\/posts\/95161\/revisions\/95170"}],"wp:featuredmedia":[{"embeddable":true,"href":"https:\/\/quehacerpolitico.mx\/index.php?rest_route=\/wp\/v2\/media\/95162"}],"wp:attachment":[{"href":"https:\/\/quehacerpolitico.mx\/index.php?rest_route=%2Fwp%2Fv2%2Fmedia&parent=95161"}],"wp:term":[{"taxonomy":"category","embeddable":true,"href":"https:\/\/quehacerpolitico.mx\/index.php?rest_route=%2Fwp%2Fv2%2Fcategories&post=95161"},{"taxonomy":"post_tag","embeddable":true,"href":"https:\/\/quehacerpolitico.mx\/index.php?rest_route=%2Fwp%2Fv2%2Ftags&post=95161"}],"curies":[{"name":"wp","href":"https:\/\/api.w.org\/{rel}","templated":true}]}}