{"id":95158,"date":"2022-09-13T00:29:50","date_gmt":"2022-09-13T00:29:50","guid":{"rendered":"https:\/\/quehacerpolitico.mx\/?p=95158"},"modified":"2022-09-13T00:29:52","modified_gmt":"2022-09-13T00:29:52","slug":"escuelas-de-tiempo-completo-jueza-ordena-restaurar-el-programa-a-nivel-nacional","status":"publish","type":"post","link":"https:\/\/quehacerpolitico.mx\/?p=95158","title":{"rendered":"Escuelas de Tiempo Completo: Jueza ordena restaurar el programa a nivel nacional\u00a0"},"content":{"rendered":"\n<p>Por Redacci\u00f3n QP<\/p>\n\n\n\n<p>La jueza reconoci\u00f3 que se afect\u00f3 desproporcionadamente a las mujeres jefas de familia con el retiro de este programa<\/p>\n\n\n\n<p>La jueza tercera de Distrito en Materia Administrativa de la Ciudad de M\u00e9xico\u00a0<strong>orden\u00f3 a las autoridades vinculadas a restaurar a nivel nacional el programa de \u201cEscuelas de Tiempo Completo\u201d\u00a0<\/strong>(ETC), tal y como operaba antes del traslado de sus objetivos al programa \u201cLa Escuela es Nuestra\u201d (LEEN).<\/p>\n\n\n\n<figure class=\"wp-block-embed is-type-video is-provider-youtube wp-block-embed-youtube wp-embed-aspect-16-9 wp-has-aspect-ratio\"><div class=\"wp-block-embed__wrapper\">\n<iframe loading=\"lazy\" title=\"Jueza ordena restablecer programa \u201cEscuelas de Tiempo Completo\u201d a nivel nacional\" width=\"640\" height=\"360\" src=\"https:\/\/www.youtube.com\/embed\/AZjCv04BJbo?feature=oembed\" frameborder=\"0\" allow=\"accelerometer; autoplay; clipboard-write; encrypted-media; gyroscope; picture-in-picture; web-share\" referrerpolicy=\"strict-origin-when-cross-origin\" allowfullscreen><\/iframe>\n<\/div><\/figure>\n\n\n\n<p>La decisi\u00f3n de la jueza<strong>\u00a0se da tras presentarse una demanda de amparo presentada por Aprender Primero<\/strong>, apoyo legal de Mexicanos Primero, acompa\u00f1ados por el despacho de abogados Aguilar Barroso.<\/p>\n\n\n\n<p>En la demanda se se\u00f1ala que las autoridades federales<strong>\u00a0violaron el derecho a la educaci\u00f3n y a la alimentaci\u00f3n de millones de ni\u00f1as, ni\u00f1os y adolescentes.<\/strong><\/p>\n\n\n\n<p>La jueza obliga al Ejecutivo Federal, C\u00e1mara de Diputados y a todas las autoridades encargadas de la implementaci\u00f3n de los programas Escuela de Tiempo Completo y La Escuela es Nuestra.<\/p>\n\n\n\n<p>Tambi\u00e9n incluye a la Secretar\u00eda de Educaci\u00f3n P\u00fablica (SEP) y la Secretar\u00eda de Hacienda y Cr\u00e9dito P\u00fablico (SHCP) para que adopten todas las medidas que se estimen pertinentes para que<strong>\u00a0se sigan otorgando los mismos beneficios que se encontraban en los programas Escuela de Tiempo Completo.<\/strong><\/p>\n\n\n\n<h2 class=\"wp-block-heading\">Derechos de educaci\u00f3n y alimentaci\u00f3n<\/h2>\n\n\n\n<p>Mexicanos Primero inform\u00f3 que el \u00f3rgano jurisdiccional lleg\u00f3 a esta determinaci\u00f3n tomando en cuenta que las autoridades<strong>\u00a0violaron el principio de progresividad respecto de los derechos a la educaci\u00f3n y a la alimentaci\u00f3n de los ni\u00f1os y adolescentes.<\/strong><\/p>\n\n\n\n<p>La jueza reconoci\u00f3 qu<strong>e se afect\u00f3 desproporcionadamente a las mujeres jefas de familia<\/strong>, quienes depend\u00edan de ese programa para tener un lugar seguro para sus hijas e hijos.<\/p>\n\n\n\n<p>El Programa Escuelas de Tiempo Completo en su punto m\u00e1s alto de cobertura, beneficiaba a cerca de 27 mil escuelas y a 3.6 millones de ni\u00f1os y adolescentes, quienes recib\u00edan horas adicionales de aprendizaje.<\/p>\n\n\n\n<p>Con informaci\u00f3n de SUN<\/p>\n","protected":false},"excerpt":{"rendered":"<p>Por Redacci\u00f3n QP La jueza reconoci\u00f3 que se afect\u00f3 desproporcionadamente a las mujeres jefas de&#8230;<\/p>\n","protected":false},"author":2,"featured_media":95159,"comment_status":"open","ping_status":"open","sticky":false,"template":"","format":"standard","meta":{"_monsterinsights_skip_tracking":false,"_monsterinsights_sitenote_active":false,"_monsterinsights_sitenote_note":"","_monsterinsights_sitenote_category":0,"footnotes":""},"categories":[2],"tags":[],"class_list":["post-95158","post","type-post","status-publish","format-standard","has-post-thumbnail","hentry","category-noticias"],"yoast_head":"<!-- This site is optimized with the Yoast SEO plugin v27.3 - https:\/\/yoast.com\/product\/yoast-seo-wordpress\/ -->\n<title>Escuelas de Tiempo Completo: Jueza ordena restaurar el programa a nivel nacional\u00a0 -<\/title>\n<meta name=\"robots\" content=\"index, follow, max-snippet:-1, max-image-preview:large, max-video-preview:-1\" \/>\n<link rel=\"canonical\" href=\"https:\/\/quehacerpolitico.mx\/?p=95158\" \/>\n<meta property=\"og:locale\" content=\"es_MX\" \/>\n<meta property=\"og:type\" content=\"article\" \/>\n<meta property=\"og:title\" content=\"Escuelas de Tiempo Completo: Jueza ordena restaurar el programa a nivel nacional\u00a0 -\" \/>\n<meta property=\"og:description\" content=\"Por Redacci\u00f3n QP La jueza reconoci\u00f3 que se afect\u00f3 desproporcionadamente a las mujeres jefas de...\" \/>\n<meta property=\"og:url\" content=\"https:\/\/quehacerpolitico.mx\/?p=95158\" \/>\n<meta property=\"article:published_time\" content=\"2022-09-13T00:29:50+00:00\" \/>\n<meta property=\"article:modified_time\" content=\"2022-09-13T00:29:52+00:00\" \/>\n<meta property=\"og:image\" content=\"https:\/\/quehacerpolitico.mx\/wp-content\/uploads\/2022\/09\/714D10C5-87C4-40FA-8195-D8B3B1EDE213.jpeg\" \/>\n\t<meta property=\"og:image:width\" content=\"1087\" \/>\n\t<meta property=\"og:image:height\" content=\"699\" \/>\n\t<meta property=\"og:image:type\" content=\"image\/jpeg\" \/>\n<meta name=\"author\" content=\"Redacci\u00f3n QP\" \/>\n<meta name=\"twitter:card\" content=\"summary_large_image\" \/>\n<meta name=\"twitter:label1\" content=\"Escrito por\" \/>\n\t<meta name=\"twitter:data1\" content=\"Redacci\u00f3n QP\" \/>\n\t<meta name=\"twitter:label2\" content=\"Tiempo de lectura\" \/>\n\t<meta name=\"twitter:data2\" content=\"2 minutos\" \/>\n<script type=\"application\/ld+json\" class=\"yoast-schema-graph\">{\"@context\":\"https:\\\/\\\/schema.org\",\"@graph\":[{\"@type\":\"Article\",\"@id\":\"https:\\\/\\\/quehacerpolitico.mx\\\/?p=95158#article\",\"isPartOf\":{\"@id\":\"https:\\\/\\\/quehacerpolitico.mx\\\/?p=95158\"},\"author\":{\"name\":\"Redacci\u00f3n QP\",\"@id\":\"https:\\\/\\\/quehacerpolitico.mx\\\/#\\\/schema\\\/person\\\/496d8ad2d1d3f8036101dca7ee39e585\"},\"headline\":\"Escuelas de Tiempo Completo: Jueza ordena restaurar el programa a nivel nacional\u00a0\",\"datePublished\":\"2022-09-13T00:29:50+00:00\",\"dateModified\":\"2022-09-13T00:29:52+00:00\",\"mainEntityOfPage\":{\"@id\":\"https:\\\/\\\/quehacerpolitico.mx\\\/?p=95158\"},\"wordCount\":355,\"commentCount\":0,\"image\":{\"@id\":\"https:\\\/\\\/quehacerpolitico.mx\\\/?p=95158#primaryimage\"},\"thumbnailUrl\":\"https:\\\/\\\/quehacerpolitico.mx\\\/wp-content\\\/uploads\\\/2022\\\/09\\\/714D10C5-87C4-40FA-8195-D8B3B1EDE213.jpeg\",\"articleSection\":[\"Noticias\"],\"inLanguage\":\"es\",\"potentialAction\":[{\"@type\":\"CommentAction\",\"name\":\"Comment\",\"target\":[\"https:\\\/\\\/quehacerpolitico.mx\\\/?p=95158#respond\"]}]},{\"@type\":\"WebPage\",\"@id\":\"https:\\\/\\\/quehacerpolitico.mx\\\/?p=95158\",\"url\":\"https:\\\/\\\/quehacerpolitico.mx\\\/?p=95158\",\"name\":\"Escuelas de Tiempo Completo: Jueza ordena restaurar el programa a nivel nacional\u00a0 -\",\"isPartOf\":{\"@id\":\"https:\\\/\\\/quehacerpolitico.mx\\\/#website\"},\"primaryImageOfPage\":{\"@id\":\"https:\\\/\\\/quehacerpolitico.mx\\\/?p=95158#primaryimage\"},\"image\":{\"@id\":\"https:\\\/\\\/quehacerpolitico.mx\\\/?p=95158#primaryimage\"},\"thumbnailUrl\":\"https:\\\/\\\/quehacerpolitico.mx\\\/wp-content\\\/uploads\\\/2022\\\/09\\\/714D10C5-87C4-40FA-8195-D8B3B1EDE213.jpeg\",\"datePublished\":\"2022-09-13T00:29:50+00:00\",\"dateModified\":\"2022-09-13T00:29:52+00:00\",\"author\":{\"@id\":\"https:\\\/\\\/quehacerpolitico.mx\\\/#\\\/schema\\\/person\\\/496d8ad2d1d3f8036101dca7ee39e585\"},\"breadcrumb\":{\"@id\":\"https:\\\/\\\/quehacerpolitico.mx\\\/?p=95158#breadcrumb\"},\"inLanguage\":\"es\",\"potentialAction\":[{\"@type\":\"ReadAction\",\"target\":[\"https:\\\/\\\/quehacerpolitico.mx\\\/?p=95158\"]}]},{\"@type\":\"ImageObject\",\"inLanguage\":\"es\",\"@id\":\"https:\\\/\\\/quehacerpolitico.mx\\\/?p=95158#primaryimage\",\"url\":\"https:\\\/\\\/quehacerpolitico.mx\\\/wp-content\\\/uploads\\\/2022\\\/09\\\/714D10C5-87C4-40FA-8195-D8B3B1EDE213.jpeg\",\"contentUrl\":\"https:\\\/\\\/quehacerpolitico.mx\\\/wp-content\\\/uploads\\\/2022\\\/09\\\/714D10C5-87C4-40FA-8195-D8B3B1EDE213.jpeg\",\"width\":1087,\"height\":699},{\"@type\":\"BreadcrumbList\",\"@id\":\"https:\\\/\\\/quehacerpolitico.mx\\\/?p=95158#breadcrumb\",\"itemListElement\":[{\"@type\":\"ListItem\",\"position\":1,\"name\":\"Inicio\",\"item\":\"https:\\\/\\\/quehacerpolitico.mx\\\/\"},{\"@type\":\"ListItem\",\"position\":2,\"name\":\"Escuelas de Tiempo Completo: Jueza ordena restaurar el programa a nivel nacional\u00a0\"}]},{\"@type\":\"WebSite\",\"@id\":\"https:\\\/\\\/quehacerpolitico.mx\\\/#website\",\"url\":\"https:\\\/\\\/quehacerpolitico.mx\\\/\",\"name\":\"\",\"description\":\"\",\"potentialAction\":[{\"@type\":\"SearchAction\",\"target\":{\"@type\":\"EntryPoint\",\"urlTemplate\":\"https:\\\/\\\/quehacerpolitico.mx\\\/?s={search_term_string}\"},\"query-input\":{\"@type\":\"PropertyValueSpecification\",\"valueRequired\":true,\"valueName\":\"search_term_string\"}}],\"inLanguage\":\"es\"},{\"@type\":\"Person\",\"@id\":\"https:\\\/\\\/quehacerpolitico.mx\\\/#\\\/schema\\\/person\\\/496d8ad2d1d3f8036101dca7ee39e585\",\"name\":\"Redacci\u00f3n QP\",\"image\":{\"@type\":\"ImageObject\",\"inLanguage\":\"es\",\"@id\":\"https:\\\/\\\/secure.gravatar.com\\\/avatar\\\/c7164ed6fdec453195284ad24a5ae5b6e1eed2b848477fa2a4787ba9adf39a41?s=96&d=mm&r=g\",\"url\":\"https:\\\/\\\/secure.gravatar.com\\\/avatar\\\/c7164ed6fdec453195284ad24a5ae5b6e1eed2b848477fa2a4787ba9adf39a41?s=96&d=mm&r=g\",\"contentUrl\":\"https:\\\/\\\/secure.gravatar.com\\\/avatar\\\/c7164ed6fdec453195284ad24a5ae5b6e1eed2b848477fa2a4787ba9adf39a41?s=96&d=mm&r=g\",\"caption\":\"Redacci\u00f3n QP\"},\"url\":\"https:\\\/\\\/quehacerpolitico.mx\\\/?author=2\"}]}<\/script>\n<!-- \/ Yoast SEO plugin. -->","yoast_head_json":{"title":"Escuelas de Tiempo Completo: Jueza ordena restaurar el programa a nivel nacional\u00a0 -","robots":{"index":"index","follow":"follow","max-snippet":"max-snippet:-1","max-image-preview":"max-image-preview:large","max-video-preview":"max-video-preview:-1"},"canonical":"https:\/\/quehacerpolitico.mx\/?p=95158","og_locale":"es_MX","og_type":"article","og_title":"Escuelas de Tiempo Completo: Jueza ordena restaurar el programa a nivel nacional\u00a0 -","og_description":"Por Redacci\u00f3n QP La jueza reconoci\u00f3 que se afect\u00f3 desproporcionadamente a las mujeres jefas de...","og_url":"https:\/\/quehacerpolitico.mx\/?p=95158","article_published_time":"2022-09-13T00:29:50+00:00","article_modified_time":"2022-09-13T00:29:52+00:00","og_image":[{"width":1087,"height":699,"url":"https:\/\/quehacerpolitico.mx\/wp-content\/uploads\/2022\/09\/714D10C5-87C4-40FA-8195-D8B3B1EDE213.jpeg","type":"image\/jpeg"}],"author":"Redacci\u00f3n QP","twitter_card":"summary_large_image","twitter_misc":{"Escrito por":"Redacci\u00f3n QP","Tiempo de lectura":"2 minutos"},"schema":{"@context":"https:\/\/schema.org","@graph":[{"@type":"Article","@id":"https:\/\/quehacerpolitico.mx\/?p=95158#article","isPartOf":{"@id":"https:\/\/quehacerpolitico.mx\/?p=95158"},"author":{"name":"Redacci\u00f3n QP","@id":"https:\/\/quehacerpolitico.mx\/#\/schema\/person\/496d8ad2d1d3f8036101dca7ee39e585"},"headline":"Escuelas de Tiempo Completo: Jueza ordena restaurar el programa a nivel nacional\u00a0","datePublished":"2022-09-13T00:29:50+00:00","dateModified":"2022-09-13T00:29:52+00:00","mainEntityOfPage":{"@id":"https:\/\/quehacerpolitico.mx\/?p=95158"},"wordCount":355,"commentCount":0,"image":{"@id":"https:\/\/quehacerpolitico.mx\/?p=95158#primaryimage"},"thumbnailUrl":"https:\/\/quehacerpolitico.mx\/wp-content\/uploads\/2022\/09\/714D10C5-87C4-40FA-8195-D8B3B1EDE213.jpeg","articleSection":["Noticias"],"inLanguage":"es","potentialAction":[{"@type":"CommentAction","name":"Comment","target":["https:\/\/quehacerpolitico.mx\/?p=95158#respond"]}]},{"@type":"WebPage","@id":"https:\/\/quehacerpolitico.mx\/?p=95158","url":"https:\/\/quehacerpolitico.mx\/?p=95158","name":"Escuelas de Tiempo Completo: Jueza ordena restaurar el programa a nivel nacional\u00a0 -","isPartOf":{"@id":"https:\/\/quehacerpolitico.mx\/#website"},"primaryImageOfPage":{"@id":"https:\/\/quehacerpolitico.mx\/?p=95158#primaryimage"},"image":{"@id":"https:\/\/quehacerpolitico.mx\/?p=95158#primaryimage"},"thumbnailUrl":"https:\/\/quehacerpolitico.mx\/wp-content\/uploads\/2022\/09\/714D10C5-87C4-40FA-8195-D8B3B1EDE213.jpeg","datePublished":"2022-09-13T00:29:50+00:00","dateModified":"2022-09-13T00:29:52+00:00","author":{"@id":"https:\/\/quehacerpolitico.mx\/#\/schema\/person\/496d8ad2d1d3f8036101dca7ee39e585"},"breadcrumb":{"@id":"https:\/\/quehacerpolitico.mx\/?p=95158#breadcrumb"},"inLanguage":"es","potentialAction":[{"@type":"ReadAction","target":["https:\/\/quehacerpolitico.mx\/?p=95158"]}]},{"@type":"ImageObject","inLanguage":"es","@id":"https:\/\/quehacerpolitico.mx\/?p=95158#primaryimage","url":"https:\/\/quehacerpolitico.mx\/wp-content\/uploads\/2022\/09\/714D10C5-87C4-40FA-8195-D8B3B1EDE213.jpeg","contentUrl":"https:\/\/quehacerpolitico.mx\/wp-content\/uploads\/2022\/09\/714D10C5-87C4-40FA-8195-D8B3B1EDE213.jpeg","width":1087,"height":699},{"@type":"BreadcrumbList","@id":"https:\/\/quehacerpolitico.mx\/?p=95158#breadcrumb","itemListElement":[{"@type":"ListItem","position":1,"name":"Inicio","item":"https:\/\/quehacerpolitico.mx\/"},{"@type":"ListItem","position":2,"name":"Escuelas de Tiempo Completo: Jueza ordena restaurar el programa a nivel nacional\u00a0"}]},{"@type":"WebSite","@id":"https:\/\/quehacerpolitico.mx\/#website","url":"https:\/\/quehacerpolitico.mx\/","name":"","description":"","potentialAction":[{"@type":"SearchAction","target":{"@type":"EntryPoint","urlTemplate":"https:\/\/quehacerpolitico.mx\/?s={search_term_string}"},"query-input":{"@type":"PropertyValueSpecification","valueRequired":true,"valueName":"search_term_string"}}],"inLanguage":"es"},{"@type":"Person","@id":"https:\/\/quehacerpolitico.mx\/#\/schema\/person\/496d8ad2d1d3f8036101dca7ee39e585","name":"Redacci\u00f3n QP","image":{"@type":"ImageObject","inLanguage":"es","@id":"https:\/\/secure.gravatar.com\/avatar\/c7164ed6fdec453195284ad24a5ae5b6e1eed2b848477fa2a4787ba9adf39a41?s=96&d=mm&r=g","url":"https:\/\/secure.gravatar.com\/avatar\/c7164ed6fdec453195284ad24a5ae5b6e1eed2b848477fa2a4787ba9adf39a41?s=96&d=mm&r=g","contentUrl":"https:\/\/secure.gravatar.com\/avatar\/c7164ed6fdec453195284ad24a5ae5b6e1eed2b848477fa2a4787ba9adf39a41?s=96&d=mm&r=g","caption":"Redacci\u00f3n QP"},"url":"https:\/\/quehacerpolitico.mx\/?author=2"}]}},"featured_image_urls":{"full":["https:\/\/quehacerpolitico.mx\/wp-content\/uploads\/2022\/09\/714D10C5-87C4-40FA-8195-D8B3B1EDE213.jpeg",1087,699,false],"thumbnail":["https:\/\/quehacerpolitico.mx\/wp-content\/uploads\/2022\/09\/714D10C5-87C4-40FA-8195-D8B3B1EDE213-150x150.jpeg",150,150,true],"medium":["https:\/\/quehacerpolitico.mx\/wp-content\/uploads\/2022\/09\/714D10C5-87C4-40FA-8195-D8B3B1EDE213-300x193.jpeg",300,193,true],"medium_large":["https:\/\/quehacerpolitico.mx\/wp-content\/uploads\/2022\/09\/714D10C5-87C4-40FA-8195-D8B3B1EDE213-768x494.jpeg",640,412,true],"large":["https:\/\/quehacerpolitico.mx\/wp-content\/uploads\/2022\/09\/714D10C5-87C4-40FA-8195-D8B3B1EDE213-1024x658.jpeg",640,411,true],"1536x1536":["https:\/\/quehacerpolitico.mx\/wp-content\/uploads\/2022\/09\/714D10C5-87C4-40FA-8195-D8B3B1EDE213.jpeg",1087,699,false],"2048x2048":["https:\/\/quehacerpolitico.mx\/wp-content\/uploads\/2022\/09\/714D10C5-87C4-40FA-8195-D8B3B1EDE213.jpeg",1087,699,false],"covernews-featured":["https:\/\/quehacerpolitico.mx\/wp-content\/uploads\/2022\/09\/714D10C5-87C4-40FA-8195-D8B3B1EDE213.jpeg",1024,658,false],"covernews-medium":["https:\/\/quehacerpolitico.mx\/wp-content\/uploads\/2022\/09\/714D10C5-87C4-40FA-8195-D8B3B1EDE213.jpeg",529,340,false]},"author_info":{"display_name":"Redacci\u00f3n QP","author_link":"https:\/\/quehacerpolitico.mx\/?author=2"},"category_info":"<a href=\"https:\/\/quehacerpolitico.mx\/?cat=2\" rel=\"category\">Noticias<\/a>","tag_info":"Noticias","comment_count":"0","_links":{"self":[{"href":"https:\/\/quehacerpolitico.mx\/index.php?rest_route=\/wp\/v2\/posts\/95158","targetHints":{"allow":["GET"]}}],"collection":[{"href":"https:\/\/quehacerpolitico.mx\/index.php?rest_route=\/wp\/v2\/posts"}],"about":[{"href":"https:\/\/quehacerpolitico.mx\/index.php?rest_route=\/wp\/v2\/types\/post"}],"author":[{"embeddable":true,"href":"https:\/\/quehacerpolitico.mx\/index.php?rest_route=\/wp\/v2\/users\/2"}],"replies":[{"embeddable":true,"href":"https:\/\/quehacerpolitico.mx\/index.php?rest_route=%2Fwp%2Fv2%2Fcomments&post=95158"}],"version-history":[{"count":1,"href":"https:\/\/quehacerpolitico.mx\/index.php?rest_route=\/wp\/v2\/posts\/95158\/revisions"}],"predecessor-version":[{"id":95160,"href":"https:\/\/quehacerpolitico.mx\/index.php?rest_route=\/wp\/v2\/posts\/95158\/revisions\/95160"}],"wp:featuredmedia":[{"embeddable":true,"href":"https:\/\/quehacerpolitico.mx\/index.php?rest_route=\/wp\/v2\/media\/95159"}],"wp:attachment":[{"href":"https:\/\/quehacerpolitico.mx\/index.php?rest_route=%2Fwp%2Fv2%2Fmedia&parent=95158"}],"wp:term":[{"taxonomy":"category","embeddable":true,"href":"https:\/\/quehacerpolitico.mx\/index.php?rest_route=%2Fwp%2Fv2%2Fcategories&post=95158"},{"taxonomy":"post_tag","embeddable":true,"href":"https:\/\/quehacerpolitico.mx\/index.php?rest_route=%2Fwp%2Fv2%2Ftags&post=95158"}],"curies":[{"name":"wp","href":"https:\/\/api.w.org\/{rel}","templated":true}]}}