{"id":94899,"date":"2022-09-02T15:00:22","date_gmt":"2022-09-02T15:00:22","guid":{"rendered":"https:\/\/quehacerpolitico.mx\/?p=94899"},"modified":"2022-09-02T15:00:25","modified_gmt":"2022-09-02T15:00:25","slug":"se-prevee-menor-crecimiento-debido-a-la-alta-inflacion-para-el-2023","status":"publish","type":"post","link":"https:\/\/quehacerpolitico.mx\/?p=94899","title":{"rendered":"Se prevee menor crecimiento debido a la alta inflaci\u00f3n para el 2023"},"content":{"rendered":"\n<p>Por Redacci\u00f3n QP<\/p>\n\n\n\n<p>La gobernanza y la inflaci\u00f3n son las principales limitantes para el crecimiento econ\u00f3mico.<\/p>\n\n\n\n<p>En agosto de 2022, los&nbsp;<strong>especialistas en econom\u00eda<\/strong>&nbsp;del sector privado mejoraron<strong>&nbsp;sus perspectivas de crecimiento econ\u00f3mico<\/strong>&nbsp;para lo que resta del a\u00f1o, pero&nbsp;<strong>disminuyeron las de 2023, en un escenario con una inflaci\u00f3n m\u00e1s alta<\/strong>&nbsp;a la estimada previamente.<\/p>\n\n\n\n<p>De acuerdo con el resultado de la \u2018Encuesta sobre las Expectativas de los Especialistas en Econom\u00eda del Sector Privado: Agosto de 2022\u2019, para el presente a\u00f1o, las perspectivas de crecimiento econ\u00f3mico pasaron de 1.8 por ciento estimado en la encuesta de julio, a 1.9 por ciento; para 2023, las previsiones disminuyeron de 1.6 a 1.36 por ciento.<\/p>\n\n\n\n<h2 class=\"wp-block-heading\">Factores que obstaculizan el crecimiento econ\u00f3mico&nbsp;<\/h2>\n\n\n\n<h2 class=\"wp-block-heading\"><\/h2>\n\n\n\n<h3 class=\"wp-block-heading\"><\/h3>\n\n\n\n<p>Los analistas consultados por el Banxico consideran que los principales factores que podr\u00edan limitar el crecimiento en los pr\u00f3ximos meses se relacionan con la&nbsp;<strong>gobernanza y la inflaci\u00f3n.<\/strong><\/p>\n\n\n\n<p>A nivel particular:<\/p>\n\n\n\n<ul class=\"wp-block-list\"><li>Problemas de inseguridad p\u00fablica.<\/li><li>Presiones inflacionarias en el pa\u00eds.<\/li><li>Problemas de falta de estado de derecho.<\/li><li>Incertidumbre pol\u00edtica interna.<\/li><li>Debilidad en el mercado externo y la econom\u00eda mundial.<\/li><li>Incertidumbre sobre la situaci\u00f3n econ\u00f3mica interna.<\/li><li>Aumento en precios de insumos y materias primas.<\/li><li>Pol\u00edtica monetaria que se est\u00e1 instrumentando.<\/li><\/ul>\n\n\n\n<h3 class=\"wp-block-heading\"><strong>Inflaci\u00f3n<\/strong><\/h3>\n\n\n\n<h3 class=\"wp-block-heading\"><\/h3>\n\n\n\n<p>Respecto a la&nbsp;<strong>inflaci\u00f3n general,<\/strong>&nbsp;el grupo de analistas consultados por el banco central aument\u00f3 sus perspectivas para el cierre de a\u00f1o, de una tasa anual de 7.8 por ciento a 8.13 por ciento para 2022 y&nbsp;<strong>de 4.5 a 4.66 para 2023.<\/strong><\/p>\n\n\n\n<p>Para la&nbsp;<strong>inflaci\u00f3n subyacente<\/strong>&nbsp;(la que excluye precios de bienes y servicios m\u00e1s vol\u00e1tiles, como agropecuarios y energ\u00e9ticos) las previsiones para el cierre de 2022 se elevaron, de una tasa anual estimada previamente en 7.08 por ciento a otra de 7.67 por ciento;&nbsp;<strong>para el cierre de 2023, las proyecciones pasaron de 4.31 a 4.44 por ciento.<\/strong><\/p>\n\n\n\n<h3 class=\"wp-block-heading\"><strong>Tipo de cambio<\/strong><\/h3>\n\n\n\n<h3 class=\"wp-block-heading\"><\/h3>\n\n\n\n<p>En relaci\u00f3n con el tipo de cambio, las proyecciones para el cierre de 2022 pasaron de una paridad de 20.82 pesos por d\u00f3lar a 20.70 pesos; para 2023, disminuyeron de 21.48 a 21.42 pesos por billete verde.<\/p>\n","protected":false},"excerpt":{"rendered":"<p>Por Redacci\u00f3n QP La gobernanza y la inflaci\u00f3n son las principales limitantes para el crecimiento&#8230;<\/p>\n","protected":false},"author":2,"featured_media":94900,"comment_status":"open","ping_status":"open","sticky":false,"template":"","format":"standard","meta":{"_monsterinsights_skip_tracking":false,"_monsterinsights_sitenote_active":false,"_monsterinsights_sitenote_note":"","_monsterinsights_sitenote_category":0,"footnotes":""},"categories":[56],"tags":[],"class_list":["post-94899","post","type-post","status-publish","format-standard","has-post-thumbnail","hentry","category-economia"],"yoast_head":"<!-- This site is optimized with the Yoast SEO plugin v27.3 - https:\/\/yoast.com\/product\/yoast-seo-wordpress\/ -->\n<title>Se prevee menor crecimiento debido a la alta inflaci\u00f3n para el 2023 -<\/title>\n<meta name=\"robots\" content=\"index, follow, max-snippet:-1, max-image-preview:large, max-video-preview:-1\" \/>\n<link rel=\"canonical\" href=\"https:\/\/quehacerpolitico.mx\/?p=94899\" \/>\n<meta property=\"og:locale\" content=\"es_MX\" \/>\n<meta property=\"og:type\" content=\"article\" \/>\n<meta property=\"og:title\" content=\"Se prevee menor crecimiento debido a la alta inflaci\u00f3n para el 2023 -\" \/>\n<meta property=\"og:description\" content=\"Por Redacci\u00f3n QP La gobernanza y la inflaci\u00f3n son las principales limitantes para el crecimiento...\" \/>\n<meta property=\"og:url\" content=\"https:\/\/quehacerpolitico.mx\/?p=94899\" \/>\n<meta property=\"article:published_time\" content=\"2022-09-02T15:00:22+00:00\" \/>\n<meta property=\"article:modified_time\" content=\"2022-09-02T15:00:25+00:00\" \/>\n<meta property=\"og:image\" content=\"https:\/\/quehacerpolitico.mx\/wp-content\/uploads\/2022\/09\/93BA67D4-EDAC-46A7-A221-538BED8F7686.jpeg\" \/>\n\t<meta property=\"og:image:width\" content=\"733\" \/>\n\t<meta property=\"og:image:height\" content=\"418\" \/>\n\t<meta property=\"og:image:type\" content=\"image\/jpeg\" \/>\n<meta name=\"author\" content=\"Redacci\u00f3n QP\" \/>\n<meta name=\"twitter:card\" content=\"summary_large_image\" \/>\n<meta name=\"twitter:label1\" content=\"Escrito por\" \/>\n\t<meta name=\"twitter:data1\" content=\"Redacci\u00f3n QP\" \/>\n\t<meta name=\"twitter:label2\" content=\"Tiempo de lectura\" \/>\n\t<meta name=\"twitter:data2\" content=\"2 minutos\" \/>\n<script type=\"application\/ld+json\" class=\"yoast-schema-graph\">{\"@context\":\"https:\\\/\\\/schema.org\",\"@graph\":[{\"@type\":\"Article\",\"@id\":\"https:\\\/\\\/quehacerpolitico.mx\\\/?p=94899#article\",\"isPartOf\":{\"@id\":\"https:\\\/\\\/quehacerpolitico.mx\\\/?p=94899\"},\"author\":{\"name\":\"Redacci\u00f3n QP\",\"@id\":\"https:\\\/\\\/quehacerpolitico.mx\\\/#\\\/schema\\\/person\\\/496d8ad2d1d3f8036101dca7ee39e585\"},\"headline\":\"Se prevee menor crecimiento debido a la alta inflaci\u00f3n para el 2023\",\"datePublished\":\"2022-09-02T15:00:22+00:00\",\"dateModified\":\"2022-09-02T15:00:25+00:00\",\"mainEntityOfPage\":{\"@id\":\"https:\\\/\\\/quehacerpolitico.mx\\\/?p=94899\"},\"wordCount\":370,\"commentCount\":0,\"image\":{\"@id\":\"https:\\\/\\\/quehacerpolitico.mx\\\/?p=94899#primaryimage\"},\"thumbnailUrl\":\"https:\\\/\\\/quehacerpolitico.mx\\\/wp-content\\\/uploads\\\/2022\\\/09\\\/93BA67D4-EDAC-46A7-A221-538BED8F7686.jpeg\",\"articleSection\":[\"Econom\u00eda\"],\"inLanguage\":\"es\",\"potentialAction\":[{\"@type\":\"CommentAction\",\"name\":\"Comment\",\"target\":[\"https:\\\/\\\/quehacerpolitico.mx\\\/?p=94899#respond\"]}]},{\"@type\":\"WebPage\",\"@id\":\"https:\\\/\\\/quehacerpolitico.mx\\\/?p=94899\",\"url\":\"https:\\\/\\\/quehacerpolitico.mx\\\/?p=94899\",\"name\":\"Se prevee menor crecimiento debido a la alta inflaci\u00f3n para el 2023 -\",\"isPartOf\":{\"@id\":\"https:\\\/\\\/quehacerpolitico.mx\\\/#website\"},\"primaryImageOfPage\":{\"@id\":\"https:\\\/\\\/quehacerpolitico.mx\\\/?p=94899#primaryimage\"},\"image\":{\"@id\":\"https:\\\/\\\/quehacerpolitico.mx\\\/?p=94899#primaryimage\"},\"thumbnailUrl\":\"https:\\\/\\\/quehacerpolitico.mx\\\/wp-content\\\/uploads\\\/2022\\\/09\\\/93BA67D4-EDAC-46A7-A221-538BED8F7686.jpeg\",\"datePublished\":\"2022-09-02T15:00:22+00:00\",\"dateModified\":\"2022-09-02T15:00:25+00:00\",\"author\":{\"@id\":\"https:\\\/\\\/quehacerpolitico.mx\\\/#\\\/schema\\\/person\\\/496d8ad2d1d3f8036101dca7ee39e585\"},\"breadcrumb\":{\"@id\":\"https:\\\/\\\/quehacerpolitico.mx\\\/?p=94899#breadcrumb\"},\"inLanguage\":\"es\",\"potentialAction\":[{\"@type\":\"ReadAction\",\"target\":[\"https:\\\/\\\/quehacerpolitico.mx\\\/?p=94899\"]}]},{\"@type\":\"ImageObject\",\"inLanguage\":\"es\",\"@id\":\"https:\\\/\\\/quehacerpolitico.mx\\\/?p=94899#primaryimage\",\"url\":\"https:\\\/\\\/quehacerpolitico.mx\\\/wp-content\\\/uploads\\\/2022\\\/09\\\/93BA67D4-EDAC-46A7-A221-538BED8F7686.jpeg\",\"contentUrl\":\"https:\\\/\\\/quehacerpolitico.mx\\\/wp-content\\\/uploads\\\/2022\\\/09\\\/93BA67D4-EDAC-46A7-A221-538BED8F7686.jpeg\",\"width\":733,\"height\":418},{\"@type\":\"BreadcrumbList\",\"@id\":\"https:\\\/\\\/quehacerpolitico.mx\\\/?p=94899#breadcrumb\",\"itemListElement\":[{\"@type\":\"ListItem\",\"position\":1,\"name\":\"Inicio\",\"item\":\"https:\\\/\\\/quehacerpolitico.mx\\\/\"},{\"@type\":\"ListItem\",\"position\":2,\"name\":\"Se prevee menor crecimiento debido a la alta inflaci\u00f3n para el 2023\"}]},{\"@type\":\"WebSite\",\"@id\":\"https:\\\/\\\/quehacerpolitico.mx\\\/#website\",\"url\":\"https:\\\/\\\/quehacerpolitico.mx\\\/\",\"name\":\"\",\"description\":\"\",\"potentialAction\":[{\"@type\":\"SearchAction\",\"target\":{\"@type\":\"EntryPoint\",\"urlTemplate\":\"https:\\\/\\\/quehacerpolitico.mx\\\/?s={search_term_string}\"},\"query-input\":{\"@type\":\"PropertyValueSpecification\",\"valueRequired\":true,\"valueName\":\"search_term_string\"}}],\"inLanguage\":\"es\"},{\"@type\":\"Person\",\"@id\":\"https:\\\/\\\/quehacerpolitico.mx\\\/#\\\/schema\\\/person\\\/496d8ad2d1d3f8036101dca7ee39e585\",\"name\":\"Redacci\u00f3n QP\",\"image\":{\"@type\":\"ImageObject\",\"inLanguage\":\"es\",\"@id\":\"https:\\\/\\\/secure.gravatar.com\\\/avatar\\\/c7164ed6fdec453195284ad24a5ae5b6e1eed2b848477fa2a4787ba9adf39a41?s=96&d=mm&r=g\",\"url\":\"https:\\\/\\\/secure.gravatar.com\\\/avatar\\\/c7164ed6fdec453195284ad24a5ae5b6e1eed2b848477fa2a4787ba9adf39a41?s=96&d=mm&r=g\",\"contentUrl\":\"https:\\\/\\\/secure.gravatar.com\\\/avatar\\\/c7164ed6fdec453195284ad24a5ae5b6e1eed2b848477fa2a4787ba9adf39a41?s=96&d=mm&r=g\",\"caption\":\"Redacci\u00f3n QP\"},\"url\":\"https:\\\/\\\/quehacerpolitico.mx\\\/?author=2\"}]}<\/script>\n<!-- \/ Yoast SEO plugin. -->","yoast_head_json":{"title":"Se prevee menor crecimiento debido a la alta inflaci\u00f3n para el 2023 -","robots":{"index":"index","follow":"follow","max-snippet":"max-snippet:-1","max-image-preview":"max-image-preview:large","max-video-preview":"max-video-preview:-1"},"canonical":"https:\/\/quehacerpolitico.mx\/?p=94899","og_locale":"es_MX","og_type":"article","og_title":"Se prevee menor crecimiento debido a la alta inflaci\u00f3n para el 2023 -","og_description":"Por Redacci\u00f3n QP La gobernanza y la inflaci\u00f3n son las principales limitantes para el crecimiento...","og_url":"https:\/\/quehacerpolitico.mx\/?p=94899","article_published_time":"2022-09-02T15:00:22+00:00","article_modified_time":"2022-09-02T15:00:25+00:00","og_image":[{"width":733,"height":418,"url":"https:\/\/quehacerpolitico.mx\/wp-content\/uploads\/2022\/09\/93BA67D4-EDAC-46A7-A221-538BED8F7686.jpeg","type":"image\/jpeg"}],"author":"Redacci\u00f3n QP","twitter_card":"summary_large_image","twitter_misc":{"Escrito por":"Redacci\u00f3n QP","Tiempo de lectura":"2 minutos"},"schema":{"@context":"https:\/\/schema.org","@graph":[{"@type":"Article","@id":"https:\/\/quehacerpolitico.mx\/?p=94899#article","isPartOf":{"@id":"https:\/\/quehacerpolitico.mx\/?p=94899"},"author":{"name":"Redacci\u00f3n QP","@id":"https:\/\/quehacerpolitico.mx\/#\/schema\/person\/496d8ad2d1d3f8036101dca7ee39e585"},"headline":"Se prevee menor crecimiento debido a la alta inflaci\u00f3n para el 2023","datePublished":"2022-09-02T15:00:22+00:00","dateModified":"2022-09-02T15:00:25+00:00","mainEntityOfPage":{"@id":"https:\/\/quehacerpolitico.mx\/?p=94899"},"wordCount":370,"commentCount":0,"image":{"@id":"https:\/\/quehacerpolitico.mx\/?p=94899#primaryimage"},"thumbnailUrl":"https:\/\/quehacerpolitico.mx\/wp-content\/uploads\/2022\/09\/93BA67D4-EDAC-46A7-A221-538BED8F7686.jpeg","articleSection":["Econom\u00eda"],"inLanguage":"es","potentialAction":[{"@type":"CommentAction","name":"Comment","target":["https:\/\/quehacerpolitico.mx\/?p=94899#respond"]}]},{"@type":"WebPage","@id":"https:\/\/quehacerpolitico.mx\/?p=94899","url":"https:\/\/quehacerpolitico.mx\/?p=94899","name":"Se prevee menor crecimiento debido a la alta inflaci\u00f3n para el 2023 -","isPartOf":{"@id":"https:\/\/quehacerpolitico.mx\/#website"},"primaryImageOfPage":{"@id":"https:\/\/quehacerpolitico.mx\/?p=94899#primaryimage"},"image":{"@id":"https:\/\/quehacerpolitico.mx\/?p=94899#primaryimage"},"thumbnailUrl":"https:\/\/quehacerpolitico.mx\/wp-content\/uploads\/2022\/09\/93BA67D4-EDAC-46A7-A221-538BED8F7686.jpeg","datePublished":"2022-09-02T15:00:22+00:00","dateModified":"2022-09-02T15:00:25+00:00","author":{"@id":"https:\/\/quehacerpolitico.mx\/#\/schema\/person\/496d8ad2d1d3f8036101dca7ee39e585"},"breadcrumb":{"@id":"https:\/\/quehacerpolitico.mx\/?p=94899#breadcrumb"},"inLanguage":"es","potentialAction":[{"@type":"ReadAction","target":["https:\/\/quehacerpolitico.mx\/?p=94899"]}]},{"@type":"ImageObject","inLanguage":"es","@id":"https:\/\/quehacerpolitico.mx\/?p=94899#primaryimage","url":"https:\/\/quehacerpolitico.mx\/wp-content\/uploads\/2022\/09\/93BA67D4-EDAC-46A7-A221-538BED8F7686.jpeg","contentUrl":"https:\/\/quehacerpolitico.mx\/wp-content\/uploads\/2022\/09\/93BA67D4-EDAC-46A7-A221-538BED8F7686.jpeg","width":733,"height":418},{"@type":"BreadcrumbList","@id":"https:\/\/quehacerpolitico.mx\/?p=94899#breadcrumb","itemListElement":[{"@type":"ListItem","position":1,"name":"Inicio","item":"https:\/\/quehacerpolitico.mx\/"},{"@type":"ListItem","position":2,"name":"Se prevee menor crecimiento debido a la alta inflaci\u00f3n para el 2023"}]},{"@type":"WebSite","@id":"https:\/\/quehacerpolitico.mx\/#website","url":"https:\/\/quehacerpolitico.mx\/","name":"","description":"","potentialAction":[{"@type":"SearchAction","target":{"@type":"EntryPoint","urlTemplate":"https:\/\/quehacerpolitico.mx\/?s={search_term_string}"},"query-input":{"@type":"PropertyValueSpecification","valueRequired":true,"valueName":"search_term_string"}}],"inLanguage":"es"},{"@type":"Person","@id":"https:\/\/quehacerpolitico.mx\/#\/schema\/person\/496d8ad2d1d3f8036101dca7ee39e585","name":"Redacci\u00f3n QP","image":{"@type":"ImageObject","inLanguage":"es","@id":"https:\/\/secure.gravatar.com\/avatar\/c7164ed6fdec453195284ad24a5ae5b6e1eed2b848477fa2a4787ba9adf39a41?s=96&d=mm&r=g","url":"https:\/\/secure.gravatar.com\/avatar\/c7164ed6fdec453195284ad24a5ae5b6e1eed2b848477fa2a4787ba9adf39a41?s=96&d=mm&r=g","contentUrl":"https:\/\/secure.gravatar.com\/avatar\/c7164ed6fdec453195284ad24a5ae5b6e1eed2b848477fa2a4787ba9adf39a41?s=96&d=mm&r=g","caption":"Redacci\u00f3n QP"},"url":"https:\/\/quehacerpolitico.mx\/?author=2"}]}},"featured_image_urls":{"full":["https:\/\/quehacerpolitico.mx\/wp-content\/uploads\/2022\/09\/93BA67D4-EDAC-46A7-A221-538BED8F7686.jpeg",733,418,false],"thumbnail":["https:\/\/quehacerpolitico.mx\/wp-content\/uploads\/2022\/09\/93BA67D4-EDAC-46A7-A221-538BED8F7686-150x150.jpeg",150,150,true],"medium":["https:\/\/quehacerpolitico.mx\/wp-content\/uploads\/2022\/09\/93BA67D4-EDAC-46A7-A221-538BED8F7686-300x171.jpeg",300,171,true],"medium_large":["https:\/\/quehacerpolitico.mx\/wp-content\/uploads\/2022\/09\/93BA67D4-EDAC-46A7-A221-538BED8F7686.jpeg",640,365,false],"large":["https:\/\/quehacerpolitico.mx\/wp-content\/uploads\/2022\/09\/93BA67D4-EDAC-46A7-A221-538BED8F7686.jpeg",640,365,false],"1536x1536":["https:\/\/quehacerpolitico.mx\/wp-content\/uploads\/2022\/09\/93BA67D4-EDAC-46A7-A221-538BED8F7686.jpeg",733,418,false],"2048x2048":["https:\/\/quehacerpolitico.mx\/wp-content\/uploads\/2022\/09\/93BA67D4-EDAC-46A7-A221-538BED8F7686.jpeg",733,418,false],"covernews-featured":["https:\/\/quehacerpolitico.mx\/wp-content\/uploads\/2022\/09\/93BA67D4-EDAC-46A7-A221-538BED8F7686.jpeg",733,418,false],"covernews-medium":["https:\/\/quehacerpolitico.mx\/wp-content\/uploads\/2022\/09\/93BA67D4-EDAC-46A7-A221-538BED8F7686.jpeg",540,308,false]},"author_info":{"display_name":"Redacci\u00f3n QP","author_link":"https:\/\/quehacerpolitico.mx\/?author=2"},"category_info":"<a href=\"https:\/\/quehacerpolitico.mx\/?cat=56\" rel=\"category\">Econom\u00eda<\/a>","tag_info":"Econom\u00eda","comment_count":"0","_links":{"self":[{"href":"https:\/\/quehacerpolitico.mx\/index.php?rest_route=\/wp\/v2\/posts\/94899","targetHints":{"allow":["GET"]}}],"collection":[{"href":"https:\/\/quehacerpolitico.mx\/index.php?rest_route=\/wp\/v2\/posts"}],"about":[{"href":"https:\/\/quehacerpolitico.mx\/index.php?rest_route=\/wp\/v2\/types\/post"}],"author":[{"embeddable":true,"href":"https:\/\/quehacerpolitico.mx\/index.php?rest_route=\/wp\/v2\/users\/2"}],"replies":[{"embeddable":true,"href":"https:\/\/quehacerpolitico.mx\/index.php?rest_route=%2Fwp%2Fv2%2Fcomments&post=94899"}],"version-history":[{"count":1,"href":"https:\/\/quehacerpolitico.mx\/index.php?rest_route=\/wp\/v2\/posts\/94899\/revisions"}],"predecessor-version":[{"id":94901,"href":"https:\/\/quehacerpolitico.mx\/index.php?rest_route=\/wp\/v2\/posts\/94899\/revisions\/94901"}],"wp:featuredmedia":[{"embeddable":true,"href":"https:\/\/quehacerpolitico.mx\/index.php?rest_route=\/wp\/v2\/media\/94900"}],"wp:attachment":[{"href":"https:\/\/quehacerpolitico.mx\/index.php?rest_route=%2Fwp%2Fv2%2Fmedia&parent=94899"}],"wp:term":[{"taxonomy":"category","embeddable":true,"href":"https:\/\/quehacerpolitico.mx\/index.php?rest_route=%2Fwp%2Fv2%2Fcategories&post=94899"},{"taxonomy":"post_tag","embeddable":true,"href":"https:\/\/quehacerpolitico.mx\/index.php?rest_route=%2Fwp%2Fv2%2Ftags&post=94899"}],"curies":[{"name":"wp","href":"https:\/\/api.w.org\/{rel}","templated":true}]}}