{"id":94677,"date":"2022-08-23T22:57:28","date_gmt":"2022-08-23T22:57:28","guid":{"rendered":"https:\/\/quehacerpolitico.mx\/?p=94677"},"modified":"2022-08-23T22:57:31","modified_gmt":"2022-08-23T22:57:31","slug":"internacionales-carolina-alonso-romei-ucranianos-celebran-fiesta-nacional-con-exhibicion-de-tanques-y-vehiculos-rusos-quemados","status":"publish","type":"post","link":"https:\/\/quehacerpolitico.mx\/?p=94677","title":{"rendered":"Internacionales\/\/\/Carolina Alonso Romei\/\/\/Ucranianos celebran fiesta nacional con exhibici\u00f3n de tanques y veh\u00edculos rusos quemados\u00a0"},"content":{"rendered":"\n<p>Por Carolina Alonso Romei<\/p>\n\n\n\n<p>Internacionalista <\/p>\n\n\n\n<p>Los residentes se aglomeraron en la calle central, posaron para fotos junto a los cad\u00e1veres de los tanques rusos y comieron algod\u00f3n de az\u00facar coloreado con el amarillo y el azul de la bandera nacional.<\/p>\n\n\n\n<p>Los ucranianos se deleitaron con una exhibici\u00f3n surrealista de<strong>&nbsp;tanques y veh\u00edculos blindados rusos quemados<\/strong>dispuestos como trofeos de guerra en el centro de Kiev para conmemorar los&nbsp;<strong>31 a\u00f1os de independencia<\/strong>&nbsp;esta semana, pero los temores de nuevos ataques rusos acechaban detr\u00e1s del espect\u00e1culo de desaf\u00edo.<\/p>\n\n\n\n<p>La sensaci\u00f3n de una calma espeluznante antes de la tormenta creci\u00f3 el martes cuando la Embajada de los Estados Unidos les dijo a sus ciudadanos que abandonaran Ucrania por temor a posibles ataques con misiles rusos el D\u00eda de la Independencia el mi\u00e9rcoles.\u00a0<strong>Kiev ha advertido a Mosc\u00fa de una respuesta en\u00e9rgica si lo hace.<\/strong><\/p>\n\n\n\n<figure class=\"wp-block-image size-large\"><img loading=\"lazy\" decoding=\"async\" width=\"1024\" height=\"640\" src=\"https:\/\/quehacerpolitico.mx\/wp-content\/uploads\/2022\/08\/image-84-1024x640.jpeg\" alt=\"\" class=\"wp-image-94678\" srcset=\"https:\/\/quehacerpolitico.mx\/wp-content\/uploads\/2022\/08\/image-84-1024x640.jpeg 1024w, https:\/\/quehacerpolitico.mx\/wp-content\/uploads\/2022\/08\/image-84-300x188.jpeg 300w, https:\/\/quehacerpolitico.mx\/wp-content\/uploads\/2022\/08\/image-84-768x480.jpeg 768w, https:\/\/quehacerpolitico.mx\/wp-content\/uploads\/2022\/08\/image-84-234x146.jpeg 234w, https:\/\/quehacerpolitico.mx\/wp-content\/uploads\/2022\/08\/image-84-50x31.jpeg 50w, https:\/\/quehacerpolitico.mx\/wp-content\/uploads\/2022\/08\/image-84-120x75.jpeg 120w, https:\/\/quehacerpolitico.mx\/wp-content\/uploads\/2022\/08\/image-84.jpeg 1200w\" sizes=\"auto, (max-width: 1024px) 100vw, 1024px\" \/><\/figure>\n\n\n\n<p>El d\u00eda festivo, a casi seis meses dl inicio de la invasi\u00f3n de Rusia, a menudo se marca con un desfile militar, pero Kiev, por temor a los ataques a las manifestaciones masivas,<strong>prohibi\u00f3 los eventos p\u00fablicos en la ciudad este a\u00f1o.<\/strong>\u00a0Mantiene sus planes para marcar la fecha en secreto.<\/p>\n\n\n\n<p><strong>Los residentes se aglomeraron en la calle central,<\/strong>\u00a0posaron para fotos junto a los cad\u00e1veres de los tanques rusos y comieron algod\u00f3n de az\u00facar coloreado con el amarillo y el azul de la bandera nacional.<\/p>\n\n\n\n<figure class=\"wp-block-embed is-type-video is-provider-youtube wp-block-embed-youtube wp-embed-aspect-16-9 wp-has-aspect-ratio\"><div class=\"wp-block-embed__wrapper\">\n<iframe loading=\"lazy\" title=\"Ucrania | Tanques rusos destru\u00eddos para celebrar el D\u00eda de la Independencia\" width=\"640\" height=\"360\" src=\"https:\/\/www.youtube.com\/embed\/IhVvbgdlHWM?feature=oembed\" frameborder=\"0\" allow=\"accelerometer; autoplay; clipboard-write; encrypted-media; gyroscope; picture-in-picture; web-share\" referrerpolicy=\"strict-origin-when-cross-origin\" allowfullscreen><\/iframe>\n<\/div><\/figure>\n\n\n\n<p>Reflexionaron sobre la iron\u00eda de la exhibici\u00f3n de armaduras meses despu\u00e9s de que el l\u00edder checheno Ramzan Kadyrov, aliado de Vladimir Putin, promocionara planes para un desfile militar ruso en Kyiv, hasta que Mosc\u00fa abandon\u00f3 el asalto a la capital en marzo.<\/p>\n\n\n\n<p><strong>\u201cPutin so\u00f1\u00f3 con un desfile en Khreshchatyk, bueno, aqu\u00ed est\u00e1\u201d<\/strong>, dijo Pavel Pidreza, de 62 a\u00f1os, un soldado ucraniano retirado que admiraba los tanques mientras paseaba con su esposa, Vira.<\/p>\n\n\n\n<p>Mientras hablaban de desaf\u00edo y resiliencia nacional, los residentes tambi\u00e9n hablaron claramente de su dolor por seis meses de guerra que ha matado a miles, desplazado a millones y arrasado ciudades enteras.<\/p>\n\n\n\n<p>Franjas de Ucrania est\u00e1n ocupadas y existe un profundo temor de que el invierno que se avecina podr\u00eda ser, con mucho, el peor desde 1991,\u00a0<strong>con escasez de gas natural y carb\u00f3n que amenaza todo<\/strong>, desde el suministro de electricidad hasta la calefacci\u00f3n de los hogares.<\/p>\n\n\n\n<p>Entre los juerguistas en el centro de Kiev el lunes se encontraba un hombre llamado Oleksandr que se perdi\u00f3 en l\u00e1grimas al reflexionar sobre los seis meses de devastaci\u00f3n y exclam\u00f3 con voz temblorosa que no pod\u00eda hablar m\u00e1s.<\/p>\n\n\n\n<p>\u201cProbablemente nadie ha hecho tanto por unir a Ucrania como Putin\u201d, dijo otro residente, Yevhen Palamarchuk, de 38 a\u00f1os. \u201c<strong>Siempre tuvimos algunas tensiones internas en el pa\u00eds,<\/strong>\u00a0pero desde 2014, y especialmente desde febrero, estamos m\u00e1s unidos que nunca\u201d.<\/p>\n\n\n\n<figure class=\"wp-block-embed is-type-video is-provider-youtube wp-block-embed-youtube wp-embed-aspect-16-9 wp-has-aspect-ratio\"><div class=\"wp-block-embed__wrapper\">\n<iframe loading=\"lazy\" title=\"Ucrania se da un homenaje y organiza en Kiev un desfile de blindados rusos destrozados\" width=\"640\" height=\"360\" src=\"https:\/\/www.youtube.com\/embed\/3QGg6zpwjKo?feature=oembed\" frameborder=\"0\" allow=\"accelerometer; autoplay; clipboard-write; encrypted-media; gyroscope; picture-in-picture; web-share\" referrerpolicy=\"strict-origin-when-cross-origin\" allowfullscreen><\/iframe>\n<\/div><\/figure>\n\n\n\n<p>Dijo que \u00e9l, al igual que sus amigos, esperaban ansiosamente ver a Ucrania recuperar territorio en el sur en una contraofensiva muy cacareada despu\u00e9s de usar armas sofisticadas suministradas por Occidente para acosar y atacar las l\u00edneas de suministro rusas.<\/p>\n\n\n\n<p>\u201cLa gente est\u00e1 cansada de la guerra, pero es optimista. Ayuda que obtengamos armas de Occidente\u2026\u00a0<strong>Todo el mundo espera el primer gran \u00e9xito de nuestras fuerzas armadas<\/strong>\u201c, dijo Palamarchuk.<\/p>\n\n\n\n<p>Con informaci\u00f3n de Reuters<\/p>\n","protected":false},"excerpt":{"rendered":"<p>Por Carolina Alonso Romei Internacionalista Los residentes se aglomeraron en la calle central, posaron para&#8230;<\/p>\n","protected":false},"author":2,"featured_media":94679,"comment_status":"open","ping_status":"open","sticky":false,"template":"","format":"standard","meta":{"_monsterinsights_skip_tracking":false,"_monsterinsights_sitenote_active":false,"_monsterinsights_sitenote_note":"","_monsterinsights_sitenote_category":0,"footnotes":""},"categories":[1],"tags":[],"class_list":["post-94677","post","type-post","status-publish","format-standard","has-post-thumbnail","hentry","category-sin-categoria"],"yoast_head":"<!-- This site is optimized with the Yoast SEO plugin v27.3 - https:\/\/yoast.com\/product\/yoast-seo-wordpress\/ -->\n<title>Internacionales\/\/\/Carolina Alonso Romei\/\/\/Ucranianos celebran fiesta nacional con exhibici\u00f3n de tanques y veh\u00edculos rusos quemados\u00a0 -<\/title>\n<meta name=\"robots\" content=\"index, follow, max-snippet:-1, max-image-preview:large, max-video-preview:-1\" \/>\n<link rel=\"canonical\" href=\"https:\/\/quehacerpolitico.mx\/?p=94677\" \/>\n<meta property=\"og:locale\" content=\"es_MX\" \/>\n<meta property=\"og:type\" content=\"article\" \/>\n<meta property=\"og:title\" content=\"Internacionales\/\/\/Carolina Alonso Romei\/\/\/Ucranianos celebran fiesta nacional con exhibici\u00f3n de tanques y veh\u00edculos rusos quemados\u00a0 -\" \/>\n<meta property=\"og:description\" content=\"Por Carolina Alonso Romei Internacionalista Los residentes se aglomeraron en la calle central, posaron para...\" \/>\n<meta property=\"og:url\" content=\"https:\/\/quehacerpolitico.mx\/?p=94677\" \/>\n<meta property=\"article:published_time\" content=\"2022-08-23T22:57:28+00:00\" \/>\n<meta property=\"article:modified_time\" content=\"2022-08-23T22:57:31+00:00\" \/>\n<meta property=\"og:image\" content=\"https:\/\/quehacerpolitico.mx\/wp-content\/uploads\/2022\/08\/43FC1643-3D85-478F-B871-A34EAEFA03D3.jpeg\" \/>\n\t<meta property=\"og:image:width\" content=\"700\" \/>\n\t<meta property=\"og:image:height\" content=\"450\" \/>\n\t<meta property=\"og:image:type\" content=\"image\/jpeg\" \/>\n<meta name=\"author\" content=\"Redacci\u00f3n QP\" \/>\n<meta name=\"twitter:card\" content=\"summary_large_image\" \/>\n<meta name=\"twitter:label1\" content=\"Escrito por\" \/>\n\t<meta name=\"twitter:data1\" content=\"Redacci\u00f3n QP\" \/>\n\t<meta name=\"twitter:label2\" content=\"Tiempo de lectura\" \/>\n\t<meta name=\"twitter:data2\" content=\"3 minutos\" \/>\n<script type=\"application\/ld+json\" class=\"yoast-schema-graph\">{\"@context\":\"https:\\\/\\\/schema.org\",\"@graph\":[{\"@type\":\"Article\",\"@id\":\"https:\\\/\\\/quehacerpolitico.mx\\\/?p=94677#article\",\"isPartOf\":{\"@id\":\"https:\\\/\\\/quehacerpolitico.mx\\\/?p=94677\"},\"author\":{\"name\":\"Redacci\u00f3n QP\",\"@id\":\"https:\\\/\\\/quehacerpolitico.mx\\\/#\\\/schema\\\/person\\\/496d8ad2d1d3f8036101dca7ee39e585\"},\"headline\":\"Internacionales\\\/\\\/\\\/Carolina Alonso Romei\\\/\\\/\\\/Ucranianos celebran fiesta nacional con exhibici\u00f3n de tanques y veh\u00edculos rusos quemados\u00a0\",\"datePublished\":\"2022-08-23T22:57:28+00:00\",\"dateModified\":\"2022-08-23T22:57:31+00:00\",\"mainEntityOfPage\":{\"@id\":\"https:\\\/\\\/quehacerpolitico.mx\\\/?p=94677\"},\"wordCount\":595,\"commentCount\":0,\"image\":{\"@id\":\"https:\\\/\\\/quehacerpolitico.mx\\\/?p=94677#primaryimage\"},\"thumbnailUrl\":\"https:\\\/\\\/quehacerpolitico.mx\\\/wp-content\\\/uploads\\\/2022\\\/08\\\/43FC1643-3D85-478F-B871-A34EAEFA03D3.jpeg\",\"articleSection\":[\"Internacionales\"],\"inLanguage\":\"es\",\"potentialAction\":[{\"@type\":\"CommentAction\",\"name\":\"Comment\",\"target\":[\"https:\\\/\\\/quehacerpolitico.mx\\\/?p=94677#respond\"]}]},{\"@type\":\"WebPage\",\"@id\":\"https:\\\/\\\/quehacerpolitico.mx\\\/?p=94677\",\"url\":\"https:\\\/\\\/quehacerpolitico.mx\\\/?p=94677\",\"name\":\"Internacionales\\\/\\\/\\\/Carolina Alonso Romei\\\/\\\/\\\/Ucranianos celebran fiesta nacional con exhibici\u00f3n de tanques y veh\u00edculos rusos quemados\u00a0 -\",\"isPartOf\":{\"@id\":\"https:\\\/\\\/quehacerpolitico.mx\\\/#website\"},\"primaryImageOfPage\":{\"@id\":\"https:\\\/\\\/quehacerpolitico.mx\\\/?p=94677#primaryimage\"},\"image\":{\"@id\":\"https:\\\/\\\/quehacerpolitico.mx\\\/?p=94677#primaryimage\"},\"thumbnailUrl\":\"https:\\\/\\\/quehacerpolitico.mx\\\/wp-content\\\/uploads\\\/2022\\\/08\\\/43FC1643-3D85-478F-B871-A34EAEFA03D3.jpeg\",\"datePublished\":\"2022-08-23T22:57:28+00:00\",\"dateModified\":\"2022-08-23T22:57:31+00:00\",\"author\":{\"@id\":\"https:\\\/\\\/quehacerpolitico.mx\\\/#\\\/schema\\\/person\\\/496d8ad2d1d3f8036101dca7ee39e585\"},\"breadcrumb\":{\"@id\":\"https:\\\/\\\/quehacerpolitico.mx\\\/?p=94677#breadcrumb\"},\"inLanguage\":\"es\",\"potentialAction\":[{\"@type\":\"ReadAction\",\"target\":[\"https:\\\/\\\/quehacerpolitico.mx\\\/?p=94677\"]}]},{\"@type\":\"ImageObject\",\"inLanguage\":\"es\",\"@id\":\"https:\\\/\\\/quehacerpolitico.mx\\\/?p=94677#primaryimage\",\"url\":\"https:\\\/\\\/quehacerpolitico.mx\\\/wp-content\\\/uploads\\\/2022\\\/08\\\/43FC1643-3D85-478F-B871-A34EAEFA03D3.jpeg\",\"contentUrl\":\"https:\\\/\\\/quehacerpolitico.mx\\\/wp-content\\\/uploads\\\/2022\\\/08\\\/43FC1643-3D85-478F-B871-A34EAEFA03D3.jpeg\",\"width\":700,\"height\":450},{\"@type\":\"BreadcrumbList\",\"@id\":\"https:\\\/\\\/quehacerpolitico.mx\\\/?p=94677#breadcrumb\",\"itemListElement\":[{\"@type\":\"ListItem\",\"position\":1,\"name\":\"Inicio\",\"item\":\"https:\\\/\\\/quehacerpolitico.mx\\\/\"},{\"@type\":\"ListItem\",\"position\":2,\"name\":\"Internacionales\\\/\\\/\\\/Carolina Alonso Romei\\\/\\\/\\\/Ucranianos celebran fiesta nacional con exhibici\u00f3n de tanques y veh\u00edculos rusos quemados\u00a0\"}]},{\"@type\":\"WebSite\",\"@id\":\"https:\\\/\\\/quehacerpolitico.mx\\\/#website\",\"url\":\"https:\\\/\\\/quehacerpolitico.mx\\\/\",\"name\":\"\",\"description\":\"\",\"potentialAction\":[{\"@type\":\"SearchAction\",\"target\":{\"@type\":\"EntryPoint\",\"urlTemplate\":\"https:\\\/\\\/quehacerpolitico.mx\\\/?s={search_term_string}\"},\"query-input\":{\"@type\":\"PropertyValueSpecification\",\"valueRequired\":true,\"valueName\":\"search_term_string\"}}],\"inLanguage\":\"es\"},{\"@type\":\"Person\",\"@id\":\"https:\\\/\\\/quehacerpolitico.mx\\\/#\\\/schema\\\/person\\\/496d8ad2d1d3f8036101dca7ee39e585\",\"name\":\"Redacci\u00f3n QP\",\"image\":{\"@type\":\"ImageObject\",\"inLanguage\":\"es\",\"@id\":\"https:\\\/\\\/secure.gravatar.com\\\/avatar\\\/c7164ed6fdec453195284ad24a5ae5b6e1eed2b848477fa2a4787ba9adf39a41?s=96&d=mm&r=g\",\"url\":\"https:\\\/\\\/secure.gravatar.com\\\/avatar\\\/c7164ed6fdec453195284ad24a5ae5b6e1eed2b848477fa2a4787ba9adf39a41?s=96&d=mm&r=g\",\"contentUrl\":\"https:\\\/\\\/secure.gravatar.com\\\/avatar\\\/c7164ed6fdec453195284ad24a5ae5b6e1eed2b848477fa2a4787ba9adf39a41?s=96&d=mm&r=g\",\"caption\":\"Redacci\u00f3n QP\"},\"url\":\"https:\\\/\\\/quehacerpolitico.mx\\\/?author=2\"}]}<\/script>\n<!-- \/ Yoast SEO plugin. -->","yoast_head_json":{"title":"Internacionales\/\/\/Carolina Alonso Romei\/\/\/Ucranianos celebran fiesta nacional con exhibici\u00f3n de tanques y veh\u00edculos rusos quemados\u00a0 -","robots":{"index":"index","follow":"follow","max-snippet":"max-snippet:-1","max-image-preview":"max-image-preview:large","max-video-preview":"max-video-preview:-1"},"canonical":"https:\/\/quehacerpolitico.mx\/?p=94677","og_locale":"es_MX","og_type":"article","og_title":"Internacionales\/\/\/Carolina Alonso Romei\/\/\/Ucranianos celebran fiesta nacional con exhibici\u00f3n de tanques y veh\u00edculos rusos quemados\u00a0 -","og_description":"Por Carolina Alonso Romei Internacionalista Los residentes se aglomeraron en la calle central, posaron para...","og_url":"https:\/\/quehacerpolitico.mx\/?p=94677","article_published_time":"2022-08-23T22:57:28+00:00","article_modified_time":"2022-08-23T22:57:31+00:00","og_image":[{"width":700,"height":450,"url":"https:\/\/quehacerpolitico.mx\/wp-content\/uploads\/2022\/08\/43FC1643-3D85-478F-B871-A34EAEFA03D3.jpeg","type":"image\/jpeg"}],"author":"Redacci\u00f3n QP","twitter_card":"summary_large_image","twitter_misc":{"Escrito por":"Redacci\u00f3n QP","Tiempo de lectura":"3 minutos"},"schema":{"@context":"https:\/\/schema.org","@graph":[{"@type":"Article","@id":"https:\/\/quehacerpolitico.mx\/?p=94677#article","isPartOf":{"@id":"https:\/\/quehacerpolitico.mx\/?p=94677"},"author":{"name":"Redacci\u00f3n QP","@id":"https:\/\/quehacerpolitico.mx\/#\/schema\/person\/496d8ad2d1d3f8036101dca7ee39e585"},"headline":"Internacionales\/\/\/Carolina Alonso Romei\/\/\/Ucranianos celebran fiesta nacional con exhibici\u00f3n de tanques y veh\u00edculos rusos quemados\u00a0","datePublished":"2022-08-23T22:57:28+00:00","dateModified":"2022-08-23T22:57:31+00:00","mainEntityOfPage":{"@id":"https:\/\/quehacerpolitico.mx\/?p=94677"},"wordCount":595,"commentCount":0,"image":{"@id":"https:\/\/quehacerpolitico.mx\/?p=94677#primaryimage"},"thumbnailUrl":"https:\/\/quehacerpolitico.mx\/wp-content\/uploads\/2022\/08\/43FC1643-3D85-478F-B871-A34EAEFA03D3.jpeg","articleSection":["Internacionales"],"inLanguage":"es","potentialAction":[{"@type":"CommentAction","name":"Comment","target":["https:\/\/quehacerpolitico.mx\/?p=94677#respond"]}]},{"@type":"WebPage","@id":"https:\/\/quehacerpolitico.mx\/?p=94677","url":"https:\/\/quehacerpolitico.mx\/?p=94677","name":"Internacionales\/\/\/Carolina Alonso Romei\/\/\/Ucranianos celebran fiesta nacional con exhibici\u00f3n de tanques y veh\u00edculos rusos quemados\u00a0 -","isPartOf":{"@id":"https:\/\/quehacerpolitico.mx\/#website"},"primaryImageOfPage":{"@id":"https:\/\/quehacerpolitico.mx\/?p=94677#primaryimage"},"image":{"@id":"https:\/\/quehacerpolitico.mx\/?p=94677#primaryimage"},"thumbnailUrl":"https:\/\/quehacerpolitico.mx\/wp-content\/uploads\/2022\/08\/43FC1643-3D85-478F-B871-A34EAEFA03D3.jpeg","datePublished":"2022-08-23T22:57:28+00:00","dateModified":"2022-08-23T22:57:31+00:00","author":{"@id":"https:\/\/quehacerpolitico.mx\/#\/schema\/person\/496d8ad2d1d3f8036101dca7ee39e585"},"breadcrumb":{"@id":"https:\/\/quehacerpolitico.mx\/?p=94677#breadcrumb"},"inLanguage":"es","potentialAction":[{"@type":"ReadAction","target":["https:\/\/quehacerpolitico.mx\/?p=94677"]}]},{"@type":"ImageObject","inLanguage":"es","@id":"https:\/\/quehacerpolitico.mx\/?p=94677#primaryimage","url":"https:\/\/quehacerpolitico.mx\/wp-content\/uploads\/2022\/08\/43FC1643-3D85-478F-B871-A34EAEFA03D3.jpeg","contentUrl":"https:\/\/quehacerpolitico.mx\/wp-content\/uploads\/2022\/08\/43FC1643-3D85-478F-B871-A34EAEFA03D3.jpeg","width":700,"height":450},{"@type":"BreadcrumbList","@id":"https:\/\/quehacerpolitico.mx\/?p=94677#breadcrumb","itemListElement":[{"@type":"ListItem","position":1,"name":"Inicio","item":"https:\/\/quehacerpolitico.mx\/"},{"@type":"ListItem","position":2,"name":"Internacionales\/\/\/Carolina Alonso Romei\/\/\/Ucranianos celebran fiesta nacional con exhibici\u00f3n de tanques y veh\u00edculos rusos quemados\u00a0"}]},{"@type":"WebSite","@id":"https:\/\/quehacerpolitico.mx\/#website","url":"https:\/\/quehacerpolitico.mx\/","name":"","description":"","potentialAction":[{"@type":"SearchAction","target":{"@type":"EntryPoint","urlTemplate":"https:\/\/quehacerpolitico.mx\/?s={search_term_string}"},"query-input":{"@type":"PropertyValueSpecification","valueRequired":true,"valueName":"search_term_string"}}],"inLanguage":"es"},{"@type":"Person","@id":"https:\/\/quehacerpolitico.mx\/#\/schema\/person\/496d8ad2d1d3f8036101dca7ee39e585","name":"Redacci\u00f3n QP","image":{"@type":"ImageObject","inLanguage":"es","@id":"https:\/\/secure.gravatar.com\/avatar\/c7164ed6fdec453195284ad24a5ae5b6e1eed2b848477fa2a4787ba9adf39a41?s=96&d=mm&r=g","url":"https:\/\/secure.gravatar.com\/avatar\/c7164ed6fdec453195284ad24a5ae5b6e1eed2b848477fa2a4787ba9adf39a41?s=96&d=mm&r=g","contentUrl":"https:\/\/secure.gravatar.com\/avatar\/c7164ed6fdec453195284ad24a5ae5b6e1eed2b848477fa2a4787ba9adf39a41?s=96&d=mm&r=g","caption":"Redacci\u00f3n QP"},"url":"https:\/\/quehacerpolitico.mx\/?author=2"}]}},"featured_image_urls":{"full":["https:\/\/quehacerpolitico.mx\/wp-content\/uploads\/2022\/08\/43FC1643-3D85-478F-B871-A34EAEFA03D3.jpeg",700,450,false],"thumbnail":["https:\/\/quehacerpolitico.mx\/wp-content\/uploads\/2022\/08\/43FC1643-3D85-478F-B871-A34EAEFA03D3-150x150.jpeg",150,150,true],"medium":["https:\/\/quehacerpolitico.mx\/wp-content\/uploads\/2022\/08\/43FC1643-3D85-478F-B871-A34EAEFA03D3-300x193.jpeg",300,193,true],"medium_large":["https:\/\/quehacerpolitico.mx\/wp-content\/uploads\/2022\/08\/43FC1643-3D85-478F-B871-A34EAEFA03D3.jpeg",640,411,false],"large":["https:\/\/quehacerpolitico.mx\/wp-content\/uploads\/2022\/08\/43FC1643-3D85-478F-B871-A34EAEFA03D3.jpeg",640,411,false],"1536x1536":["https:\/\/quehacerpolitico.mx\/wp-content\/uploads\/2022\/08\/43FC1643-3D85-478F-B871-A34EAEFA03D3.jpeg",700,450,false],"2048x2048":["https:\/\/quehacerpolitico.mx\/wp-content\/uploads\/2022\/08\/43FC1643-3D85-478F-B871-A34EAEFA03D3.jpeg",700,450,false],"covernews-featured":["https:\/\/quehacerpolitico.mx\/wp-content\/uploads\/2022\/08\/43FC1643-3D85-478F-B871-A34EAEFA03D3.jpeg",700,450,false],"covernews-medium":["https:\/\/quehacerpolitico.mx\/wp-content\/uploads\/2022\/08\/43FC1643-3D85-478F-B871-A34EAEFA03D3.jpeg",529,340,false]},"author_info":{"display_name":"Redacci\u00f3n QP","author_link":"https:\/\/quehacerpolitico.mx\/?author=2"},"category_info":"<a href=\"https:\/\/quehacerpolitico.mx\/?cat=1\" rel=\"category\">Internacionales<\/a>","tag_info":"Internacionales","comment_count":"0","_links":{"self":[{"href":"https:\/\/quehacerpolitico.mx\/index.php?rest_route=\/wp\/v2\/posts\/94677","targetHints":{"allow":["GET"]}}],"collection":[{"href":"https:\/\/quehacerpolitico.mx\/index.php?rest_route=\/wp\/v2\/posts"}],"about":[{"href":"https:\/\/quehacerpolitico.mx\/index.php?rest_route=\/wp\/v2\/types\/post"}],"author":[{"embeddable":true,"href":"https:\/\/quehacerpolitico.mx\/index.php?rest_route=\/wp\/v2\/users\/2"}],"replies":[{"embeddable":true,"href":"https:\/\/quehacerpolitico.mx\/index.php?rest_route=%2Fwp%2Fv2%2Fcomments&post=94677"}],"version-history":[{"count":1,"href":"https:\/\/quehacerpolitico.mx\/index.php?rest_route=\/wp\/v2\/posts\/94677\/revisions"}],"predecessor-version":[{"id":94680,"href":"https:\/\/quehacerpolitico.mx\/index.php?rest_route=\/wp\/v2\/posts\/94677\/revisions\/94680"}],"wp:featuredmedia":[{"embeddable":true,"href":"https:\/\/quehacerpolitico.mx\/index.php?rest_route=\/wp\/v2\/media\/94679"}],"wp:attachment":[{"href":"https:\/\/quehacerpolitico.mx\/index.php?rest_route=%2Fwp%2Fv2%2Fmedia&parent=94677"}],"wp:term":[{"taxonomy":"category","embeddable":true,"href":"https:\/\/quehacerpolitico.mx\/index.php?rest_route=%2Fwp%2Fv2%2Fcategories&post=94677"},{"taxonomy":"post_tag","embeddable":true,"href":"https:\/\/quehacerpolitico.mx\/index.php?rest_route=%2Fwp%2Fv2%2Ftags&post=94677"}],"curies":[{"name":"wp","href":"https:\/\/api.w.org\/{rel}","templated":true}]}}