{"id":94672,"date":"2022-08-23T22:34:31","date_gmt":"2022-08-23T22:34:31","guid":{"rendered":"https:\/\/quehacerpolitico.mx\/?p=94672"},"modified":"2022-08-23T22:34:36","modified_gmt":"2022-08-23T22:34:36","slug":"fernanda-contreras-consigue-su-boleto-al-grand-slam-del-us-open-2022","status":"publish","type":"post","link":"https:\/\/quehacerpolitico.mx\/?p=94672","title":{"rendered":"Fernanda Contreras consigue su boleto\u00a0al Grand Slam del US Open 2022"},"content":{"rendered":"\n<p>Por Redacci\u00f3n QP<\/p>\n\n\n\n<p>La tenista potosina sell\u00f3 su pase al cuadro principal del torneo Grand Slam, \u00faltimo de la temporada, con un grito de &#8220;\u00a1Viva M\u00e9xico!&#8221;, tras vencer 3-6, 6-3 y 1-6 a la espa\u00f1ola Andrea L\u00e1zaro Garc\u00eda en la \u00faltima ronda de la clasificaci\u00f3n.<\/p>\n\n\n\n<p>La tenista mexicana\u00a0<strong>Fernanda Contreras<\/strong>, n\u00famero\u00a0138 del mundo, venci\u00f3 3-6, 6-3 y 1-a la espa\u00f1ola\u00a0<strong>Andrea L\u00e1zaro Garc\u00eda<\/strong>\u00a0,en la ronda previa del\u00a0<strong>US Open 2022<\/strong>, \u00faltimo torneo Grand Slam del a\u00f1o, y\u00a0<strong>se clasific\u00f3 al cuadro principal del \u2018Grande\u2019 estadounidense.<\/strong><\/p>\n\n\n\n<figure class=\"wp-block-image size-full\"><img loading=\"lazy\" decoding=\"async\" width=\"741\" height=\"414\" src=\"https:\/\/quehacerpolitico.mx\/wp-content\/uploads\/2022\/08\/image-83.jpeg\" alt=\"\" class=\"wp-image-94674\" srcset=\"https:\/\/quehacerpolitico.mx\/wp-content\/uploads\/2022\/08\/image-83.jpeg 741w, https:\/\/quehacerpolitico.mx\/wp-content\/uploads\/2022\/08\/image-83-300x168.jpeg 300w, https:\/\/quehacerpolitico.mx\/wp-content\/uploads\/2022\/08\/image-83-260x146.jpeg 260w, https:\/\/quehacerpolitico.mx\/wp-content\/uploads\/2022\/08\/image-83-50x28.jpeg 50w, https:\/\/quehacerpolitico.mx\/wp-content\/uploads\/2022\/08\/image-83-134x75.jpeg 134w\" sizes=\"auto, (max-width: 741px) 100vw, 741px\" \/><\/figure>\n\n\n\n<figure class=\"wp-block-image size-large\"><img loading=\"lazy\" decoding=\"async\" width=\"1024\" height=\"683\" src=\"https:\/\/quehacerpolitico.mx\/wp-content\/uploads\/2022\/08\/image-82-1024x683.jpeg\" alt=\"\" class=\"wp-image-94673\" srcset=\"https:\/\/quehacerpolitico.mx\/wp-content\/uploads\/2022\/08\/image-82-1024x683.jpeg 1024w, https:\/\/quehacerpolitico.mx\/wp-content\/uploads\/2022\/08\/image-82-300x200.jpeg 300w, https:\/\/quehacerpolitico.mx\/wp-content\/uploads\/2022\/08\/image-82-768x512.jpeg 768w, https:\/\/quehacerpolitico.mx\/wp-content\/uploads\/2022\/08\/image-82-219x146.jpeg 219w, https:\/\/quehacerpolitico.mx\/wp-content\/uploads\/2022\/08\/image-82-50x33.jpeg 50w, https:\/\/quehacerpolitico.mx\/wp-content\/uploads\/2022\/08\/image-82-113x75.jpeg 113w, https:\/\/quehacerpolitico.mx\/wp-content\/uploads\/2022\/08\/image-82.jpeg 1200w\" sizes=\"auto, (max-width: 1024px) 100vw, 1024px\" \/><\/figure>\n\n\n\n<p><strong>La mexicana fue superior a la espa\u00f1ola<\/strong>\u00a0en el primer set.\u00a0<strong>La potosina quebr\u00f3 el saque de su rival en dos ocasiones<\/strong>\u00a0y se llev\u00f3 el primer parcial\u00a0<strong>6-3,\u00a0<\/strong>luego de 35 minutos de partido.<\/p>\n\n\n\n<p>En el segundo set le toc\u00f3 sufrir.&nbsp;<strong>L\u00e1zaro Garc\u00eda<\/strong>&nbsp;<strong>capitaliz\u00f3 los errores de Contreras<\/strong>y luego de&nbsp;<strong>tres doble faltas<\/strong>&nbsp;se llev\u00f3 el sets e igual\u00f3 el duelo con un 3-6.<\/p>\n\n\n\n<p>En el \u00faltimo asalto,\u00a0<strong>la mexicana demostr\u00f3 un gran nivel<\/strong>\u00a0y jug\u00f3 con mucho ritmo. El pase al cuadro general lo sell\u00f3 con un \u2018ace\u2019 y con un grito:\u00a0<strong>\u201c\u00a1Viva M\u00e9xico!\u201d.<\/strong><\/p>\n\n\n\n<p>La potosina, de 24 a\u00f1os, se medir\u00e1 a la rumana\u00a0<strong>Ana Bogdan<\/strong>, n\u00famero 65 del ranking, en la primera ronda del\u00a0<strong>US Open<\/strong>, \u00faltimo torneo que disputar\u00e1\u00a0<strong>Serena Williams,\u00a0<\/strong>23 veces ganadora de\u00a0<strong>Grand Slams.<\/strong><\/p>\n\n\n\n<figure class=\"wp-block-embed is-type-rich is-provider-twitter wp-block-embed-twitter\"><div class=\"wp-block-embed__wrapper\">\n<blockquote class=\"twitter-tweet\" data-width=\"550\" data-dnt=\"true\"><p lang=\"en\" dir=\"ltr\">Scoop up Chip \u2705<br><br>Get ready for the US Open \u2705 <a href=\"https:\/\/t.co\/UM8Uwm9FfP\">pic.twitter.com\/UM8Uwm9FfP<\/a><\/p>&mdash; US Open Tennis (@usopen) <a href=\"https:\/\/twitter.com\/usopen\/status\/1562066706494898178?ref_src=twsrc%5Etfw\">August 23, 2022<\/a><\/blockquote><script async src=\"https:\/\/platform.twitter.com\/widgets.js\" charset=\"utf-8\"><\/script>\n<\/div><\/figure>\n\n\n\n<p><strong>Contreras<\/strong>\u00a0participar\u00e1 en su tercer<strong>\u00a0Grand Slam<\/strong>\u00a0del a\u00f1o, luego de disputar\u00a0<strong>Roland Garros<\/strong>\u00a0y\u00a0<strong>Wimbledon<\/strong>, donde qued\u00f3 eliminada en segunda y primera ronda respectivamente.<\/p>\n\n\n\n<figure class=\"wp-block-embed is-type-rich is-provider-twitter wp-block-embed-twitter\"><div class=\"wp-block-embed__wrapper\">\n<blockquote class=\"twitter-tweet\" data-width=\"550\" data-dnt=\"true\"><p lang=\"es\" dir=\"ltr\">Emociones al 1000% . As\u00ed fue como Fernanda Contreras celebr\u00f3 su hist\u00f3rico pase a Wimbledon, con l\u00e1grimas en los ojos y sosteniendo la bandera de M\u00e9xico \ud83c\uddf2\ud83c\uddfd.<br><br>A por m\u00e1s \u00e9xitos <a href=\"https:\/\/twitter.com\/FerCongo?ref_src=twsrc%5Etfw\">@FerCongo<\/a> <a href=\"https:\/\/t.co\/6exfgK3O2O\">pic.twitter.com\/6exfgK3O2O<\/a><\/p>&mdash; DANIEL SANTILL\u00c1N (@_santillanmx) <a href=\"https:\/\/twitter.com\/_santillanmx\/status\/1540013654569095169?ref_src=twsrc%5Etfw\">June 23, 2022<\/a><\/blockquote><script async src=\"https:\/\/platform.twitter.com\/widgets.js\" charset=\"utf-8\"><\/script>\n<\/div><\/figure>\n\n\n\n<p>Con informaci\u00f3n de La Afici\u00f3n<\/p>\n","protected":false},"excerpt":{"rendered":"<p>Por Redacci\u00f3n QP La tenista potosina sell\u00f3 su pase al cuadro principal del torneo Grand&#8230;<\/p>\n","protected":false},"author":2,"featured_media":94675,"comment_status":"open","ping_status":"open","sticky":false,"template":"","format":"standard","meta":{"_monsterinsights_skip_tracking":false,"_monsterinsights_sitenote_active":false,"_monsterinsights_sitenote_note":"","_monsterinsights_sitenote_category":0,"footnotes":""},"categories":[54],"tags":[],"class_list":["post-94672","post","type-post","status-publish","format-standard","has-post-thumbnail","hentry","category-deportes"],"yoast_head":"<!-- This site is optimized with the Yoast SEO plugin v27.3 - https:\/\/yoast.com\/product\/yoast-seo-wordpress\/ -->\n<title>Fernanda Contreras consigue su boleto\u00a0al Grand Slam del US Open 2022 -<\/title>\n<meta name=\"robots\" content=\"index, follow, max-snippet:-1, max-image-preview:large, max-video-preview:-1\" \/>\n<link rel=\"canonical\" href=\"https:\/\/quehacerpolitico.mx\/?p=94672\" \/>\n<meta property=\"og:locale\" content=\"es_MX\" \/>\n<meta property=\"og:type\" content=\"article\" \/>\n<meta property=\"og:title\" content=\"Fernanda Contreras consigue su boleto\u00a0al Grand Slam del US Open 2022 -\" \/>\n<meta property=\"og:description\" content=\"Por Redacci\u00f3n QP La tenista potosina sell\u00f3 su pase al cuadro principal del torneo Grand...\" \/>\n<meta property=\"og:url\" content=\"https:\/\/quehacerpolitico.mx\/?p=94672\" \/>\n<meta property=\"article:published_time\" content=\"2022-08-23T22:34:31+00:00\" \/>\n<meta property=\"article:modified_time\" content=\"2022-08-23T22:34:36+00:00\" \/>\n<meta property=\"og:image\" content=\"https:\/\/quehacerpolitico.mx\/wp-content\/uploads\/2022\/08\/4EA11042-8DF9-48BF-9FD5-31F7CF85AA8F.jpeg\" \/>\n\t<meta property=\"og:image:width\" content=\"300\" \/>\n\t<meta property=\"og:image:height\" content=\"186\" \/>\n\t<meta property=\"og:image:type\" content=\"image\/jpeg\" \/>\n<meta name=\"author\" content=\"Redacci\u00f3n QP\" \/>\n<meta name=\"twitter:card\" content=\"summary_large_image\" \/>\n<meta name=\"twitter:label1\" content=\"Escrito por\" \/>\n\t<meta name=\"twitter:data1\" content=\"Redacci\u00f3n QP\" \/>\n\t<meta name=\"twitter:label2\" content=\"Tiempo de lectura\" \/>\n\t<meta name=\"twitter:data2\" content=\"1 minuto\" \/>\n<script type=\"application\/ld+json\" class=\"yoast-schema-graph\">{\"@context\":\"https:\\\/\\\/schema.org\",\"@graph\":[{\"@type\":\"Article\",\"@id\":\"https:\\\/\\\/quehacerpolitico.mx\\\/?p=94672#article\",\"isPartOf\":{\"@id\":\"https:\\\/\\\/quehacerpolitico.mx\\\/?p=94672\"},\"author\":{\"name\":\"Redacci\u00f3n QP\",\"@id\":\"https:\\\/\\\/quehacerpolitico.mx\\\/#\\\/schema\\\/person\\\/496d8ad2d1d3f8036101dca7ee39e585\"},\"headline\":\"Fernanda Contreras consigue su boleto\u00a0al Grand Slam del US Open 2022\",\"datePublished\":\"2022-08-23T22:34:31+00:00\",\"dateModified\":\"2022-08-23T22:34:36+00:00\",\"mainEntityOfPage\":{\"@id\":\"https:\\\/\\\/quehacerpolitico.mx\\\/?p=94672\"},\"wordCount\":296,\"commentCount\":0,\"image\":{\"@id\":\"https:\\\/\\\/quehacerpolitico.mx\\\/?p=94672#primaryimage\"},\"thumbnailUrl\":\"https:\\\/\\\/quehacerpolitico.mx\\\/wp-content\\\/uploads\\\/2022\\\/08\\\/4EA11042-8DF9-48BF-9FD5-31F7CF85AA8F.jpeg\",\"articleSection\":[\"Deportes\"],\"inLanguage\":\"es\",\"potentialAction\":[{\"@type\":\"CommentAction\",\"name\":\"Comment\",\"target\":[\"https:\\\/\\\/quehacerpolitico.mx\\\/?p=94672#respond\"]}]},{\"@type\":\"WebPage\",\"@id\":\"https:\\\/\\\/quehacerpolitico.mx\\\/?p=94672\",\"url\":\"https:\\\/\\\/quehacerpolitico.mx\\\/?p=94672\",\"name\":\"Fernanda Contreras consigue su boleto\u00a0al Grand Slam del US Open 2022 -\",\"isPartOf\":{\"@id\":\"https:\\\/\\\/quehacerpolitico.mx\\\/#website\"},\"primaryImageOfPage\":{\"@id\":\"https:\\\/\\\/quehacerpolitico.mx\\\/?p=94672#primaryimage\"},\"image\":{\"@id\":\"https:\\\/\\\/quehacerpolitico.mx\\\/?p=94672#primaryimage\"},\"thumbnailUrl\":\"https:\\\/\\\/quehacerpolitico.mx\\\/wp-content\\\/uploads\\\/2022\\\/08\\\/4EA11042-8DF9-48BF-9FD5-31F7CF85AA8F.jpeg\",\"datePublished\":\"2022-08-23T22:34:31+00:00\",\"dateModified\":\"2022-08-23T22:34:36+00:00\",\"author\":{\"@id\":\"https:\\\/\\\/quehacerpolitico.mx\\\/#\\\/schema\\\/person\\\/496d8ad2d1d3f8036101dca7ee39e585\"},\"breadcrumb\":{\"@id\":\"https:\\\/\\\/quehacerpolitico.mx\\\/?p=94672#breadcrumb\"},\"inLanguage\":\"es\",\"potentialAction\":[{\"@type\":\"ReadAction\",\"target\":[\"https:\\\/\\\/quehacerpolitico.mx\\\/?p=94672\"]}]},{\"@type\":\"ImageObject\",\"inLanguage\":\"es\",\"@id\":\"https:\\\/\\\/quehacerpolitico.mx\\\/?p=94672#primaryimage\",\"url\":\"https:\\\/\\\/quehacerpolitico.mx\\\/wp-content\\\/uploads\\\/2022\\\/08\\\/4EA11042-8DF9-48BF-9FD5-31F7CF85AA8F.jpeg\",\"contentUrl\":\"https:\\\/\\\/quehacerpolitico.mx\\\/wp-content\\\/uploads\\\/2022\\\/08\\\/4EA11042-8DF9-48BF-9FD5-31F7CF85AA8F.jpeg\",\"width\":300,\"height\":186},{\"@type\":\"BreadcrumbList\",\"@id\":\"https:\\\/\\\/quehacerpolitico.mx\\\/?p=94672#breadcrumb\",\"itemListElement\":[{\"@type\":\"ListItem\",\"position\":1,\"name\":\"Inicio\",\"item\":\"https:\\\/\\\/quehacerpolitico.mx\\\/\"},{\"@type\":\"ListItem\",\"position\":2,\"name\":\"Fernanda Contreras consigue su boleto\u00a0al Grand Slam del US Open 2022\"}]},{\"@type\":\"WebSite\",\"@id\":\"https:\\\/\\\/quehacerpolitico.mx\\\/#website\",\"url\":\"https:\\\/\\\/quehacerpolitico.mx\\\/\",\"name\":\"\",\"description\":\"\",\"potentialAction\":[{\"@type\":\"SearchAction\",\"target\":{\"@type\":\"EntryPoint\",\"urlTemplate\":\"https:\\\/\\\/quehacerpolitico.mx\\\/?s={search_term_string}\"},\"query-input\":{\"@type\":\"PropertyValueSpecification\",\"valueRequired\":true,\"valueName\":\"search_term_string\"}}],\"inLanguage\":\"es\"},{\"@type\":\"Person\",\"@id\":\"https:\\\/\\\/quehacerpolitico.mx\\\/#\\\/schema\\\/person\\\/496d8ad2d1d3f8036101dca7ee39e585\",\"name\":\"Redacci\u00f3n QP\",\"image\":{\"@type\":\"ImageObject\",\"inLanguage\":\"es\",\"@id\":\"https:\\\/\\\/secure.gravatar.com\\\/avatar\\\/c7164ed6fdec453195284ad24a5ae5b6e1eed2b848477fa2a4787ba9adf39a41?s=96&d=mm&r=g\",\"url\":\"https:\\\/\\\/secure.gravatar.com\\\/avatar\\\/c7164ed6fdec453195284ad24a5ae5b6e1eed2b848477fa2a4787ba9adf39a41?s=96&d=mm&r=g\",\"contentUrl\":\"https:\\\/\\\/secure.gravatar.com\\\/avatar\\\/c7164ed6fdec453195284ad24a5ae5b6e1eed2b848477fa2a4787ba9adf39a41?s=96&d=mm&r=g\",\"caption\":\"Redacci\u00f3n QP\"},\"url\":\"https:\\\/\\\/quehacerpolitico.mx\\\/?author=2\"}]}<\/script>\n<!-- \/ Yoast SEO plugin. -->","yoast_head_json":{"title":"Fernanda Contreras consigue su boleto\u00a0al Grand Slam del US Open 2022 -","robots":{"index":"index","follow":"follow","max-snippet":"max-snippet:-1","max-image-preview":"max-image-preview:large","max-video-preview":"max-video-preview:-1"},"canonical":"https:\/\/quehacerpolitico.mx\/?p=94672","og_locale":"es_MX","og_type":"article","og_title":"Fernanda Contreras consigue su boleto\u00a0al Grand Slam del US Open 2022 -","og_description":"Por Redacci\u00f3n QP La tenista potosina sell\u00f3 su pase al cuadro principal del torneo Grand...","og_url":"https:\/\/quehacerpolitico.mx\/?p=94672","article_published_time":"2022-08-23T22:34:31+00:00","article_modified_time":"2022-08-23T22:34:36+00:00","og_image":[{"width":300,"height":186,"url":"https:\/\/quehacerpolitico.mx\/wp-content\/uploads\/2022\/08\/4EA11042-8DF9-48BF-9FD5-31F7CF85AA8F.jpeg","type":"image\/jpeg"}],"author":"Redacci\u00f3n QP","twitter_card":"summary_large_image","twitter_misc":{"Escrito por":"Redacci\u00f3n QP","Tiempo de lectura":"1 minuto"},"schema":{"@context":"https:\/\/schema.org","@graph":[{"@type":"Article","@id":"https:\/\/quehacerpolitico.mx\/?p=94672#article","isPartOf":{"@id":"https:\/\/quehacerpolitico.mx\/?p=94672"},"author":{"name":"Redacci\u00f3n QP","@id":"https:\/\/quehacerpolitico.mx\/#\/schema\/person\/496d8ad2d1d3f8036101dca7ee39e585"},"headline":"Fernanda Contreras consigue su boleto\u00a0al Grand Slam del US Open 2022","datePublished":"2022-08-23T22:34:31+00:00","dateModified":"2022-08-23T22:34:36+00:00","mainEntityOfPage":{"@id":"https:\/\/quehacerpolitico.mx\/?p=94672"},"wordCount":296,"commentCount":0,"image":{"@id":"https:\/\/quehacerpolitico.mx\/?p=94672#primaryimage"},"thumbnailUrl":"https:\/\/quehacerpolitico.mx\/wp-content\/uploads\/2022\/08\/4EA11042-8DF9-48BF-9FD5-31F7CF85AA8F.jpeg","articleSection":["Deportes"],"inLanguage":"es","potentialAction":[{"@type":"CommentAction","name":"Comment","target":["https:\/\/quehacerpolitico.mx\/?p=94672#respond"]}]},{"@type":"WebPage","@id":"https:\/\/quehacerpolitico.mx\/?p=94672","url":"https:\/\/quehacerpolitico.mx\/?p=94672","name":"Fernanda Contreras consigue su boleto\u00a0al Grand Slam del US Open 2022 -","isPartOf":{"@id":"https:\/\/quehacerpolitico.mx\/#website"},"primaryImageOfPage":{"@id":"https:\/\/quehacerpolitico.mx\/?p=94672#primaryimage"},"image":{"@id":"https:\/\/quehacerpolitico.mx\/?p=94672#primaryimage"},"thumbnailUrl":"https:\/\/quehacerpolitico.mx\/wp-content\/uploads\/2022\/08\/4EA11042-8DF9-48BF-9FD5-31F7CF85AA8F.jpeg","datePublished":"2022-08-23T22:34:31+00:00","dateModified":"2022-08-23T22:34:36+00:00","author":{"@id":"https:\/\/quehacerpolitico.mx\/#\/schema\/person\/496d8ad2d1d3f8036101dca7ee39e585"},"breadcrumb":{"@id":"https:\/\/quehacerpolitico.mx\/?p=94672#breadcrumb"},"inLanguage":"es","potentialAction":[{"@type":"ReadAction","target":["https:\/\/quehacerpolitico.mx\/?p=94672"]}]},{"@type":"ImageObject","inLanguage":"es","@id":"https:\/\/quehacerpolitico.mx\/?p=94672#primaryimage","url":"https:\/\/quehacerpolitico.mx\/wp-content\/uploads\/2022\/08\/4EA11042-8DF9-48BF-9FD5-31F7CF85AA8F.jpeg","contentUrl":"https:\/\/quehacerpolitico.mx\/wp-content\/uploads\/2022\/08\/4EA11042-8DF9-48BF-9FD5-31F7CF85AA8F.jpeg","width":300,"height":186},{"@type":"BreadcrumbList","@id":"https:\/\/quehacerpolitico.mx\/?p=94672#breadcrumb","itemListElement":[{"@type":"ListItem","position":1,"name":"Inicio","item":"https:\/\/quehacerpolitico.mx\/"},{"@type":"ListItem","position":2,"name":"Fernanda Contreras consigue su boleto\u00a0al Grand Slam del US Open 2022"}]},{"@type":"WebSite","@id":"https:\/\/quehacerpolitico.mx\/#website","url":"https:\/\/quehacerpolitico.mx\/","name":"","description":"","potentialAction":[{"@type":"SearchAction","target":{"@type":"EntryPoint","urlTemplate":"https:\/\/quehacerpolitico.mx\/?s={search_term_string}"},"query-input":{"@type":"PropertyValueSpecification","valueRequired":true,"valueName":"search_term_string"}}],"inLanguage":"es"},{"@type":"Person","@id":"https:\/\/quehacerpolitico.mx\/#\/schema\/person\/496d8ad2d1d3f8036101dca7ee39e585","name":"Redacci\u00f3n QP","image":{"@type":"ImageObject","inLanguage":"es","@id":"https:\/\/secure.gravatar.com\/avatar\/c7164ed6fdec453195284ad24a5ae5b6e1eed2b848477fa2a4787ba9adf39a41?s=96&d=mm&r=g","url":"https:\/\/secure.gravatar.com\/avatar\/c7164ed6fdec453195284ad24a5ae5b6e1eed2b848477fa2a4787ba9adf39a41?s=96&d=mm&r=g","contentUrl":"https:\/\/secure.gravatar.com\/avatar\/c7164ed6fdec453195284ad24a5ae5b6e1eed2b848477fa2a4787ba9adf39a41?s=96&d=mm&r=g","caption":"Redacci\u00f3n QP"},"url":"https:\/\/quehacerpolitico.mx\/?author=2"}]}},"featured_image_urls":{"full":["https:\/\/quehacerpolitico.mx\/wp-content\/uploads\/2022\/08\/4EA11042-8DF9-48BF-9FD5-31F7CF85AA8F.jpeg",300,186,false],"thumbnail":["https:\/\/quehacerpolitico.mx\/wp-content\/uploads\/2022\/08\/4EA11042-8DF9-48BF-9FD5-31F7CF85AA8F-150x150.jpeg",150,150,true],"medium":["https:\/\/quehacerpolitico.mx\/wp-content\/uploads\/2022\/08\/4EA11042-8DF9-48BF-9FD5-31F7CF85AA8F.jpeg",300,186,false],"medium_large":["https:\/\/quehacerpolitico.mx\/wp-content\/uploads\/2022\/08\/4EA11042-8DF9-48BF-9FD5-31F7CF85AA8F.jpeg",300,186,false],"large":["https:\/\/quehacerpolitico.mx\/wp-content\/uploads\/2022\/08\/4EA11042-8DF9-48BF-9FD5-31F7CF85AA8F.jpeg",300,186,false],"1536x1536":["https:\/\/quehacerpolitico.mx\/wp-content\/uploads\/2022\/08\/4EA11042-8DF9-48BF-9FD5-31F7CF85AA8F.jpeg",300,186,false],"2048x2048":["https:\/\/quehacerpolitico.mx\/wp-content\/uploads\/2022\/08\/4EA11042-8DF9-48BF-9FD5-31F7CF85AA8F.jpeg",300,186,false],"covernews-featured":["https:\/\/quehacerpolitico.mx\/wp-content\/uploads\/2022\/08\/4EA11042-8DF9-48BF-9FD5-31F7CF85AA8F.jpeg",300,186,false],"covernews-medium":["https:\/\/quehacerpolitico.mx\/wp-content\/uploads\/2022\/08\/4EA11042-8DF9-48BF-9FD5-31F7CF85AA8F.jpeg",300,186,false]},"author_info":{"display_name":"Redacci\u00f3n QP","author_link":"https:\/\/quehacerpolitico.mx\/?author=2"},"category_info":"<a href=\"https:\/\/quehacerpolitico.mx\/?cat=54\" rel=\"category\">Deportes<\/a>","tag_info":"Deportes","comment_count":"0","_links":{"self":[{"href":"https:\/\/quehacerpolitico.mx\/index.php?rest_route=\/wp\/v2\/posts\/94672","targetHints":{"allow":["GET"]}}],"collection":[{"href":"https:\/\/quehacerpolitico.mx\/index.php?rest_route=\/wp\/v2\/posts"}],"about":[{"href":"https:\/\/quehacerpolitico.mx\/index.php?rest_route=\/wp\/v2\/types\/post"}],"author":[{"embeddable":true,"href":"https:\/\/quehacerpolitico.mx\/index.php?rest_route=\/wp\/v2\/users\/2"}],"replies":[{"embeddable":true,"href":"https:\/\/quehacerpolitico.mx\/index.php?rest_route=%2Fwp%2Fv2%2Fcomments&post=94672"}],"version-history":[{"count":1,"href":"https:\/\/quehacerpolitico.mx\/index.php?rest_route=\/wp\/v2\/posts\/94672\/revisions"}],"predecessor-version":[{"id":94676,"href":"https:\/\/quehacerpolitico.mx\/index.php?rest_route=\/wp\/v2\/posts\/94672\/revisions\/94676"}],"wp:featuredmedia":[{"embeddable":true,"href":"https:\/\/quehacerpolitico.mx\/index.php?rest_route=\/wp\/v2\/media\/94675"}],"wp:attachment":[{"href":"https:\/\/quehacerpolitico.mx\/index.php?rest_route=%2Fwp%2Fv2%2Fmedia&parent=94672"}],"wp:term":[{"taxonomy":"category","embeddable":true,"href":"https:\/\/quehacerpolitico.mx\/index.php?rest_route=%2Fwp%2Fv2%2Fcategories&post=94672"},{"taxonomy":"post_tag","embeddable":true,"href":"https:\/\/quehacerpolitico.mx\/index.php?rest_route=%2Fwp%2Fv2%2Ftags&post=94672"}],"curies":[{"name":"wp","href":"https:\/\/api.w.org\/{rel}","templated":true}]}}