{"id":9439,"date":"2018-11-16T23:51:01","date_gmt":"2018-11-16T23:51:01","guid":{"rendered":"http:\/\/quehacerpolitico.mx\/entre-aplausos-despiden-al-escritor-fernando-del-paso-en-el-palacio-de-bellas-artes\/"},"modified":"2018-11-16T23:51:01","modified_gmt":"2018-11-16T23:51:01","slug":"entre-aplausos-despiden-al-escritor-fernando-del-paso-en-el-palacio-de-bellas-artes","status":"publish","type":"post","link":"https:\/\/quehacerpolitico.mx\/?p=9439","title":{"rendered":"Entre aplausos despiden al escritor Fernando del Paso en el Palacio de Bellas Artes"},"content":{"rendered":"<h1>Entre aplausos despiden al escritor Fernando del Paso en el Palacio de Bellas Artes<\/h1>\n<p>Por Redacci\u00f3n QP<\/p>\n<p>La Secretar\u00eda de Cultura de M\u00e9xico realiz\u00f3 hoy un <strong>homenaje<\/strong> al <strong>escritor mexicano Fernando del Paso Morante<\/strong>, quien falleci\u00f3 esta semana en Jalisco a los 83 a\u00f1os de edad, en el <strong>Palacio de Bellas Artes,\u00a0<\/strong>ubicado en la Ciudad de M\u00e9xico.<\/p>\n<p>El evento que inici\u00f3 a las 13:30 congreg\u00f3 a su familia, amigos, lectores del artista, as\u00ed como a funcionarios federales.<\/p>\n<p>Las cenizas del ganador del Premio Cervantes en 2015 fueron recibidas\u00a0 entre aplausos y colocadas al centro del recinto, sobre una alfombra roja.<\/p>\n<blockquote class=\"twitter-tweet\" data-width=\"550\" data-dnt=\"true\">\n<p lang=\"es\" dir=\"ltr\">En estos momentos entran las cenizas de Fernando del Paso al <a href=\"https:\/\/twitter.com\/PalacioOficial?ref_src=twsrc%5Etfw\">@PalacioOficial<\/a> entre aplausos de familia, amigos y lectores. <a href=\"https:\/\/twitter.com\/bellasartesinba?ref_src=twsrc%5Etfw\">@bellasartesinba<\/a> <a href=\"https:\/\/twitter.com\/cultura_mx?ref_src=twsrc%5Etfw\">@cultura_mx<\/a> <a href=\"https:\/\/twitter.com\/AlfonsinaINBA?ref_src=twsrc%5Etfw\">@AlfonsinaINBA<\/a> <a href=\"https:\/\/twitter.com\/CCLXV?ref_src=twsrc%5Etfw\">@CCLXV<\/a> <a href=\"https:\/\/t.co\/S9RNNbJFFi\">pic.twitter.com\/S9RNNbJFFi<\/a><\/p>\n<p>&mdash; Literatura INBAL (@literaturainba) <a href=\"https:\/\/twitter.com\/literaturainba\/status\/1063511537112006657?ref_src=twsrc%5Etfw\">November 16, 2018<\/a><\/p><\/blockquote>\n<p><script async src=\"https:\/\/platform.twitter.com\/widgets.js\" charset=\"utf-8\"><\/script><\/p>\n<p>La Secretaria de Cultura, Mar\u00eda Cristina Garc\u00eda Cepeda, record\u00f3 al <strong>escritor<\/strong> como alguien \u201ccomprometido con la palabra y su oficio\u201d y, en su cuenta de Twitter, dijo que \u201cse caracterizaba por el rigor y la inteligencia para contar historias\u201d.<\/p>\n<blockquote>\n<p>\u201cEn su permanente y vital aventura literaria, observ\u00f3 el mundo, encendi\u00f3 el faro de quien vigila y muestra el camino, para escribir sobre las pasiones m\u00e1s profundas del ser humano, aquellas que son comunes a todas las sociedades y \u00e9pocas\u201d, dijo\u00a0Garc\u00eda Cepeda sobre el intelectual.<\/p>\n<p>https:\/\/twitter.com\/mcristina_gc\/status\/1063530242227105792?s=21<\/p>\n<p>Al <strong>Palacio de Bellas Artes<\/strong> acudieron integrantes de la Academia Mexicana de la Lengua como Cristina Pacheco, Enrique Florescano y Silvina Molina.<\/p>\n<p><strong>Del Paso<\/strong> fue diplom\u00e1tico, periodista, escritor y pintor, ganador del Premio Xavier Villaurrutia, en 1966, por su primera novela,\u00a0<em>Jos\u00e9 Trigo<\/em>, un vasto homenaje al lenguaje popular y los juegos de palabras.<\/p>\n<p>Originario de la Ciudad de M\u00e9xico,<strong> Del Paso n<\/strong>aci\u00f3 el 1 de abril de 1935. Estudi\u00f3 el bachillerato de Ciencias Qu\u00edmicas, quiso ser m\u00e9dico, pero cambio de parecer por su terror a la sangre y los malos olores.<\/p>\n<p>Desde peque\u00f1o se sinti\u00f3 atra\u00eddo por las tiras c\u00f3micas de los diarios y tuvo el sue\u00f1o de expresarse a trav\u00e9s del dibujo, seg\u00fan un perfil del INBA.<\/p>\n<p>El INBA destaca que su trilog\u00eda de novelas,\u00a0<em>Jos\u00e9 trigo<\/em>,\u00a0<em>Palinuro de M\u00e9xico<\/em>\u00a0y <em>Noticias del Imperio<\/em>, resultado cada una de m\u00e1s de diez a\u00f1os de trabajo, lo colocan como uno de los ensayistas y narradores m\u00e1s importantes de Latinoam\u00e9rica.<\/p>\n<p>En poes\u00eda dej\u00f3 t\u00edtulos como\u00a0<em>De la A a la Z: Poemas para ni\u00f1os<\/em>\u00a0(1988),\u00a0<em>Paleta de diez colores<\/em>\u00a0(1990),\u00a0<em>Castillos en el aire<\/em>\u00a0(2002) y\u00a0<em>PoeMar<\/em>\u00a0(2004).<\/p>\n<p>Ayer, el <strong>escritor mexicano<\/strong> tambi\u00e9n fue despedido en una emotiva ceremonia luctuosa de cuerpo presente en la que se record\u00f3 su legado art\u00edstico y su calidad humana.<\/p>\n<p>El f\u00e9retro con el cuerpo del autor\u00a0 fallecido el mi\u00e9rcoles en un hospital de Guadalajara transit\u00f3 por una alfombra roja que lo condujo al paraninfo de la Universidad de Guadalajara, donde fue recibido con aplausos por parte de sus lectores y amigos.<\/p>\n<\/blockquote>\n","protected":false},"excerpt":{"rendered":"<p>Entre aplausos despiden al escritor Fernando del Paso en el Palacio de Bellas Artes<br \/>\nPor Redacci\u00f3n QP<\/p>\n","protected":false},"author":2,"featured_media":9438,"comment_status":"open","ping_status":"open","sticky":false,"template":"","format":"standard","meta":{"_monsterinsights_skip_tracking":false,"_monsterinsights_sitenote_active":false,"_monsterinsights_sitenote_note":"","_monsterinsights_sitenote_category":0,"footnotes":""},"categories":[58],"tags":[],"class_list":["post-9439","post","type-post","status-publish","format-standard","has-post-thumbnail","hentry","category-cultura"],"yoast_head":"<!-- This site is optimized with the Yoast SEO plugin v27.3 - https:\/\/yoast.com\/product\/yoast-seo-wordpress\/ -->\n<title>Entre aplausos despiden al escritor Fernando del Paso en el Palacio de Bellas Artes -<\/title>\n<meta name=\"robots\" content=\"index, follow, max-snippet:-1, max-image-preview:large, max-video-preview:-1\" \/>\n<link rel=\"canonical\" href=\"https:\/\/quehacerpolitico.mx\/?p=9439\" \/>\n<meta property=\"og:locale\" content=\"es_MX\" \/>\n<meta property=\"og:type\" content=\"article\" \/>\n<meta property=\"og:title\" content=\"Entre aplausos despiden al escritor Fernando del Paso en el Palacio de Bellas Artes -\" \/>\n<meta property=\"og:description\" content=\"Entre aplausos despiden al escritor Fernando del Paso en el Palacio de Bellas Artes Por Redacci\u00f3n QP\" \/>\n<meta property=\"og:url\" content=\"https:\/\/quehacerpolitico.mx\/?p=9439\" \/>\n<meta property=\"article:published_time\" content=\"2018-11-16T23:51:01+00:00\" \/>\n<meta name=\"author\" content=\"Redacci\u00f3n QP\" \/>\n<meta name=\"twitter:card\" content=\"summary_large_image\" \/>\n<meta name=\"twitter:label1\" content=\"Escrito por\" \/>\n\t<meta name=\"twitter:data1\" content=\"Redacci\u00f3n QP\" \/>\n\t<meta name=\"twitter:label2\" content=\"Tiempo de lectura\" \/>\n\t<meta name=\"twitter:data2\" content=\"2 minutos\" \/>\n<script type=\"application\/ld+json\" class=\"yoast-schema-graph\">{\"@context\":\"https:\\\/\\\/schema.org\",\"@graph\":[{\"@type\":\"Article\",\"@id\":\"https:\\\/\\\/quehacerpolitico.mx\\\/?p=9439#article\",\"isPartOf\":{\"@id\":\"https:\\\/\\\/quehacerpolitico.mx\\\/?p=9439\"},\"author\":{\"name\":\"Redacci\u00f3n QP\",\"@id\":\"https:\\\/\\\/quehacerpolitico.mx\\\/#\\\/schema\\\/person\\\/496d8ad2d1d3f8036101dca7ee39e585\"},\"headline\":\"Entre aplausos despiden al escritor Fernando del Paso en el Palacio de Bellas Artes\",\"datePublished\":\"2018-11-16T23:51:01+00:00\",\"mainEntityOfPage\":{\"@id\":\"https:\\\/\\\/quehacerpolitico.mx\\\/?p=9439\"},\"wordCount\":491,\"commentCount\":0,\"image\":{\"@id\":\"https:\\\/\\\/quehacerpolitico.mx\\\/?p=9439#primaryimage\"},\"thumbnailUrl\":\"\",\"articleSection\":[\"Cultura y Entretenimiento\"],\"inLanguage\":\"es\",\"potentialAction\":[{\"@type\":\"CommentAction\",\"name\":\"Comment\",\"target\":[\"https:\\\/\\\/quehacerpolitico.mx\\\/?p=9439#respond\"]}]},{\"@type\":\"WebPage\",\"@id\":\"https:\\\/\\\/quehacerpolitico.mx\\\/?p=9439\",\"url\":\"https:\\\/\\\/quehacerpolitico.mx\\\/?p=9439\",\"name\":\"Entre aplausos despiden al escritor Fernando del Paso en el Palacio de Bellas Artes -\",\"isPartOf\":{\"@id\":\"https:\\\/\\\/quehacerpolitico.mx\\\/#website\"},\"primaryImageOfPage\":{\"@id\":\"https:\\\/\\\/quehacerpolitico.mx\\\/?p=9439#primaryimage\"},\"image\":{\"@id\":\"https:\\\/\\\/quehacerpolitico.mx\\\/?p=9439#primaryimage\"},\"thumbnailUrl\":\"\",\"datePublished\":\"2018-11-16T23:51:01+00:00\",\"author\":{\"@id\":\"https:\\\/\\\/quehacerpolitico.mx\\\/#\\\/schema\\\/person\\\/496d8ad2d1d3f8036101dca7ee39e585\"},\"breadcrumb\":{\"@id\":\"https:\\\/\\\/quehacerpolitico.mx\\\/?p=9439#breadcrumb\"},\"inLanguage\":\"es\",\"potentialAction\":[{\"@type\":\"ReadAction\",\"target\":[\"https:\\\/\\\/quehacerpolitico.mx\\\/?p=9439\"]}]},{\"@type\":\"ImageObject\",\"inLanguage\":\"es\",\"@id\":\"https:\\\/\\\/quehacerpolitico.mx\\\/?p=9439#primaryimage\",\"url\":\"\",\"contentUrl\":\"\"},{\"@type\":\"BreadcrumbList\",\"@id\":\"https:\\\/\\\/quehacerpolitico.mx\\\/?p=9439#breadcrumb\",\"itemListElement\":[{\"@type\":\"ListItem\",\"position\":1,\"name\":\"Inicio\",\"item\":\"https:\\\/\\\/quehacerpolitico.mx\\\/\"},{\"@type\":\"ListItem\",\"position\":2,\"name\":\"Entre aplausos despiden al escritor Fernando del Paso en el Palacio de Bellas Artes\"}]},{\"@type\":\"WebSite\",\"@id\":\"https:\\\/\\\/quehacerpolitico.mx\\\/#website\",\"url\":\"https:\\\/\\\/quehacerpolitico.mx\\\/\",\"name\":\"\",\"description\":\"\",\"potentialAction\":[{\"@type\":\"SearchAction\",\"target\":{\"@type\":\"EntryPoint\",\"urlTemplate\":\"https:\\\/\\\/quehacerpolitico.mx\\\/?s={search_term_string}\"},\"query-input\":{\"@type\":\"PropertyValueSpecification\",\"valueRequired\":true,\"valueName\":\"search_term_string\"}}],\"inLanguage\":\"es\"},{\"@type\":\"Person\",\"@id\":\"https:\\\/\\\/quehacerpolitico.mx\\\/#\\\/schema\\\/person\\\/496d8ad2d1d3f8036101dca7ee39e585\",\"name\":\"Redacci\u00f3n QP\",\"image\":{\"@type\":\"ImageObject\",\"inLanguage\":\"es\",\"@id\":\"https:\\\/\\\/secure.gravatar.com\\\/avatar\\\/c7164ed6fdec453195284ad24a5ae5b6e1eed2b848477fa2a4787ba9adf39a41?s=96&d=mm&r=g\",\"url\":\"https:\\\/\\\/secure.gravatar.com\\\/avatar\\\/c7164ed6fdec453195284ad24a5ae5b6e1eed2b848477fa2a4787ba9adf39a41?s=96&d=mm&r=g\",\"contentUrl\":\"https:\\\/\\\/secure.gravatar.com\\\/avatar\\\/c7164ed6fdec453195284ad24a5ae5b6e1eed2b848477fa2a4787ba9adf39a41?s=96&d=mm&r=g\",\"caption\":\"Redacci\u00f3n QP\"},\"url\":\"https:\\\/\\\/quehacerpolitico.mx\\\/?author=2\"}]}<\/script>\n<!-- \/ Yoast SEO plugin. -->","yoast_head_json":{"title":"Entre aplausos despiden al escritor Fernando del Paso en el Palacio de Bellas Artes -","robots":{"index":"index","follow":"follow","max-snippet":"max-snippet:-1","max-image-preview":"max-image-preview:large","max-video-preview":"max-video-preview:-1"},"canonical":"https:\/\/quehacerpolitico.mx\/?p=9439","og_locale":"es_MX","og_type":"article","og_title":"Entre aplausos despiden al escritor Fernando del Paso en el Palacio de Bellas Artes -","og_description":"Entre aplausos despiden al escritor Fernando del Paso en el Palacio de Bellas Artes Por Redacci\u00f3n QP","og_url":"https:\/\/quehacerpolitico.mx\/?p=9439","article_published_time":"2018-11-16T23:51:01+00:00","author":"Redacci\u00f3n QP","twitter_card":"summary_large_image","twitter_misc":{"Escrito por":"Redacci\u00f3n QP","Tiempo de lectura":"2 minutos"},"schema":{"@context":"https:\/\/schema.org","@graph":[{"@type":"Article","@id":"https:\/\/quehacerpolitico.mx\/?p=9439#article","isPartOf":{"@id":"https:\/\/quehacerpolitico.mx\/?p=9439"},"author":{"name":"Redacci\u00f3n QP","@id":"https:\/\/quehacerpolitico.mx\/#\/schema\/person\/496d8ad2d1d3f8036101dca7ee39e585"},"headline":"Entre aplausos despiden al escritor Fernando del Paso en el Palacio de Bellas Artes","datePublished":"2018-11-16T23:51:01+00:00","mainEntityOfPage":{"@id":"https:\/\/quehacerpolitico.mx\/?p=9439"},"wordCount":491,"commentCount":0,"image":{"@id":"https:\/\/quehacerpolitico.mx\/?p=9439#primaryimage"},"thumbnailUrl":"","articleSection":["Cultura y Entretenimiento"],"inLanguage":"es","potentialAction":[{"@type":"CommentAction","name":"Comment","target":["https:\/\/quehacerpolitico.mx\/?p=9439#respond"]}]},{"@type":"WebPage","@id":"https:\/\/quehacerpolitico.mx\/?p=9439","url":"https:\/\/quehacerpolitico.mx\/?p=9439","name":"Entre aplausos despiden al escritor Fernando del Paso en el Palacio de Bellas Artes -","isPartOf":{"@id":"https:\/\/quehacerpolitico.mx\/#website"},"primaryImageOfPage":{"@id":"https:\/\/quehacerpolitico.mx\/?p=9439#primaryimage"},"image":{"@id":"https:\/\/quehacerpolitico.mx\/?p=9439#primaryimage"},"thumbnailUrl":"","datePublished":"2018-11-16T23:51:01+00:00","author":{"@id":"https:\/\/quehacerpolitico.mx\/#\/schema\/person\/496d8ad2d1d3f8036101dca7ee39e585"},"breadcrumb":{"@id":"https:\/\/quehacerpolitico.mx\/?p=9439#breadcrumb"},"inLanguage":"es","potentialAction":[{"@type":"ReadAction","target":["https:\/\/quehacerpolitico.mx\/?p=9439"]}]},{"@type":"ImageObject","inLanguage":"es","@id":"https:\/\/quehacerpolitico.mx\/?p=9439#primaryimage","url":"","contentUrl":""},{"@type":"BreadcrumbList","@id":"https:\/\/quehacerpolitico.mx\/?p=9439#breadcrumb","itemListElement":[{"@type":"ListItem","position":1,"name":"Inicio","item":"https:\/\/quehacerpolitico.mx\/"},{"@type":"ListItem","position":2,"name":"Entre aplausos despiden al escritor Fernando del Paso en el Palacio de Bellas Artes"}]},{"@type":"WebSite","@id":"https:\/\/quehacerpolitico.mx\/#website","url":"https:\/\/quehacerpolitico.mx\/","name":"","description":"","potentialAction":[{"@type":"SearchAction","target":{"@type":"EntryPoint","urlTemplate":"https:\/\/quehacerpolitico.mx\/?s={search_term_string}"},"query-input":{"@type":"PropertyValueSpecification","valueRequired":true,"valueName":"search_term_string"}}],"inLanguage":"es"},{"@type":"Person","@id":"https:\/\/quehacerpolitico.mx\/#\/schema\/person\/496d8ad2d1d3f8036101dca7ee39e585","name":"Redacci\u00f3n QP","image":{"@type":"ImageObject","inLanguage":"es","@id":"https:\/\/secure.gravatar.com\/avatar\/c7164ed6fdec453195284ad24a5ae5b6e1eed2b848477fa2a4787ba9adf39a41?s=96&d=mm&r=g","url":"https:\/\/secure.gravatar.com\/avatar\/c7164ed6fdec453195284ad24a5ae5b6e1eed2b848477fa2a4787ba9adf39a41?s=96&d=mm&r=g","contentUrl":"https:\/\/secure.gravatar.com\/avatar\/c7164ed6fdec453195284ad24a5ae5b6e1eed2b848477fa2a4787ba9adf39a41?s=96&d=mm&r=g","caption":"Redacci\u00f3n QP"},"url":"https:\/\/quehacerpolitico.mx\/?author=2"}]}},"featured_image_urls":{"full":"","thumbnail":"","medium":"","medium_large":"","large":"","1536x1536":"","2048x2048":"","covernews-featured":"","covernews-medium":""},"author_info":{"display_name":"Redacci\u00f3n QP","author_link":"https:\/\/quehacerpolitico.mx\/?author=2"},"category_info":"<a href=\"https:\/\/quehacerpolitico.mx\/?cat=58\" rel=\"category\">Cultura y Entretenimiento<\/a>","tag_info":"Cultura y Entretenimiento","comment_count":"0","_links":{"self":[{"href":"https:\/\/quehacerpolitico.mx\/index.php?rest_route=\/wp\/v2\/posts\/9439","targetHints":{"allow":["GET"]}}],"collection":[{"href":"https:\/\/quehacerpolitico.mx\/index.php?rest_route=\/wp\/v2\/posts"}],"about":[{"href":"https:\/\/quehacerpolitico.mx\/index.php?rest_route=\/wp\/v2\/types\/post"}],"author":[{"embeddable":true,"href":"https:\/\/quehacerpolitico.mx\/index.php?rest_route=\/wp\/v2\/users\/2"}],"replies":[{"embeddable":true,"href":"https:\/\/quehacerpolitico.mx\/index.php?rest_route=%2Fwp%2Fv2%2Fcomments&post=9439"}],"version-history":[{"count":0,"href":"https:\/\/quehacerpolitico.mx\/index.php?rest_route=\/wp\/v2\/posts\/9439\/revisions"}],"wp:featuredmedia":[{"embeddable":true,"href":"https:\/\/quehacerpolitico.mx\/index.php?rest_route=\/"}],"wp:attachment":[{"href":"https:\/\/quehacerpolitico.mx\/index.php?rest_route=%2Fwp%2Fv2%2Fmedia&parent=9439"}],"wp:term":[{"taxonomy":"category","embeddable":true,"href":"https:\/\/quehacerpolitico.mx\/index.php?rest_route=%2Fwp%2Fv2%2Fcategories&post=9439"},{"taxonomy":"post_tag","embeddable":true,"href":"https:\/\/quehacerpolitico.mx\/index.php?rest_route=%2Fwp%2Fv2%2Ftags&post=9439"}],"curies":[{"name":"wp","href":"https:\/\/api.w.org\/{rel}","templated":true}]}}