{"id":9435,"date":"2018-11-16T23:37:35","date_gmt":"2018-11-16T23:37:35","guid":{"rendered":"http:\/\/quehacerpolitico.mx\/el-plan-de-paz-de-amlo-es-peligroso-equivocado-y-una-amenaza-a-los-derechos-humanos-advierte-hrw\/"},"modified":"2018-11-16T23:37:35","modified_gmt":"2018-11-16T23:37:35","slug":"el-plan-de-paz-de-amlo-es-peligroso-equivocado-y-una-amenaza-a-los-derechos-humanos-advierte-hrw","status":"publish","type":"post","link":"https:\/\/quehacerpolitico.mx\/?p=9435","title":{"rendered":"El Plan de Paz de AMLO es peligroso, equivocado y una amenaza a los derechos humanos, advierte HRW"},"content":{"rendered":"<h1>El Plan de Paz de AMLO es peligroso, equivocado y una amenaza a los derechos humanos, advierte HRW<\/h1>\n<p>Por Redacci\u00f3n QP<\/p>\n<p><strong>Crear una Guardia Nacional controlada por las Fuerzas Armadas<\/strong>, punto incluido en el Plan de Paz y Seguridad que present\u00f3 Andr\u00e9s Manuel L\u00f3pez Obrador, Presidente electo de M\u00e9xico,<strong>\u00a0constituye una estrategia equivocada para abordar la crisis de seguridad p\u00fablica<\/strong> que atraviesa M\u00e9xico, se\u00f1al\u00f3 hoy Human Rights Watch.<\/p>\n<blockquote>\n<p>\u201cEl uso de las Fuerzas Armadas para enfrentar a la<strong> violencia criminal ha provocado abusos generalizados<\/strong>, incluidas ejecuciones, desapariciones forzadas y torturas, lo cual demuestra por qu\u00e9<strong> no se debe utilizar a las Fuerzas Armadas para tareas de seguridad p\u00fablica<\/strong>\u201d, indic\u00f3 Human Rights Watch.<\/p>\n<\/blockquote>\n<p>\u201cL\u00f3pez Obrador hereda una cat\u00e1strofe de derechos humanos que ha sido causada, en gran medida, por la militarizaci\u00f3n de la seguridad p\u00fablica en el pa\u00eds\u201d, expres\u00f3 Jos\u00e9 Miguel Vivanco, director para las Am\u00e9ricas de Human Rights Watch.<\/p>\n<p>\u201cAl redoblar la apuesta de esta estrategia fallida, L\u00f3pez Obrador comete un error colosal que podr\u00eda frustrar cualquier esperanza de poner fin a las atrocidades que tanto sufrimiento han causado en M\u00e9xico en los \u00faltimos a\u00f1os\u201d, a\u00f1adi\u00f3.<\/p>\n<blockquote>\n<p>Human Rights Watch record\u00f3 que en los dos \u00faltimos gobiernos, el uso de militares en materia de seguridad p\u00fablica ha tenido resultados previsiblemente desastrosos: \u201cLas Fuerzas Armadas del pa\u00eds est\u00e1n hechas para la guerra, no para la seguridad p\u00fablica, y han cometido grav\u00edsimos abusos contra civiles, con generalizada impunidad\u201d.<\/p>\n<\/blockquote>\n<p>HRW indic\u00f3 que las\u00a0Fuerzas Armadas tampoco han conseguido reducir la violencia en M\u00e9xico y de hecho, es posible que hayan sido un factor clave que contribuy\u00f3 al dr\u00e1stico aumento en la cantidad de homicidios en estos a\u00f1os.<\/p>\n<p>\u201cInstamos a L\u00f3pez Obrador a reconsiderar esta pol\u00edtica desacertada y potencialmente desastrosa\u201d, destac\u00f3 Vivanco.<\/p>\n<p>\u201cL\u00f3pez Obrador deber\u00eda comprometerse a mejorar las fuerzas de polic\u00eda civil del pa\u00eds, una tarea que, por m\u00e1s compleja que sea, es esencial para terminar de manera sostenible con la violencia y los abusos que han proliferado en M\u00e9xico\u201d, agreg\u00f3.<\/p>\n","protected":false},"excerpt":{"rendered":"<p>El Plan de Paz de AMLO es peligroso, equivocado y una amenaza a los derechos humanos, advierte HRW<br \/>\nPor Redacci\u00f3n QP<\/p>\n","protected":false},"author":2,"featured_media":9434,"comment_status":"open","ping_status":"open","sticky":false,"template":"","format":"standard","meta":{"_monsterinsights_skip_tracking":false,"_monsterinsights_sitenote_active":false,"_monsterinsights_sitenote_note":"","_monsterinsights_sitenote_category":0,"footnotes":""},"categories":[2],"tags":[],"class_list":["post-9435","post","type-post","status-publish","format-standard","has-post-thumbnail","hentry","category-noticias"],"yoast_head":"<!-- This site is optimized with the Yoast SEO plugin v27.3 - https:\/\/yoast.com\/product\/yoast-seo-wordpress\/ -->\n<title>El Plan de Paz de AMLO es peligroso, equivocado y una amenaza a los derechos humanos, advierte HRW -<\/title>\n<meta name=\"robots\" content=\"index, follow, max-snippet:-1, max-image-preview:large, max-video-preview:-1\" \/>\n<link rel=\"canonical\" href=\"https:\/\/quehacerpolitico.mx\/?p=9435\" \/>\n<meta property=\"og:locale\" content=\"es_MX\" \/>\n<meta property=\"og:type\" content=\"article\" \/>\n<meta property=\"og:title\" content=\"El Plan de Paz de AMLO es peligroso, equivocado y una amenaza a los derechos humanos, advierte HRW -\" \/>\n<meta property=\"og:description\" content=\"El Plan de Paz de AMLO es peligroso, equivocado y una amenaza a los derechos humanos, advierte HRW Por Redacci\u00f3n QP\" \/>\n<meta property=\"og:url\" content=\"https:\/\/quehacerpolitico.mx\/?p=9435\" \/>\n<meta property=\"article:published_time\" content=\"2018-11-16T23:37:35+00:00\" \/>\n<meta name=\"author\" content=\"Redacci\u00f3n QP\" \/>\n<meta name=\"twitter:card\" content=\"summary_large_image\" \/>\n<meta name=\"twitter:label1\" content=\"Escrito por\" \/>\n\t<meta name=\"twitter:data1\" content=\"Redacci\u00f3n QP\" \/>\n\t<meta name=\"twitter:label2\" content=\"Tiempo de lectura\" \/>\n\t<meta name=\"twitter:data2\" content=\"2 minutos\" \/>\n<script type=\"application\/ld+json\" class=\"yoast-schema-graph\">{\"@context\":\"https:\\\/\\\/schema.org\",\"@graph\":[{\"@type\":\"Article\",\"@id\":\"https:\\\/\\\/quehacerpolitico.mx\\\/?p=9435#article\",\"isPartOf\":{\"@id\":\"https:\\\/\\\/quehacerpolitico.mx\\\/?p=9435\"},\"author\":{\"name\":\"Redacci\u00f3n QP\",\"@id\":\"https:\\\/\\\/quehacerpolitico.mx\\\/#\\\/schema\\\/person\\\/496d8ad2d1d3f8036101dca7ee39e585\"},\"headline\":\"El Plan de Paz de AMLO es peligroso, equivocado y una amenaza a los derechos humanos, advierte HRW\",\"datePublished\":\"2018-11-16T23:37:35+00:00\",\"mainEntityOfPage\":{\"@id\":\"https:\\\/\\\/quehacerpolitico.mx\\\/?p=9435\"},\"wordCount\":380,\"commentCount\":0,\"image\":{\"@id\":\"https:\\\/\\\/quehacerpolitico.mx\\\/?p=9435#primaryimage\"},\"thumbnailUrl\":\"\",\"articleSection\":[\"Noticias\"],\"inLanguage\":\"es\",\"potentialAction\":[{\"@type\":\"CommentAction\",\"name\":\"Comment\",\"target\":[\"https:\\\/\\\/quehacerpolitico.mx\\\/?p=9435#respond\"]}]},{\"@type\":\"WebPage\",\"@id\":\"https:\\\/\\\/quehacerpolitico.mx\\\/?p=9435\",\"url\":\"https:\\\/\\\/quehacerpolitico.mx\\\/?p=9435\",\"name\":\"El Plan de Paz de AMLO es peligroso, equivocado y una amenaza a los derechos humanos, advierte HRW -\",\"isPartOf\":{\"@id\":\"https:\\\/\\\/quehacerpolitico.mx\\\/#website\"},\"primaryImageOfPage\":{\"@id\":\"https:\\\/\\\/quehacerpolitico.mx\\\/?p=9435#primaryimage\"},\"image\":{\"@id\":\"https:\\\/\\\/quehacerpolitico.mx\\\/?p=9435#primaryimage\"},\"thumbnailUrl\":\"\",\"datePublished\":\"2018-11-16T23:37:35+00:00\",\"author\":{\"@id\":\"https:\\\/\\\/quehacerpolitico.mx\\\/#\\\/schema\\\/person\\\/496d8ad2d1d3f8036101dca7ee39e585\"},\"breadcrumb\":{\"@id\":\"https:\\\/\\\/quehacerpolitico.mx\\\/?p=9435#breadcrumb\"},\"inLanguage\":\"es\",\"potentialAction\":[{\"@type\":\"ReadAction\",\"target\":[\"https:\\\/\\\/quehacerpolitico.mx\\\/?p=9435\"]}]},{\"@type\":\"ImageObject\",\"inLanguage\":\"es\",\"@id\":\"https:\\\/\\\/quehacerpolitico.mx\\\/?p=9435#primaryimage\",\"url\":\"\",\"contentUrl\":\"\"},{\"@type\":\"BreadcrumbList\",\"@id\":\"https:\\\/\\\/quehacerpolitico.mx\\\/?p=9435#breadcrumb\",\"itemListElement\":[{\"@type\":\"ListItem\",\"position\":1,\"name\":\"Inicio\",\"item\":\"https:\\\/\\\/quehacerpolitico.mx\\\/\"},{\"@type\":\"ListItem\",\"position\":2,\"name\":\"El Plan de Paz de AMLO es peligroso, equivocado y una amenaza a los derechos humanos, advierte HRW\"}]},{\"@type\":\"WebSite\",\"@id\":\"https:\\\/\\\/quehacerpolitico.mx\\\/#website\",\"url\":\"https:\\\/\\\/quehacerpolitico.mx\\\/\",\"name\":\"\",\"description\":\"\",\"potentialAction\":[{\"@type\":\"SearchAction\",\"target\":{\"@type\":\"EntryPoint\",\"urlTemplate\":\"https:\\\/\\\/quehacerpolitico.mx\\\/?s={search_term_string}\"},\"query-input\":{\"@type\":\"PropertyValueSpecification\",\"valueRequired\":true,\"valueName\":\"search_term_string\"}}],\"inLanguage\":\"es\"},{\"@type\":\"Person\",\"@id\":\"https:\\\/\\\/quehacerpolitico.mx\\\/#\\\/schema\\\/person\\\/496d8ad2d1d3f8036101dca7ee39e585\",\"name\":\"Redacci\u00f3n QP\",\"image\":{\"@type\":\"ImageObject\",\"inLanguage\":\"es\",\"@id\":\"https:\\\/\\\/secure.gravatar.com\\\/avatar\\\/c7164ed6fdec453195284ad24a5ae5b6e1eed2b848477fa2a4787ba9adf39a41?s=96&d=mm&r=g\",\"url\":\"https:\\\/\\\/secure.gravatar.com\\\/avatar\\\/c7164ed6fdec453195284ad24a5ae5b6e1eed2b848477fa2a4787ba9adf39a41?s=96&d=mm&r=g\",\"contentUrl\":\"https:\\\/\\\/secure.gravatar.com\\\/avatar\\\/c7164ed6fdec453195284ad24a5ae5b6e1eed2b848477fa2a4787ba9adf39a41?s=96&d=mm&r=g\",\"caption\":\"Redacci\u00f3n QP\"},\"url\":\"https:\\\/\\\/quehacerpolitico.mx\\\/?author=2\"}]}<\/script>\n<!-- \/ Yoast SEO plugin. -->","yoast_head_json":{"title":"El Plan de Paz de AMLO es peligroso, equivocado y una amenaza a los derechos humanos, advierte HRW -","robots":{"index":"index","follow":"follow","max-snippet":"max-snippet:-1","max-image-preview":"max-image-preview:large","max-video-preview":"max-video-preview:-1"},"canonical":"https:\/\/quehacerpolitico.mx\/?p=9435","og_locale":"es_MX","og_type":"article","og_title":"El Plan de Paz de AMLO es peligroso, equivocado y una amenaza a los derechos humanos, advierte HRW -","og_description":"El Plan de Paz de AMLO es peligroso, equivocado y una amenaza a los derechos humanos, advierte HRW Por Redacci\u00f3n QP","og_url":"https:\/\/quehacerpolitico.mx\/?p=9435","article_published_time":"2018-11-16T23:37:35+00:00","author":"Redacci\u00f3n QP","twitter_card":"summary_large_image","twitter_misc":{"Escrito por":"Redacci\u00f3n QP","Tiempo de lectura":"2 minutos"},"schema":{"@context":"https:\/\/schema.org","@graph":[{"@type":"Article","@id":"https:\/\/quehacerpolitico.mx\/?p=9435#article","isPartOf":{"@id":"https:\/\/quehacerpolitico.mx\/?p=9435"},"author":{"name":"Redacci\u00f3n QP","@id":"https:\/\/quehacerpolitico.mx\/#\/schema\/person\/496d8ad2d1d3f8036101dca7ee39e585"},"headline":"El Plan de Paz de AMLO es peligroso, equivocado y una amenaza a los derechos humanos, advierte HRW","datePublished":"2018-11-16T23:37:35+00:00","mainEntityOfPage":{"@id":"https:\/\/quehacerpolitico.mx\/?p=9435"},"wordCount":380,"commentCount":0,"image":{"@id":"https:\/\/quehacerpolitico.mx\/?p=9435#primaryimage"},"thumbnailUrl":"","articleSection":["Noticias"],"inLanguage":"es","potentialAction":[{"@type":"CommentAction","name":"Comment","target":["https:\/\/quehacerpolitico.mx\/?p=9435#respond"]}]},{"@type":"WebPage","@id":"https:\/\/quehacerpolitico.mx\/?p=9435","url":"https:\/\/quehacerpolitico.mx\/?p=9435","name":"El Plan de Paz de AMLO es peligroso, equivocado y una amenaza a los derechos humanos, advierte HRW -","isPartOf":{"@id":"https:\/\/quehacerpolitico.mx\/#website"},"primaryImageOfPage":{"@id":"https:\/\/quehacerpolitico.mx\/?p=9435#primaryimage"},"image":{"@id":"https:\/\/quehacerpolitico.mx\/?p=9435#primaryimage"},"thumbnailUrl":"","datePublished":"2018-11-16T23:37:35+00:00","author":{"@id":"https:\/\/quehacerpolitico.mx\/#\/schema\/person\/496d8ad2d1d3f8036101dca7ee39e585"},"breadcrumb":{"@id":"https:\/\/quehacerpolitico.mx\/?p=9435#breadcrumb"},"inLanguage":"es","potentialAction":[{"@type":"ReadAction","target":["https:\/\/quehacerpolitico.mx\/?p=9435"]}]},{"@type":"ImageObject","inLanguage":"es","@id":"https:\/\/quehacerpolitico.mx\/?p=9435#primaryimage","url":"","contentUrl":""},{"@type":"BreadcrumbList","@id":"https:\/\/quehacerpolitico.mx\/?p=9435#breadcrumb","itemListElement":[{"@type":"ListItem","position":1,"name":"Inicio","item":"https:\/\/quehacerpolitico.mx\/"},{"@type":"ListItem","position":2,"name":"El Plan de Paz de AMLO es peligroso, equivocado y una amenaza a los derechos humanos, advierte HRW"}]},{"@type":"WebSite","@id":"https:\/\/quehacerpolitico.mx\/#website","url":"https:\/\/quehacerpolitico.mx\/","name":"","description":"","potentialAction":[{"@type":"SearchAction","target":{"@type":"EntryPoint","urlTemplate":"https:\/\/quehacerpolitico.mx\/?s={search_term_string}"},"query-input":{"@type":"PropertyValueSpecification","valueRequired":true,"valueName":"search_term_string"}}],"inLanguage":"es"},{"@type":"Person","@id":"https:\/\/quehacerpolitico.mx\/#\/schema\/person\/496d8ad2d1d3f8036101dca7ee39e585","name":"Redacci\u00f3n QP","image":{"@type":"ImageObject","inLanguage":"es","@id":"https:\/\/secure.gravatar.com\/avatar\/c7164ed6fdec453195284ad24a5ae5b6e1eed2b848477fa2a4787ba9adf39a41?s=96&d=mm&r=g","url":"https:\/\/secure.gravatar.com\/avatar\/c7164ed6fdec453195284ad24a5ae5b6e1eed2b848477fa2a4787ba9adf39a41?s=96&d=mm&r=g","contentUrl":"https:\/\/secure.gravatar.com\/avatar\/c7164ed6fdec453195284ad24a5ae5b6e1eed2b848477fa2a4787ba9adf39a41?s=96&d=mm&r=g","caption":"Redacci\u00f3n QP"},"url":"https:\/\/quehacerpolitico.mx\/?author=2"}]}},"featured_image_urls":{"full":"","thumbnail":"","medium":"","medium_large":"","large":"","1536x1536":"","2048x2048":"","covernews-featured":"","covernews-medium":""},"author_info":{"display_name":"Redacci\u00f3n QP","author_link":"https:\/\/quehacerpolitico.mx\/?author=2"},"category_info":"<a href=\"https:\/\/quehacerpolitico.mx\/?cat=2\" rel=\"category\">Noticias<\/a>","tag_info":"Noticias","comment_count":"0","_links":{"self":[{"href":"https:\/\/quehacerpolitico.mx\/index.php?rest_route=\/wp\/v2\/posts\/9435","targetHints":{"allow":["GET"]}}],"collection":[{"href":"https:\/\/quehacerpolitico.mx\/index.php?rest_route=\/wp\/v2\/posts"}],"about":[{"href":"https:\/\/quehacerpolitico.mx\/index.php?rest_route=\/wp\/v2\/types\/post"}],"author":[{"embeddable":true,"href":"https:\/\/quehacerpolitico.mx\/index.php?rest_route=\/wp\/v2\/users\/2"}],"replies":[{"embeddable":true,"href":"https:\/\/quehacerpolitico.mx\/index.php?rest_route=%2Fwp%2Fv2%2Fcomments&post=9435"}],"version-history":[{"count":0,"href":"https:\/\/quehacerpolitico.mx\/index.php?rest_route=\/wp\/v2\/posts\/9435\/revisions"}],"wp:featuredmedia":[{"embeddable":true,"href":"https:\/\/quehacerpolitico.mx\/index.php?rest_route=\/"}],"wp:attachment":[{"href":"https:\/\/quehacerpolitico.mx\/index.php?rest_route=%2Fwp%2Fv2%2Fmedia&parent=9435"}],"wp:term":[{"taxonomy":"category","embeddable":true,"href":"https:\/\/quehacerpolitico.mx\/index.php?rest_route=%2Fwp%2Fv2%2Fcategories&post=9435"},{"taxonomy":"post_tag","embeddable":true,"href":"https:\/\/quehacerpolitico.mx\/index.php?rest_route=%2Fwp%2Fv2%2Ftags&post=9435"}],"curies":[{"name":"wp","href":"https:\/\/api.w.org\/{rel}","templated":true}]}}