{"id":94139,"date":"2022-08-03T18:29:51","date_gmt":"2022-08-03T18:29:51","guid":{"rendered":"https:\/\/quehacerpolitico.mx\/?p=94139"},"modified":"2022-08-03T18:29:53","modified_gmt":"2022-08-03T18:29:53","slug":"mi-angel-de-la-guarda-es-el-pueblo-dice-lopez-obrador","status":"publish","type":"post","link":"https:\/\/quehacerpolitico.mx\/?p=94139","title":{"rendered":"&#8220;Mi \u00e1ngel de la guarda es el pueblo&#8221;, dice L\u00f3pez Obrador\u00a0"},"content":{"rendered":"\n<p>Por Redacci\u00f3n QP<\/p>\n\n\n\n<p>L\u00f3pez Obrador asegura\u00a0que su honestidad y su autoridad moral son su escudo protector y el pueblo un \u00e1ngel de la guarda<\/p>\n\n\n\n<p>El Presidente<strong>\u00a0<\/strong>Andres Manuel Lopez Obrador aseguro que\u00a0<strong>su honestidad y su autoridad moral son su escudo protector y el pueblo un \u00e1ngel de la guarda\u00a0<\/strong>ante las cr\u00edticas que realizan sus adversarios pol\u00edticos y opositores.<\/p>\n\n\n\n<p>&#8220;Acerca de las cr\u00edticas, no hay ning\u00fan problema de veras. Yo tengo un escudo, ya ven que dije, ya pasamos de la austeridad republicana a la fase superior que es la &#8216;pobreza franciscana&#8217;, y ahora ese es el tema. Bueno,\u00a0<strong>ahora voy a decir otra cosa: mi escudo protector es mi autoridad moral, es mi honestidad, y mi \u00e1ngel de la guarda es el pueblo, ante cr\u00edticas&#8221;<\/strong>, dijo.<\/p>\n\n\n\n<figure class=\"wp-block-embed is-type-rich is-provider-twitter wp-block-embed-twitter\"><div class=\"wp-block-embed__wrapper\">\n<blockquote class=\"twitter-tweet\" data-width=\"550\" data-dnt=\"true\"><p lang=\"es\" dir=\"ltr\">Mi escudo protector es mi autoridad moral, es mi honestidad; y mi \u00e1ngel de la guarda es el pueblo, a ver qu\u00e9 van a decir los cr\u00edticos, para que tengan elementos: AMLO\u00ae <a href=\"https:\/\/t.co\/GAt2KiJBtq\">pic.twitter.com\/GAt2KiJBtq<\/a><\/p>&mdash; Avi \ud83e\udd86 (@avieu) <a href=\"https:\/\/twitter.com\/avieu\/status\/1554842554658594817?ref_src=twsrc%5Etfw\">August 3, 2022<\/a><\/blockquote><script async src=\"https:\/\/platform.twitter.com\/widgets.js\" charset=\"utf-8\"><\/script>\n<\/div><\/figure>\n\n\n\n<p>En conferencia de prensa \u201dma\u00f1anera\u201d en Palacio Nacional, el jefe del Ejecutivo federal se\u00f1al\u00f3 que\u00a0<strong>\u00e9l recibe todas las cr\u00edticas<\/strong>, entre ellas las del expresidente Felipe Calder\u00f3n, y que son parte del proceso de transformaci\u00f3n en M\u00e9xico.<\/p>\n\n\n\n<p>&#8220;Que cada quien est\u00e9 tranquilo, no procurar preocuparnos, hay que relajarnos, si est\u00e1 uno bien como la conciencia que es el principal tribunal, no hay nada que temer, lo importante es eso, ser congruentes, actuar con rectitud, con principios, con ideales,\u00a0<strong>no mentir, no robar, no traicionar, eso es lo m\u00e1s importante, lo dem\u00e1s no es vida&#8221;<\/strong>, se\u00f1al\u00f3.<\/p>\n\n\n\n<p>Con informaci\u00f3n de SUN<\/p>\n","protected":false},"excerpt":{"rendered":"<p>Por Redacci\u00f3n QP L\u00f3pez Obrador asegura\u00a0que su honestidad y su autoridad moral son su escudo&#8230;<\/p>\n","protected":false},"author":2,"featured_media":94140,"comment_status":"open","ping_status":"open","sticky":false,"template":"","format":"standard","meta":{"_monsterinsights_skip_tracking":false,"_monsterinsights_sitenote_active":false,"_monsterinsights_sitenote_note":"","_monsterinsights_sitenote_category":0,"footnotes":""},"categories":[2],"tags":[],"class_list":["post-94139","post","type-post","status-publish","format-standard","has-post-thumbnail","hentry","category-noticias"],"yoast_head":"<!-- This site is optimized with the Yoast SEO plugin v27.3 - https:\/\/yoast.com\/product\/yoast-seo-wordpress\/ -->\n<title>&quot;Mi \u00e1ngel de la guarda es el pueblo&quot;, dice L\u00f3pez Obrador\u00a0 -<\/title>\n<meta name=\"robots\" content=\"index, follow, max-snippet:-1, max-image-preview:large, max-video-preview:-1\" \/>\n<link rel=\"canonical\" href=\"https:\/\/quehacerpolitico.mx\/?p=94139\" \/>\n<meta property=\"og:locale\" content=\"es_MX\" \/>\n<meta property=\"og:type\" content=\"article\" \/>\n<meta property=\"og:title\" content=\"&quot;Mi \u00e1ngel de la guarda es el pueblo&quot;, dice L\u00f3pez Obrador\u00a0 -\" \/>\n<meta property=\"og:description\" content=\"Por Redacci\u00f3n QP L\u00f3pez Obrador asegura\u00a0que su honestidad y su autoridad moral son su escudo...\" \/>\n<meta property=\"og:url\" content=\"https:\/\/quehacerpolitico.mx\/?p=94139\" \/>\n<meta property=\"article:published_time\" content=\"2022-08-03T18:29:51+00:00\" \/>\n<meta property=\"article:modified_time\" content=\"2022-08-03T18:29:53+00:00\" \/>\n<meta property=\"og:image\" content=\"https:\/\/quehacerpolitico.mx\/wp-content\/uploads\/2022\/08\/01AB8F0F-C902-4EA6-95E3-663C04745698.jpeg\" \/>\n\t<meta property=\"og:image:width\" content=\"1284\" \/>\n\t<meta property=\"og:image:height\" content=\"690\" \/>\n\t<meta property=\"og:image:type\" content=\"image\/jpeg\" \/>\n<meta name=\"author\" content=\"Redacci\u00f3n QP\" \/>\n<meta name=\"twitter:card\" content=\"summary_large_image\" \/>\n<meta name=\"twitter:label1\" content=\"Escrito por\" \/>\n\t<meta name=\"twitter:data1\" content=\"Redacci\u00f3n QP\" \/>\n\t<meta name=\"twitter:label2\" content=\"Tiempo de lectura\" \/>\n\t<meta name=\"twitter:data2\" content=\"1 minuto\" \/>\n<script type=\"application\/ld+json\" class=\"yoast-schema-graph\">{\"@context\":\"https:\\\/\\\/schema.org\",\"@graph\":[{\"@type\":\"Article\",\"@id\":\"https:\\\/\\\/quehacerpolitico.mx\\\/?p=94139#article\",\"isPartOf\":{\"@id\":\"https:\\\/\\\/quehacerpolitico.mx\\\/?p=94139\"},\"author\":{\"name\":\"Redacci\u00f3n QP\",\"@id\":\"https:\\\/\\\/quehacerpolitico.mx\\\/#\\\/schema\\\/person\\\/496d8ad2d1d3f8036101dca7ee39e585\"},\"headline\":\"&#8220;Mi \u00e1ngel de la guarda es el pueblo&#8221;, dice L\u00f3pez Obrador\u00a0\",\"datePublished\":\"2022-08-03T18:29:51+00:00\",\"dateModified\":\"2022-08-03T18:29:53+00:00\",\"mainEntityOfPage\":{\"@id\":\"https:\\\/\\\/quehacerpolitico.mx\\\/?p=94139\"},\"wordCount\":270,\"commentCount\":0,\"image\":{\"@id\":\"https:\\\/\\\/quehacerpolitico.mx\\\/?p=94139#primaryimage\"},\"thumbnailUrl\":\"https:\\\/\\\/quehacerpolitico.mx\\\/wp-content\\\/uploads\\\/2022\\\/08\\\/01AB8F0F-C902-4EA6-95E3-663C04745698.jpeg\",\"articleSection\":[\"Noticias\"],\"inLanguage\":\"es\",\"potentialAction\":[{\"@type\":\"CommentAction\",\"name\":\"Comment\",\"target\":[\"https:\\\/\\\/quehacerpolitico.mx\\\/?p=94139#respond\"]}]},{\"@type\":\"WebPage\",\"@id\":\"https:\\\/\\\/quehacerpolitico.mx\\\/?p=94139\",\"url\":\"https:\\\/\\\/quehacerpolitico.mx\\\/?p=94139\",\"name\":\"\\\"Mi \u00e1ngel de la guarda es el pueblo\\\", dice L\u00f3pez Obrador\u00a0 -\",\"isPartOf\":{\"@id\":\"https:\\\/\\\/quehacerpolitico.mx\\\/#website\"},\"primaryImageOfPage\":{\"@id\":\"https:\\\/\\\/quehacerpolitico.mx\\\/?p=94139#primaryimage\"},\"image\":{\"@id\":\"https:\\\/\\\/quehacerpolitico.mx\\\/?p=94139#primaryimage\"},\"thumbnailUrl\":\"https:\\\/\\\/quehacerpolitico.mx\\\/wp-content\\\/uploads\\\/2022\\\/08\\\/01AB8F0F-C902-4EA6-95E3-663C04745698.jpeg\",\"datePublished\":\"2022-08-03T18:29:51+00:00\",\"dateModified\":\"2022-08-03T18:29:53+00:00\",\"author\":{\"@id\":\"https:\\\/\\\/quehacerpolitico.mx\\\/#\\\/schema\\\/person\\\/496d8ad2d1d3f8036101dca7ee39e585\"},\"breadcrumb\":{\"@id\":\"https:\\\/\\\/quehacerpolitico.mx\\\/?p=94139#breadcrumb\"},\"inLanguage\":\"es\",\"potentialAction\":[{\"@type\":\"ReadAction\",\"target\":[\"https:\\\/\\\/quehacerpolitico.mx\\\/?p=94139\"]}]},{\"@type\":\"ImageObject\",\"inLanguage\":\"es\",\"@id\":\"https:\\\/\\\/quehacerpolitico.mx\\\/?p=94139#primaryimage\",\"url\":\"https:\\\/\\\/quehacerpolitico.mx\\\/wp-content\\\/uploads\\\/2022\\\/08\\\/01AB8F0F-C902-4EA6-95E3-663C04745698.jpeg\",\"contentUrl\":\"https:\\\/\\\/quehacerpolitico.mx\\\/wp-content\\\/uploads\\\/2022\\\/08\\\/01AB8F0F-C902-4EA6-95E3-663C04745698.jpeg\",\"width\":1284,\"height\":690},{\"@type\":\"BreadcrumbList\",\"@id\":\"https:\\\/\\\/quehacerpolitico.mx\\\/?p=94139#breadcrumb\",\"itemListElement\":[{\"@type\":\"ListItem\",\"position\":1,\"name\":\"Inicio\",\"item\":\"https:\\\/\\\/quehacerpolitico.mx\\\/\"},{\"@type\":\"ListItem\",\"position\":2,\"name\":\"&#8220;Mi \u00e1ngel de la guarda es el pueblo&#8221;, dice L\u00f3pez Obrador\u00a0\"}]},{\"@type\":\"WebSite\",\"@id\":\"https:\\\/\\\/quehacerpolitico.mx\\\/#website\",\"url\":\"https:\\\/\\\/quehacerpolitico.mx\\\/\",\"name\":\"\",\"description\":\"\",\"potentialAction\":[{\"@type\":\"SearchAction\",\"target\":{\"@type\":\"EntryPoint\",\"urlTemplate\":\"https:\\\/\\\/quehacerpolitico.mx\\\/?s={search_term_string}\"},\"query-input\":{\"@type\":\"PropertyValueSpecification\",\"valueRequired\":true,\"valueName\":\"search_term_string\"}}],\"inLanguage\":\"es\"},{\"@type\":\"Person\",\"@id\":\"https:\\\/\\\/quehacerpolitico.mx\\\/#\\\/schema\\\/person\\\/496d8ad2d1d3f8036101dca7ee39e585\",\"name\":\"Redacci\u00f3n QP\",\"image\":{\"@type\":\"ImageObject\",\"inLanguage\":\"es\",\"@id\":\"https:\\\/\\\/secure.gravatar.com\\\/avatar\\\/c7164ed6fdec453195284ad24a5ae5b6e1eed2b848477fa2a4787ba9adf39a41?s=96&d=mm&r=g\",\"url\":\"https:\\\/\\\/secure.gravatar.com\\\/avatar\\\/c7164ed6fdec453195284ad24a5ae5b6e1eed2b848477fa2a4787ba9adf39a41?s=96&d=mm&r=g\",\"contentUrl\":\"https:\\\/\\\/secure.gravatar.com\\\/avatar\\\/c7164ed6fdec453195284ad24a5ae5b6e1eed2b848477fa2a4787ba9adf39a41?s=96&d=mm&r=g\",\"caption\":\"Redacci\u00f3n QP\"},\"url\":\"https:\\\/\\\/quehacerpolitico.mx\\\/?author=2\"}]}<\/script>\n<!-- \/ Yoast SEO plugin. -->","yoast_head_json":{"title":"\"Mi \u00e1ngel de la guarda es el pueblo\", dice L\u00f3pez Obrador\u00a0 -","robots":{"index":"index","follow":"follow","max-snippet":"max-snippet:-1","max-image-preview":"max-image-preview:large","max-video-preview":"max-video-preview:-1"},"canonical":"https:\/\/quehacerpolitico.mx\/?p=94139","og_locale":"es_MX","og_type":"article","og_title":"\"Mi \u00e1ngel de la guarda es el pueblo\", dice L\u00f3pez Obrador\u00a0 -","og_description":"Por Redacci\u00f3n QP L\u00f3pez Obrador asegura\u00a0que su honestidad y su autoridad moral son su escudo...","og_url":"https:\/\/quehacerpolitico.mx\/?p=94139","article_published_time":"2022-08-03T18:29:51+00:00","article_modified_time":"2022-08-03T18:29:53+00:00","og_image":[{"width":1284,"height":690,"url":"https:\/\/quehacerpolitico.mx\/wp-content\/uploads\/2022\/08\/01AB8F0F-C902-4EA6-95E3-663C04745698.jpeg","type":"image\/jpeg"}],"author":"Redacci\u00f3n QP","twitter_card":"summary_large_image","twitter_misc":{"Escrito por":"Redacci\u00f3n QP","Tiempo de lectura":"1 minuto"},"schema":{"@context":"https:\/\/schema.org","@graph":[{"@type":"Article","@id":"https:\/\/quehacerpolitico.mx\/?p=94139#article","isPartOf":{"@id":"https:\/\/quehacerpolitico.mx\/?p=94139"},"author":{"name":"Redacci\u00f3n QP","@id":"https:\/\/quehacerpolitico.mx\/#\/schema\/person\/496d8ad2d1d3f8036101dca7ee39e585"},"headline":"&#8220;Mi \u00e1ngel de la guarda es el pueblo&#8221;, dice L\u00f3pez Obrador\u00a0","datePublished":"2022-08-03T18:29:51+00:00","dateModified":"2022-08-03T18:29:53+00:00","mainEntityOfPage":{"@id":"https:\/\/quehacerpolitico.mx\/?p=94139"},"wordCount":270,"commentCount":0,"image":{"@id":"https:\/\/quehacerpolitico.mx\/?p=94139#primaryimage"},"thumbnailUrl":"https:\/\/quehacerpolitico.mx\/wp-content\/uploads\/2022\/08\/01AB8F0F-C902-4EA6-95E3-663C04745698.jpeg","articleSection":["Noticias"],"inLanguage":"es","potentialAction":[{"@type":"CommentAction","name":"Comment","target":["https:\/\/quehacerpolitico.mx\/?p=94139#respond"]}]},{"@type":"WebPage","@id":"https:\/\/quehacerpolitico.mx\/?p=94139","url":"https:\/\/quehacerpolitico.mx\/?p=94139","name":"\"Mi \u00e1ngel de la guarda es el pueblo\", dice L\u00f3pez Obrador\u00a0 -","isPartOf":{"@id":"https:\/\/quehacerpolitico.mx\/#website"},"primaryImageOfPage":{"@id":"https:\/\/quehacerpolitico.mx\/?p=94139#primaryimage"},"image":{"@id":"https:\/\/quehacerpolitico.mx\/?p=94139#primaryimage"},"thumbnailUrl":"https:\/\/quehacerpolitico.mx\/wp-content\/uploads\/2022\/08\/01AB8F0F-C902-4EA6-95E3-663C04745698.jpeg","datePublished":"2022-08-03T18:29:51+00:00","dateModified":"2022-08-03T18:29:53+00:00","author":{"@id":"https:\/\/quehacerpolitico.mx\/#\/schema\/person\/496d8ad2d1d3f8036101dca7ee39e585"},"breadcrumb":{"@id":"https:\/\/quehacerpolitico.mx\/?p=94139#breadcrumb"},"inLanguage":"es","potentialAction":[{"@type":"ReadAction","target":["https:\/\/quehacerpolitico.mx\/?p=94139"]}]},{"@type":"ImageObject","inLanguage":"es","@id":"https:\/\/quehacerpolitico.mx\/?p=94139#primaryimage","url":"https:\/\/quehacerpolitico.mx\/wp-content\/uploads\/2022\/08\/01AB8F0F-C902-4EA6-95E3-663C04745698.jpeg","contentUrl":"https:\/\/quehacerpolitico.mx\/wp-content\/uploads\/2022\/08\/01AB8F0F-C902-4EA6-95E3-663C04745698.jpeg","width":1284,"height":690},{"@type":"BreadcrumbList","@id":"https:\/\/quehacerpolitico.mx\/?p=94139#breadcrumb","itemListElement":[{"@type":"ListItem","position":1,"name":"Inicio","item":"https:\/\/quehacerpolitico.mx\/"},{"@type":"ListItem","position":2,"name":"&#8220;Mi \u00e1ngel de la guarda es el pueblo&#8221;, dice L\u00f3pez Obrador\u00a0"}]},{"@type":"WebSite","@id":"https:\/\/quehacerpolitico.mx\/#website","url":"https:\/\/quehacerpolitico.mx\/","name":"","description":"","potentialAction":[{"@type":"SearchAction","target":{"@type":"EntryPoint","urlTemplate":"https:\/\/quehacerpolitico.mx\/?s={search_term_string}"},"query-input":{"@type":"PropertyValueSpecification","valueRequired":true,"valueName":"search_term_string"}}],"inLanguage":"es"},{"@type":"Person","@id":"https:\/\/quehacerpolitico.mx\/#\/schema\/person\/496d8ad2d1d3f8036101dca7ee39e585","name":"Redacci\u00f3n QP","image":{"@type":"ImageObject","inLanguage":"es","@id":"https:\/\/secure.gravatar.com\/avatar\/c7164ed6fdec453195284ad24a5ae5b6e1eed2b848477fa2a4787ba9adf39a41?s=96&d=mm&r=g","url":"https:\/\/secure.gravatar.com\/avatar\/c7164ed6fdec453195284ad24a5ae5b6e1eed2b848477fa2a4787ba9adf39a41?s=96&d=mm&r=g","contentUrl":"https:\/\/secure.gravatar.com\/avatar\/c7164ed6fdec453195284ad24a5ae5b6e1eed2b848477fa2a4787ba9adf39a41?s=96&d=mm&r=g","caption":"Redacci\u00f3n QP"},"url":"https:\/\/quehacerpolitico.mx\/?author=2"}]}},"featured_image_urls":{"full":["https:\/\/quehacerpolitico.mx\/wp-content\/uploads\/2022\/08\/01AB8F0F-C902-4EA6-95E3-663C04745698.jpeg",1284,690,false],"thumbnail":["https:\/\/quehacerpolitico.mx\/wp-content\/uploads\/2022\/08\/01AB8F0F-C902-4EA6-95E3-663C04745698-150x150.jpeg",150,150,true],"medium":["https:\/\/quehacerpolitico.mx\/wp-content\/uploads\/2022\/08\/01AB8F0F-C902-4EA6-95E3-663C04745698-300x161.jpeg",300,161,true],"medium_large":["https:\/\/quehacerpolitico.mx\/wp-content\/uploads\/2022\/08\/01AB8F0F-C902-4EA6-95E3-663C04745698-768x413.jpeg",640,344,true],"large":["https:\/\/quehacerpolitico.mx\/wp-content\/uploads\/2022\/08\/01AB8F0F-C902-4EA6-95E3-663C04745698-1024x550.jpeg",640,344,true],"1536x1536":["https:\/\/quehacerpolitico.mx\/wp-content\/uploads\/2022\/08\/01AB8F0F-C902-4EA6-95E3-663C04745698.jpeg",1284,690,false],"2048x2048":["https:\/\/quehacerpolitico.mx\/wp-content\/uploads\/2022\/08\/01AB8F0F-C902-4EA6-95E3-663C04745698.jpeg",1284,690,false],"covernews-featured":["https:\/\/quehacerpolitico.mx\/wp-content\/uploads\/2022\/08\/01AB8F0F-C902-4EA6-95E3-663C04745698.jpeg",1024,550,false],"covernews-medium":["https:\/\/quehacerpolitico.mx\/wp-content\/uploads\/2022\/08\/01AB8F0F-C902-4EA6-95E3-663C04745698.jpeg",540,290,false]},"author_info":{"display_name":"Redacci\u00f3n QP","author_link":"https:\/\/quehacerpolitico.mx\/?author=2"},"category_info":"<a href=\"https:\/\/quehacerpolitico.mx\/?cat=2\" rel=\"category\">Noticias<\/a>","tag_info":"Noticias","comment_count":"0","_links":{"self":[{"href":"https:\/\/quehacerpolitico.mx\/index.php?rest_route=\/wp\/v2\/posts\/94139","targetHints":{"allow":["GET"]}}],"collection":[{"href":"https:\/\/quehacerpolitico.mx\/index.php?rest_route=\/wp\/v2\/posts"}],"about":[{"href":"https:\/\/quehacerpolitico.mx\/index.php?rest_route=\/wp\/v2\/types\/post"}],"author":[{"embeddable":true,"href":"https:\/\/quehacerpolitico.mx\/index.php?rest_route=\/wp\/v2\/users\/2"}],"replies":[{"embeddable":true,"href":"https:\/\/quehacerpolitico.mx\/index.php?rest_route=%2Fwp%2Fv2%2Fcomments&post=94139"}],"version-history":[{"count":1,"href":"https:\/\/quehacerpolitico.mx\/index.php?rest_route=\/wp\/v2\/posts\/94139\/revisions"}],"predecessor-version":[{"id":94141,"href":"https:\/\/quehacerpolitico.mx\/index.php?rest_route=\/wp\/v2\/posts\/94139\/revisions\/94141"}],"wp:featuredmedia":[{"embeddable":true,"href":"https:\/\/quehacerpolitico.mx\/index.php?rest_route=\/wp\/v2\/media\/94140"}],"wp:attachment":[{"href":"https:\/\/quehacerpolitico.mx\/index.php?rest_route=%2Fwp%2Fv2%2Fmedia&parent=94139"}],"wp:term":[{"taxonomy":"category","embeddable":true,"href":"https:\/\/quehacerpolitico.mx\/index.php?rest_route=%2Fwp%2Fv2%2Fcategories&post=94139"},{"taxonomy":"post_tag","embeddable":true,"href":"https:\/\/quehacerpolitico.mx\/index.php?rest_route=%2Fwp%2Fv2%2Ftags&post=94139"}],"curies":[{"name":"wp","href":"https:\/\/api.w.org\/{rel}","templated":true}]}}