{"id":9401,"date":"2018-11-16T05:00:15","date_gmt":"2018-11-16T05:00:15","guid":{"rendered":"http:\/\/quehacerpolitico.mx\/perfil-quien-es-jesus-orta-proximo-secretario-de-seguridad-y-cercano-a-ebrard\/"},"modified":"2018-11-16T05:00:15","modified_gmt":"2018-11-16T05:00:15","slug":"perfil-quien-es-jesus-orta-proximo-secretario-de-seguridad-y-cercano-a-ebrard","status":"publish","type":"post","link":"https:\/\/quehacerpolitico.mx\/?p=9401","title":{"rendered":"[PERFIL] \u00bfQui\u00e9n es Jes\u00fas Orta, pr\u00f3ximo Secretario de Seguridad y cercano a Ebrard?"},"content":{"rendered":"<h3 class=\"mtitle\">[PERFIL] \u00bfQui\u00e9n es Jes\u00fas Orta, pr\u00f3ximo Secretario de Seguridad y cercano a Ebrard?<\/h3>\n<p>Por Redacci\u00f3n QP<\/p>\n<div class=\"sumary single\">\n<p>La Contralor\u00eda General de la Ciudad de M\u00e9xico lo inhabilit\u00f3 por un a\u00f1o de la funci\u00f3n p\u00fablica por actuar con dolo en la designaci\u00f3n de permisos de publicidad.<\/p>\n<\/div>\n<div class=\"singleNote\">\n<p>La Jefa de Gobierno electa a la Ciudad de M\u00e9xico, Claudia Sheinbaum, dio a conocer la estrategia de seguridad para la CDMX, as\u00ed como a su equipo colaborador.<\/p>\n<p>Como parte de su gabinete, Sheinbaum present\u00f3 a Jes\u00fas Orta Mart\u00ednez como pr\u00f3ximo <strong>Secretario de Seguridad Ciudadana<\/strong>.<\/p>\n<p>Orta Mart\u00ednez es un hombre cercano al ex jefe de gobierno, Marcelo Ebrard, y quien al parecer, cuenta con la aprobado de Alfonso Durazo, pr\u00f3ximo titular de la Secretar\u00eda de Seguridad con AMLO.<\/p>\n<h3>Contralor\u00eda lo inhabilit\u00f3 por un a\u00f1o<\/h3>\n<p>En marzo de 2016, la Contralor\u00eda General de la Ciudad de M\u00e9xico lo inhabilit\u00f3 por un a\u00f1o de la funci\u00f3n p\u00fablica, y sobre quien pesaban denuncias de mal uso de sus funciones desde el a\u00f1o 2013.<\/p>\n<p>La sanci\u00f3n lleg\u00f3 luego de que un particular acusara al funcionario de actuar con dolo en la designaci\u00f3n de permisos de publicidad.<\/p>\n<p>Orta Mart\u00ednez figur\u00f3 como oficial Mayor de la CDMX durante el gobierno del ex jefe de gobierno Marcelo Ebrard, y como secretario general de la Polic\u00eda Federal de 2012 a 2014.<\/p>\n<p>Se ha desempe\u00f1ado como director general de Presupuestos y Recursos Financieros de la Secretar\u00eda de Educaci\u00f3n (SEP) en 2015.<\/p>\n<p>Tambi\u00e9n ha sido secretario general de la Polic\u00eda Federal en 2014, y director general de Administraci\u00f3n de la Secretar\u00eda de Gobernaci\u00f3n, el mismo a\u00f1o.<\/p>\n<p>Finalmente, desde 2017 a la fecha se desempe\u00f1a como director general en Estrategia Competitiva y Administraci\u00f3n de Proyectos.<\/p>\n<\/div>\n","protected":false},"excerpt":{"rendered":"<p>[PERFIL] \u00bfQui\u00e9n es Jes\u00fas Orta, pr\u00f3ximo Secretario de Seguridad y cercano a Ebrard?<br \/>\nPor Redacci\u00f3n QP<\/p>\n","protected":false},"author":2,"featured_media":9400,"comment_status":"open","ping_status":"open","sticky":false,"template":"","format":"standard","meta":{"_monsterinsights_skip_tracking":false,"_monsterinsights_sitenote_active":false,"_monsterinsights_sitenote_note":"","_monsterinsights_sitenote_category":0,"footnotes":""},"categories":[55],"tags":[],"class_list":["post-9401","post","type-post","status-publish","format-standard","has-post-thumbnail","hentry","category-cdmx"],"yoast_head":"<!-- This site is optimized with the Yoast SEO plugin v27.3 - https:\/\/yoast.com\/product\/yoast-seo-wordpress\/ -->\n<title>[PERFIL] \u00bfQui\u00e9n es Jes\u00fas Orta, pr\u00f3ximo Secretario de Seguridad y cercano a Ebrard? -<\/title>\n<meta name=\"robots\" content=\"index, follow, max-snippet:-1, max-image-preview:large, max-video-preview:-1\" \/>\n<link rel=\"canonical\" href=\"https:\/\/quehacerpolitico.mx\/?p=9401\" \/>\n<meta property=\"og:locale\" content=\"es_MX\" \/>\n<meta property=\"og:type\" content=\"article\" \/>\n<meta property=\"og:title\" content=\"[PERFIL] \u00bfQui\u00e9n es Jes\u00fas Orta, pr\u00f3ximo Secretario de Seguridad y cercano a Ebrard? -\" \/>\n<meta property=\"og:description\" content=\"[PERFIL] \u00bfQui\u00e9n es Jes\u00fas Orta, pr\u00f3ximo Secretario de Seguridad y cercano a Ebrard? Por Redacci\u00f3n QP\" \/>\n<meta property=\"og:url\" content=\"https:\/\/quehacerpolitico.mx\/?p=9401\" \/>\n<meta property=\"article:published_time\" content=\"2018-11-16T05:00:15+00:00\" \/>\n<meta name=\"author\" content=\"Redacci\u00f3n QP\" \/>\n<meta name=\"twitter:card\" content=\"summary_large_image\" \/>\n<meta name=\"twitter:label1\" content=\"Escrito por\" \/>\n\t<meta name=\"twitter:data1\" content=\"Redacci\u00f3n QP\" \/>\n\t<meta name=\"twitter:label2\" content=\"Tiempo de lectura\" \/>\n\t<meta name=\"twitter:data2\" content=\"2 minutos\" \/>\n<script type=\"application\/ld+json\" class=\"yoast-schema-graph\">{\"@context\":\"https:\\\/\\\/schema.org\",\"@graph\":[{\"@type\":\"Article\",\"@id\":\"https:\\\/\\\/quehacerpolitico.mx\\\/?p=9401#article\",\"isPartOf\":{\"@id\":\"https:\\\/\\\/quehacerpolitico.mx\\\/?p=9401\"},\"author\":{\"name\":\"Redacci\u00f3n QP\",\"@id\":\"https:\\\/\\\/quehacerpolitico.mx\\\/#\\\/schema\\\/person\\\/496d8ad2d1d3f8036101dca7ee39e585\"},\"headline\":\"[PERFIL] \u00bfQui\u00e9n es Jes\u00fas Orta, pr\u00f3ximo Secretario de Seguridad y cercano a Ebrard?\",\"datePublished\":\"2018-11-16T05:00:15+00:00\",\"mainEntityOfPage\":{\"@id\":\"https:\\\/\\\/quehacerpolitico.mx\\\/?p=9401\"},\"wordCount\":327,\"commentCount\":0,\"image\":{\"@id\":\"https:\\\/\\\/quehacerpolitico.mx\\\/?p=9401#primaryimage\"},\"thumbnailUrl\":\"\",\"articleSection\":[\"CDMX\"],\"inLanguage\":\"es\",\"potentialAction\":[{\"@type\":\"CommentAction\",\"name\":\"Comment\",\"target\":[\"https:\\\/\\\/quehacerpolitico.mx\\\/?p=9401#respond\"]}]},{\"@type\":\"WebPage\",\"@id\":\"https:\\\/\\\/quehacerpolitico.mx\\\/?p=9401\",\"url\":\"https:\\\/\\\/quehacerpolitico.mx\\\/?p=9401\",\"name\":\"[PERFIL] \u00bfQui\u00e9n es Jes\u00fas Orta, pr\u00f3ximo Secretario de Seguridad y cercano a Ebrard? -\",\"isPartOf\":{\"@id\":\"https:\\\/\\\/quehacerpolitico.mx\\\/#website\"},\"primaryImageOfPage\":{\"@id\":\"https:\\\/\\\/quehacerpolitico.mx\\\/?p=9401#primaryimage\"},\"image\":{\"@id\":\"https:\\\/\\\/quehacerpolitico.mx\\\/?p=9401#primaryimage\"},\"thumbnailUrl\":\"\",\"datePublished\":\"2018-11-16T05:00:15+00:00\",\"author\":{\"@id\":\"https:\\\/\\\/quehacerpolitico.mx\\\/#\\\/schema\\\/person\\\/496d8ad2d1d3f8036101dca7ee39e585\"},\"breadcrumb\":{\"@id\":\"https:\\\/\\\/quehacerpolitico.mx\\\/?p=9401#breadcrumb\"},\"inLanguage\":\"es\",\"potentialAction\":[{\"@type\":\"ReadAction\",\"target\":[\"https:\\\/\\\/quehacerpolitico.mx\\\/?p=9401\"]}]},{\"@type\":\"ImageObject\",\"inLanguage\":\"es\",\"@id\":\"https:\\\/\\\/quehacerpolitico.mx\\\/?p=9401#primaryimage\",\"url\":\"\",\"contentUrl\":\"\"},{\"@type\":\"BreadcrumbList\",\"@id\":\"https:\\\/\\\/quehacerpolitico.mx\\\/?p=9401#breadcrumb\",\"itemListElement\":[{\"@type\":\"ListItem\",\"position\":1,\"name\":\"Inicio\",\"item\":\"https:\\\/\\\/quehacerpolitico.mx\\\/\"},{\"@type\":\"ListItem\",\"position\":2,\"name\":\"[PERFIL] \u00bfQui\u00e9n es Jes\u00fas Orta, pr\u00f3ximo Secretario de Seguridad y cercano a Ebrard?\"}]},{\"@type\":\"WebSite\",\"@id\":\"https:\\\/\\\/quehacerpolitico.mx\\\/#website\",\"url\":\"https:\\\/\\\/quehacerpolitico.mx\\\/\",\"name\":\"\",\"description\":\"\",\"potentialAction\":[{\"@type\":\"SearchAction\",\"target\":{\"@type\":\"EntryPoint\",\"urlTemplate\":\"https:\\\/\\\/quehacerpolitico.mx\\\/?s={search_term_string}\"},\"query-input\":{\"@type\":\"PropertyValueSpecification\",\"valueRequired\":true,\"valueName\":\"search_term_string\"}}],\"inLanguage\":\"es\"},{\"@type\":\"Person\",\"@id\":\"https:\\\/\\\/quehacerpolitico.mx\\\/#\\\/schema\\\/person\\\/496d8ad2d1d3f8036101dca7ee39e585\",\"name\":\"Redacci\u00f3n QP\",\"image\":{\"@type\":\"ImageObject\",\"inLanguage\":\"es\",\"@id\":\"https:\\\/\\\/secure.gravatar.com\\\/avatar\\\/c7164ed6fdec453195284ad24a5ae5b6e1eed2b848477fa2a4787ba9adf39a41?s=96&d=mm&r=g\",\"url\":\"https:\\\/\\\/secure.gravatar.com\\\/avatar\\\/c7164ed6fdec453195284ad24a5ae5b6e1eed2b848477fa2a4787ba9adf39a41?s=96&d=mm&r=g\",\"contentUrl\":\"https:\\\/\\\/secure.gravatar.com\\\/avatar\\\/c7164ed6fdec453195284ad24a5ae5b6e1eed2b848477fa2a4787ba9adf39a41?s=96&d=mm&r=g\",\"caption\":\"Redacci\u00f3n QP\"},\"url\":\"https:\\\/\\\/quehacerpolitico.mx\\\/?author=2\"}]}<\/script>\n<!-- \/ Yoast SEO plugin. -->","yoast_head_json":{"title":"[PERFIL] \u00bfQui\u00e9n es Jes\u00fas Orta, pr\u00f3ximo Secretario de Seguridad y cercano a Ebrard? -","robots":{"index":"index","follow":"follow","max-snippet":"max-snippet:-1","max-image-preview":"max-image-preview:large","max-video-preview":"max-video-preview:-1"},"canonical":"https:\/\/quehacerpolitico.mx\/?p=9401","og_locale":"es_MX","og_type":"article","og_title":"[PERFIL] \u00bfQui\u00e9n es Jes\u00fas Orta, pr\u00f3ximo Secretario de Seguridad y cercano a Ebrard? -","og_description":"[PERFIL] \u00bfQui\u00e9n es Jes\u00fas Orta, pr\u00f3ximo Secretario de Seguridad y cercano a Ebrard? Por Redacci\u00f3n QP","og_url":"https:\/\/quehacerpolitico.mx\/?p=9401","article_published_time":"2018-11-16T05:00:15+00:00","author":"Redacci\u00f3n QP","twitter_card":"summary_large_image","twitter_misc":{"Escrito por":"Redacci\u00f3n QP","Tiempo de lectura":"2 minutos"},"schema":{"@context":"https:\/\/schema.org","@graph":[{"@type":"Article","@id":"https:\/\/quehacerpolitico.mx\/?p=9401#article","isPartOf":{"@id":"https:\/\/quehacerpolitico.mx\/?p=9401"},"author":{"name":"Redacci\u00f3n QP","@id":"https:\/\/quehacerpolitico.mx\/#\/schema\/person\/496d8ad2d1d3f8036101dca7ee39e585"},"headline":"[PERFIL] \u00bfQui\u00e9n es Jes\u00fas Orta, pr\u00f3ximo Secretario de Seguridad y cercano a Ebrard?","datePublished":"2018-11-16T05:00:15+00:00","mainEntityOfPage":{"@id":"https:\/\/quehacerpolitico.mx\/?p=9401"},"wordCount":327,"commentCount":0,"image":{"@id":"https:\/\/quehacerpolitico.mx\/?p=9401#primaryimage"},"thumbnailUrl":"","articleSection":["CDMX"],"inLanguage":"es","potentialAction":[{"@type":"CommentAction","name":"Comment","target":["https:\/\/quehacerpolitico.mx\/?p=9401#respond"]}]},{"@type":"WebPage","@id":"https:\/\/quehacerpolitico.mx\/?p=9401","url":"https:\/\/quehacerpolitico.mx\/?p=9401","name":"[PERFIL] \u00bfQui\u00e9n es Jes\u00fas Orta, pr\u00f3ximo Secretario de Seguridad y cercano a Ebrard? -","isPartOf":{"@id":"https:\/\/quehacerpolitico.mx\/#website"},"primaryImageOfPage":{"@id":"https:\/\/quehacerpolitico.mx\/?p=9401#primaryimage"},"image":{"@id":"https:\/\/quehacerpolitico.mx\/?p=9401#primaryimage"},"thumbnailUrl":"","datePublished":"2018-11-16T05:00:15+00:00","author":{"@id":"https:\/\/quehacerpolitico.mx\/#\/schema\/person\/496d8ad2d1d3f8036101dca7ee39e585"},"breadcrumb":{"@id":"https:\/\/quehacerpolitico.mx\/?p=9401#breadcrumb"},"inLanguage":"es","potentialAction":[{"@type":"ReadAction","target":["https:\/\/quehacerpolitico.mx\/?p=9401"]}]},{"@type":"ImageObject","inLanguage":"es","@id":"https:\/\/quehacerpolitico.mx\/?p=9401#primaryimage","url":"","contentUrl":""},{"@type":"BreadcrumbList","@id":"https:\/\/quehacerpolitico.mx\/?p=9401#breadcrumb","itemListElement":[{"@type":"ListItem","position":1,"name":"Inicio","item":"https:\/\/quehacerpolitico.mx\/"},{"@type":"ListItem","position":2,"name":"[PERFIL] \u00bfQui\u00e9n es Jes\u00fas Orta, pr\u00f3ximo Secretario de Seguridad y cercano a Ebrard?"}]},{"@type":"WebSite","@id":"https:\/\/quehacerpolitico.mx\/#website","url":"https:\/\/quehacerpolitico.mx\/","name":"","description":"","potentialAction":[{"@type":"SearchAction","target":{"@type":"EntryPoint","urlTemplate":"https:\/\/quehacerpolitico.mx\/?s={search_term_string}"},"query-input":{"@type":"PropertyValueSpecification","valueRequired":true,"valueName":"search_term_string"}}],"inLanguage":"es"},{"@type":"Person","@id":"https:\/\/quehacerpolitico.mx\/#\/schema\/person\/496d8ad2d1d3f8036101dca7ee39e585","name":"Redacci\u00f3n QP","image":{"@type":"ImageObject","inLanguage":"es","@id":"https:\/\/secure.gravatar.com\/avatar\/c7164ed6fdec453195284ad24a5ae5b6e1eed2b848477fa2a4787ba9adf39a41?s=96&d=mm&r=g","url":"https:\/\/secure.gravatar.com\/avatar\/c7164ed6fdec453195284ad24a5ae5b6e1eed2b848477fa2a4787ba9adf39a41?s=96&d=mm&r=g","contentUrl":"https:\/\/secure.gravatar.com\/avatar\/c7164ed6fdec453195284ad24a5ae5b6e1eed2b848477fa2a4787ba9adf39a41?s=96&d=mm&r=g","caption":"Redacci\u00f3n QP"},"url":"https:\/\/quehacerpolitico.mx\/?author=2"}]}},"featured_image_urls":{"full":"","thumbnail":"","medium":"","medium_large":"","large":"","1536x1536":"","2048x2048":"","covernews-featured":"","covernews-medium":""},"author_info":{"display_name":"Redacci\u00f3n QP","author_link":"https:\/\/quehacerpolitico.mx\/?author=2"},"category_info":"<a href=\"https:\/\/quehacerpolitico.mx\/?cat=55\" rel=\"category\">CDMX<\/a>","tag_info":"CDMX","comment_count":"0","_links":{"self":[{"href":"https:\/\/quehacerpolitico.mx\/index.php?rest_route=\/wp\/v2\/posts\/9401","targetHints":{"allow":["GET"]}}],"collection":[{"href":"https:\/\/quehacerpolitico.mx\/index.php?rest_route=\/wp\/v2\/posts"}],"about":[{"href":"https:\/\/quehacerpolitico.mx\/index.php?rest_route=\/wp\/v2\/types\/post"}],"author":[{"embeddable":true,"href":"https:\/\/quehacerpolitico.mx\/index.php?rest_route=\/wp\/v2\/users\/2"}],"replies":[{"embeddable":true,"href":"https:\/\/quehacerpolitico.mx\/index.php?rest_route=%2Fwp%2Fv2%2Fcomments&post=9401"}],"version-history":[{"count":0,"href":"https:\/\/quehacerpolitico.mx\/index.php?rest_route=\/wp\/v2\/posts\/9401\/revisions"}],"wp:featuredmedia":[{"embeddable":true,"href":"https:\/\/quehacerpolitico.mx\/index.php?rest_route=\/"}],"wp:attachment":[{"href":"https:\/\/quehacerpolitico.mx\/index.php?rest_route=%2Fwp%2Fv2%2Fmedia&parent=9401"}],"wp:term":[{"taxonomy":"category","embeddable":true,"href":"https:\/\/quehacerpolitico.mx\/index.php?rest_route=%2Fwp%2Fv2%2Fcategories&post=9401"},{"taxonomy":"post_tag","embeddable":true,"href":"https:\/\/quehacerpolitico.mx\/index.php?rest_route=%2Fwp%2Fv2%2Ftags&post=9401"}],"curies":[{"name":"wp","href":"https:\/\/api.w.org\/{rel}","templated":true}]}}