{"id":9399,"date":"2018-11-16T04:52:30","date_gmt":"2018-11-16T04:52:30","guid":{"rendered":"http:\/\/quehacerpolitico.mx\/el-rey-relata-la-primera-huida-de-prision-del-chapo-y-los-episodios-mas-sangrientos-de-su-carrera\/"},"modified":"2018-11-16T04:52:30","modified_gmt":"2018-11-16T04:52:30","slug":"el-rey-relata-la-primera-huida-de-prision-del-chapo-y-los-episodios-mas-sangrientos-de-su-carrera","status":"publish","type":"post","link":"https:\/\/quehacerpolitico.mx\/?p=9399","title":{"rendered":"\u201cEl Rey\u201d relata la primera huida de prisi\u00f3n del \u201cChapo\u201d y los episodios m\u00e1s sangrientos de su carrera"},"content":{"rendered":"<h1>\u201cEl Rey\u201d relata la primera huida de prisi\u00f3n del \u201cChapo\u201d y los episodios m\u00e1s sangrientos de su carrera<\/h1>\n<p>Por Redacci\u00f3n QP<\/p>\n<p>El jurado que debe decidir el destino de<strong> Joaqu\u00edn \u201cEl Chapo\u201d Guzm\u00e1n<\/strong> escuch\u00f3 hoy detalles de su <strong>primera huida de prisi\u00f3n<\/strong> y de varios los episodios m\u00e1s sangrientos de su carrera, en el segundo d\u00eda de testimonio del narcotraficante<strong>Jes\u00fas \u201cEl Rey\u201d Zambada Garc\u00eda<\/strong>.<\/p>\n<blockquote>\n<p>Durante m\u00e1s de cinco horas, <strong>Zambada Garc\u00eda repas\u00f3 a preguntas de la Fiscal\u00eda<\/strong>gran parte de la trayectoria de Guzm\u00e1n, incluidos algunos de los momentos m\u00e1s conocidos, como su evasi\u00f3n del penal de Puente Grande en enero de 2001.<\/p>\n<\/blockquote>\n<p>\u201cEl Rey\u201d explic\u00f3 que ya a finales del a\u00f1o 2000 su hermano, el socio del Chapo Ismael \u201cEl Mayo\u201d Zambada, le hab\u00eda advertido de que Guzm\u00e1n estaba preparando su huida, que llev\u00f3 a cabo con ayuda de un funcionario de prisiones a bordo de un carro de lavander\u00eda.<\/p>\n<blockquote>\n<p>Tras la evasi\u00f3n, con las autoridades pisando los talones al Chapo, los hermanos Zambada Garc\u00eda se encargaron de fletar un helic\u00f3ptero para evitar su captura y fueron en persona a recibirle a Quer\u00e9taro, seg\u00fan su relato.<\/p>\n<\/blockquote>\n<p>El propio Jes\u00fas Zambada se encarg\u00f3 de trasladar a Guzm\u00e1n por carretera a Ciudad de M\u00e9xico, donde les esperaban un grupo de agentes policiales que estaban a su sueldo para darles protecci\u00f3n.<\/p>\n<blockquote>\n<p>El Chapo hab\u00eda sido detenido en 1993, en Guatemala, poco despu\u00e9s de que las autoridades le atribuyesen responsabilidad por el asesinato del cardenal Juan Jes\u00fas Posadas Ocampo en el Aeropuerto Internacional de la ciudad de Guadalajara.<\/p>\n<\/blockquote>\n<p>Seg\u00fan \u201cEl Rey\u201d, Posadas muri\u00f3 en un ataque llevado a cabo por sicarios del clan de los Arellano F\u00e9lix, que estaban en guerra con Guzm\u00e1n y planeaban asesinarle ese d\u00eda.<\/p>\n<p>El Chapo evit\u00f3 la emboscada, pero el cardenal, que lleg\u00f3 al aeropuerto en un autom\u00f3vil similar al que utilizaba el narcotraficante, fue confundido con Guzm\u00e1n y asesinado.<\/p>\n<blockquote>\n<p>Buena parte del relato hecho hoy por Zambada Garc\u00eda se centr\u00f3 en la \u201cguerra\u201d mantenida durante a\u00f1os por los Arellano F\u00e9lix, l\u00edderes del Cartel de Tijuana, y la Federaci\u00f3n, el grupo que luego se convertir\u00eda en el Cartel de Sinaloa.<\/p>\n<\/blockquote>\n<p>\u201cEl Rey\u201d habl\u00f3 por ejemplo del conocido tiroteo vivido en 1992 en la discoteca Christine de Puerto Vallarta, donde un grupo liderado por el Chapo trat\u00f3 sin \u00e9xito de matar a Ram\u00f3n Arellano F\u00e9lix, en un incidente en el que murieron varias personas.<\/p>\n<p>Diez a\u00f1os despu\u00e9s, el Chapo s\u00ed logr\u00f3 su objetivo, cuando Arellano F\u00e9lix fue asesinado en Mazatl\u00e1n (Sinaloa), en una operaci\u00f3n organizada por Guzm\u00e1n.<\/p>\n<p>Seg\u00fan \u201cEl Rey\u201d, un par de a\u00f1os despu\u00e9s el Chapo le admiti\u00f3 que \u201csi algo le dio gusto, fue haber matado\u201d a Ram\u00f3n Arellano.<\/p>\n<p>Guzm\u00e1n, vestido con traje y corbata azules y camisa blanca, sigui\u00f3 hoy con atenci\u00f3n todo el testimonio de Zambada Garc\u00eda, el primer cooperante del Gobierno estadounidense en declarar.<\/p>\n<p>\u201cEl Rey\u201d, que fue detenido en 2008 y luego extraditado a Estados Unidos, ha recibido de las autoridades estadounidenses ayuda para sacar a su familia de M\u00e9xico y protegerla en Estados Unidos.<\/p>\n<p>Tras haberse declarado culpable de varios delitos, el narcotraficante est\u00e1 a la espera de conocer su sentencia, que podr\u00eda ser de cadena perpetua, pero que puede ser m\u00e1s reducida si el juez tiene en cuenta su cooperaci\u00f3n con la Justicia.<\/p>\n<p>Con Informaci\u00f3n de EFE<\/p>\n","protected":false},"excerpt":{"rendered":"<p>\u201cEl Rey\u201d relata la primera huida de prisi\u00f3n del \u201cChapo\u201d y los episodios m\u00e1s sangrientos de su carrera<br \/>\nPor Redacci\u00f3n QP<\/p>\n","protected":false},"author":2,"featured_media":9398,"comment_status":"open","ping_status":"open","sticky":false,"template":"","format":"standard","meta":{"_monsterinsights_skip_tracking":false,"_monsterinsights_sitenote_active":false,"_monsterinsights_sitenote_note":"","_monsterinsights_sitenote_category":0,"footnotes":""},"categories":[2],"tags":[],"class_list":["post-9399","post","type-post","status-publish","format-standard","has-post-thumbnail","hentry","category-noticias"],"yoast_head":"<!-- This site is optimized with the Yoast SEO plugin v27.3 - https:\/\/yoast.com\/product\/yoast-seo-wordpress\/ -->\n<title>\u201cEl Rey\u201d relata la primera huida de prisi\u00f3n del \u201cChapo\u201d y los episodios m\u00e1s sangrientos de su carrera -<\/title>\n<meta name=\"robots\" content=\"index, follow, max-snippet:-1, max-image-preview:large, max-video-preview:-1\" \/>\n<link rel=\"canonical\" href=\"https:\/\/quehacerpolitico.mx\/?p=9399\" \/>\n<meta property=\"og:locale\" content=\"es_MX\" \/>\n<meta property=\"og:type\" content=\"article\" \/>\n<meta property=\"og:title\" content=\"\u201cEl Rey\u201d relata la primera huida de prisi\u00f3n del \u201cChapo\u201d y los episodios m\u00e1s sangrientos de su carrera -\" \/>\n<meta property=\"og:description\" content=\"\u201cEl Rey\u201d relata la primera huida de prisi\u00f3n del \u201cChapo\u201d y los episodios m\u00e1s sangrientos de su carrera Por Redacci\u00f3n QP\" \/>\n<meta property=\"og:url\" content=\"https:\/\/quehacerpolitico.mx\/?p=9399\" \/>\n<meta property=\"article:published_time\" content=\"2018-11-16T04:52:30+00:00\" \/>\n<meta name=\"author\" content=\"Redacci\u00f3n QP\" \/>\n<meta name=\"twitter:card\" content=\"summary_large_image\" \/>\n<meta name=\"twitter:label1\" content=\"Escrito por\" \/>\n\t<meta name=\"twitter:data1\" content=\"Redacci\u00f3n QP\" \/>\n\t<meta name=\"twitter:label2\" content=\"Tiempo de lectura\" \/>\n\t<meta name=\"twitter:data2\" content=\"3 minutos\" \/>\n<script type=\"application\/ld+json\" class=\"yoast-schema-graph\">{\"@context\":\"https:\\\/\\\/schema.org\",\"@graph\":[{\"@type\":\"Article\",\"@id\":\"https:\\\/\\\/quehacerpolitico.mx\\\/?p=9399#article\",\"isPartOf\":{\"@id\":\"https:\\\/\\\/quehacerpolitico.mx\\\/?p=9399\"},\"author\":{\"name\":\"Redacci\u00f3n QP\",\"@id\":\"https:\\\/\\\/quehacerpolitico.mx\\\/#\\\/schema\\\/person\\\/496d8ad2d1d3f8036101dca7ee39e585\"},\"headline\":\"\u201cEl Rey\u201d relata la primera huida de prisi\u00f3n del \u201cChapo\u201d y los episodios m\u00e1s sangrientos de su carrera\",\"datePublished\":\"2018-11-16T04:52:30+00:00\",\"mainEntityOfPage\":{\"@id\":\"https:\\\/\\\/quehacerpolitico.mx\\\/?p=9399\"},\"wordCount\":624,\"commentCount\":0,\"image\":{\"@id\":\"https:\\\/\\\/quehacerpolitico.mx\\\/?p=9399#primaryimage\"},\"thumbnailUrl\":\"\",\"articleSection\":[\"Noticias\"],\"inLanguage\":\"es\",\"potentialAction\":[{\"@type\":\"CommentAction\",\"name\":\"Comment\",\"target\":[\"https:\\\/\\\/quehacerpolitico.mx\\\/?p=9399#respond\"]}]},{\"@type\":\"WebPage\",\"@id\":\"https:\\\/\\\/quehacerpolitico.mx\\\/?p=9399\",\"url\":\"https:\\\/\\\/quehacerpolitico.mx\\\/?p=9399\",\"name\":\"\u201cEl Rey\u201d relata la primera huida de prisi\u00f3n del \u201cChapo\u201d y los episodios m\u00e1s sangrientos de su carrera -\",\"isPartOf\":{\"@id\":\"https:\\\/\\\/quehacerpolitico.mx\\\/#website\"},\"primaryImageOfPage\":{\"@id\":\"https:\\\/\\\/quehacerpolitico.mx\\\/?p=9399#primaryimage\"},\"image\":{\"@id\":\"https:\\\/\\\/quehacerpolitico.mx\\\/?p=9399#primaryimage\"},\"thumbnailUrl\":\"\",\"datePublished\":\"2018-11-16T04:52:30+00:00\",\"author\":{\"@id\":\"https:\\\/\\\/quehacerpolitico.mx\\\/#\\\/schema\\\/person\\\/496d8ad2d1d3f8036101dca7ee39e585\"},\"breadcrumb\":{\"@id\":\"https:\\\/\\\/quehacerpolitico.mx\\\/?p=9399#breadcrumb\"},\"inLanguage\":\"es\",\"potentialAction\":[{\"@type\":\"ReadAction\",\"target\":[\"https:\\\/\\\/quehacerpolitico.mx\\\/?p=9399\"]}]},{\"@type\":\"ImageObject\",\"inLanguage\":\"es\",\"@id\":\"https:\\\/\\\/quehacerpolitico.mx\\\/?p=9399#primaryimage\",\"url\":\"\",\"contentUrl\":\"\"},{\"@type\":\"BreadcrumbList\",\"@id\":\"https:\\\/\\\/quehacerpolitico.mx\\\/?p=9399#breadcrumb\",\"itemListElement\":[{\"@type\":\"ListItem\",\"position\":1,\"name\":\"Inicio\",\"item\":\"https:\\\/\\\/quehacerpolitico.mx\\\/\"},{\"@type\":\"ListItem\",\"position\":2,\"name\":\"\u201cEl Rey\u201d relata la primera huida de prisi\u00f3n del \u201cChapo\u201d y los episodios m\u00e1s sangrientos de su carrera\"}]},{\"@type\":\"WebSite\",\"@id\":\"https:\\\/\\\/quehacerpolitico.mx\\\/#website\",\"url\":\"https:\\\/\\\/quehacerpolitico.mx\\\/\",\"name\":\"\",\"description\":\"\",\"potentialAction\":[{\"@type\":\"SearchAction\",\"target\":{\"@type\":\"EntryPoint\",\"urlTemplate\":\"https:\\\/\\\/quehacerpolitico.mx\\\/?s={search_term_string}\"},\"query-input\":{\"@type\":\"PropertyValueSpecification\",\"valueRequired\":true,\"valueName\":\"search_term_string\"}}],\"inLanguage\":\"es\"},{\"@type\":\"Person\",\"@id\":\"https:\\\/\\\/quehacerpolitico.mx\\\/#\\\/schema\\\/person\\\/496d8ad2d1d3f8036101dca7ee39e585\",\"name\":\"Redacci\u00f3n QP\",\"image\":{\"@type\":\"ImageObject\",\"inLanguage\":\"es\",\"@id\":\"https:\\\/\\\/secure.gravatar.com\\\/avatar\\\/c7164ed6fdec453195284ad24a5ae5b6e1eed2b848477fa2a4787ba9adf39a41?s=96&d=mm&r=g\",\"url\":\"https:\\\/\\\/secure.gravatar.com\\\/avatar\\\/c7164ed6fdec453195284ad24a5ae5b6e1eed2b848477fa2a4787ba9adf39a41?s=96&d=mm&r=g\",\"contentUrl\":\"https:\\\/\\\/secure.gravatar.com\\\/avatar\\\/c7164ed6fdec453195284ad24a5ae5b6e1eed2b848477fa2a4787ba9adf39a41?s=96&d=mm&r=g\",\"caption\":\"Redacci\u00f3n QP\"},\"url\":\"https:\\\/\\\/quehacerpolitico.mx\\\/?author=2\"}]}<\/script>\n<!-- \/ Yoast SEO plugin. -->","yoast_head_json":{"title":"\u201cEl Rey\u201d relata la primera huida de prisi\u00f3n del \u201cChapo\u201d y los episodios m\u00e1s sangrientos de su carrera -","robots":{"index":"index","follow":"follow","max-snippet":"max-snippet:-1","max-image-preview":"max-image-preview:large","max-video-preview":"max-video-preview:-1"},"canonical":"https:\/\/quehacerpolitico.mx\/?p=9399","og_locale":"es_MX","og_type":"article","og_title":"\u201cEl Rey\u201d relata la primera huida de prisi\u00f3n del \u201cChapo\u201d y los episodios m\u00e1s sangrientos de su carrera -","og_description":"\u201cEl Rey\u201d relata la primera huida de prisi\u00f3n del \u201cChapo\u201d y los episodios m\u00e1s sangrientos de su carrera Por Redacci\u00f3n QP","og_url":"https:\/\/quehacerpolitico.mx\/?p=9399","article_published_time":"2018-11-16T04:52:30+00:00","author":"Redacci\u00f3n QP","twitter_card":"summary_large_image","twitter_misc":{"Escrito por":"Redacci\u00f3n QP","Tiempo de lectura":"3 minutos"},"schema":{"@context":"https:\/\/schema.org","@graph":[{"@type":"Article","@id":"https:\/\/quehacerpolitico.mx\/?p=9399#article","isPartOf":{"@id":"https:\/\/quehacerpolitico.mx\/?p=9399"},"author":{"name":"Redacci\u00f3n QP","@id":"https:\/\/quehacerpolitico.mx\/#\/schema\/person\/496d8ad2d1d3f8036101dca7ee39e585"},"headline":"\u201cEl Rey\u201d relata la primera huida de prisi\u00f3n del \u201cChapo\u201d y los episodios m\u00e1s sangrientos de su carrera","datePublished":"2018-11-16T04:52:30+00:00","mainEntityOfPage":{"@id":"https:\/\/quehacerpolitico.mx\/?p=9399"},"wordCount":624,"commentCount":0,"image":{"@id":"https:\/\/quehacerpolitico.mx\/?p=9399#primaryimage"},"thumbnailUrl":"","articleSection":["Noticias"],"inLanguage":"es","potentialAction":[{"@type":"CommentAction","name":"Comment","target":["https:\/\/quehacerpolitico.mx\/?p=9399#respond"]}]},{"@type":"WebPage","@id":"https:\/\/quehacerpolitico.mx\/?p=9399","url":"https:\/\/quehacerpolitico.mx\/?p=9399","name":"\u201cEl Rey\u201d relata la primera huida de prisi\u00f3n del \u201cChapo\u201d y los episodios m\u00e1s sangrientos de su carrera -","isPartOf":{"@id":"https:\/\/quehacerpolitico.mx\/#website"},"primaryImageOfPage":{"@id":"https:\/\/quehacerpolitico.mx\/?p=9399#primaryimage"},"image":{"@id":"https:\/\/quehacerpolitico.mx\/?p=9399#primaryimage"},"thumbnailUrl":"","datePublished":"2018-11-16T04:52:30+00:00","author":{"@id":"https:\/\/quehacerpolitico.mx\/#\/schema\/person\/496d8ad2d1d3f8036101dca7ee39e585"},"breadcrumb":{"@id":"https:\/\/quehacerpolitico.mx\/?p=9399#breadcrumb"},"inLanguage":"es","potentialAction":[{"@type":"ReadAction","target":["https:\/\/quehacerpolitico.mx\/?p=9399"]}]},{"@type":"ImageObject","inLanguage":"es","@id":"https:\/\/quehacerpolitico.mx\/?p=9399#primaryimage","url":"","contentUrl":""},{"@type":"BreadcrumbList","@id":"https:\/\/quehacerpolitico.mx\/?p=9399#breadcrumb","itemListElement":[{"@type":"ListItem","position":1,"name":"Inicio","item":"https:\/\/quehacerpolitico.mx\/"},{"@type":"ListItem","position":2,"name":"\u201cEl Rey\u201d relata la primera huida de prisi\u00f3n del \u201cChapo\u201d y los episodios m\u00e1s sangrientos de su carrera"}]},{"@type":"WebSite","@id":"https:\/\/quehacerpolitico.mx\/#website","url":"https:\/\/quehacerpolitico.mx\/","name":"","description":"","potentialAction":[{"@type":"SearchAction","target":{"@type":"EntryPoint","urlTemplate":"https:\/\/quehacerpolitico.mx\/?s={search_term_string}"},"query-input":{"@type":"PropertyValueSpecification","valueRequired":true,"valueName":"search_term_string"}}],"inLanguage":"es"},{"@type":"Person","@id":"https:\/\/quehacerpolitico.mx\/#\/schema\/person\/496d8ad2d1d3f8036101dca7ee39e585","name":"Redacci\u00f3n QP","image":{"@type":"ImageObject","inLanguage":"es","@id":"https:\/\/secure.gravatar.com\/avatar\/c7164ed6fdec453195284ad24a5ae5b6e1eed2b848477fa2a4787ba9adf39a41?s=96&d=mm&r=g","url":"https:\/\/secure.gravatar.com\/avatar\/c7164ed6fdec453195284ad24a5ae5b6e1eed2b848477fa2a4787ba9adf39a41?s=96&d=mm&r=g","contentUrl":"https:\/\/secure.gravatar.com\/avatar\/c7164ed6fdec453195284ad24a5ae5b6e1eed2b848477fa2a4787ba9adf39a41?s=96&d=mm&r=g","caption":"Redacci\u00f3n QP"},"url":"https:\/\/quehacerpolitico.mx\/?author=2"}]}},"featured_image_urls":{"full":"","thumbnail":"","medium":"","medium_large":"","large":"","1536x1536":"","2048x2048":"","covernews-featured":"","covernews-medium":""},"author_info":{"display_name":"Redacci\u00f3n QP","author_link":"https:\/\/quehacerpolitico.mx\/?author=2"},"category_info":"<a href=\"https:\/\/quehacerpolitico.mx\/?cat=2\" rel=\"category\">Noticias<\/a>","tag_info":"Noticias","comment_count":"0","_links":{"self":[{"href":"https:\/\/quehacerpolitico.mx\/index.php?rest_route=\/wp\/v2\/posts\/9399","targetHints":{"allow":["GET"]}}],"collection":[{"href":"https:\/\/quehacerpolitico.mx\/index.php?rest_route=\/wp\/v2\/posts"}],"about":[{"href":"https:\/\/quehacerpolitico.mx\/index.php?rest_route=\/wp\/v2\/types\/post"}],"author":[{"embeddable":true,"href":"https:\/\/quehacerpolitico.mx\/index.php?rest_route=\/wp\/v2\/users\/2"}],"replies":[{"embeddable":true,"href":"https:\/\/quehacerpolitico.mx\/index.php?rest_route=%2Fwp%2Fv2%2Fcomments&post=9399"}],"version-history":[{"count":0,"href":"https:\/\/quehacerpolitico.mx\/index.php?rest_route=\/wp\/v2\/posts\/9399\/revisions"}],"wp:featuredmedia":[{"embeddable":true,"href":"https:\/\/quehacerpolitico.mx\/index.php?rest_route=\/"}],"wp:attachment":[{"href":"https:\/\/quehacerpolitico.mx\/index.php?rest_route=%2Fwp%2Fv2%2Fmedia&parent=9399"}],"wp:term":[{"taxonomy":"category","embeddable":true,"href":"https:\/\/quehacerpolitico.mx\/index.php?rest_route=%2Fwp%2Fv2%2Fcategories&post=9399"},{"taxonomy":"post_tag","embeddable":true,"href":"https:\/\/quehacerpolitico.mx\/index.php?rest_route=%2Fwp%2Fv2%2Ftags&post=9399"}],"curies":[{"name":"wp","href":"https:\/\/api.w.org\/{rel}","templated":true}]}}