{"id":93983,"date":"2022-07-28T14:23:27","date_gmt":"2022-07-28T14:23:27","guid":{"rendered":"https:\/\/quehacerpolitico.mx\/?p=93983"},"modified":"2022-07-28T14:23:29","modified_gmt":"2022-07-28T14:23:29","slug":"agustin-marchesin-a-un-paso-del-celta-de-vigo","status":"publish","type":"post","link":"https:\/\/quehacerpolitico.mx\/?p=93983","title":{"rendered":"Agust\u00edn Marches\u00edn, a un paso del Celta de Vigo"},"content":{"rendered":"\n<p>Por Redacci\u00f3n QP<\/p>\n\n\n\n<p>La llegada del internacional argentino est\u00e1 avalada por el t\u00e9cnico Eduardo \u201cChacho\u201d Coudet<\/p>\n\n\n\n<p>El&nbsp;<strong>Celta de Vigo&nbsp;<\/strong>ha llegado a un principio de acuerdo con el&nbsp;<strong>Oporto&nbsp;<\/strong>para el&nbsp;<strong>traspaso&nbsp;<\/strong>del portero argentino&nbsp;<strong>Agust\u00edn Marches\u00edn<\/strong>, quien suplir\u00eda en Bala\u00eddos la baja de su compatriota&nbsp;<strong>Mat\u00edas Dituro,<\/strong>&nbsp;quien regres\u00f3 este verano al&nbsp;<strong>Universidad Cat\u00f3lica de Chile<\/strong>&nbsp;tras finalizar su cesi\u00f3n, informaron fuentes del club.<\/p>\n\n\n\n<p>La llegada del internacional argentino, campe\u00f3n de la&nbsp;<strong>Copa Am\u00e9rica 2021&nbsp;<\/strong>con la albiceleste, est\u00e1 avalada por el t\u00e9cnico&nbsp;<strong>Eduardo \u201cChacho\u201d Coudet,<\/strong>quien buscaba un portero con experiencia para suplir las salidas de Dituro y&nbsp;<strong>Rub\u00e9n Blanco<\/strong>&nbsp;(cedido al Olympique de Marsella).<\/p>\n\n\n\n<p>Formado en las categor\u00edas inferiores del\u00a0<strong>Hurac\u00e1n\u00a0<\/strong>y tras pasar por\u00a0<strong>Lan\u00fas<\/strong>, Marches\u00edn hizo carrera en\u00a0<strong>M\u00e9xico -Santos Laguna\u00a0<\/strong>y\u00a0<strong>Am\u00e9rica<\/strong>&#8211; antes de fichar por el Porto en el verano de\u00a0<strong>2019<\/strong>.<\/p>\n\n\n\n<p>Con informaci\u00f3n de EFE<\/p>\n","protected":false},"excerpt":{"rendered":"<p>Por Redacci\u00f3n QP La llegada del internacional argentino est\u00e1 avalada por el t\u00e9cnico Eduardo \u201cChacho\u201d&#8230;<\/p>\n","protected":false},"author":2,"featured_media":93984,"comment_status":"open","ping_status":"open","sticky":false,"template":"","format":"standard","meta":{"_monsterinsights_skip_tracking":false,"_monsterinsights_sitenote_active":false,"_monsterinsights_sitenote_note":"","_monsterinsights_sitenote_category":0,"footnotes":""},"categories":[54],"tags":[],"class_list":["post-93983","post","type-post","status-publish","format-standard","has-post-thumbnail","hentry","category-deportes"],"yoast_head":"<!-- This site is optimized with the Yoast SEO plugin v27.3 - https:\/\/yoast.com\/product\/yoast-seo-wordpress\/ -->\n<title>Agust\u00edn Marches\u00edn, a un paso del Celta de Vigo -<\/title>\n<meta name=\"robots\" content=\"index, follow, max-snippet:-1, max-image-preview:large, max-video-preview:-1\" \/>\n<link rel=\"canonical\" href=\"https:\/\/quehacerpolitico.mx\/?p=93983\" \/>\n<meta property=\"og:locale\" content=\"es_MX\" \/>\n<meta property=\"og:type\" content=\"article\" \/>\n<meta property=\"og:title\" content=\"Agust\u00edn Marches\u00edn, a un paso del Celta de Vigo -\" \/>\n<meta property=\"og:description\" content=\"Por Redacci\u00f3n QP La llegada del internacional argentino est\u00e1 avalada por el t\u00e9cnico Eduardo \u201cChacho\u201d...\" \/>\n<meta property=\"og:url\" content=\"https:\/\/quehacerpolitico.mx\/?p=93983\" \/>\n<meta property=\"article:published_time\" content=\"2022-07-28T14:23:27+00:00\" \/>\n<meta property=\"article:modified_time\" content=\"2022-07-28T14:23:29+00:00\" \/>\n<meta property=\"og:image\" content=\"https:\/\/quehacerpolitico.mx\/wp-content\/uploads\/2022\/07\/D287DA8E-CD33-4D69-912F-5BE9CD3329E1.jpeg\" \/>\n\t<meta property=\"og:image:width\" content=\"638\" \/>\n\t<meta property=\"og:image:height\" content=\"359\" \/>\n\t<meta property=\"og:image:type\" content=\"image\/jpeg\" \/>\n<meta name=\"author\" content=\"Redacci\u00f3n QP\" \/>\n<meta name=\"twitter:card\" content=\"summary_large_image\" \/>\n<meta name=\"twitter:label1\" content=\"Escrito por\" \/>\n\t<meta name=\"twitter:data1\" content=\"Redacci\u00f3n QP\" \/>\n\t<meta name=\"twitter:label2\" content=\"Tiempo de lectura\" \/>\n\t<meta name=\"twitter:data2\" content=\"1 minuto\" \/>\n<script type=\"application\/ld+json\" class=\"yoast-schema-graph\">{\"@context\":\"https:\\\/\\\/schema.org\",\"@graph\":[{\"@type\":\"Article\",\"@id\":\"https:\\\/\\\/quehacerpolitico.mx\\\/?p=93983#article\",\"isPartOf\":{\"@id\":\"https:\\\/\\\/quehacerpolitico.mx\\\/?p=93983\"},\"author\":{\"name\":\"Redacci\u00f3n QP\",\"@id\":\"https:\\\/\\\/quehacerpolitico.mx\\\/#\\\/schema\\\/person\\\/496d8ad2d1d3f8036101dca7ee39e585\"},\"headline\":\"Agust\u00edn Marches\u00edn, a un paso del Celta de Vigo\",\"datePublished\":\"2022-07-28T14:23:27+00:00\",\"dateModified\":\"2022-07-28T14:23:29+00:00\",\"mainEntityOfPage\":{\"@id\":\"https:\\\/\\\/quehacerpolitico.mx\\\/?p=93983\"},\"wordCount\":189,\"commentCount\":0,\"image\":{\"@id\":\"https:\\\/\\\/quehacerpolitico.mx\\\/?p=93983#primaryimage\"},\"thumbnailUrl\":\"https:\\\/\\\/quehacerpolitico.mx\\\/wp-content\\\/uploads\\\/2022\\\/07\\\/D287DA8E-CD33-4D69-912F-5BE9CD3329E1.jpeg\",\"articleSection\":[\"Deportes\"],\"inLanguage\":\"es\",\"potentialAction\":[{\"@type\":\"CommentAction\",\"name\":\"Comment\",\"target\":[\"https:\\\/\\\/quehacerpolitico.mx\\\/?p=93983#respond\"]}]},{\"@type\":\"WebPage\",\"@id\":\"https:\\\/\\\/quehacerpolitico.mx\\\/?p=93983\",\"url\":\"https:\\\/\\\/quehacerpolitico.mx\\\/?p=93983\",\"name\":\"Agust\u00edn Marches\u00edn, a un paso del Celta de Vigo -\",\"isPartOf\":{\"@id\":\"https:\\\/\\\/quehacerpolitico.mx\\\/#website\"},\"primaryImageOfPage\":{\"@id\":\"https:\\\/\\\/quehacerpolitico.mx\\\/?p=93983#primaryimage\"},\"image\":{\"@id\":\"https:\\\/\\\/quehacerpolitico.mx\\\/?p=93983#primaryimage\"},\"thumbnailUrl\":\"https:\\\/\\\/quehacerpolitico.mx\\\/wp-content\\\/uploads\\\/2022\\\/07\\\/D287DA8E-CD33-4D69-912F-5BE9CD3329E1.jpeg\",\"datePublished\":\"2022-07-28T14:23:27+00:00\",\"dateModified\":\"2022-07-28T14:23:29+00:00\",\"author\":{\"@id\":\"https:\\\/\\\/quehacerpolitico.mx\\\/#\\\/schema\\\/person\\\/496d8ad2d1d3f8036101dca7ee39e585\"},\"breadcrumb\":{\"@id\":\"https:\\\/\\\/quehacerpolitico.mx\\\/?p=93983#breadcrumb\"},\"inLanguage\":\"es\",\"potentialAction\":[{\"@type\":\"ReadAction\",\"target\":[\"https:\\\/\\\/quehacerpolitico.mx\\\/?p=93983\"]}]},{\"@type\":\"ImageObject\",\"inLanguage\":\"es\",\"@id\":\"https:\\\/\\\/quehacerpolitico.mx\\\/?p=93983#primaryimage\",\"url\":\"https:\\\/\\\/quehacerpolitico.mx\\\/wp-content\\\/uploads\\\/2022\\\/07\\\/D287DA8E-CD33-4D69-912F-5BE9CD3329E1.jpeg\",\"contentUrl\":\"https:\\\/\\\/quehacerpolitico.mx\\\/wp-content\\\/uploads\\\/2022\\\/07\\\/D287DA8E-CD33-4D69-912F-5BE9CD3329E1.jpeg\",\"width\":638,\"height\":359},{\"@type\":\"BreadcrumbList\",\"@id\":\"https:\\\/\\\/quehacerpolitico.mx\\\/?p=93983#breadcrumb\",\"itemListElement\":[{\"@type\":\"ListItem\",\"position\":1,\"name\":\"Inicio\",\"item\":\"https:\\\/\\\/quehacerpolitico.mx\\\/\"},{\"@type\":\"ListItem\",\"position\":2,\"name\":\"Agust\u00edn Marches\u00edn, a un paso del Celta de Vigo\"}]},{\"@type\":\"WebSite\",\"@id\":\"https:\\\/\\\/quehacerpolitico.mx\\\/#website\",\"url\":\"https:\\\/\\\/quehacerpolitico.mx\\\/\",\"name\":\"\",\"description\":\"\",\"potentialAction\":[{\"@type\":\"SearchAction\",\"target\":{\"@type\":\"EntryPoint\",\"urlTemplate\":\"https:\\\/\\\/quehacerpolitico.mx\\\/?s={search_term_string}\"},\"query-input\":{\"@type\":\"PropertyValueSpecification\",\"valueRequired\":true,\"valueName\":\"search_term_string\"}}],\"inLanguage\":\"es\"},{\"@type\":\"Person\",\"@id\":\"https:\\\/\\\/quehacerpolitico.mx\\\/#\\\/schema\\\/person\\\/496d8ad2d1d3f8036101dca7ee39e585\",\"name\":\"Redacci\u00f3n QP\",\"image\":{\"@type\":\"ImageObject\",\"inLanguage\":\"es\",\"@id\":\"https:\\\/\\\/secure.gravatar.com\\\/avatar\\\/c7164ed6fdec453195284ad24a5ae5b6e1eed2b848477fa2a4787ba9adf39a41?s=96&d=mm&r=g\",\"url\":\"https:\\\/\\\/secure.gravatar.com\\\/avatar\\\/c7164ed6fdec453195284ad24a5ae5b6e1eed2b848477fa2a4787ba9adf39a41?s=96&d=mm&r=g\",\"contentUrl\":\"https:\\\/\\\/secure.gravatar.com\\\/avatar\\\/c7164ed6fdec453195284ad24a5ae5b6e1eed2b848477fa2a4787ba9adf39a41?s=96&d=mm&r=g\",\"caption\":\"Redacci\u00f3n QP\"},\"url\":\"https:\\\/\\\/quehacerpolitico.mx\\\/?author=2\"}]}<\/script>\n<!-- \/ Yoast SEO plugin. -->","yoast_head_json":{"title":"Agust\u00edn Marches\u00edn, a un paso del Celta de Vigo -","robots":{"index":"index","follow":"follow","max-snippet":"max-snippet:-1","max-image-preview":"max-image-preview:large","max-video-preview":"max-video-preview:-1"},"canonical":"https:\/\/quehacerpolitico.mx\/?p=93983","og_locale":"es_MX","og_type":"article","og_title":"Agust\u00edn Marches\u00edn, a un paso del Celta de Vigo -","og_description":"Por Redacci\u00f3n QP La llegada del internacional argentino est\u00e1 avalada por el t\u00e9cnico Eduardo \u201cChacho\u201d...","og_url":"https:\/\/quehacerpolitico.mx\/?p=93983","article_published_time":"2022-07-28T14:23:27+00:00","article_modified_time":"2022-07-28T14:23:29+00:00","og_image":[{"width":638,"height":359,"url":"https:\/\/quehacerpolitico.mx\/wp-content\/uploads\/2022\/07\/D287DA8E-CD33-4D69-912F-5BE9CD3329E1.jpeg","type":"image\/jpeg"}],"author":"Redacci\u00f3n QP","twitter_card":"summary_large_image","twitter_misc":{"Escrito por":"Redacci\u00f3n QP","Tiempo de lectura":"1 minuto"},"schema":{"@context":"https:\/\/schema.org","@graph":[{"@type":"Article","@id":"https:\/\/quehacerpolitico.mx\/?p=93983#article","isPartOf":{"@id":"https:\/\/quehacerpolitico.mx\/?p=93983"},"author":{"name":"Redacci\u00f3n QP","@id":"https:\/\/quehacerpolitico.mx\/#\/schema\/person\/496d8ad2d1d3f8036101dca7ee39e585"},"headline":"Agust\u00edn Marches\u00edn, a un paso del Celta de Vigo","datePublished":"2022-07-28T14:23:27+00:00","dateModified":"2022-07-28T14:23:29+00:00","mainEntityOfPage":{"@id":"https:\/\/quehacerpolitico.mx\/?p=93983"},"wordCount":189,"commentCount":0,"image":{"@id":"https:\/\/quehacerpolitico.mx\/?p=93983#primaryimage"},"thumbnailUrl":"https:\/\/quehacerpolitico.mx\/wp-content\/uploads\/2022\/07\/D287DA8E-CD33-4D69-912F-5BE9CD3329E1.jpeg","articleSection":["Deportes"],"inLanguage":"es","potentialAction":[{"@type":"CommentAction","name":"Comment","target":["https:\/\/quehacerpolitico.mx\/?p=93983#respond"]}]},{"@type":"WebPage","@id":"https:\/\/quehacerpolitico.mx\/?p=93983","url":"https:\/\/quehacerpolitico.mx\/?p=93983","name":"Agust\u00edn Marches\u00edn, a un paso del Celta de Vigo -","isPartOf":{"@id":"https:\/\/quehacerpolitico.mx\/#website"},"primaryImageOfPage":{"@id":"https:\/\/quehacerpolitico.mx\/?p=93983#primaryimage"},"image":{"@id":"https:\/\/quehacerpolitico.mx\/?p=93983#primaryimage"},"thumbnailUrl":"https:\/\/quehacerpolitico.mx\/wp-content\/uploads\/2022\/07\/D287DA8E-CD33-4D69-912F-5BE9CD3329E1.jpeg","datePublished":"2022-07-28T14:23:27+00:00","dateModified":"2022-07-28T14:23:29+00:00","author":{"@id":"https:\/\/quehacerpolitico.mx\/#\/schema\/person\/496d8ad2d1d3f8036101dca7ee39e585"},"breadcrumb":{"@id":"https:\/\/quehacerpolitico.mx\/?p=93983#breadcrumb"},"inLanguage":"es","potentialAction":[{"@type":"ReadAction","target":["https:\/\/quehacerpolitico.mx\/?p=93983"]}]},{"@type":"ImageObject","inLanguage":"es","@id":"https:\/\/quehacerpolitico.mx\/?p=93983#primaryimage","url":"https:\/\/quehacerpolitico.mx\/wp-content\/uploads\/2022\/07\/D287DA8E-CD33-4D69-912F-5BE9CD3329E1.jpeg","contentUrl":"https:\/\/quehacerpolitico.mx\/wp-content\/uploads\/2022\/07\/D287DA8E-CD33-4D69-912F-5BE9CD3329E1.jpeg","width":638,"height":359},{"@type":"BreadcrumbList","@id":"https:\/\/quehacerpolitico.mx\/?p=93983#breadcrumb","itemListElement":[{"@type":"ListItem","position":1,"name":"Inicio","item":"https:\/\/quehacerpolitico.mx\/"},{"@type":"ListItem","position":2,"name":"Agust\u00edn Marches\u00edn, a un paso del Celta de Vigo"}]},{"@type":"WebSite","@id":"https:\/\/quehacerpolitico.mx\/#website","url":"https:\/\/quehacerpolitico.mx\/","name":"","description":"","potentialAction":[{"@type":"SearchAction","target":{"@type":"EntryPoint","urlTemplate":"https:\/\/quehacerpolitico.mx\/?s={search_term_string}"},"query-input":{"@type":"PropertyValueSpecification","valueRequired":true,"valueName":"search_term_string"}}],"inLanguage":"es"},{"@type":"Person","@id":"https:\/\/quehacerpolitico.mx\/#\/schema\/person\/496d8ad2d1d3f8036101dca7ee39e585","name":"Redacci\u00f3n QP","image":{"@type":"ImageObject","inLanguage":"es","@id":"https:\/\/secure.gravatar.com\/avatar\/c7164ed6fdec453195284ad24a5ae5b6e1eed2b848477fa2a4787ba9adf39a41?s=96&d=mm&r=g","url":"https:\/\/secure.gravatar.com\/avatar\/c7164ed6fdec453195284ad24a5ae5b6e1eed2b848477fa2a4787ba9adf39a41?s=96&d=mm&r=g","contentUrl":"https:\/\/secure.gravatar.com\/avatar\/c7164ed6fdec453195284ad24a5ae5b6e1eed2b848477fa2a4787ba9adf39a41?s=96&d=mm&r=g","caption":"Redacci\u00f3n QP"},"url":"https:\/\/quehacerpolitico.mx\/?author=2"}]}},"featured_image_urls":{"full":["https:\/\/quehacerpolitico.mx\/wp-content\/uploads\/2022\/07\/D287DA8E-CD33-4D69-912F-5BE9CD3329E1.jpeg",638,359,false],"thumbnail":["https:\/\/quehacerpolitico.mx\/wp-content\/uploads\/2022\/07\/D287DA8E-CD33-4D69-912F-5BE9CD3329E1-150x150.jpeg",150,150,true],"medium":["https:\/\/quehacerpolitico.mx\/wp-content\/uploads\/2022\/07\/D287DA8E-CD33-4D69-912F-5BE9CD3329E1-300x169.jpeg",300,169,true],"medium_large":["https:\/\/quehacerpolitico.mx\/wp-content\/uploads\/2022\/07\/D287DA8E-CD33-4D69-912F-5BE9CD3329E1.jpeg",638,359,false],"large":["https:\/\/quehacerpolitico.mx\/wp-content\/uploads\/2022\/07\/D287DA8E-CD33-4D69-912F-5BE9CD3329E1.jpeg",638,359,false],"1536x1536":["https:\/\/quehacerpolitico.mx\/wp-content\/uploads\/2022\/07\/D287DA8E-CD33-4D69-912F-5BE9CD3329E1.jpeg",638,359,false],"2048x2048":["https:\/\/quehacerpolitico.mx\/wp-content\/uploads\/2022\/07\/D287DA8E-CD33-4D69-912F-5BE9CD3329E1.jpeg",638,359,false],"covernews-featured":["https:\/\/quehacerpolitico.mx\/wp-content\/uploads\/2022\/07\/D287DA8E-CD33-4D69-912F-5BE9CD3329E1.jpeg",638,359,false],"covernews-medium":["https:\/\/quehacerpolitico.mx\/wp-content\/uploads\/2022\/07\/D287DA8E-CD33-4D69-912F-5BE9CD3329E1.jpeg",540,304,false]},"author_info":{"display_name":"Redacci\u00f3n QP","author_link":"https:\/\/quehacerpolitico.mx\/?author=2"},"category_info":"<a href=\"https:\/\/quehacerpolitico.mx\/?cat=54\" rel=\"category\">Deportes<\/a>","tag_info":"Deportes","comment_count":"0","_links":{"self":[{"href":"https:\/\/quehacerpolitico.mx\/index.php?rest_route=\/wp\/v2\/posts\/93983","targetHints":{"allow":["GET"]}}],"collection":[{"href":"https:\/\/quehacerpolitico.mx\/index.php?rest_route=\/wp\/v2\/posts"}],"about":[{"href":"https:\/\/quehacerpolitico.mx\/index.php?rest_route=\/wp\/v2\/types\/post"}],"author":[{"embeddable":true,"href":"https:\/\/quehacerpolitico.mx\/index.php?rest_route=\/wp\/v2\/users\/2"}],"replies":[{"embeddable":true,"href":"https:\/\/quehacerpolitico.mx\/index.php?rest_route=%2Fwp%2Fv2%2Fcomments&post=93983"}],"version-history":[{"count":1,"href":"https:\/\/quehacerpolitico.mx\/index.php?rest_route=\/wp\/v2\/posts\/93983\/revisions"}],"predecessor-version":[{"id":93985,"href":"https:\/\/quehacerpolitico.mx\/index.php?rest_route=\/wp\/v2\/posts\/93983\/revisions\/93985"}],"wp:featuredmedia":[{"embeddable":true,"href":"https:\/\/quehacerpolitico.mx\/index.php?rest_route=\/wp\/v2\/media\/93984"}],"wp:attachment":[{"href":"https:\/\/quehacerpolitico.mx\/index.php?rest_route=%2Fwp%2Fv2%2Fmedia&parent=93983"}],"wp:term":[{"taxonomy":"category","embeddable":true,"href":"https:\/\/quehacerpolitico.mx\/index.php?rest_route=%2Fwp%2Fv2%2Fcategories&post=93983"},{"taxonomy":"post_tag","embeddable":true,"href":"https:\/\/quehacerpolitico.mx\/index.php?rest_route=%2Fwp%2Fv2%2Ftags&post=93983"}],"curies":[{"name":"wp","href":"https:\/\/api.w.org\/{rel}","templated":true}]}}