{"id":9391,"date":"2018-11-16T02:38:38","date_gmt":"2018-11-16T02:38:38","guid":{"rendered":"http:\/\/quehacerpolitico.mx\/amlo-nombra-asesores-a-ricardo-salinas-miguel-aleman-bernardo-gomez-hank-olegario-vazquez\/"},"modified":"2018-11-16T02:38:38","modified_gmt":"2018-11-16T02:38:38","slug":"amlo-nombra-asesores-a-ricardo-salinas-miguel-aleman-bernardo-gomez-hank-olegario-vazquez","status":"publish","type":"post","link":"https:\/\/quehacerpolitico.mx\/?p=9391","title":{"rendered":"AMLO nombra asesores a Ricardo Salinas, Miguel Alem\u00e1n, Bernardo G\u00f3mez, Hank, Olegario V\u00e1zquez\u2026"},"content":{"rendered":"<h1>AMLO nombra asesores a Ricardo Salinas, Miguel Alem\u00e1n, Bernardo G\u00f3mez, Hank, Olegario V\u00e1zquez\u2026<\/h1>\n<p>Por Redacci\u00f3n QP<\/p>\n<p><iframe loading=\"lazy\" title=\"AMLO sobre Consejo Asesor Empresarial\" width=\"640\" height=\"360\" src=\"https:\/\/www.youtube.com\/embed\/5JSZCMju_C8?feature=oembed\" frameborder=\"0\" allow=\"accelerometer; autoplay; clipboard-write; encrypted-media; gyroscope; picture-in-picture; web-share\" referrerpolicy=\"strict-origin-when-cross-origin\" allowfullscreen><\/iframe><\/p>\n<p><strong>Andr\u00e9s Manuel L\u00f3pez Obrador<\/strong>, anunci\u00f3 hoy que ha decidido formar un <strong>consejo de empresarios<\/strong> que ser\u00e1n asesores de su <strong>Presidencia <\/strong>y estar\u00e1n\u00a0coordinados por <strong>Alfonso Romo<\/strong>.<\/p>\n<p>En ese consejo estar\u00e1n <strong>Ricardo Salinas Pliego<\/strong>(<em>Azteca<\/em>), <strong>Bernardo G\u00f3me<\/strong>z (<em>Televis<\/em>a), <strong>Olegario V\u00e1zquez Aldir<\/strong> (Grupo Empresarial \u00c1ngeles, Grupo Imagen), <strong>Carlos Hank Gonz\u00e1lez<\/strong> (Hermes), <strong>Daniel Ch\u00e1vez<\/strong> (Grupo Vidanta), <strong>Miguel Rinc\u00f3n<\/strong>, <strong>Sergio Guti\u00e9rrez<\/strong> y <strong>Miguel Alem\u00e1n<\/strong> hijo.<\/p>\n<p>Dijo que ampliar\u00e1 ese consejo para convertirlo en una \u201cinstituci\u00f3n de la sociedad civil que ayude al Gobierno para que logremos entre todos el progreso de M\u00e9xico. El progreso con justicia. Que haya crecimiento, que haya bienestar\u201d.<\/p>\n<p>\u201cS\u00ed necesitamos el apoyo de los empresarios para que se invierta en M\u00e9xico, se generen empleos. Y les digo que no deben preocuparse, porque yo s\u00e9 muy bien qu\u00e9 debe llevarse a cabo para ayudar a los m\u00e1s humildes\u201d, dijo.<\/p>\n<p>El Presidente electo dijo en un video publicado este d\u00eda, en el que habla de la Guardia Nacional y su Plan de Paz y Seguridad, que el pa\u00eds necesita crecer, que en 30 a\u00f1os ha crecido 2 por ciento en promedio.<\/p>\n<blockquote>\n<p>\u201cMuchos de nuestros males se originan porque no hay crecimiento y no hay empleos y no hay bienestar, y por eso no hay paz ni tranquilidad. Entonces tenemos que crecer. Y podemos lograrlo. Para eso tenemos que utilizar el Presupuesto, la inversi\u00f3n p\u00fablica\u201d.<\/p>\n<p>\u201cPero no es suficiente. Se requiere de la participaci\u00f3n del sector privado. Y hace falta la inversi\u00f3n extranjera. Para crecer, no al 2 sino al 4 por ciento\u201d, expres\u00f3.<\/p>\n<\/blockquote>\n<p>Dijo que ayer se reuni\u00f3 con empresarios. \u201cY me gust\u00f3 mucho porque de ellos sali\u00f3, que quieren apoyar, quieren ser consejeros del pr\u00f3ximo Presidente de la Rep\u00fablica. Y les tom\u00e9 la palabra. Quieren ser miembros de un consejo asesor del Presidente; me quieren ayudar, dar sus puntos de vista, sus visiones, y ayudarnos. Les tom\u00e9 la palabra\u201d, cont\u00f3.<\/p>\n<p><strong>DEFIENDE PLAN DE SEGURIDAD<\/strong><\/p>\n<p>L\u00f3pez Obrador empez\u00f3 hablando del Presupuesto de Egresos 2019. Luego habl\u00f3 sobre el Plan de Paz y Seguridad, que present\u00f3 ayer. Dijo que lo preventivo es lo social.<\/p>\n<blockquote>\n<p>\u201cLos gobiernos anteriores piensan b\u00e1sicamente en medidas coercitivas, como si la violencia surgiera de la noche a la ma\u00f1ana, o cayera del cielo, o porque somos malos por naturaleza los mexicanos. Hay inseguridad y violencia porque no hay trabajo, porque se abandon\u00f3 a los j\u00f3venes, porque se dan malos ejemplos desde el Gobierno por la corrupci\u00f3n imperante, porque hay impunidad, porque s\u00f3lo se castiga al que no tiene para comprar su inocencia\u201d, dijo.<\/p>\n<\/blockquote>\n<p>\u201cPero esto va a cambiar. Cuando fui Jefe de Gobierno se iniciaron muchos programas sociales y esto ayud\u00f3 mucho a que se redujera la incidencia delictiva en la Ciudad de M\u00e9xico. Y tambi\u00e9n ayud\u00f3 mucho que yo recib\u00eda el parte desde muy temprano de lo sucedido en las \u00faltimas 24 horas y tom\u00e1bamos decisiones. Eso mismo voy a hacer ahora. Todos los d\u00edas desde las 6 de la ma\u00f1ana en Palacio Nacional voy a tener un acuerdo con el Gabinete de Seguridad y vamos a recibir el parte de lo sucedido en todo el pa\u00eds. Y nos estamos organizando porque van a haber coordinaci\u00f3nes como cuando fui Jefe de Gobierno. Ahora van a ser 266 coordinaciones territoriales para garantizar la seguridad p\u00fablica en todo el pa\u00eds. En esas coordinaciones van a actuar, de manera coordinada, elementos de la Polic\u00eda Militar, de la Polic\u00eda Naval, de la Polic\u00eda Federal. Vamos a conformar la Guardia Nacional\u201d.<\/p>\n<p>L\u00f3pez Obrador dijo que de esa forma se va a garantizar la paz, la tranquilidad. Me va a ayudar el Ej\u00e9rcito y la Marina. \u00bfPor qu\u00e9 tomo la decisi\u00f3n de respaldarme, de apoyarme en el Ej\u00e9rcito y la Marina? Porque no est\u00e1 consolidada la Polic\u00eda Federal; y las polic\u00edas ministeriales, y las polic\u00edas estatales, y las polic\u00edas municipales no est\u00e1n en condiciones de ser utilizadas para resolver el grave problema de la inseguridad y la violencia\u201d.<\/p>\n<p>El Presidente electo dijo que les falta profesionalismo en algunos casos; \u201chay deshonestidad. Desde luego hay elementos que merecen todo nuestro respeto. Como en todas las organizaciones, como en todas las instituciones hay gente buena pero tambi\u00e9n hay gente que no est\u00e1 cumpliendo con su responsabilidad de cumplir a los ciudadanos\u201d.<\/p>\n<blockquote>\n<p>\u201cNo hay una l\u00ednea divisoria entre delincuentes y autoridad y si no existe esa frontera no tenemos posibilidad de resolver el problema. Por eso acud\u00ed al Ej\u00e9rcito y la Marina y se va a formar la Guardia Nacional. Para eso estoy proponiendo, y los diputados han tomado la iniciativa de llevar a cabo una Reforma Constitucional, porque no quiero utilizar al Ej\u00e9rcito y a la Marina, como se ha venido haciendo, para labores de seguridad p\u00fablica, si no est\u00e1n facultados para llevar a cabo esas funciones\u201d, dijo AMLO.<\/p>\n<\/blockquote>\n<p>\u201cEs mejor que este asunto se debata\u201d, se\u00f1al\u00f3. \u201cY que se reforme la Constituci\u00f3n, si as\u00ed lo consideran los legisladores, para que de esta forma podamos contar con la Guardia Nacional\u201d.<\/p>\n<p>L\u00f3pez Obrador puso como ejemplo Francia, o Espa\u00f1a, donde un cuerpo similar de gendarmer\u00eda depende de las fuerzas armadas. \u201cAhora, esta Guardia Nacional va a depender de la Secretar\u00eda de la Defensa Nacional. Se va a integrar con miembros de la Armada, de la Polic\u00eda Federal, y va a especializarse del uso limitado de la fuerza. Y sobre todo va a ser respetuosa de los derechos humanos. Y yo voy a ser garante porque, de acuerdo a la Ley, el Presidente de la Rep\u00fablica es al mismo tiempo el Comandante Supremo de las fuerzas armadas\u201d.<\/p>\n<p>\u201cVamos a garantizar la paz y la tranquilidad respetando los derechos humanos\u201d, insisti\u00f3.<\/p>\n","protected":false},"excerpt":{"rendered":"<p>AMLO nombra asesores a Ricardo Salinas, Miguel Alem\u00e1n, Bernardo G\u00f3mez, Hank, Olegario V\u00e1zquez\u2026<br \/>\nPor Redacci\u00f3n QP<\/p>\n","protected":false},"author":2,"featured_media":9390,"comment_status":"open","ping_status":"open","sticky":false,"template":"","format":"standard","meta":{"_monsterinsights_skip_tracking":false,"_monsterinsights_sitenote_active":false,"_monsterinsights_sitenote_note":"","_monsterinsights_sitenote_category":0,"footnotes":""},"categories":[2],"tags":[],"class_list":["post-9391","post","type-post","status-publish","format-standard","has-post-thumbnail","hentry","category-noticias"],"yoast_head":"<!-- This site is optimized with the Yoast SEO plugin v27.3 - https:\/\/yoast.com\/product\/yoast-seo-wordpress\/ -->\n<title>AMLO nombra asesores a Ricardo Salinas, Miguel Alem\u00e1n, Bernardo G\u00f3mez, Hank, Olegario V\u00e1zquez\u2026 -<\/title>\n<meta name=\"robots\" content=\"index, follow, max-snippet:-1, max-image-preview:large, max-video-preview:-1\" \/>\n<link rel=\"canonical\" href=\"https:\/\/quehacerpolitico.mx\/?p=9391\" \/>\n<meta property=\"og:locale\" content=\"es_MX\" \/>\n<meta property=\"og:type\" content=\"article\" \/>\n<meta property=\"og:title\" content=\"AMLO nombra asesores a Ricardo Salinas, Miguel Alem\u00e1n, Bernardo G\u00f3mez, Hank, Olegario V\u00e1zquez\u2026 -\" \/>\n<meta property=\"og:description\" content=\"AMLO nombra asesores a Ricardo Salinas, Miguel Alem\u00e1n, Bernardo G\u00f3mez, Hank, Olegario V\u00e1zquez\u2026 Por Redacci\u00f3n QP\" \/>\n<meta property=\"og:url\" content=\"https:\/\/quehacerpolitico.mx\/?p=9391\" \/>\n<meta property=\"article:published_time\" content=\"2018-11-16T02:38:38+00:00\" \/>\n<meta name=\"author\" content=\"Redacci\u00f3n QP\" \/>\n<meta name=\"twitter:card\" content=\"summary_large_image\" \/>\n<meta name=\"twitter:label1\" content=\"Escrito por\" \/>\n\t<meta name=\"twitter:data1\" content=\"Redacci\u00f3n QP\" \/>\n\t<meta name=\"twitter:label2\" content=\"Tiempo de lectura\" \/>\n\t<meta name=\"twitter:data2\" content=\"5 minutos\" \/>\n<script type=\"application\/ld+json\" class=\"yoast-schema-graph\">{\"@context\":\"https:\\\/\\\/schema.org\",\"@graph\":[{\"@type\":\"Article\",\"@id\":\"https:\\\/\\\/quehacerpolitico.mx\\\/?p=9391#article\",\"isPartOf\":{\"@id\":\"https:\\\/\\\/quehacerpolitico.mx\\\/?p=9391\"},\"author\":{\"name\":\"Redacci\u00f3n QP\",\"@id\":\"https:\\\/\\\/quehacerpolitico.mx\\\/#\\\/schema\\\/person\\\/496d8ad2d1d3f8036101dca7ee39e585\"},\"headline\":\"AMLO nombra asesores a Ricardo Salinas, Miguel Alem\u00e1n, Bernardo G\u00f3mez, Hank, Olegario V\u00e1zquez\u2026\",\"datePublished\":\"2018-11-16T02:38:38+00:00\",\"mainEntityOfPage\":{\"@id\":\"https:\\\/\\\/quehacerpolitico.mx\\\/?p=9391\"},\"wordCount\":1022,\"commentCount\":0,\"image\":{\"@id\":\"https:\\\/\\\/quehacerpolitico.mx\\\/?p=9391#primaryimage\"},\"thumbnailUrl\":\"\",\"articleSection\":[\"Noticias\"],\"inLanguage\":\"es\",\"potentialAction\":[{\"@type\":\"CommentAction\",\"name\":\"Comment\",\"target\":[\"https:\\\/\\\/quehacerpolitico.mx\\\/?p=9391#respond\"]}]},{\"@type\":\"WebPage\",\"@id\":\"https:\\\/\\\/quehacerpolitico.mx\\\/?p=9391\",\"url\":\"https:\\\/\\\/quehacerpolitico.mx\\\/?p=9391\",\"name\":\"AMLO nombra asesores a Ricardo Salinas, Miguel Alem\u00e1n, Bernardo G\u00f3mez, Hank, Olegario V\u00e1zquez\u2026 -\",\"isPartOf\":{\"@id\":\"https:\\\/\\\/quehacerpolitico.mx\\\/#website\"},\"primaryImageOfPage\":{\"@id\":\"https:\\\/\\\/quehacerpolitico.mx\\\/?p=9391#primaryimage\"},\"image\":{\"@id\":\"https:\\\/\\\/quehacerpolitico.mx\\\/?p=9391#primaryimage\"},\"thumbnailUrl\":\"\",\"datePublished\":\"2018-11-16T02:38:38+00:00\",\"author\":{\"@id\":\"https:\\\/\\\/quehacerpolitico.mx\\\/#\\\/schema\\\/person\\\/496d8ad2d1d3f8036101dca7ee39e585\"},\"breadcrumb\":{\"@id\":\"https:\\\/\\\/quehacerpolitico.mx\\\/?p=9391#breadcrumb\"},\"inLanguage\":\"es\",\"potentialAction\":[{\"@type\":\"ReadAction\",\"target\":[\"https:\\\/\\\/quehacerpolitico.mx\\\/?p=9391\"]}]},{\"@type\":\"ImageObject\",\"inLanguage\":\"es\",\"@id\":\"https:\\\/\\\/quehacerpolitico.mx\\\/?p=9391#primaryimage\",\"url\":\"\",\"contentUrl\":\"\"},{\"@type\":\"BreadcrumbList\",\"@id\":\"https:\\\/\\\/quehacerpolitico.mx\\\/?p=9391#breadcrumb\",\"itemListElement\":[{\"@type\":\"ListItem\",\"position\":1,\"name\":\"Inicio\",\"item\":\"https:\\\/\\\/quehacerpolitico.mx\\\/\"},{\"@type\":\"ListItem\",\"position\":2,\"name\":\"AMLO nombra asesores a Ricardo Salinas, Miguel Alem\u00e1n, Bernardo G\u00f3mez, Hank, Olegario V\u00e1zquez\u2026\"}]},{\"@type\":\"WebSite\",\"@id\":\"https:\\\/\\\/quehacerpolitico.mx\\\/#website\",\"url\":\"https:\\\/\\\/quehacerpolitico.mx\\\/\",\"name\":\"\",\"description\":\"\",\"potentialAction\":[{\"@type\":\"SearchAction\",\"target\":{\"@type\":\"EntryPoint\",\"urlTemplate\":\"https:\\\/\\\/quehacerpolitico.mx\\\/?s={search_term_string}\"},\"query-input\":{\"@type\":\"PropertyValueSpecification\",\"valueRequired\":true,\"valueName\":\"search_term_string\"}}],\"inLanguage\":\"es\"},{\"@type\":\"Person\",\"@id\":\"https:\\\/\\\/quehacerpolitico.mx\\\/#\\\/schema\\\/person\\\/496d8ad2d1d3f8036101dca7ee39e585\",\"name\":\"Redacci\u00f3n QP\",\"image\":{\"@type\":\"ImageObject\",\"inLanguage\":\"es\",\"@id\":\"https:\\\/\\\/secure.gravatar.com\\\/avatar\\\/c7164ed6fdec453195284ad24a5ae5b6e1eed2b848477fa2a4787ba9adf39a41?s=96&d=mm&r=g\",\"url\":\"https:\\\/\\\/secure.gravatar.com\\\/avatar\\\/c7164ed6fdec453195284ad24a5ae5b6e1eed2b848477fa2a4787ba9adf39a41?s=96&d=mm&r=g\",\"contentUrl\":\"https:\\\/\\\/secure.gravatar.com\\\/avatar\\\/c7164ed6fdec453195284ad24a5ae5b6e1eed2b848477fa2a4787ba9adf39a41?s=96&d=mm&r=g\",\"caption\":\"Redacci\u00f3n QP\"},\"url\":\"https:\\\/\\\/quehacerpolitico.mx\\\/?author=2\"}]}<\/script>\n<!-- \/ Yoast SEO plugin. -->","yoast_head_json":{"title":"AMLO nombra asesores a Ricardo Salinas, Miguel Alem\u00e1n, Bernardo G\u00f3mez, Hank, Olegario V\u00e1zquez\u2026 -","robots":{"index":"index","follow":"follow","max-snippet":"max-snippet:-1","max-image-preview":"max-image-preview:large","max-video-preview":"max-video-preview:-1"},"canonical":"https:\/\/quehacerpolitico.mx\/?p=9391","og_locale":"es_MX","og_type":"article","og_title":"AMLO nombra asesores a Ricardo Salinas, Miguel Alem\u00e1n, Bernardo G\u00f3mez, Hank, Olegario V\u00e1zquez\u2026 -","og_description":"AMLO nombra asesores a Ricardo Salinas, Miguel Alem\u00e1n, Bernardo G\u00f3mez, Hank, Olegario V\u00e1zquez\u2026 Por Redacci\u00f3n QP","og_url":"https:\/\/quehacerpolitico.mx\/?p=9391","article_published_time":"2018-11-16T02:38:38+00:00","author":"Redacci\u00f3n QP","twitter_card":"summary_large_image","twitter_misc":{"Escrito por":"Redacci\u00f3n QP","Tiempo de lectura":"5 minutos"},"schema":{"@context":"https:\/\/schema.org","@graph":[{"@type":"Article","@id":"https:\/\/quehacerpolitico.mx\/?p=9391#article","isPartOf":{"@id":"https:\/\/quehacerpolitico.mx\/?p=9391"},"author":{"name":"Redacci\u00f3n QP","@id":"https:\/\/quehacerpolitico.mx\/#\/schema\/person\/496d8ad2d1d3f8036101dca7ee39e585"},"headline":"AMLO nombra asesores a Ricardo Salinas, Miguel Alem\u00e1n, Bernardo G\u00f3mez, Hank, Olegario V\u00e1zquez\u2026","datePublished":"2018-11-16T02:38:38+00:00","mainEntityOfPage":{"@id":"https:\/\/quehacerpolitico.mx\/?p=9391"},"wordCount":1022,"commentCount":0,"image":{"@id":"https:\/\/quehacerpolitico.mx\/?p=9391#primaryimage"},"thumbnailUrl":"","articleSection":["Noticias"],"inLanguage":"es","potentialAction":[{"@type":"CommentAction","name":"Comment","target":["https:\/\/quehacerpolitico.mx\/?p=9391#respond"]}]},{"@type":"WebPage","@id":"https:\/\/quehacerpolitico.mx\/?p=9391","url":"https:\/\/quehacerpolitico.mx\/?p=9391","name":"AMLO nombra asesores a Ricardo Salinas, Miguel Alem\u00e1n, Bernardo G\u00f3mez, Hank, Olegario V\u00e1zquez\u2026 -","isPartOf":{"@id":"https:\/\/quehacerpolitico.mx\/#website"},"primaryImageOfPage":{"@id":"https:\/\/quehacerpolitico.mx\/?p=9391#primaryimage"},"image":{"@id":"https:\/\/quehacerpolitico.mx\/?p=9391#primaryimage"},"thumbnailUrl":"","datePublished":"2018-11-16T02:38:38+00:00","author":{"@id":"https:\/\/quehacerpolitico.mx\/#\/schema\/person\/496d8ad2d1d3f8036101dca7ee39e585"},"breadcrumb":{"@id":"https:\/\/quehacerpolitico.mx\/?p=9391#breadcrumb"},"inLanguage":"es","potentialAction":[{"@type":"ReadAction","target":["https:\/\/quehacerpolitico.mx\/?p=9391"]}]},{"@type":"ImageObject","inLanguage":"es","@id":"https:\/\/quehacerpolitico.mx\/?p=9391#primaryimage","url":"","contentUrl":""},{"@type":"BreadcrumbList","@id":"https:\/\/quehacerpolitico.mx\/?p=9391#breadcrumb","itemListElement":[{"@type":"ListItem","position":1,"name":"Inicio","item":"https:\/\/quehacerpolitico.mx\/"},{"@type":"ListItem","position":2,"name":"AMLO nombra asesores a Ricardo Salinas, Miguel Alem\u00e1n, Bernardo G\u00f3mez, Hank, Olegario V\u00e1zquez\u2026"}]},{"@type":"WebSite","@id":"https:\/\/quehacerpolitico.mx\/#website","url":"https:\/\/quehacerpolitico.mx\/","name":"","description":"","potentialAction":[{"@type":"SearchAction","target":{"@type":"EntryPoint","urlTemplate":"https:\/\/quehacerpolitico.mx\/?s={search_term_string}"},"query-input":{"@type":"PropertyValueSpecification","valueRequired":true,"valueName":"search_term_string"}}],"inLanguage":"es"},{"@type":"Person","@id":"https:\/\/quehacerpolitico.mx\/#\/schema\/person\/496d8ad2d1d3f8036101dca7ee39e585","name":"Redacci\u00f3n QP","image":{"@type":"ImageObject","inLanguage":"es","@id":"https:\/\/secure.gravatar.com\/avatar\/c7164ed6fdec453195284ad24a5ae5b6e1eed2b848477fa2a4787ba9adf39a41?s=96&d=mm&r=g","url":"https:\/\/secure.gravatar.com\/avatar\/c7164ed6fdec453195284ad24a5ae5b6e1eed2b848477fa2a4787ba9adf39a41?s=96&d=mm&r=g","contentUrl":"https:\/\/secure.gravatar.com\/avatar\/c7164ed6fdec453195284ad24a5ae5b6e1eed2b848477fa2a4787ba9adf39a41?s=96&d=mm&r=g","caption":"Redacci\u00f3n QP"},"url":"https:\/\/quehacerpolitico.mx\/?author=2"}]}},"featured_image_urls":{"full":"","thumbnail":"","medium":"","medium_large":"","large":"","1536x1536":"","2048x2048":"","covernews-featured":"","covernews-medium":""},"author_info":{"display_name":"Redacci\u00f3n QP","author_link":"https:\/\/quehacerpolitico.mx\/?author=2"},"category_info":"<a href=\"https:\/\/quehacerpolitico.mx\/?cat=2\" rel=\"category\">Noticias<\/a>","tag_info":"Noticias","comment_count":"0","_links":{"self":[{"href":"https:\/\/quehacerpolitico.mx\/index.php?rest_route=\/wp\/v2\/posts\/9391","targetHints":{"allow":["GET"]}}],"collection":[{"href":"https:\/\/quehacerpolitico.mx\/index.php?rest_route=\/wp\/v2\/posts"}],"about":[{"href":"https:\/\/quehacerpolitico.mx\/index.php?rest_route=\/wp\/v2\/types\/post"}],"author":[{"embeddable":true,"href":"https:\/\/quehacerpolitico.mx\/index.php?rest_route=\/wp\/v2\/users\/2"}],"replies":[{"embeddable":true,"href":"https:\/\/quehacerpolitico.mx\/index.php?rest_route=%2Fwp%2Fv2%2Fcomments&post=9391"}],"version-history":[{"count":0,"href":"https:\/\/quehacerpolitico.mx\/index.php?rest_route=\/wp\/v2\/posts\/9391\/revisions"}],"wp:featuredmedia":[{"embeddable":true,"href":"https:\/\/quehacerpolitico.mx\/index.php?rest_route=\/"}],"wp:attachment":[{"href":"https:\/\/quehacerpolitico.mx\/index.php?rest_route=%2Fwp%2Fv2%2Fmedia&parent=9391"}],"wp:term":[{"taxonomy":"category","embeddable":true,"href":"https:\/\/quehacerpolitico.mx\/index.php?rest_route=%2Fwp%2Fv2%2Fcategories&post=9391"},{"taxonomy":"post_tag","embeddable":true,"href":"https:\/\/quehacerpolitico.mx\/index.php?rest_route=%2Fwp%2Fv2%2Ftags&post=9391"}],"curies":[{"name":"wp","href":"https:\/\/api.w.org\/{rel}","templated":true}]}}