{"id":9389,"date":"2018-11-16T02:29:28","date_gmt":"2018-11-16T02:29:28","guid":{"rendered":"http:\/\/quehacerpolitico.mx\/alcaldias-inicia-feria-de-atractivos-turisticos-en-alcaldia-cuauhtemoc\/"},"modified":"2018-11-16T02:29:28","modified_gmt":"2018-11-16T02:29:28","slug":"alcaldias-inicia-feria-de-atractivos-turisticos-en-alcaldia-cuauhtemoc","status":"publish","type":"post","link":"https:\/\/quehacerpolitico.mx\/?p=9389","title":{"rendered":"Alcald\u00edas\/\/\/Inicia Feria de Atractivos Tur\u00edsticos en Alcald\u00eda Cuauht\u00e9moc"},"content":{"rendered":"<p>Inicia Feria de Atractivos Tur\u00edsticos en Alcald\u00eda Cuauht\u00e9moc<\/p>\n<p>Por Redacci\u00f3n QP<\/p>\n<div class=\"s8\"><span class=\"s6\">\u2022 <\/span><span class=\"s7\">O<\/span><span class=\"s7\">frecen en Cuauht\u00e9moc m\u00e1s de 60 opciones tur\u00edsticas para la temporada decembrina<\/span><span class=\"s7\"> este 15 y 16 de noviembre <\/span><\/div>\n<div class=\"s8\"><span class=\"s6\">\u2022 <\/span><span class=\"s7\">L<\/span><span class=\"s7\">as opciones de <\/span><span class=\"s7\">esparcimiento se encuentran disponibles al p\u00fablico en general<\/span><span class=\"s7\">; descuentos<\/span><span class=\"s7\">en museos, espect\u00e1culos art\u00edsticos, parques acu\u00e1ticos<\/span><span class=\"s7\">, entre otros<\/span><span class=\"s2\"><span class=\"bumpedFont15\"><br \/><\/span><\/span><\/div>\n<p class=\"s10\"><span class=\"s9\"><span class=\"bumpedFont15\">En la explanada de la Alcald\u00eda Cuauht\u00e9moc se inaugur\u00f3 la Segunda Feria de Atractivos Tur\u00edsticos, en la cual m\u00e1s de 60 empresas dedicadas al turismo, la cultura y <\/span><\/span><span class=\"s9\"><span class=\"bumpedFont15\">el esparcimiento<\/span><\/span><span class=\"s9\"><span class=\"bumpedFont15\"> ofrecer\u00e1n <\/span><\/span><span class=\"s9\"><span class=\"bumpedFont15\">entre <\/span><\/span><span class=\"s9\"><span class=\"bumpedFont15\">hoy y ma\u00f1ana<\/span><\/span><span class=\"s9\"><span class=\"bumpedFont15\">,<\/span><\/span><span class=\"s9\"><span class=\"bumpedFont15\"> a los habitantes de la demarcaci\u00f3n y de otras zonas de la Ciudad, diversas opciones y descuentos para la temporada decembrina.<\/span><\/span><\/p>\n<p class=\"s10\"><span class=\"s9\"><span class=\"bumpedFont15\">El acto inaugural corri\u00f3 a cargo de Alejandro L\u00f3pez Tenorio, <\/span><\/span><span class=\"s9\"><span class=\"bumpedFont15\">D<\/span><\/span><span class=\"s9\"><span class=\"bumpedFont15\">irector <\/span><\/span><span class=\"s9\"><span class=\"bumpedFont15\">G<\/span><\/span><span class=\"s9\"><span class=\"bumpedFont15\">eneral de Desar<\/span><\/span><span class=\"s9\"><span class=\"bumpedFont15\">rollo Social, <\/span><\/span><span class=\"s9\"><span class=\"bumpedFont15\">quien<\/span><\/span><span class=\"s9\"><span class=\"bumpedFont15\"> a nombre del alcalde, N\u00e9stor N\u00fa\u00f1ez L\u00f3pez, invit\u00f3 a todos los interesados en aprovechar los descuentos y promociones que se llevar\u00e1n a cabo durante los dos d\u00edas de la Feria.<\/span><\/span><\/p>\n<p class=\"s10\"><span class=\"s9\"><span class=\"bumpedFont15\">La intenci\u00f3n del evento es acercar a la poblaci\u00f3n de todos los <\/span><\/span><span class=\"s9\"><span class=\"bumpedFont15\">gustos y edades, opciones tur\u00edsticas representadas en museos, espect\u00e1culos art\u00edsticos, parques acu\u00e1ticos, paseos en globo, trajineras y visitas a algunos estados de la Rep\u00fablica, mencion\u00f3 Andrea L\u00f3pez, subdirectora de Turismo.<\/span><\/span><\/p>\n<p class=\"s10\"><span class=\"s9\"><span class=\"bumpedFont15\">Asimismo, a<\/span><\/span><span class=\"s9\"><span class=\"bumpedFont15\">greg\u00f3 que participan<\/span><\/span><span class=\"s9\"><span class=\"bumpedFont15\"> promotores de las alcald\u00edas Xochimilco, Gustavo A. Madero y \u00c1lvaro Obreg\u00f3n.<\/span><\/span><\/p>\n<p class=\"s10\"><span class=\"s9\"><span class=\"bumpedFont15\">Entre las empresas y opciones participantes se encuentran: AMMTITUDE (Asociaci\u00f3n Mexicana de Turismo Deportivo), Bioparque Estrella, Kidzania, Cinepolis, Rancho M\u00e1gico, Torre Lati<\/span><\/span><span class=\"s9\"><span class=\"bumpedFont15\">no, Turibus, Capital Bus, Tenampa, Mercado de Artesan\u00edas, Forja Kamelot (espect\u00e1culo medieval), Museo Franz Mayer, Galer\u00eda Afirme, Museo Vizca\u00ednas, Museo Jos\u00e9 Luis Cuevas, y Museo del Juguete.<\/span><\/span><\/p>\n<p class=\"s10\"><span class=\"s9\"><span class=\"bumpedFont15\">Adem\u00e1s se promocionan paquetes y viajes a Taxco, Guerrero; Le\u00f3n<\/span><\/span><span class=\"s9\"><span class=\"bumpedFont15\"> Guanajuato y paseos a la Riviera Maya, entre otros.<\/span><\/span><\/p>\n","protected":false},"excerpt":{"rendered":"<p>Inicia Feria de Atractivos Tur\u00edsticos en Alcald\u00eda Cuauht\u00e9moc<br \/>\nPor Redacci\u00f3n QP<\/p>\n","protected":false},"author":2,"featured_media":9388,"comment_status":"open","ping_status":"open","sticky":false,"template":"","format":"standard","meta":{"_monsterinsights_skip_tracking":false,"_monsterinsights_sitenote_active":false,"_monsterinsights_sitenote_note":"","_monsterinsights_sitenote_category":0,"footnotes":""},"categories":[55],"tags":[],"class_list":["post-9389","post","type-post","status-publish","format-standard","has-post-thumbnail","hentry","category-cdmx"],"yoast_head":"<!-- This site is optimized with the Yoast SEO plugin v27.3 - https:\/\/yoast.com\/product\/yoast-seo-wordpress\/ -->\n<title>Alcald\u00edas\/\/\/Inicia Feria de Atractivos Tur\u00edsticos en Alcald\u00eda Cuauht\u00e9moc -<\/title>\n<meta name=\"robots\" content=\"index, follow, max-snippet:-1, max-image-preview:large, max-video-preview:-1\" \/>\n<link rel=\"canonical\" href=\"https:\/\/quehacerpolitico.mx\/?p=9389\" \/>\n<meta property=\"og:locale\" content=\"es_MX\" \/>\n<meta property=\"og:type\" content=\"article\" \/>\n<meta property=\"og:title\" content=\"Alcald\u00edas\/\/\/Inicia Feria de Atractivos Tur\u00edsticos en Alcald\u00eda Cuauht\u00e9moc -\" \/>\n<meta property=\"og:description\" content=\"Inicia Feria de Atractivos Tur\u00edsticos en Alcald\u00eda Cuauht\u00e9moc Por Redacci\u00f3n QP\" \/>\n<meta property=\"og:url\" content=\"https:\/\/quehacerpolitico.mx\/?p=9389\" \/>\n<meta property=\"article:published_time\" content=\"2018-11-16T02:29:28+00:00\" \/>\n<meta name=\"author\" content=\"Redacci\u00f3n QP\" \/>\n<meta name=\"twitter:card\" content=\"summary_large_image\" \/>\n<meta name=\"twitter:label1\" content=\"Escrito por\" \/>\n\t<meta name=\"twitter:data1\" content=\"Redacci\u00f3n QP\" \/>\n\t<meta name=\"twitter:label2\" content=\"Tiempo de lectura\" \/>\n\t<meta name=\"twitter:data2\" content=\"2 minutos\" \/>\n<script type=\"application\/ld+json\" class=\"yoast-schema-graph\">{\"@context\":\"https:\\\/\\\/schema.org\",\"@graph\":[{\"@type\":\"Article\",\"@id\":\"https:\\\/\\\/quehacerpolitico.mx\\\/?p=9389#article\",\"isPartOf\":{\"@id\":\"https:\\\/\\\/quehacerpolitico.mx\\\/?p=9389\"},\"author\":{\"name\":\"Redacci\u00f3n QP\",\"@id\":\"https:\\\/\\\/quehacerpolitico.mx\\\/#\\\/schema\\\/person\\\/496d8ad2d1d3f8036101dca7ee39e585\"},\"headline\":\"Alcald\u00edas\\\/\\\/\\\/Inicia Feria de Atractivos Tur\u00edsticos en Alcald\u00eda Cuauht\u00e9moc\",\"datePublished\":\"2018-11-16T02:29:28+00:00\",\"mainEntityOfPage\":{\"@id\":\"https:\\\/\\\/quehacerpolitico.mx\\\/?p=9389\"},\"wordCount\":333,\"commentCount\":0,\"image\":{\"@id\":\"https:\\\/\\\/quehacerpolitico.mx\\\/?p=9389#primaryimage\"},\"thumbnailUrl\":\"\",\"articleSection\":[\"CDMX\"],\"inLanguage\":\"es\",\"potentialAction\":[{\"@type\":\"CommentAction\",\"name\":\"Comment\",\"target\":[\"https:\\\/\\\/quehacerpolitico.mx\\\/?p=9389#respond\"]}]},{\"@type\":\"WebPage\",\"@id\":\"https:\\\/\\\/quehacerpolitico.mx\\\/?p=9389\",\"url\":\"https:\\\/\\\/quehacerpolitico.mx\\\/?p=9389\",\"name\":\"Alcald\u00edas\\\/\\\/\\\/Inicia Feria de Atractivos Tur\u00edsticos en Alcald\u00eda Cuauht\u00e9moc -\",\"isPartOf\":{\"@id\":\"https:\\\/\\\/quehacerpolitico.mx\\\/#website\"},\"primaryImageOfPage\":{\"@id\":\"https:\\\/\\\/quehacerpolitico.mx\\\/?p=9389#primaryimage\"},\"image\":{\"@id\":\"https:\\\/\\\/quehacerpolitico.mx\\\/?p=9389#primaryimage\"},\"thumbnailUrl\":\"\",\"datePublished\":\"2018-11-16T02:29:28+00:00\",\"author\":{\"@id\":\"https:\\\/\\\/quehacerpolitico.mx\\\/#\\\/schema\\\/person\\\/496d8ad2d1d3f8036101dca7ee39e585\"},\"breadcrumb\":{\"@id\":\"https:\\\/\\\/quehacerpolitico.mx\\\/?p=9389#breadcrumb\"},\"inLanguage\":\"es\",\"potentialAction\":[{\"@type\":\"ReadAction\",\"target\":[\"https:\\\/\\\/quehacerpolitico.mx\\\/?p=9389\"]}]},{\"@type\":\"ImageObject\",\"inLanguage\":\"es\",\"@id\":\"https:\\\/\\\/quehacerpolitico.mx\\\/?p=9389#primaryimage\",\"url\":\"\",\"contentUrl\":\"\"},{\"@type\":\"BreadcrumbList\",\"@id\":\"https:\\\/\\\/quehacerpolitico.mx\\\/?p=9389#breadcrumb\",\"itemListElement\":[{\"@type\":\"ListItem\",\"position\":1,\"name\":\"Inicio\",\"item\":\"https:\\\/\\\/quehacerpolitico.mx\\\/\"},{\"@type\":\"ListItem\",\"position\":2,\"name\":\"Alcald\u00edas\\\/\\\/\\\/Inicia Feria de Atractivos Tur\u00edsticos en Alcald\u00eda Cuauht\u00e9moc\"}]},{\"@type\":\"WebSite\",\"@id\":\"https:\\\/\\\/quehacerpolitico.mx\\\/#website\",\"url\":\"https:\\\/\\\/quehacerpolitico.mx\\\/\",\"name\":\"\",\"description\":\"\",\"potentialAction\":[{\"@type\":\"SearchAction\",\"target\":{\"@type\":\"EntryPoint\",\"urlTemplate\":\"https:\\\/\\\/quehacerpolitico.mx\\\/?s={search_term_string}\"},\"query-input\":{\"@type\":\"PropertyValueSpecification\",\"valueRequired\":true,\"valueName\":\"search_term_string\"}}],\"inLanguage\":\"es\"},{\"@type\":\"Person\",\"@id\":\"https:\\\/\\\/quehacerpolitico.mx\\\/#\\\/schema\\\/person\\\/496d8ad2d1d3f8036101dca7ee39e585\",\"name\":\"Redacci\u00f3n QP\",\"image\":{\"@type\":\"ImageObject\",\"inLanguage\":\"es\",\"@id\":\"https:\\\/\\\/secure.gravatar.com\\\/avatar\\\/c7164ed6fdec453195284ad24a5ae5b6e1eed2b848477fa2a4787ba9adf39a41?s=96&d=mm&r=g\",\"url\":\"https:\\\/\\\/secure.gravatar.com\\\/avatar\\\/c7164ed6fdec453195284ad24a5ae5b6e1eed2b848477fa2a4787ba9adf39a41?s=96&d=mm&r=g\",\"contentUrl\":\"https:\\\/\\\/secure.gravatar.com\\\/avatar\\\/c7164ed6fdec453195284ad24a5ae5b6e1eed2b848477fa2a4787ba9adf39a41?s=96&d=mm&r=g\",\"caption\":\"Redacci\u00f3n QP\"},\"url\":\"https:\\\/\\\/quehacerpolitico.mx\\\/?author=2\"}]}<\/script>\n<!-- \/ Yoast SEO plugin. -->","yoast_head_json":{"title":"Alcald\u00edas\/\/\/Inicia Feria de Atractivos Tur\u00edsticos en Alcald\u00eda Cuauht\u00e9moc -","robots":{"index":"index","follow":"follow","max-snippet":"max-snippet:-1","max-image-preview":"max-image-preview:large","max-video-preview":"max-video-preview:-1"},"canonical":"https:\/\/quehacerpolitico.mx\/?p=9389","og_locale":"es_MX","og_type":"article","og_title":"Alcald\u00edas\/\/\/Inicia Feria de Atractivos Tur\u00edsticos en Alcald\u00eda Cuauht\u00e9moc -","og_description":"Inicia Feria de Atractivos Tur\u00edsticos en Alcald\u00eda Cuauht\u00e9moc Por Redacci\u00f3n QP","og_url":"https:\/\/quehacerpolitico.mx\/?p=9389","article_published_time":"2018-11-16T02:29:28+00:00","author":"Redacci\u00f3n QP","twitter_card":"summary_large_image","twitter_misc":{"Escrito por":"Redacci\u00f3n QP","Tiempo de lectura":"2 minutos"},"schema":{"@context":"https:\/\/schema.org","@graph":[{"@type":"Article","@id":"https:\/\/quehacerpolitico.mx\/?p=9389#article","isPartOf":{"@id":"https:\/\/quehacerpolitico.mx\/?p=9389"},"author":{"name":"Redacci\u00f3n QP","@id":"https:\/\/quehacerpolitico.mx\/#\/schema\/person\/496d8ad2d1d3f8036101dca7ee39e585"},"headline":"Alcald\u00edas\/\/\/Inicia Feria de Atractivos Tur\u00edsticos en Alcald\u00eda Cuauht\u00e9moc","datePublished":"2018-11-16T02:29:28+00:00","mainEntityOfPage":{"@id":"https:\/\/quehacerpolitico.mx\/?p=9389"},"wordCount":333,"commentCount":0,"image":{"@id":"https:\/\/quehacerpolitico.mx\/?p=9389#primaryimage"},"thumbnailUrl":"","articleSection":["CDMX"],"inLanguage":"es","potentialAction":[{"@type":"CommentAction","name":"Comment","target":["https:\/\/quehacerpolitico.mx\/?p=9389#respond"]}]},{"@type":"WebPage","@id":"https:\/\/quehacerpolitico.mx\/?p=9389","url":"https:\/\/quehacerpolitico.mx\/?p=9389","name":"Alcald\u00edas\/\/\/Inicia Feria de Atractivos Tur\u00edsticos en Alcald\u00eda Cuauht\u00e9moc -","isPartOf":{"@id":"https:\/\/quehacerpolitico.mx\/#website"},"primaryImageOfPage":{"@id":"https:\/\/quehacerpolitico.mx\/?p=9389#primaryimage"},"image":{"@id":"https:\/\/quehacerpolitico.mx\/?p=9389#primaryimage"},"thumbnailUrl":"","datePublished":"2018-11-16T02:29:28+00:00","author":{"@id":"https:\/\/quehacerpolitico.mx\/#\/schema\/person\/496d8ad2d1d3f8036101dca7ee39e585"},"breadcrumb":{"@id":"https:\/\/quehacerpolitico.mx\/?p=9389#breadcrumb"},"inLanguage":"es","potentialAction":[{"@type":"ReadAction","target":["https:\/\/quehacerpolitico.mx\/?p=9389"]}]},{"@type":"ImageObject","inLanguage":"es","@id":"https:\/\/quehacerpolitico.mx\/?p=9389#primaryimage","url":"","contentUrl":""},{"@type":"BreadcrumbList","@id":"https:\/\/quehacerpolitico.mx\/?p=9389#breadcrumb","itemListElement":[{"@type":"ListItem","position":1,"name":"Inicio","item":"https:\/\/quehacerpolitico.mx\/"},{"@type":"ListItem","position":2,"name":"Alcald\u00edas\/\/\/Inicia Feria de Atractivos Tur\u00edsticos en Alcald\u00eda Cuauht\u00e9moc"}]},{"@type":"WebSite","@id":"https:\/\/quehacerpolitico.mx\/#website","url":"https:\/\/quehacerpolitico.mx\/","name":"","description":"","potentialAction":[{"@type":"SearchAction","target":{"@type":"EntryPoint","urlTemplate":"https:\/\/quehacerpolitico.mx\/?s={search_term_string}"},"query-input":{"@type":"PropertyValueSpecification","valueRequired":true,"valueName":"search_term_string"}}],"inLanguage":"es"},{"@type":"Person","@id":"https:\/\/quehacerpolitico.mx\/#\/schema\/person\/496d8ad2d1d3f8036101dca7ee39e585","name":"Redacci\u00f3n QP","image":{"@type":"ImageObject","inLanguage":"es","@id":"https:\/\/secure.gravatar.com\/avatar\/c7164ed6fdec453195284ad24a5ae5b6e1eed2b848477fa2a4787ba9adf39a41?s=96&d=mm&r=g","url":"https:\/\/secure.gravatar.com\/avatar\/c7164ed6fdec453195284ad24a5ae5b6e1eed2b848477fa2a4787ba9adf39a41?s=96&d=mm&r=g","contentUrl":"https:\/\/secure.gravatar.com\/avatar\/c7164ed6fdec453195284ad24a5ae5b6e1eed2b848477fa2a4787ba9adf39a41?s=96&d=mm&r=g","caption":"Redacci\u00f3n QP"},"url":"https:\/\/quehacerpolitico.mx\/?author=2"}]}},"featured_image_urls":{"full":"","thumbnail":"","medium":"","medium_large":"","large":"","1536x1536":"","2048x2048":"","covernews-featured":"","covernews-medium":""},"author_info":{"display_name":"Redacci\u00f3n QP","author_link":"https:\/\/quehacerpolitico.mx\/?author=2"},"category_info":"<a href=\"https:\/\/quehacerpolitico.mx\/?cat=55\" rel=\"category\">CDMX<\/a>","tag_info":"CDMX","comment_count":"0","_links":{"self":[{"href":"https:\/\/quehacerpolitico.mx\/index.php?rest_route=\/wp\/v2\/posts\/9389","targetHints":{"allow":["GET"]}}],"collection":[{"href":"https:\/\/quehacerpolitico.mx\/index.php?rest_route=\/wp\/v2\/posts"}],"about":[{"href":"https:\/\/quehacerpolitico.mx\/index.php?rest_route=\/wp\/v2\/types\/post"}],"author":[{"embeddable":true,"href":"https:\/\/quehacerpolitico.mx\/index.php?rest_route=\/wp\/v2\/users\/2"}],"replies":[{"embeddable":true,"href":"https:\/\/quehacerpolitico.mx\/index.php?rest_route=%2Fwp%2Fv2%2Fcomments&post=9389"}],"version-history":[{"count":0,"href":"https:\/\/quehacerpolitico.mx\/index.php?rest_route=\/wp\/v2\/posts\/9389\/revisions"}],"wp:featuredmedia":[{"embeddable":true,"href":"https:\/\/quehacerpolitico.mx\/index.php?rest_route=\/"}],"wp:attachment":[{"href":"https:\/\/quehacerpolitico.mx\/index.php?rest_route=%2Fwp%2Fv2%2Fmedia&parent=9389"}],"wp:term":[{"taxonomy":"category","embeddable":true,"href":"https:\/\/quehacerpolitico.mx\/index.php?rest_route=%2Fwp%2Fv2%2Fcategories&post=9389"},{"taxonomy":"post_tag","embeddable":true,"href":"https:\/\/quehacerpolitico.mx\/index.php?rest_route=%2Fwp%2Fv2%2Ftags&post=9389"}],"curies":[{"name":"wp","href":"https:\/\/api.w.org\/{rel}","templated":true}]}}