{"id":9387,"date":"2018-11-15T20:05:41","date_gmt":"2018-11-15T20:05:41","guid":{"rendered":"http:\/\/quehacerpolitico.mx\/la-suprema-corte-invalida-la-ley-de-seguridad-interior-de-pena-decide-que-es-inconstitucional\/"},"modified":"2018-11-15T20:05:41","modified_gmt":"2018-11-15T20:05:41","slug":"la-suprema-corte-invalida-la-ley-de-seguridad-interior-de-pena-decide-que-es-inconstitucional","status":"publish","type":"post","link":"https:\/\/quehacerpolitico.mx\/?p=9387","title":{"rendered":"La Suprema Corte invalida la Ley de Seguridad Interior de Pe\u00f1a; decide que es inconstitucional"},"content":{"rendered":"<h1>La Suprema Corte invalida la Ley de Seguridad Interior de Pe\u00f1a; decide que es inconstitucional<\/h1>\n<p>Por Redacci\u00f3n QP<\/p>\n<p>La Suprema Corte de Justicia de la Naci\u00f3n (<strong>SCJN<\/strong>) declar\u00f3 como <strong>inconstitucional<\/strong> la <strong>Ley de Seguridad Interior<\/strong>, la cual hab\u00eda sido duramente criticada por organizaciones de la sociedad civil que alertaron que la legislaci\u00f3n pon\u00eda en riesgo los derechos humanos y perpetuaba un modelo fallido de seguridad en M\u00e9xico.<\/p>\n<p>Durante la sesi\u00f3n de este jueves, nueve ministros, incluido el Ministro presidente, Luis Mar\u00eda Aguilar, votaron a favor de la invalidez de la legislaci\u00f3n y en contra del proyecto de Jorge Pardo\u00a0Rebolledo que buscaba declarar constitucional la legislaci\u00f3n.<\/p>\n<p>S\u00f3lo el ministro Pardo Rebolledo defendi\u00f3 su proyecto.<\/p>\n<p>El proyecto del Ministro Jorge Pardo planteaba que el Congreso s\u00ed tiene facultades para legislar en el tema de seguridad interior, pero varios ministros que votaron en contra del documento se manifestaron de manera contraria a este planteamiento.<\/p>\n<p>La Ministra Margarita Luna fue la \u00fanica que consider\u00f3 que el Congreso s\u00ed puede legislar en la materia. Sin embargo, Luna se hab\u00eda pronunciado a favor de declarar la invalidez de la legislaci\u00f3n, aunque no pudo votar durante la sesi\u00f3n porque tuvo que retirarse para atender una comisi\u00f3n oficial.<\/p>\n<p>Al menos seis ministros coincidieron en que la\u00a0seguridad interior es una funci\u00f3n que la Constituci\u00f3n reserva al Ejecutivo federal por conducto del Ej\u00e9rcito y la Marina. Y destacaron que seguridad p\u00fablica es responsabilidad de los tres niveles de Gobierno, por medio de las polic\u00edas.<\/p>\n<p>Luis Mar\u00eda Aguilar consider\u00f3 que el Congreso s\u00ed pod\u00eda emitir la Ley, sin embargo, se\u00f1al\u00f3 que todos los art\u00edculos que buscaban normalizar o quitarle su car\u00e1cter excepcional a la participaci\u00f3n del Ej\u00e9rcito en la seguridad p\u00fablica deb\u00edan ser eliminados; y si as\u00ed sucediera la Ley quedar\u00eda desarticulada.<\/p>\n<p>El Ministro presidente consider\u00f3 por ello necesario\u00a0una nueva legislaci\u00f3n que d\u00e9 certeza jur\u00eddica.<\/p>\n<p>La Ley fue aprobada el 16 de diciembre de 2017 por el Senado de la Rep\u00fablica, sin embargo, de inmediato fue impugnada por diversas organizaciones y organismos, entre ellos la Comisi\u00f3n Nacional de los Derechos Humanos. Aunque la legislaci\u00f3n fue publicada\u00a0el 21 de diciembre de 2017 en el Diario Oficial de la Federaci\u00f3n, sin embargo, el Presidente Enrique Pe\u00f1a Nieto anunci\u00f3 que no ser\u00eda utilizada hasta que la Suprema Corte resolviera en torno a ella.<\/p>\n<p>La Organizaci\u00f3n de las Naciones Unidas (ONU), Human Rights Watch y Amnist\u00eda Internacional fueron algunos grupos que desde el exterior del pa\u00eds alertaron que la Ley de Seguridad permitir\u00e1 m\u00e1s violaciones a derechos humanos, desapariciones forzadas y ejecuciones extraoficiales.<\/p>\n<p>El Colectivo Seguridad sin Guerra, que agrupa a m\u00e1s de 300 organizaciones y ciudadanos, denunci\u00f3 que la Ley fue aprobada por el Congreso, con el apoyo del Gobierno Federal, \u201cpara permitir la intervenci\u00f3n de los militares en tareas de seguridad p\u00fablica, en contra de los establecido en nuestra Constituci\u00f3n\u201d.<\/p>\n","protected":false},"excerpt":{"rendered":"<p>La Suprema Corte invalida la Ley de Seguridad Interior de Pe\u00f1a; decide que es inconstitucional<br \/>\nPor Redacci\u00f3n QP<\/p>\n","protected":false},"author":2,"featured_media":9386,"comment_status":"open","ping_status":"open","sticky":false,"template":"","format":"standard","meta":{"_monsterinsights_skip_tracking":false,"_monsterinsights_sitenote_active":false,"_monsterinsights_sitenote_note":"","_monsterinsights_sitenote_category":0,"footnotes":""},"categories":[2],"tags":[],"class_list":["post-9387","post","type-post","status-publish","format-standard","has-post-thumbnail","hentry","category-noticias"],"yoast_head":"<!-- This site is optimized with the Yoast SEO plugin v27.3 - https:\/\/yoast.com\/product\/yoast-seo-wordpress\/ -->\n<title>La Suprema Corte invalida la Ley de Seguridad Interior de Pe\u00f1a; decide que es inconstitucional -<\/title>\n<meta name=\"robots\" content=\"index, follow, max-snippet:-1, max-image-preview:large, max-video-preview:-1\" \/>\n<link rel=\"canonical\" href=\"https:\/\/quehacerpolitico.mx\/?p=9387\" \/>\n<meta property=\"og:locale\" content=\"es_MX\" \/>\n<meta property=\"og:type\" content=\"article\" \/>\n<meta property=\"og:title\" content=\"La Suprema Corte invalida la Ley de Seguridad Interior de Pe\u00f1a; decide que es inconstitucional -\" \/>\n<meta property=\"og:description\" content=\"La Suprema Corte invalida la Ley de Seguridad Interior de Pe\u00f1a; decide que es inconstitucional Por Redacci\u00f3n QP\" \/>\n<meta property=\"og:url\" content=\"https:\/\/quehacerpolitico.mx\/?p=9387\" \/>\n<meta property=\"article:published_time\" content=\"2018-11-15T20:05:41+00:00\" \/>\n<meta name=\"author\" content=\"Redacci\u00f3n QP\" \/>\n<meta name=\"twitter:card\" content=\"summary_large_image\" \/>\n<meta name=\"twitter:label1\" content=\"Escrito por\" \/>\n\t<meta name=\"twitter:data1\" content=\"Redacci\u00f3n QP\" \/>\n\t<meta name=\"twitter:label2\" content=\"Tiempo de lectura\" \/>\n\t<meta name=\"twitter:data2\" content=\"3 minutos\" \/>\n<script type=\"application\/ld+json\" class=\"yoast-schema-graph\">{\"@context\":\"https:\\\/\\\/schema.org\",\"@graph\":[{\"@type\":\"Article\",\"@id\":\"https:\\\/\\\/quehacerpolitico.mx\\\/?p=9387#article\",\"isPartOf\":{\"@id\":\"https:\\\/\\\/quehacerpolitico.mx\\\/?p=9387\"},\"author\":{\"name\":\"Redacci\u00f3n QP\",\"@id\":\"https:\\\/\\\/quehacerpolitico.mx\\\/#\\\/schema\\\/person\\\/496d8ad2d1d3f8036101dca7ee39e585\"},\"headline\":\"La Suprema Corte invalida la Ley de Seguridad Interior de Pe\u00f1a; decide que es inconstitucional\",\"datePublished\":\"2018-11-15T20:05:41+00:00\",\"mainEntityOfPage\":{\"@id\":\"https:\\\/\\\/quehacerpolitico.mx\\\/?p=9387\"},\"wordCount\":529,\"commentCount\":0,\"image\":{\"@id\":\"https:\\\/\\\/quehacerpolitico.mx\\\/?p=9387#primaryimage\"},\"thumbnailUrl\":\"\",\"articleSection\":[\"Noticias\"],\"inLanguage\":\"es\",\"potentialAction\":[{\"@type\":\"CommentAction\",\"name\":\"Comment\",\"target\":[\"https:\\\/\\\/quehacerpolitico.mx\\\/?p=9387#respond\"]}]},{\"@type\":\"WebPage\",\"@id\":\"https:\\\/\\\/quehacerpolitico.mx\\\/?p=9387\",\"url\":\"https:\\\/\\\/quehacerpolitico.mx\\\/?p=9387\",\"name\":\"La Suprema Corte invalida la Ley de Seguridad Interior de Pe\u00f1a; decide que es inconstitucional -\",\"isPartOf\":{\"@id\":\"https:\\\/\\\/quehacerpolitico.mx\\\/#website\"},\"primaryImageOfPage\":{\"@id\":\"https:\\\/\\\/quehacerpolitico.mx\\\/?p=9387#primaryimage\"},\"image\":{\"@id\":\"https:\\\/\\\/quehacerpolitico.mx\\\/?p=9387#primaryimage\"},\"thumbnailUrl\":\"\",\"datePublished\":\"2018-11-15T20:05:41+00:00\",\"author\":{\"@id\":\"https:\\\/\\\/quehacerpolitico.mx\\\/#\\\/schema\\\/person\\\/496d8ad2d1d3f8036101dca7ee39e585\"},\"breadcrumb\":{\"@id\":\"https:\\\/\\\/quehacerpolitico.mx\\\/?p=9387#breadcrumb\"},\"inLanguage\":\"es\",\"potentialAction\":[{\"@type\":\"ReadAction\",\"target\":[\"https:\\\/\\\/quehacerpolitico.mx\\\/?p=9387\"]}]},{\"@type\":\"ImageObject\",\"inLanguage\":\"es\",\"@id\":\"https:\\\/\\\/quehacerpolitico.mx\\\/?p=9387#primaryimage\",\"url\":\"\",\"contentUrl\":\"\"},{\"@type\":\"BreadcrumbList\",\"@id\":\"https:\\\/\\\/quehacerpolitico.mx\\\/?p=9387#breadcrumb\",\"itemListElement\":[{\"@type\":\"ListItem\",\"position\":1,\"name\":\"Inicio\",\"item\":\"https:\\\/\\\/quehacerpolitico.mx\\\/\"},{\"@type\":\"ListItem\",\"position\":2,\"name\":\"La Suprema Corte invalida la Ley de Seguridad Interior de Pe\u00f1a; decide que es inconstitucional\"}]},{\"@type\":\"WebSite\",\"@id\":\"https:\\\/\\\/quehacerpolitico.mx\\\/#website\",\"url\":\"https:\\\/\\\/quehacerpolitico.mx\\\/\",\"name\":\"\",\"description\":\"\",\"potentialAction\":[{\"@type\":\"SearchAction\",\"target\":{\"@type\":\"EntryPoint\",\"urlTemplate\":\"https:\\\/\\\/quehacerpolitico.mx\\\/?s={search_term_string}\"},\"query-input\":{\"@type\":\"PropertyValueSpecification\",\"valueRequired\":true,\"valueName\":\"search_term_string\"}}],\"inLanguage\":\"es\"},{\"@type\":\"Person\",\"@id\":\"https:\\\/\\\/quehacerpolitico.mx\\\/#\\\/schema\\\/person\\\/496d8ad2d1d3f8036101dca7ee39e585\",\"name\":\"Redacci\u00f3n QP\",\"image\":{\"@type\":\"ImageObject\",\"inLanguage\":\"es\",\"@id\":\"https:\\\/\\\/secure.gravatar.com\\\/avatar\\\/c7164ed6fdec453195284ad24a5ae5b6e1eed2b848477fa2a4787ba9adf39a41?s=96&d=mm&r=g\",\"url\":\"https:\\\/\\\/secure.gravatar.com\\\/avatar\\\/c7164ed6fdec453195284ad24a5ae5b6e1eed2b848477fa2a4787ba9adf39a41?s=96&d=mm&r=g\",\"contentUrl\":\"https:\\\/\\\/secure.gravatar.com\\\/avatar\\\/c7164ed6fdec453195284ad24a5ae5b6e1eed2b848477fa2a4787ba9adf39a41?s=96&d=mm&r=g\",\"caption\":\"Redacci\u00f3n QP\"},\"url\":\"https:\\\/\\\/quehacerpolitico.mx\\\/?author=2\"}]}<\/script>\n<!-- \/ Yoast SEO plugin. -->","yoast_head_json":{"title":"La Suprema Corte invalida la Ley de Seguridad Interior de Pe\u00f1a; decide que es inconstitucional -","robots":{"index":"index","follow":"follow","max-snippet":"max-snippet:-1","max-image-preview":"max-image-preview:large","max-video-preview":"max-video-preview:-1"},"canonical":"https:\/\/quehacerpolitico.mx\/?p=9387","og_locale":"es_MX","og_type":"article","og_title":"La Suprema Corte invalida la Ley de Seguridad Interior de Pe\u00f1a; decide que es inconstitucional -","og_description":"La Suprema Corte invalida la Ley de Seguridad Interior de Pe\u00f1a; decide que es inconstitucional Por Redacci\u00f3n QP","og_url":"https:\/\/quehacerpolitico.mx\/?p=9387","article_published_time":"2018-11-15T20:05:41+00:00","author":"Redacci\u00f3n QP","twitter_card":"summary_large_image","twitter_misc":{"Escrito por":"Redacci\u00f3n QP","Tiempo de lectura":"3 minutos"},"schema":{"@context":"https:\/\/schema.org","@graph":[{"@type":"Article","@id":"https:\/\/quehacerpolitico.mx\/?p=9387#article","isPartOf":{"@id":"https:\/\/quehacerpolitico.mx\/?p=9387"},"author":{"name":"Redacci\u00f3n QP","@id":"https:\/\/quehacerpolitico.mx\/#\/schema\/person\/496d8ad2d1d3f8036101dca7ee39e585"},"headline":"La Suprema Corte invalida la Ley de Seguridad Interior de Pe\u00f1a; decide que es inconstitucional","datePublished":"2018-11-15T20:05:41+00:00","mainEntityOfPage":{"@id":"https:\/\/quehacerpolitico.mx\/?p=9387"},"wordCount":529,"commentCount":0,"image":{"@id":"https:\/\/quehacerpolitico.mx\/?p=9387#primaryimage"},"thumbnailUrl":"","articleSection":["Noticias"],"inLanguage":"es","potentialAction":[{"@type":"CommentAction","name":"Comment","target":["https:\/\/quehacerpolitico.mx\/?p=9387#respond"]}]},{"@type":"WebPage","@id":"https:\/\/quehacerpolitico.mx\/?p=9387","url":"https:\/\/quehacerpolitico.mx\/?p=9387","name":"La Suprema Corte invalida la Ley de Seguridad Interior de Pe\u00f1a; decide que es inconstitucional -","isPartOf":{"@id":"https:\/\/quehacerpolitico.mx\/#website"},"primaryImageOfPage":{"@id":"https:\/\/quehacerpolitico.mx\/?p=9387#primaryimage"},"image":{"@id":"https:\/\/quehacerpolitico.mx\/?p=9387#primaryimage"},"thumbnailUrl":"","datePublished":"2018-11-15T20:05:41+00:00","author":{"@id":"https:\/\/quehacerpolitico.mx\/#\/schema\/person\/496d8ad2d1d3f8036101dca7ee39e585"},"breadcrumb":{"@id":"https:\/\/quehacerpolitico.mx\/?p=9387#breadcrumb"},"inLanguage":"es","potentialAction":[{"@type":"ReadAction","target":["https:\/\/quehacerpolitico.mx\/?p=9387"]}]},{"@type":"ImageObject","inLanguage":"es","@id":"https:\/\/quehacerpolitico.mx\/?p=9387#primaryimage","url":"","contentUrl":""},{"@type":"BreadcrumbList","@id":"https:\/\/quehacerpolitico.mx\/?p=9387#breadcrumb","itemListElement":[{"@type":"ListItem","position":1,"name":"Inicio","item":"https:\/\/quehacerpolitico.mx\/"},{"@type":"ListItem","position":2,"name":"La Suprema Corte invalida la Ley de Seguridad Interior de Pe\u00f1a; decide que es inconstitucional"}]},{"@type":"WebSite","@id":"https:\/\/quehacerpolitico.mx\/#website","url":"https:\/\/quehacerpolitico.mx\/","name":"","description":"","potentialAction":[{"@type":"SearchAction","target":{"@type":"EntryPoint","urlTemplate":"https:\/\/quehacerpolitico.mx\/?s={search_term_string}"},"query-input":{"@type":"PropertyValueSpecification","valueRequired":true,"valueName":"search_term_string"}}],"inLanguage":"es"},{"@type":"Person","@id":"https:\/\/quehacerpolitico.mx\/#\/schema\/person\/496d8ad2d1d3f8036101dca7ee39e585","name":"Redacci\u00f3n QP","image":{"@type":"ImageObject","inLanguage":"es","@id":"https:\/\/secure.gravatar.com\/avatar\/c7164ed6fdec453195284ad24a5ae5b6e1eed2b848477fa2a4787ba9adf39a41?s=96&d=mm&r=g","url":"https:\/\/secure.gravatar.com\/avatar\/c7164ed6fdec453195284ad24a5ae5b6e1eed2b848477fa2a4787ba9adf39a41?s=96&d=mm&r=g","contentUrl":"https:\/\/secure.gravatar.com\/avatar\/c7164ed6fdec453195284ad24a5ae5b6e1eed2b848477fa2a4787ba9adf39a41?s=96&d=mm&r=g","caption":"Redacci\u00f3n QP"},"url":"https:\/\/quehacerpolitico.mx\/?author=2"}]}},"featured_image_urls":{"full":"","thumbnail":"","medium":"","medium_large":"","large":"","1536x1536":"","2048x2048":"","covernews-featured":"","covernews-medium":""},"author_info":{"display_name":"Redacci\u00f3n QP","author_link":"https:\/\/quehacerpolitico.mx\/?author=2"},"category_info":"<a href=\"https:\/\/quehacerpolitico.mx\/?cat=2\" rel=\"category\">Noticias<\/a>","tag_info":"Noticias","comment_count":"0","_links":{"self":[{"href":"https:\/\/quehacerpolitico.mx\/index.php?rest_route=\/wp\/v2\/posts\/9387","targetHints":{"allow":["GET"]}}],"collection":[{"href":"https:\/\/quehacerpolitico.mx\/index.php?rest_route=\/wp\/v2\/posts"}],"about":[{"href":"https:\/\/quehacerpolitico.mx\/index.php?rest_route=\/wp\/v2\/types\/post"}],"author":[{"embeddable":true,"href":"https:\/\/quehacerpolitico.mx\/index.php?rest_route=\/wp\/v2\/users\/2"}],"replies":[{"embeddable":true,"href":"https:\/\/quehacerpolitico.mx\/index.php?rest_route=%2Fwp%2Fv2%2Fcomments&post=9387"}],"version-history":[{"count":0,"href":"https:\/\/quehacerpolitico.mx\/index.php?rest_route=\/wp\/v2\/posts\/9387\/revisions"}],"wp:featuredmedia":[{"embeddable":true,"href":"https:\/\/quehacerpolitico.mx\/index.php?rest_route=\/"}],"wp:attachment":[{"href":"https:\/\/quehacerpolitico.mx\/index.php?rest_route=%2Fwp%2Fv2%2Fmedia&parent=9387"}],"wp:term":[{"taxonomy":"category","embeddable":true,"href":"https:\/\/quehacerpolitico.mx\/index.php?rest_route=%2Fwp%2Fv2%2Fcategories&post=9387"},{"taxonomy":"post_tag","embeddable":true,"href":"https:\/\/quehacerpolitico.mx\/index.php?rest_route=%2Fwp%2Fv2%2Ftags&post=9387"}],"curies":[{"name":"wp","href":"https:\/\/api.w.org\/{rel}","templated":true}]}}