{"id":93576,"date":"2022-07-08T20:25:12","date_gmt":"2022-07-08T20:25:12","guid":{"rendered":"https:\/\/quehacerpolitico.mx\/?p=93576"},"modified":"2022-07-08T20:25:18","modified_gmt":"2022-07-08T20:25:18","slug":"fovissste-planea-fortalecer-al-gremio-magisterial-a-traves-de-la-feria-de-vivienda-para-maestros","status":"publish","type":"post","link":"https:\/\/quehacerpolitico.mx\/?p=93576","title":{"rendered":"Fovissste planea fortalecer al gremio magisterial a trav\u00e9s de la Feria de Vivienda para maestros."},"content":{"rendered":"\n<p>Por Redacci\u00f3n NotiExpress | La Revista del Sector Inmobiliario<\/p>\n\n\n\n<p>Los trabajadores de la Secretar\u00eda de Educaci\u00f3n P\u00fablica (SEP) representan el\u00a0<strong>32% de los acreditados<\/strong>\u00a0en el Fondo de la Vivienda del Instituto de Seguridad y Servicios Sociales de los Trabajadores del Estado (Fovissste), un mercado que planea fortalecer a trav\u00e9s de la Feria de Vivienda para maestros.<\/p>\n\n\n\n<figure class=\"wp-block-image size-large\"><img loading=\"lazy\" decoding=\"async\" width=\"1024\" height=\"609\" src=\"https:\/\/quehacerpolitico.mx\/wp-content\/uploads\/2022\/07\/image-39-1024x609.jpeg\" alt=\"\" class=\"wp-image-93579\" srcset=\"https:\/\/quehacerpolitico.mx\/wp-content\/uploads\/2022\/07\/image-39-1024x609.jpeg 1024w, https:\/\/quehacerpolitico.mx\/wp-content\/uploads\/2022\/07\/image-39-300x178.jpeg 300w, https:\/\/quehacerpolitico.mx\/wp-content\/uploads\/2022\/07\/image-39-768x457.jpeg 768w, https:\/\/quehacerpolitico.mx\/wp-content\/uploads\/2022\/07\/image-39-245x146.jpeg 245w, https:\/\/quehacerpolitico.mx\/wp-content\/uploads\/2022\/07\/image-39-50x30.jpeg 50w, https:\/\/quehacerpolitico.mx\/wp-content\/uploads\/2022\/07\/image-39-126x75.jpeg 126w, https:\/\/quehacerpolitico.mx\/wp-content\/uploads\/2022\/07\/image-39.jpeg 1175w\" sizes=\"auto, (max-width: 1024px) 100vw, 1024px\" \/><\/figure>\n\n\n\n<p>As\u00ed lo inform\u00f3 la subdirectora de Cr\u00e9dito del organismo, Priscila Adriana Blasco Magaldi, quien agreg\u00f3 que se han formalizado<strong>\u00a080 mil cr\u00e9ditos<\/strong>\u00a0para el personal de la Secretar\u00eda desde el inicio de la administraci\u00f3n a la fecha.<\/p>\n\n\n\n<figure class=\"wp-block-image size-large\"><img loading=\"lazy\" decoding=\"async\" width=\"1024\" height=\"560\" src=\"https:\/\/quehacerpolitico.mx\/wp-content\/uploads\/2022\/07\/image-40-1024x560.jpeg\" alt=\"\" class=\"wp-image-93580\" srcset=\"https:\/\/quehacerpolitico.mx\/wp-content\/uploads\/2022\/07\/image-40-1024x560.jpeg 1024w, https:\/\/quehacerpolitico.mx\/wp-content\/uploads\/2022\/07\/image-40-300x164.jpeg 300w, https:\/\/quehacerpolitico.mx\/wp-content\/uploads\/2022\/07\/image-40-768x420.jpeg 768w, https:\/\/quehacerpolitico.mx\/wp-content\/uploads\/2022\/07\/image-40-260x142.jpeg 260w, https:\/\/quehacerpolitico.mx\/wp-content\/uploads\/2022\/07\/image-40-50x27.jpeg 50w, https:\/\/quehacerpolitico.mx\/wp-content\/uploads\/2022\/07\/image-40-137x75.jpeg 137w, https:\/\/quehacerpolitico.mx\/wp-content\/uploads\/2022\/07\/image-40.jpeg 1284w\" sizes=\"auto, (max-width: 1024px) 100vw, 1024px\" \/><\/figure>\n\n\n\n<figure class=\"wp-block-embed is-type-rich is-provider-twitter wp-block-embed-twitter\"><div class=\"wp-block-embed__wrapper\">\n<blockquote class=\"twitter-tweet\" data-width=\"550\" data-dnt=\"true\"><p lang=\"es\" dir=\"ltr\">Feria de la vivienda SEP-Fovissste <a href=\"https:\/\/t.co\/XkbewMDLmO\">https:\/\/t.co\/XkbewMDLmO<\/a><\/p>&mdash; NotiExpress (@Notiexpress_Mex) <a href=\"https:\/\/twitter.com\/Notiexpress_Mex\/status\/1545500154018635776?ref_src=twsrc%5Etfw\">July 8, 2022<\/a><\/blockquote><script async src=\"https:\/\/platform.twitter.com\/widgets.js\" charset=\"utf-8\"><\/script>\n<\/div><\/figure>\n\n\n\n<p>Del total de colocaciones, 12 mil fueron otorgadas en lo que va de 2022. Adem\u00e1s, existen&nbsp;<strong>14 mil cr\u00e9ditos en espera<\/strong>&nbsp;de ser aprobados.<\/p>\n\n\n\n<p>Con el objetivo de continuar con la promoci\u00f3n de los diferentes esquemas de financiamiento y ofrecer atenci\u00f3n directa a dicho segmento, fue inaugurada la&nbsp;<strong>Feria de la Vivienda SEP-Fovissste.&nbsp;<\/strong><\/p>\n\n\n\n<p>\u201cSe dar\u00e1&nbsp;<strong>asesor\u00eda personalizada<\/strong>&nbsp;a quienes deseen originar un cr\u00e9dito. Tambi\u00e9n, se aclarar\u00e1n las dudas a aquellos que ya han sido beneficiados de un financiamiento. Daremos&nbsp; recomendaciones para que mantengan un historial sano\u201d, se\u00f1al\u00f3 Blasco.<\/p>\n\n\n\n<p>Durante el evento, la funcionaria record\u00f3 que en la \u00faltima junta directiva del Issste fue autorizada la&nbsp;<strong>inscripci\u00f3n contin\u00faa<\/strong>&nbsp;al Fondo de Vivienda.<\/p>\n\n\n\n<p>Este mecanismo permite que los derechohabientes soliciten un cr\u00e9dito en el momento que lo deseen, es decir,\u00a0<strong>sin la necesidad de esperar las convocatorias<\/strong>anuales.<\/p>\n\n\n\n<figure class=\"wp-block-image size-large\"><img loading=\"lazy\" decoding=\"async\" width=\"1024\" height=\"565\" src=\"https:\/\/quehacerpolitico.mx\/wp-content\/uploads\/2022\/07\/image-45-1024x565.jpeg\" alt=\"\" class=\"wp-image-93585\" srcset=\"https:\/\/quehacerpolitico.mx\/wp-content\/uploads\/2022\/07\/image-45-1024x565.jpeg 1024w, https:\/\/quehacerpolitico.mx\/wp-content\/uploads\/2022\/07\/image-45-300x166.jpeg 300w, https:\/\/quehacerpolitico.mx\/wp-content\/uploads\/2022\/07\/image-45-768x424.jpeg 768w, https:\/\/quehacerpolitico.mx\/wp-content\/uploads\/2022\/07\/image-45-260x144.jpeg 260w, https:\/\/quehacerpolitico.mx\/wp-content\/uploads\/2022\/07\/image-45-50x28.jpeg 50w, https:\/\/quehacerpolitico.mx\/wp-content\/uploads\/2022\/07\/image-45-136x75.jpeg 136w, https:\/\/quehacerpolitico.mx\/wp-content\/uploads\/2022\/07\/image-45.jpeg 1284w\" sizes=\"auto, (max-width: 1024px) 100vw, 1024px\" \/><\/figure>\n\n\n\n<h3 class=\"wp-block-heading\"><strong>\u00bfCu\u00e1ndo y en d\u00f3nde ser\u00e1 la Feria de la Vivienda SEP-Fovissste?<\/strong><\/h3>\n\n\n\n<p>La Feria de la Vivienda SEP-Fovissste permanecer\u00e1 hasta el&nbsp;<strong>8 de julio de 2022<\/strong>&nbsp;en instalaciones de la Secretar\u00eda. Estas se ubican en Avenida Universidad, n\u00fam. 1200, en la Ciudad de M\u00e9xico.<\/p>\n\n\n\n<p>Los maestros y colaboradores podr\u00e1n encontrar la participaci\u00f3n de&nbsp;<strong>20&nbsp;<\/strong><em><strong>stands<\/strong>,<\/em>&nbsp;dos instituciones bancarias y un M\u00f3dulo de Atenci\u00f3n Ciudadana del Fovissste.&nbsp;<\/p>\n\n\n\n<p>Asimismo, se presentan<strong>\u00a017 desarrolladores<\/strong>\u00a0con ofertas en Puebla, CDMX, Estado de M\u00e9xico y Morelos.<\/p>\n\n\n\n<figure class=\"wp-block-image size-large\"><img loading=\"lazy\" decoding=\"async\" width=\"1024\" height=\"561\" src=\"https:\/\/quehacerpolitico.mx\/wp-content\/uploads\/2022\/07\/image-44-1024x561.jpeg\" alt=\"\" class=\"wp-image-93584\" srcset=\"https:\/\/quehacerpolitico.mx\/wp-content\/uploads\/2022\/07\/image-44-1024x561.jpeg 1024w, https:\/\/quehacerpolitico.mx\/wp-content\/uploads\/2022\/07\/image-44-300x164.jpeg 300w, https:\/\/quehacerpolitico.mx\/wp-content\/uploads\/2022\/07\/image-44-768x420.jpeg 768w, https:\/\/quehacerpolitico.mx\/wp-content\/uploads\/2022\/07\/image-44-260x142.jpeg 260w, https:\/\/quehacerpolitico.mx\/wp-content\/uploads\/2022\/07\/image-44-50x27.jpeg 50w, https:\/\/quehacerpolitico.mx\/wp-content\/uploads\/2022\/07\/image-44-137x75.jpeg 137w, https:\/\/quehacerpolitico.mx\/wp-content\/uploads\/2022\/07\/image-44-1280x703.jpeg 1280w, https:\/\/quehacerpolitico.mx\/wp-content\/uploads\/2022\/07\/image-44.jpeg 1284w\" sizes=\"auto, (max-width: 1024px) 100vw, 1024px\" \/><\/figure>\n\n\n\n<figure class=\"wp-block-image size-large\"><img loading=\"lazy\" decoding=\"async\" width=\"1024\" height=\"562\" src=\"https:\/\/quehacerpolitico.mx\/wp-content\/uploads\/2022\/07\/image-43-1024x562.jpeg\" alt=\"\" class=\"wp-image-93583\" srcset=\"https:\/\/quehacerpolitico.mx\/wp-content\/uploads\/2022\/07\/image-43-1024x562.jpeg 1024w, https:\/\/quehacerpolitico.mx\/wp-content\/uploads\/2022\/07\/image-43-300x165.jpeg 300w, https:\/\/quehacerpolitico.mx\/wp-content\/uploads\/2022\/07\/image-43-768x422.jpeg 768w, https:\/\/quehacerpolitico.mx\/wp-content\/uploads\/2022\/07\/image-43-260x143.jpeg 260w, https:\/\/quehacerpolitico.mx\/wp-content\/uploads\/2022\/07\/image-43-50x27.jpeg 50w, https:\/\/quehacerpolitico.mx\/wp-content\/uploads\/2022\/07\/image-43-137x75.jpeg 137w, https:\/\/quehacerpolitico.mx\/wp-content\/uploads\/2022\/07\/image-43.jpeg 1284w\" sizes=\"auto, (max-width: 1024px) 100vw, 1024px\" \/><\/figure>\n\n\n\n<figure class=\"wp-block-image size-large\"><img loading=\"lazy\" decoding=\"async\" width=\"1024\" height=\"561\" src=\"https:\/\/quehacerpolitico.mx\/wp-content\/uploads\/2022\/07\/image-42-1024x561.jpeg\" alt=\"\" class=\"wp-image-93582\" srcset=\"https:\/\/quehacerpolitico.mx\/wp-content\/uploads\/2022\/07\/image-42-1024x561.jpeg 1024w, https:\/\/quehacerpolitico.mx\/wp-content\/uploads\/2022\/07\/image-42-300x164.jpeg 300w, https:\/\/quehacerpolitico.mx\/wp-content\/uploads\/2022\/07\/image-42-768x420.jpeg 768w, https:\/\/quehacerpolitico.mx\/wp-content\/uploads\/2022\/07\/image-42-260x142.jpeg 260w, https:\/\/quehacerpolitico.mx\/wp-content\/uploads\/2022\/07\/image-42-50x27.jpeg 50w, https:\/\/quehacerpolitico.mx\/wp-content\/uploads\/2022\/07\/image-42-137x75.jpeg 137w, https:\/\/quehacerpolitico.mx\/wp-content\/uploads\/2022\/07\/image-42-1280x703.jpeg 1280w, https:\/\/quehacerpolitico.mx\/wp-content\/uploads\/2022\/07\/image-42.jpeg 1284w\" sizes=\"auto, (max-width: 1024px) 100vw, 1024px\" \/><\/figure>\n\n\n\n<p>Blasco Magaldi resalt\u00f3 que la decisi\u00f3n patrimonial de los individuos es la m\u00e1s importante que toman a lo largo de su vida. Por ello, tambi\u00e9n se promueven visitas a distintas dependencias.\u00a0<\/p>\n\n\n\n<p>\u201cEstamos conscientes de nuestra responsabilidad de acercar&nbsp;<strong>soluciones acorde a sus necesidades.<\/strong>Estamos y estaremos trabajando en ello durante los pr\u00f3ximos a\u00f1os\u201d, enfatiz\u00f3.<\/p>\n\n\n\n<p>Finalmente, el titular de la Unidad de Administraci\u00f3n y Finanzas de la SEP, \u00d3scar Flores Jim\u00e9nez, invit\u00f3 a los trabajadores de la educaci\u00f3n a acercarse a esta\u00a0<strong>Feria de la Vivienda\u00a0<\/strong>SEP- Fovissste. La cual se realiza con el objetivo de asegurar la seguridad patrimonial de las familias.<\/p>\n\n\n\n<figure class=\"wp-block-image size-large\"><img loading=\"lazy\" decoding=\"async\" width=\"1024\" height=\"552\" src=\"https:\/\/quehacerpolitico.mx\/wp-content\/uploads\/2022\/07\/image-41-1024x552.jpeg\" alt=\"\" class=\"wp-image-93581\" srcset=\"https:\/\/quehacerpolitico.mx\/wp-content\/uploads\/2022\/07\/image-41-1024x552.jpeg 1024w, https:\/\/quehacerpolitico.mx\/wp-content\/uploads\/2022\/07\/image-41-300x162.jpeg 300w, https:\/\/quehacerpolitico.mx\/wp-content\/uploads\/2022\/07\/image-41-768x414.jpeg 768w, https:\/\/quehacerpolitico.mx\/wp-content\/uploads\/2022\/07\/image-41-260x140.jpeg 260w, https:\/\/quehacerpolitico.mx\/wp-content\/uploads\/2022\/07\/image-41-50x27.jpeg 50w, https:\/\/quehacerpolitico.mx\/wp-content\/uploads\/2022\/07\/image-41-139x75.jpeg 139w, https:\/\/quehacerpolitico.mx\/wp-content\/uploads\/2022\/07\/image-41.jpeg 1284w\" sizes=\"auto, (max-width: 1024px) 100vw, 1024px\" \/><\/figure>\n\n\n\n<p>No se te olvide que?<\/p>\n\n\n\n<p>En\u00a0NotiExpress | La Revista del Sector Inmobiliario nos ocupamos en la difusi\u00f3n de la industria inmobiliaria generamos contenidos que te ayudar\u00e1n a mantenerte a la vanguardia en tecnolog\u00eda y en tendencias del sector inmobiliario para que puedas ofrecer el mejor servicio y generar m\u00e1s clientes.<\/p>\n\n\n\n<p>\u00c9chale una miradita a nuestra revista mensual donde encontrar\u00e1s la informaci\u00f3n precisa y oportuna con todo lo relacionado al sector inmobiliario aqu\u00ed\u00a0?<a href=\"https:\/\/issuu.com\/notiexpressmx\/docs\/notiexpress_07\">https:\/\/issuu.com\/notiexpressmx\/docs\/notiexpress_07\u00a0<\/a>\u00a0NotiExpress | La Revista del Sector Inmobiliario<\/p>\n\n\n\n<figure class=\"wp-block-image size-large\"><img loading=\"lazy\" decoding=\"async\" width=\"1024\" height=\"378\" src=\"https:\/\/quehacerpolitico.mx\/wp-content\/uploads\/2022\/07\/image-38-1024x378.jpeg\" alt=\"\" class=\"wp-image-93577\" srcset=\"https:\/\/quehacerpolitico.mx\/wp-content\/uploads\/2022\/07\/image-38-1024x378.jpeg 1024w, https:\/\/quehacerpolitico.mx\/wp-content\/uploads\/2022\/07\/image-38-300x111.jpeg 300w, https:\/\/quehacerpolitico.mx\/wp-content\/uploads\/2022\/07\/image-38-768x284.jpeg 768w, https:\/\/quehacerpolitico.mx\/wp-content\/uploads\/2022\/07\/image-38-260x96.jpeg 260w, https:\/\/quehacerpolitico.mx\/wp-content\/uploads\/2022\/07\/image-38-50x18.jpeg 50w, https:\/\/quehacerpolitico.mx\/wp-content\/uploads\/2022\/07\/image-38-150x55.jpeg 150w, https:\/\/quehacerpolitico.mx\/wp-content\/uploads\/2022\/07\/image-38.jpeg 1280w\" sizes=\"auto, (max-width: 1024px) 100vw, 1024px\" \/><\/figure>\n","protected":false},"excerpt":{"rendered":"<p>Por Redacci\u00f3n NotiExpress | La Revista del Sector Inmobiliario Los trabajadores de la Secretar\u00eda de&#8230;<\/p>\n","protected":false},"author":2,"featured_media":93578,"comment_status":"open","ping_status":"open","sticky":false,"template":"","format":"standard","meta":{"_monsterinsights_skip_tracking":false,"_monsterinsights_sitenote_active":false,"_monsterinsights_sitenote_note":"","_monsterinsights_sitenote_category":0,"footnotes":""},"categories":[56],"tags":[],"class_list":["post-93576","post","type-post","status-publish","format-standard","has-post-thumbnail","hentry","category-economia"],"yoast_head":"<!-- This site is optimized with the Yoast SEO plugin v27.3 - https:\/\/yoast.com\/product\/yoast-seo-wordpress\/ -->\n<title>Fovissste planea fortalecer al gremio magisterial a trav\u00e9s de la Feria de Vivienda para maestros. -<\/title>\n<meta name=\"robots\" content=\"index, follow, max-snippet:-1, max-image-preview:large, max-video-preview:-1\" \/>\n<link rel=\"canonical\" href=\"https:\/\/quehacerpolitico.mx\/?p=93576\" \/>\n<meta property=\"og:locale\" content=\"es_MX\" \/>\n<meta property=\"og:type\" content=\"article\" \/>\n<meta property=\"og:title\" content=\"Fovissste planea fortalecer al gremio magisterial a trav\u00e9s de la Feria de Vivienda para maestros. -\" \/>\n<meta property=\"og:description\" content=\"Por Redacci\u00f3n NotiExpress | La Revista del Sector Inmobiliario Los trabajadores de la Secretar\u00eda de...\" \/>\n<meta property=\"og:url\" content=\"https:\/\/quehacerpolitico.mx\/?p=93576\" \/>\n<meta property=\"article:published_time\" content=\"2022-07-08T20:25:12+00:00\" \/>\n<meta property=\"article:modified_time\" content=\"2022-07-08T20:25:18+00:00\" \/>\n<meta property=\"og:image\" content=\"https:\/\/quehacerpolitico.mx\/wp-content\/uploads\/2022\/07\/A98A40E2-95F5-40C5-BC49-61DF35331C3D.jpeg\" \/>\n\t<meta property=\"og:image:width\" content=\"2041\" \/>\n\t<meta property=\"og:image:height\" content=\"1079\" \/>\n\t<meta property=\"og:image:type\" content=\"image\/jpeg\" \/>\n<meta name=\"author\" content=\"Redacci\u00f3n QP\" \/>\n<meta name=\"twitter:card\" content=\"summary_large_image\" \/>\n<meta name=\"twitter:label1\" content=\"Escrito por\" \/>\n\t<meta name=\"twitter:data1\" content=\"Redacci\u00f3n QP\" \/>\n\t<meta name=\"twitter:label2\" content=\"Tiempo de lectura\" \/>\n\t<meta name=\"twitter:data2\" content=\"3 minutos\" \/>\n<script type=\"application\/ld+json\" class=\"yoast-schema-graph\">{\"@context\":\"https:\\\/\\\/schema.org\",\"@graph\":[{\"@type\":\"Article\",\"@id\":\"https:\\\/\\\/quehacerpolitico.mx\\\/?p=93576#article\",\"isPartOf\":{\"@id\":\"https:\\\/\\\/quehacerpolitico.mx\\\/?p=93576\"},\"author\":{\"name\":\"Redacci\u00f3n QP\",\"@id\":\"https:\\\/\\\/quehacerpolitico.mx\\\/#\\\/schema\\\/person\\\/496d8ad2d1d3f8036101dca7ee39e585\"},\"headline\":\"Fovissste planea fortalecer al gremio magisterial a trav\u00e9s de la Feria de Vivienda para maestros.\",\"datePublished\":\"2022-07-08T20:25:12+00:00\",\"dateModified\":\"2022-07-08T20:25:18+00:00\",\"mainEntityOfPage\":{\"@id\":\"https:\\\/\\\/quehacerpolitico.mx\\\/?p=93576\"},\"wordCount\":575,\"commentCount\":0,\"image\":{\"@id\":\"https:\\\/\\\/quehacerpolitico.mx\\\/?p=93576#primaryimage\"},\"thumbnailUrl\":\"https:\\\/\\\/quehacerpolitico.mx\\\/wp-content\\\/uploads\\\/2022\\\/07\\\/A98A40E2-95F5-40C5-BC49-61DF35331C3D.jpeg\",\"articleSection\":[\"Econom\u00eda\"],\"inLanguage\":\"es\",\"potentialAction\":[{\"@type\":\"CommentAction\",\"name\":\"Comment\",\"target\":[\"https:\\\/\\\/quehacerpolitico.mx\\\/?p=93576#respond\"]}]},{\"@type\":\"WebPage\",\"@id\":\"https:\\\/\\\/quehacerpolitico.mx\\\/?p=93576\",\"url\":\"https:\\\/\\\/quehacerpolitico.mx\\\/?p=93576\",\"name\":\"Fovissste planea fortalecer al gremio magisterial a trav\u00e9s de la Feria de Vivienda para maestros. -\",\"isPartOf\":{\"@id\":\"https:\\\/\\\/quehacerpolitico.mx\\\/#website\"},\"primaryImageOfPage\":{\"@id\":\"https:\\\/\\\/quehacerpolitico.mx\\\/?p=93576#primaryimage\"},\"image\":{\"@id\":\"https:\\\/\\\/quehacerpolitico.mx\\\/?p=93576#primaryimage\"},\"thumbnailUrl\":\"https:\\\/\\\/quehacerpolitico.mx\\\/wp-content\\\/uploads\\\/2022\\\/07\\\/A98A40E2-95F5-40C5-BC49-61DF35331C3D.jpeg\",\"datePublished\":\"2022-07-08T20:25:12+00:00\",\"dateModified\":\"2022-07-08T20:25:18+00:00\",\"author\":{\"@id\":\"https:\\\/\\\/quehacerpolitico.mx\\\/#\\\/schema\\\/person\\\/496d8ad2d1d3f8036101dca7ee39e585\"},\"breadcrumb\":{\"@id\":\"https:\\\/\\\/quehacerpolitico.mx\\\/?p=93576#breadcrumb\"},\"inLanguage\":\"es\",\"potentialAction\":[{\"@type\":\"ReadAction\",\"target\":[\"https:\\\/\\\/quehacerpolitico.mx\\\/?p=93576\"]}]},{\"@type\":\"ImageObject\",\"inLanguage\":\"es\",\"@id\":\"https:\\\/\\\/quehacerpolitico.mx\\\/?p=93576#primaryimage\",\"url\":\"https:\\\/\\\/quehacerpolitico.mx\\\/wp-content\\\/uploads\\\/2022\\\/07\\\/A98A40E2-95F5-40C5-BC49-61DF35331C3D.jpeg\",\"contentUrl\":\"https:\\\/\\\/quehacerpolitico.mx\\\/wp-content\\\/uploads\\\/2022\\\/07\\\/A98A40E2-95F5-40C5-BC49-61DF35331C3D.jpeg\",\"width\":2041,\"height\":1079},{\"@type\":\"BreadcrumbList\",\"@id\":\"https:\\\/\\\/quehacerpolitico.mx\\\/?p=93576#breadcrumb\",\"itemListElement\":[{\"@type\":\"ListItem\",\"position\":1,\"name\":\"Inicio\",\"item\":\"https:\\\/\\\/quehacerpolitico.mx\\\/\"},{\"@type\":\"ListItem\",\"position\":2,\"name\":\"Fovissste planea fortalecer al gremio magisterial a trav\u00e9s de la Feria de Vivienda para maestros.\"}]},{\"@type\":\"WebSite\",\"@id\":\"https:\\\/\\\/quehacerpolitico.mx\\\/#website\",\"url\":\"https:\\\/\\\/quehacerpolitico.mx\\\/\",\"name\":\"\",\"description\":\"\",\"potentialAction\":[{\"@type\":\"SearchAction\",\"target\":{\"@type\":\"EntryPoint\",\"urlTemplate\":\"https:\\\/\\\/quehacerpolitico.mx\\\/?s={search_term_string}\"},\"query-input\":{\"@type\":\"PropertyValueSpecification\",\"valueRequired\":true,\"valueName\":\"search_term_string\"}}],\"inLanguage\":\"es\"},{\"@type\":\"Person\",\"@id\":\"https:\\\/\\\/quehacerpolitico.mx\\\/#\\\/schema\\\/person\\\/496d8ad2d1d3f8036101dca7ee39e585\",\"name\":\"Redacci\u00f3n QP\",\"image\":{\"@type\":\"ImageObject\",\"inLanguage\":\"es\",\"@id\":\"https:\\\/\\\/secure.gravatar.com\\\/avatar\\\/c7164ed6fdec453195284ad24a5ae5b6e1eed2b848477fa2a4787ba9adf39a41?s=96&d=mm&r=g\",\"url\":\"https:\\\/\\\/secure.gravatar.com\\\/avatar\\\/c7164ed6fdec453195284ad24a5ae5b6e1eed2b848477fa2a4787ba9adf39a41?s=96&d=mm&r=g\",\"contentUrl\":\"https:\\\/\\\/secure.gravatar.com\\\/avatar\\\/c7164ed6fdec453195284ad24a5ae5b6e1eed2b848477fa2a4787ba9adf39a41?s=96&d=mm&r=g\",\"caption\":\"Redacci\u00f3n QP\"},\"url\":\"https:\\\/\\\/quehacerpolitico.mx\\\/?author=2\"}]}<\/script>\n<!-- \/ Yoast SEO plugin. -->","yoast_head_json":{"title":"Fovissste planea fortalecer al gremio magisterial a trav\u00e9s de la Feria de Vivienda para maestros. -","robots":{"index":"index","follow":"follow","max-snippet":"max-snippet:-1","max-image-preview":"max-image-preview:large","max-video-preview":"max-video-preview:-1"},"canonical":"https:\/\/quehacerpolitico.mx\/?p=93576","og_locale":"es_MX","og_type":"article","og_title":"Fovissste planea fortalecer al gremio magisterial a trav\u00e9s de la Feria de Vivienda para maestros. -","og_description":"Por Redacci\u00f3n NotiExpress | La Revista del Sector Inmobiliario Los trabajadores de la Secretar\u00eda de...","og_url":"https:\/\/quehacerpolitico.mx\/?p=93576","article_published_time":"2022-07-08T20:25:12+00:00","article_modified_time":"2022-07-08T20:25:18+00:00","og_image":[{"width":2041,"height":1079,"url":"https:\/\/quehacerpolitico.mx\/wp-content\/uploads\/2022\/07\/A98A40E2-95F5-40C5-BC49-61DF35331C3D.jpeg","type":"image\/jpeg"}],"author":"Redacci\u00f3n QP","twitter_card":"summary_large_image","twitter_misc":{"Escrito por":"Redacci\u00f3n QP","Tiempo de lectura":"3 minutos"},"schema":{"@context":"https:\/\/schema.org","@graph":[{"@type":"Article","@id":"https:\/\/quehacerpolitico.mx\/?p=93576#article","isPartOf":{"@id":"https:\/\/quehacerpolitico.mx\/?p=93576"},"author":{"name":"Redacci\u00f3n QP","@id":"https:\/\/quehacerpolitico.mx\/#\/schema\/person\/496d8ad2d1d3f8036101dca7ee39e585"},"headline":"Fovissste planea fortalecer al gremio magisterial a trav\u00e9s de la Feria de Vivienda para maestros.","datePublished":"2022-07-08T20:25:12+00:00","dateModified":"2022-07-08T20:25:18+00:00","mainEntityOfPage":{"@id":"https:\/\/quehacerpolitico.mx\/?p=93576"},"wordCount":575,"commentCount":0,"image":{"@id":"https:\/\/quehacerpolitico.mx\/?p=93576#primaryimage"},"thumbnailUrl":"https:\/\/quehacerpolitico.mx\/wp-content\/uploads\/2022\/07\/A98A40E2-95F5-40C5-BC49-61DF35331C3D.jpeg","articleSection":["Econom\u00eda"],"inLanguage":"es","potentialAction":[{"@type":"CommentAction","name":"Comment","target":["https:\/\/quehacerpolitico.mx\/?p=93576#respond"]}]},{"@type":"WebPage","@id":"https:\/\/quehacerpolitico.mx\/?p=93576","url":"https:\/\/quehacerpolitico.mx\/?p=93576","name":"Fovissste planea fortalecer al gremio magisterial a trav\u00e9s de la Feria de Vivienda para maestros. -","isPartOf":{"@id":"https:\/\/quehacerpolitico.mx\/#website"},"primaryImageOfPage":{"@id":"https:\/\/quehacerpolitico.mx\/?p=93576#primaryimage"},"image":{"@id":"https:\/\/quehacerpolitico.mx\/?p=93576#primaryimage"},"thumbnailUrl":"https:\/\/quehacerpolitico.mx\/wp-content\/uploads\/2022\/07\/A98A40E2-95F5-40C5-BC49-61DF35331C3D.jpeg","datePublished":"2022-07-08T20:25:12+00:00","dateModified":"2022-07-08T20:25:18+00:00","author":{"@id":"https:\/\/quehacerpolitico.mx\/#\/schema\/person\/496d8ad2d1d3f8036101dca7ee39e585"},"breadcrumb":{"@id":"https:\/\/quehacerpolitico.mx\/?p=93576#breadcrumb"},"inLanguage":"es","potentialAction":[{"@type":"ReadAction","target":["https:\/\/quehacerpolitico.mx\/?p=93576"]}]},{"@type":"ImageObject","inLanguage":"es","@id":"https:\/\/quehacerpolitico.mx\/?p=93576#primaryimage","url":"https:\/\/quehacerpolitico.mx\/wp-content\/uploads\/2022\/07\/A98A40E2-95F5-40C5-BC49-61DF35331C3D.jpeg","contentUrl":"https:\/\/quehacerpolitico.mx\/wp-content\/uploads\/2022\/07\/A98A40E2-95F5-40C5-BC49-61DF35331C3D.jpeg","width":2041,"height":1079},{"@type":"BreadcrumbList","@id":"https:\/\/quehacerpolitico.mx\/?p=93576#breadcrumb","itemListElement":[{"@type":"ListItem","position":1,"name":"Inicio","item":"https:\/\/quehacerpolitico.mx\/"},{"@type":"ListItem","position":2,"name":"Fovissste planea fortalecer al gremio magisterial a trav\u00e9s de la Feria de Vivienda para maestros."}]},{"@type":"WebSite","@id":"https:\/\/quehacerpolitico.mx\/#website","url":"https:\/\/quehacerpolitico.mx\/","name":"","description":"","potentialAction":[{"@type":"SearchAction","target":{"@type":"EntryPoint","urlTemplate":"https:\/\/quehacerpolitico.mx\/?s={search_term_string}"},"query-input":{"@type":"PropertyValueSpecification","valueRequired":true,"valueName":"search_term_string"}}],"inLanguage":"es"},{"@type":"Person","@id":"https:\/\/quehacerpolitico.mx\/#\/schema\/person\/496d8ad2d1d3f8036101dca7ee39e585","name":"Redacci\u00f3n QP","image":{"@type":"ImageObject","inLanguage":"es","@id":"https:\/\/secure.gravatar.com\/avatar\/c7164ed6fdec453195284ad24a5ae5b6e1eed2b848477fa2a4787ba9adf39a41?s=96&d=mm&r=g","url":"https:\/\/secure.gravatar.com\/avatar\/c7164ed6fdec453195284ad24a5ae5b6e1eed2b848477fa2a4787ba9adf39a41?s=96&d=mm&r=g","contentUrl":"https:\/\/secure.gravatar.com\/avatar\/c7164ed6fdec453195284ad24a5ae5b6e1eed2b848477fa2a4787ba9adf39a41?s=96&d=mm&r=g","caption":"Redacci\u00f3n QP"},"url":"https:\/\/quehacerpolitico.mx\/?author=2"}]}},"featured_image_urls":{"full":["https:\/\/quehacerpolitico.mx\/wp-content\/uploads\/2022\/07\/A98A40E2-95F5-40C5-BC49-61DF35331C3D.jpeg",2041,1079,false],"thumbnail":["https:\/\/quehacerpolitico.mx\/wp-content\/uploads\/2022\/07\/A98A40E2-95F5-40C5-BC49-61DF35331C3D-150x150.jpeg",150,150,true],"medium":["https:\/\/quehacerpolitico.mx\/wp-content\/uploads\/2022\/07\/A98A40E2-95F5-40C5-BC49-61DF35331C3D-300x159.jpeg",300,159,true],"medium_large":["https:\/\/quehacerpolitico.mx\/wp-content\/uploads\/2022\/07\/A98A40E2-95F5-40C5-BC49-61DF35331C3D-768x406.jpeg",640,338,true],"large":["https:\/\/quehacerpolitico.mx\/wp-content\/uploads\/2022\/07\/A98A40E2-95F5-40C5-BC49-61DF35331C3D-1024x541.jpeg",640,338,true],"1536x1536":["https:\/\/quehacerpolitico.mx\/wp-content\/uploads\/2022\/07\/A98A40E2-95F5-40C5-BC49-61DF35331C3D-1536x812.jpeg",1536,812,true],"2048x2048":["https:\/\/quehacerpolitico.mx\/wp-content\/uploads\/2022\/07\/A98A40E2-95F5-40C5-BC49-61DF35331C3D.jpeg",2041,1079,false],"covernews-featured":["https:\/\/quehacerpolitico.mx\/wp-content\/uploads\/2022\/07\/A98A40E2-95F5-40C5-BC49-61DF35331C3D.jpeg",1024,541,false],"covernews-medium":["https:\/\/quehacerpolitico.mx\/wp-content\/uploads\/2022\/07\/A98A40E2-95F5-40C5-BC49-61DF35331C3D.jpeg",540,285,false]},"author_info":{"display_name":"Redacci\u00f3n QP","author_link":"https:\/\/quehacerpolitico.mx\/?author=2"},"category_info":"<a href=\"https:\/\/quehacerpolitico.mx\/?cat=56\" rel=\"category\">Econom\u00eda<\/a>","tag_info":"Econom\u00eda","comment_count":"0","_links":{"self":[{"href":"https:\/\/quehacerpolitico.mx\/index.php?rest_route=\/wp\/v2\/posts\/93576","targetHints":{"allow":["GET"]}}],"collection":[{"href":"https:\/\/quehacerpolitico.mx\/index.php?rest_route=\/wp\/v2\/posts"}],"about":[{"href":"https:\/\/quehacerpolitico.mx\/index.php?rest_route=\/wp\/v2\/types\/post"}],"author":[{"embeddable":true,"href":"https:\/\/quehacerpolitico.mx\/index.php?rest_route=\/wp\/v2\/users\/2"}],"replies":[{"embeddable":true,"href":"https:\/\/quehacerpolitico.mx\/index.php?rest_route=%2Fwp%2Fv2%2Fcomments&post=93576"}],"version-history":[{"count":1,"href":"https:\/\/quehacerpolitico.mx\/index.php?rest_route=\/wp\/v2\/posts\/93576\/revisions"}],"predecessor-version":[{"id":93586,"href":"https:\/\/quehacerpolitico.mx\/index.php?rest_route=\/wp\/v2\/posts\/93576\/revisions\/93586"}],"wp:featuredmedia":[{"embeddable":true,"href":"https:\/\/quehacerpolitico.mx\/index.php?rest_route=\/wp\/v2\/media\/93578"}],"wp:attachment":[{"href":"https:\/\/quehacerpolitico.mx\/index.php?rest_route=%2Fwp%2Fv2%2Fmedia&parent=93576"}],"wp:term":[{"taxonomy":"category","embeddable":true,"href":"https:\/\/quehacerpolitico.mx\/index.php?rest_route=%2Fwp%2Fv2%2Fcategories&post=93576"},{"taxonomy":"post_tag","embeddable":true,"href":"https:\/\/quehacerpolitico.mx\/index.php?rest_route=%2Fwp%2Fv2%2Ftags&post=93576"}],"curies":[{"name":"wp","href":"https:\/\/api.w.org\/{rel}","templated":true}]}}