{"id":93563,"date":"2022-07-08T16:24:50","date_gmt":"2022-07-08T16:24:50","guid":{"rendered":"https:\/\/quehacerpolitico.mx\/?p=93563"},"modified":"2022-07-08T19:06:10","modified_gmt":"2022-07-08T19:06:10","slug":"amlo-reconoce-que-hay-un-incremento-en-la-inflacion-pero-no-desmedido","status":"publish","type":"post","link":"https:\/\/quehacerpolitico.mx\/?p=93563","title":{"rendered":"AMLO reconoce que hay un incremento en la inflaci\u00f3n, pero &#8220;no desmedido&#8221;"},"content":{"rendered":"\n<p>Por Redacci\u00f3n QP<\/p>\n\n\n\n<p>El Presidente de M\u00e9xico indic\u00f3 que su gobierno est\u00e1 tomando las medidas necesarias para controlar la inflaci\u00f3n, sobre todo con alimentos<\/p>\n\n\n\n<p>El Presidente de M\u00e9xico, Andr\u00e9s Manuel L\u00f3pez Obrador, reconoci\u00f3 durante la &#8220;ma\u00f1anera&#8221; de hoy que la inflaci\u00f3n registr\u00f3 un incremento, sin embargo, dijo que no era desmedido, pues no ha llegado a 8 por ciento.&nbsp;<\/p>\n\n\n\n<p>Esto luego de que ayer jueves,&nbsp;<strong>el Inegi informara que la inflaci\u00f3n en M\u00e9xico sumaba cinco meses al alza, y durante el mes de junio se ubicara en 7.99%<\/strong>, su mayor alza desde enero de 2001, cuando lleg\u00f3 a 8.11 por ciento.<\/p>\n\n\n\n<figure class=\"wp-block-embed is-type-rich is-provider-twitter wp-block-embed-twitter\"><div class=\"wp-block-embed__wrapper\">\n<blockquote class=\"twitter-tweet\" data-width=\"550\" data-dnt=\"true\"><p lang=\"es\" dir=\"ltr\">Conoce la informaci\u00f3n del \u00cdndice Nacional de Precios al Consumidor <a href=\"https:\/\/twitter.com\/hashtag\/INPC?src=hash&amp;ref_src=twsrc%5Etfw\">#INPC<\/a>, actualizada durante junio de 2022. <br>Revisa el <a href=\"https:\/\/twitter.com\/hashtag\/ComunicadoINEGI?src=hash&amp;ref_src=twsrc%5Etfw\">#ComunicadoINEGI<\/a> <a href=\"https:\/\/t.co\/RlquScdWqz\">https:\/\/t.co\/RlquScdWqz<\/a> <a href=\"https:\/\/twitter.com\/hashtag\/INEGI?src=hash&amp;ref_src=twsrc%5Etfw\">#INEGI<\/a> <a href=\"https:\/\/twitter.com\/hashtag\/Inflaci%C3%B3n?src=hash&amp;ref_src=twsrc%5Etfw\">#Inflaci\u00f3n<\/a> <a href=\"https:\/\/twitter.com\/hashtag\/M%C3%A9xico?src=hash&amp;ref_src=twsrc%5Etfw\">#M\u00e9xico<\/a> <a href=\"https:\/\/twitter.com\/hashtag\/Video?src=hash&amp;ref_src=twsrc%5Etfw\">#Video<\/a> <a href=\"https:\/\/t.co\/zEETLbqEba\">pic.twitter.com\/zEETLbqEba<\/a><\/p>&mdash; INEGI INFORMA (@INEGI_INFORMA) <a href=\"https:\/\/twitter.com\/INEGI_INFORMA\/status\/1545000909746229248?ref_src=twsrc%5Etfw\">July 7, 2022<\/a><\/blockquote><script async src=\"https:\/\/platform.twitter.com\/widgets.js\" charset=\"utf-8\"><\/script>\n<\/div><\/figure>\n\n\n\n<p>El Presidente de M\u00e9xico indic\u00f3 que su gobierno est\u00e1 tomando las medidas necesarias para controlar la inflaci\u00f3n, sobre todo con alimentos, pues indic\u00f3 que en energ\u00e9ticos, el pa\u00eds es de los pa\u00edses con menos incremento en este sector.<\/p>\n\n\n\n<p>&#8220;Otros datos que demuestran que vamos bien, hubo un incremento en la inflaci\u00f3n, pero no desmedido, no ha llegado a 8, se lleg\u00f3 muy cerca de 8 por ciento. Sin embargo, con relaci\u00f3n a la inflaci\u00f3n en el mundo, M\u00e9xico es de los pa\u00edses menos afectados y estamos tomando medidas para controlar la inflaci\u00f3n, sobre todo con lo tiene que ver con alimentos, porque en energ\u00e9ticos, es de los pa\u00edses con menos incremento&#8221;.<\/p>\n\n\n\n<figure class=\"wp-block-embed is-type-video is-provider-youtube wp-block-embed-youtube wp-embed-aspect-16-9 wp-has-aspect-ratio\"><div class=\"wp-block-embed__wrapper\">\n<iframe loading=\"lazy\" title=\"Hay incremento en la inflaci\u00f3n, pero \u201cno desmedido\u201d, reconoce AMLO\" width=\"640\" height=\"360\" src=\"https:\/\/www.youtube.com\/embed\/N4cfkrlS64Q?feature=oembed\" frameborder=\"0\" allow=\"accelerometer; autoplay; clipboard-write; encrypted-media; gyroscope; picture-in-picture; web-share\" referrerpolicy=\"strict-origin-when-cross-origin\" allowfullscreen><\/iframe>\n<\/div><\/figure>\n\n\n\n<p><strong>Por otra parte, en el sal\u00f3n Tesorer\u00eda de Palacio Nacional, L\u00f3pez Obrador asegur\u00f3 que la recaudaci\u00f3n sigue arriba<\/strong>: &#8220;no tenemos d\u00e9ficit en recaudaci\u00f3n ni en lo que tiene que ver con impuestos, los tributarios ni con los ingresos del gobierno en general, porque no todo tiene que ver con impuestos, hay otro tipo de ingresos&#8221;.<\/p>\n\n\n\n<blockquote class=\"wp-block-quote is-layout-flow wp-block-quote-is-layout-flow\"><p>&#8220;Con relaci\u00f3n a la inflaci\u00f3n en el mundo, M\u00e9xico es de los pa\u00edses menos afectados y estamos tomando medidas&#8221;<\/p><\/blockquote>\n\n\n\n<p>&#8220;Entonces hay un incremento en t\u00e9rminos reales de 2- 3% y si se toma en cuenta la inflaci\u00f3n de 8, pues estamos hablando un incremento en t\u00e9rminos nominales del 10% o un poco m\u00e1s. Entonces eso nos da mucha tranquilidad&#8221;, finaliz\u00f3.<\/p>\n\n\n\n<p>Con informaci\u00f3n de SUN<\/p>\n","protected":false},"excerpt":{"rendered":"<p>Por Redacci\u00f3n QP El Presidente de M\u00e9xico indic\u00f3 que su gobierno est\u00e1 tomando las medidas&#8230;<\/p>\n","protected":false},"author":2,"featured_media":93564,"comment_status":"open","ping_status":"open","sticky":false,"template":"","format":"standard","meta":{"_monsterinsights_skip_tracking":false,"_monsterinsights_sitenote_active":false,"_monsterinsights_sitenote_note":"","_monsterinsights_sitenote_category":0,"footnotes":""},"categories":[56],"tags":[],"class_list":["post-93563","post","type-post","status-publish","format-standard","has-post-thumbnail","hentry","category-economia"],"yoast_head":"<!-- This site is optimized with the Yoast SEO plugin v27.3 - https:\/\/yoast.com\/product\/yoast-seo-wordpress\/ -->\n<title>AMLO reconoce que hay un incremento en la inflaci\u00f3n, pero &quot;no desmedido&quot; -<\/title>\n<meta name=\"robots\" content=\"index, follow, max-snippet:-1, max-image-preview:large, max-video-preview:-1\" \/>\n<link rel=\"canonical\" href=\"https:\/\/quehacerpolitico.mx\/?p=93563\" \/>\n<meta property=\"og:locale\" content=\"es_MX\" \/>\n<meta property=\"og:type\" content=\"article\" \/>\n<meta property=\"og:title\" content=\"AMLO reconoce que hay un incremento en la inflaci\u00f3n, pero &quot;no desmedido&quot; -\" \/>\n<meta property=\"og:description\" content=\"Por Redacci\u00f3n QP El Presidente de M\u00e9xico indic\u00f3 que su gobierno est\u00e1 tomando las medidas...\" \/>\n<meta property=\"og:url\" content=\"https:\/\/quehacerpolitico.mx\/?p=93563\" \/>\n<meta property=\"article:published_time\" content=\"2022-07-08T16:24:50+00:00\" \/>\n<meta property=\"article:modified_time\" content=\"2022-07-08T19:06:10+00:00\" \/>\n<meta property=\"og:image\" content=\"https:\/\/quehacerpolitico.mx\/wp-content\/uploads\/2022\/07\/117ED8EA-3CD1-4F12-8F1D-EA52B6836D61.jpeg\" \/>\n\t<meta property=\"og:image:width\" content=\"1284\" \/>\n\t<meta property=\"og:image:height\" content=\"646\" \/>\n\t<meta property=\"og:image:type\" content=\"image\/jpeg\" \/>\n<meta name=\"author\" content=\"Redacci\u00f3n QP\" \/>\n<meta name=\"twitter:card\" content=\"summary_large_image\" \/>\n<meta name=\"twitter:label1\" content=\"Escrito por\" \/>\n\t<meta name=\"twitter:data1\" content=\"Redacci\u00f3n QP\" \/>\n\t<meta name=\"twitter:label2\" content=\"Tiempo de lectura\" \/>\n\t<meta name=\"twitter:data2\" content=\"2 minutos\" \/>\n<script type=\"application\/ld+json\" class=\"yoast-schema-graph\">{\"@context\":\"https:\\\/\\\/schema.org\",\"@graph\":[{\"@type\":\"Article\",\"@id\":\"https:\\\/\\\/quehacerpolitico.mx\\\/?p=93563#article\",\"isPartOf\":{\"@id\":\"https:\\\/\\\/quehacerpolitico.mx\\\/?p=93563\"},\"author\":{\"name\":\"Redacci\u00f3n QP\",\"@id\":\"https:\\\/\\\/quehacerpolitico.mx\\\/#\\\/schema\\\/person\\\/496d8ad2d1d3f8036101dca7ee39e585\"},\"headline\":\"AMLO reconoce que hay un incremento en la inflaci\u00f3n, pero &#8220;no desmedido&#8221;\",\"datePublished\":\"2022-07-08T16:24:50+00:00\",\"dateModified\":\"2022-07-08T19:06:10+00:00\",\"mainEntityOfPage\":{\"@id\":\"https:\\\/\\\/quehacerpolitico.mx\\\/?p=93563\"},\"wordCount\":393,\"commentCount\":0,\"image\":{\"@id\":\"https:\\\/\\\/quehacerpolitico.mx\\\/?p=93563#primaryimage\"},\"thumbnailUrl\":\"https:\\\/\\\/quehacerpolitico.mx\\\/wp-content\\\/uploads\\\/2022\\\/07\\\/117ED8EA-3CD1-4F12-8F1D-EA52B6836D61.jpeg\",\"articleSection\":[\"Econom\u00eda\"],\"inLanguage\":\"es\",\"potentialAction\":[{\"@type\":\"CommentAction\",\"name\":\"Comment\",\"target\":[\"https:\\\/\\\/quehacerpolitico.mx\\\/?p=93563#respond\"]}]},{\"@type\":\"WebPage\",\"@id\":\"https:\\\/\\\/quehacerpolitico.mx\\\/?p=93563\",\"url\":\"https:\\\/\\\/quehacerpolitico.mx\\\/?p=93563\",\"name\":\"AMLO reconoce que hay un incremento en la inflaci\u00f3n, pero \\\"no desmedido\\\" -\",\"isPartOf\":{\"@id\":\"https:\\\/\\\/quehacerpolitico.mx\\\/#website\"},\"primaryImageOfPage\":{\"@id\":\"https:\\\/\\\/quehacerpolitico.mx\\\/?p=93563#primaryimage\"},\"image\":{\"@id\":\"https:\\\/\\\/quehacerpolitico.mx\\\/?p=93563#primaryimage\"},\"thumbnailUrl\":\"https:\\\/\\\/quehacerpolitico.mx\\\/wp-content\\\/uploads\\\/2022\\\/07\\\/117ED8EA-3CD1-4F12-8F1D-EA52B6836D61.jpeg\",\"datePublished\":\"2022-07-08T16:24:50+00:00\",\"dateModified\":\"2022-07-08T19:06:10+00:00\",\"author\":{\"@id\":\"https:\\\/\\\/quehacerpolitico.mx\\\/#\\\/schema\\\/person\\\/496d8ad2d1d3f8036101dca7ee39e585\"},\"breadcrumb\":{\"@id\":\"https:\\\/\\\/quehacerpolitico.mx\\\/?p=93563#breadcrumb\"},\"inLanguage\":\"es\",\"potentialAction\":[{\"@type\":\"ReadAction\",\"target\":[\"https:\\\/\\\/quehacerpolitico.mx\\\/?p=93563\"]}]},{\"@type\":\"ImageObject\",\"inLanguage\":\"es\",\"@id\":\"https:\\\/\\\/quehacerpolitico.mx\\\/?p=93563#primaryimage\",\"url\":\"https:\\\/\\\/quehacerpolitico.mx\\\/wp-content\\\/uploads\\\/2022\\\/07\\\/117ED8EA-3CD1-4F12-8F1D-EA52B6836D61.jpeg\",\"contentUrl\":\"https:\\\/\\\/quehacerpolitico.mx\\\/wp-content\\\/uploads\\\/2022\\\/07\\\/117ED8EA-3CD1-4F12-8F1D-EA52B6836D61.jpeg\",\"width\":1284,\"height\":646},{\"@type\":\"BreadcrumbList\",\"@id\":\"https:\\\/\\\/quehacerpolitico.mx\\\/?p=93563#breadcrumb\",\"itemListElement\":[{\"@type\":\"ListItem\",\"position\":1,\"name\":\"Inicio\",\"item\":\"https:\\\/\\\/quehacerpolitico.mx\\\/\"},{\"@type\":\"ListItem\",\"position\":2,\"name\":\"AMLO reconoce que hay un incremento en la inflaci\u00f3n, pero &#8220;no desmedido&#8221;\"}]},{\"@type\":\"WebSite\",\"@id\":\"https:\\\/\\\/quehacerpolitico.mx\\\/#website\",\"url\":\"https:\\\/\\\/quehacerpolitico.mx\\\/\",\"name\":\"\",\"description\":\"\",\"potentialAction\":[{\"@type\":\"SearchAction\",\"target\":{\"@type\":\"EntryPoint\",\"urlTemplate\":\"https:\\\/\\\/quehacerpolitico.mx\\\/?s={search_term_string}\"},\"query-input\":{\"@type\":\"PropertyValueSpecification\",\"valueRequired\":true,\"valueName\":\"search_term_string\"}}],\"inLanguage\":\"es\"},{\"@type\":\"Person\",\"@id\":\"https:\\\/\\\/quehacerpolitico.mx\\\/#\\\/schema\\\/person\\\/496d8ad2d1d3f8036101dca7ee39e585\",\"name\":\"Redacci\u00f3n QP\",\"image\":{\"@type\":\"ImageObject\",\"inLanguage\":\"es\",\"@id\":\"https:\\\/\\\/secure.gravatar.com\\\/avatar\\\/c7164ed6fdec453195284ad24a5ae5b6e1eed2b848477fa2a4787ba9adf39a41?s=96&d=mm&r=g\",\"url\":\"https:\\\/\\\/secure.gravatar.com\\\/avatar\\\/c7164ed6fdec453195284ad24a5ae5b6e1eed2b848477fa2a4787ba9adf39a41?s=96&d=mm&r=g\",\"contentUrl\":\"https:\\\/\\\/secure.gravatar.com\\\/avatar\\\/c7164ed6fdec453195284ad24a5ae5b6e1eed2b848477fa2a4787ba9adf39a41?s=96&d=mm&r=g\",\"caption\":\"Redacci\u00f3n QP\"},\"url\":\"https:\\\/\\\/quehacerpolitico.mx\\\/?author=2\"}]}<\/script>\n<!-- \/ Yoast SEO plugin. -->","yoast_head_json":{"title":"AMLO reconoce que hay un incremento en la inflaci\u00f3n, pero \"no desmedido\" -","robots":{"index":"index","follow":"follow","max-snippet":"max-snippet:-1","max-image-preview":"max-image-preview:large","max-video-preview":"max-video-preview:-1"},"canonical":"https:\/\/quehacerpolitico.mx\/?p=93563","og_locale":"es_MX","og_type":"article","og_title":"AMLO reconoce que hay un incremento en la inflaci\u00f3n, pero \"no desmedido\" -","og_description":"Por Redacci\u00f3n QP El Presidente de M\u00e9xico indic\u00f3 que su gobierno est\u00e1 tomando las medidas...","og_url":"https:\/\/quehacerpolitico.mx\/?p=93563","article_published_time":"2022-07-08T16:24:50+00:00","article_modified_time":"2022-07-08T19:06:10+00:00","og_image":[{"width":1284,"height":646,"url":"https:\/\/quehacerpolitico.mx\/wp-content\/uploads\/2022\/07\/117ED8EA-3CD1-4F12-8F1D-EA52B6836D61.jpeg","type":"image\/jpeg"}],"author":"Redacci\u00f3n QP","twitter_card":"summary_large_image","twitter_misc":{"Escrito por":"Redacci\u00f3n QP","Tiempo de lectura":"2 minutos"},"schema":{"@context":"https:\/\/schema.org","@graph":[{"@type":"Article","@id":"https:\/\/quehacerpolitico.mx\/?p=93563#article","isPartOf":{"@id":"https:\/\/quehacerpolitico.mx\/?p=93563"},"author":{"name":"Redacci\u00f3n QP","@id":"https:\/\/quehacerpolitico.mx\/#\/schema\/person\/496d8ad2d1d3f8036101dca7ee39e585"},"headline":"AMLO reconoce que hay un incremento en la inflaci\u00f3n, pero &#8220;no desmedido&#8221;","datePublished":"2022-07-08T16:24:50+00:00","dateModified":"2022-07-08T19:06:10+00:00","mainEntityOfPage":{"@id":"https:\/\/quehacerpolitico.mx\/?p=93563"},"wordCount":393,"commentCount":0,"image":{"@id":"https:\/\/quehacerpolitico.mx\/?p=93563#primaryimage"},"thumbnailUrl":"https:\/\/quehacerpolitico.mx\/wp-content\/uploads\/2022\/07\/117ED8EA-3CD1-4F12-8F1D-EA52B6836D61.jpeg","articleSection":["Econom\u00eda"],"inLanguage":"es","potentialAction":[{"@type":"CommentAction","name":"Comment","target":["https:\/\/quehacerpolitico.mx\/?p=93563#respond"]}]},{"@type":"WebPage","@id":"https:\/\/quehacerpolitico.mx\/?p=93563","url":"https:\/\/quehacerpolitico.mx\/?p=93563","name":"AMLO reconoce que hay un incremento en la inflaci\u00f3n, pero \"no desmedido\" -","isPartOf":{"@id":"https:\/\/quehacerpolitico.mx\/#website"},"primaryImageOfPage":{"@id":"https:\/\/quehacerpolitico.mx\/?p=93563#primaryimage"},"image":{"@id":"https:\/\/quehacerpolitico.mx\/?p=93563#primaryimage"},"thumbnailUrl":"https:\/\/quehacerpolitico.mx\/wp-content\/uploads\/2022\/07\/117ED8EA-3CD1-4F12-8F1D-EA52B6836D61.jpeg","datePublished":"2022-07-08T16:24:50+00:00","dateModified":"2022-07-08T19:06:10+00:00","author":{"@id":"https:\/\/quehacerpolitico.mx\/#\/schema\/person\/496d8ad2d1d3f8036101dca7ee39e585"},"breadcrumb":{"@id":"https:\/\/quehacerpolitico.mx\/?p=93563#breadcrumb"},"inLanguage":"es","potentialAction":[{"@type":"ReadAction","target":["https:\/\/quehacerpolitico.mx\/?p=93563"]}]},{"@type":"ImageObject","inLanguage":"es","@id":"https:\/\/quehacerpolitico.mx\/?p=93563#primaryimage","url":"https:\/\/quehacerpolitico.mx\/wp-content\/uploads\/2022\/07\/117ED8EA-3CD1-4F12-8F1D-EA52B6836D61.jpeg","contentUrl":"https:\/\/quehacerpolitico.mx\/wp-content\/uploads\/2022\/07\/117ED8EA-3CD1-4F12-8F1D-EA52B6836D61.jpeg","width":1284,"height":646},{"@type":"BreadcrumbList","@id":"https:\/\/quehacerpolitico.mx\/?p=93563#breadcrumb","itemListElement":[{"@type":"ListItem","position":1,"name":"Inicio","item":"https:\/\/quehacerpolitico.mx\/"},{"@type":"ListItem","position":2,"name":"AMLO reconoce que hay un incremento en la inflaci\u00f3n, pero &#8220;no desmedido&#8221;"}]},{"@type":"WebSite","@id":"https:\/\/quehacerpolitico.mx\/#website","url":"https:\/\/quehacerpolitico.mx\/","name":"","description":"","potentialAction":[{"@type":"SearchAction","target":{"@type":"EntryPoint","urlTemplate":"https:\/\/quehacerpolitico.mx\/?s={search_term_string}"},"query-input":{"@type":"PropertyValueSpecification","valueRequired":true,"valueName":"search_term_string"}}],"inLanguage":"es"},{"@type":"Person","@id":"https:\/\/quehacerpolitico.mx\/#\/schema\/person\/496d8ad2d1d3f8036101dca7ee39e585","name":"Redacci\u00f3n QP","image":{"@type":"ImageObject","inLanguage":"es","@id":"https:\/\/secure.gravatar.com\/avatar\/c7164ed6fdec453195284ad24a5ae5b6e1eed2b848477fa2a4787ba9adf39a41?s=96&d=mm&r=g","url":"https:\/\/secure.gravatar.com\/avatar\/c7164ed6fdec453195284ad24a5ae5b6e1eed2b848477fa2a4787ba9adf39a41?s=96&d=mm&r=g","contentUrl":"https:\/\/secure.gravatar.com\/avatar\/c7164ed6fdec453195284ad24a5ae5b6e1eed2b848477fa2a4787ba9adf39a41?s=96&d=mm&r=g","caption":"Redacci\u00f3n QP"},"url":"https:\/\/quehacerpolitico.mx\/?author=2"}]}},"featured_image_urls":{"full":["https:\/\/quehacerpolitico.mx\/wp-content\/uploads\/2022\/07\/117ED8EA-3CD1-4F12-8F1D-EA52B6836D61.jpeg",1284,646,false],"thumbnail":["https:\/\/quehacerpolitico.mx\/wp-content\/uploads\/2022\/07\/117ED8EA-3CD1-4F12-8F1D-EA52B6836D61-150x150.jpeg",150,150,true],"medium":["https:\/\/quehacerpolitico.mx\/wp-content\/uploads\/2022\/07\/117ED8EA-3CD1-4F12-8F1D-EA52B6836D61-300x151.jpeg",300,151,true],"medium_large":["https:\/\/quehacerpolitico.mx\/wp-content\/uploads\/2022\/07\/117ED8EA-3CD1-4F12-8F1D-EA52B6836D61-768x386.jpeg",640,322,true],"large":["https:\/\/quehacerpolitico.mx\/wp-content\/uploads\/2022\/07\/117ED8EA-3CD1-4F12-8F1D-EA52B6836D61-1024x515.jpeg",640,322,true],"1536x1536":["https:\/\/quehacerpolitico.mx\/wp-content\/uploads\/2022\/07\/117ED8EA-3CD1-4F12-8F1D-EA52B6836D61.jpeg",1284,646,false],"2048x2048":["https:\/\/quehacerpolitico.mx\/wp-content\/uploads\/2022\/07\/117ED8EA-3CD1-4F12-8F1D-EA52B6836D61.jpeg",1284,646,false],"covernews-featured":["https:\/\/quehacerpolitico.mx\/wp-content\/uploads\/2022\/07\/117ED8EA-3CD1-4F12-8F1D-EA52B6836D61.jpeg",1024,515,false],"covernews-medium":["https:\/\/quehacerpolitico.mx\/wp-content\/uploads\/2022\/07\/117ED8EA-3CD1-4F12-8F1D-EA52B6836D61.jpeg",540,272,false]},"author_info":{"display_name":"Redacci\u00f3n QP","author_link":"https:\/\/quehacerpolitico.mx\/?author=2"},"category_info":"<a href=\"https:\/\/quehacerpolitico.mx\/?cat=56\" rel=\"category\">Econom\u00eda<\/a>","tag_info":"Econom\u00eda","comment_count":"0","_links":{"self":[{"href":"https:\/\/quehacerpolitico.mx\/index.php?rest_route=\/wp\/v2\/posts\/93563","targetHints":{"allow":["GET"]}}],"collection":[{"href":"https:\/\/quehacerpolitico.mx\/index.php?rest_route=\/wp\/v2\/posts"}],"about":[{"href":"https:\/\/quehacerpolitico.mx\/index.php?rest_route=\/wp\/v2\/types\/post"}],"author":[{"embeddable":true,"href":"https:\/\/quehacerpolitico.mx\/index.php?rest_route=\/wp\/v2\/users\/2"}],"replies":[{"embeddable":true,"href":"https:\/\/quehacerpolitico.mx\/index.php?rest_route=%2Fwp%2Fv2%2Fcomments&post=93563"}],"version-history":[{"count":2,"href":"https:\/\/quehacerpolitico.mx\/index.php?rest_route=\/wp\/v2\/posts\/93563\/revisions"}],"predecessor-version":[{"id":93575,"href":"https:\/\/quehacerpolitico.mx\/index.php?rest_route=\/wp\/v2\/posts\/93563\/revisions\/93575"}],"wp:featuredmedia":[{"embeddable":true,"href":"https:\/\/quehacerpolitico.mx\/index.php?rest_route=\/wp\/v2\/media\/93564"}],"wp:attachment":[{"href":"https:\/\/quehacerpolitico.mx\/index.php?rest_route=%2Fwp%2Fv2%2Fmedia&parent=93563"}],"wp:term":[{"taxonomy":"category","embeddable":true,"href":"https:\/\/quehacerpolitico.mx\/index.php?rest_route=%2Fwp%2Fv2%2Fcategories&post=93563"},{"taxonomy":"post_tag","embeddable":true,"href":"https:\/\/quehacerpolitico.mx\/index.php?rest_route=%2Fwp%2Fv2%2Ftags&post=93563"}],"curies":[{"name":"wp","href":"https:\/\/api.w.org\/{rel}","templated":true}]}}