{"id":93560,"date":"2022-07-08T14:59:11","date_gmt":"2022-07-08T14:59:11","guid":{"rendered":"https:\/\/quehacerpolitico.mx\/?p=93560"},"modified":"2022-07-08T14:59:14","modified_gmt":"2022-07-08T14:59:14","slug":"internacionales-carolina-alonso-romei-quien-fue-shinzo-abe-el-halcon-que-trajo-estabilidad-politica-a-japon-y-creo-la-abenomics","status":"publish","type":"post","link":"https:\/\/quehacerpolitico.mx\/?p=93560","title":{"rendered":"Internacionales\/\/\/Carolina Alonso Romei\/\/\/Qui\u00e9n fue Shinzo Abe, el &#8220;halc\u00f3n&#8221; que trajo estabilidad pol\u00edtica a Jap\u00f3n y cre\u00f3 la &#8220;Abenomics&#8221;"},"content":{"rendered":"\n<p>Por Carolina Alonso Romei<\/p>\n\n\n\n<p>Internacionalista <\/p>\n\n\n\n<p>Shinzo Abe fue el primer ministro de Jap\u00f3n que ocup\u00f3 el cargo por m\u00e1s tiempo. Entre sus legados est\u00e1n su estrategia de est\u00edmulo econ\u00f3mico conocida como &#8220;Abenomics&#8221; y sus deseo de enmendar la Constituci\u00f3n pacifista del pa\u00eds<\/p>\n\n\n\n<p><strong>Shinzo Abe fue el hombre que ocup\u00f3 por m\u00e1s tiempo el cargo de primer ministro en Jap\u00f3n y era conocido por ser un &#8220;halc\u00f3n&#8221; en pol\u00edtica exterior -de l\u00ednea dura- y su distintiva estrategia econ\u00f3mica conocida como &#8220;Abenomics&#8221;.<\/strong><\/p>\n\n\n\n<p>Este viernes fue asesinado mientras segu\u00eda dedic\u00e1ndose a la pol\u00edtica, tras recibir varios disparos mientras daba un discurso en plena calle.<\/p>\n\n\n\n<p>Fungi\u00f3 como primer ministro entre 2007 y 2008 y luego una vez m\u00e1s entre 2012 y 2020.<\/p>\n\n\n\n<p>Sus dos per\u00edodos de gobierno estuvieron caracterizados por pol\u00edticas tendientes a&nbsp;<strong>revitalizar la alica\u00edda econom\u00eda&nbsp;japonesa,<\/strong>&nbsp;una postura de l\u00ednea dura en asuntos de pol\u00edtica interior y exterior, y por unificar el apoyo de gobiernos para contrarrestar el creciente poder de China.<\/p>\n\n\n\n<p>Estuvo encargado de supervisar la recuperaci\u00f3n de Jap\u00f3n tras el devastador terremoto y tsunami en Tohuku, en 2011, que cobr\u00f3 las vidas de casi 20.000 personas y produjo el colapso de los reactores nucleares de Fukushima.<\/p>\n\n\n\n<p>Su pol\u00edtica econ\u00f3mica tildada&nbsp;&#8220;<strong>Abenomics<\/strong>&#8221;&nbsp;-una distintiva estrategia fundamentada en expansi\u00f3n cuantitativa, est\u00edmulo fiscal y reformas estructurales- fue reconocida como un factor importante en la recuperaci\u00f3n de la econom\u00eda antes de los estragos de la pandemia de covid.<\/p>\n\n\n\n<p>En 2020, abandon\u00f3 el cargo de primer ministro por motivos de salud, tras semanas de especulaci\u00f3n, cuando se revel\u00f3 que hab\u00eda sufrido un reca\u00edda de&nbsp;<strong>colitis ulcerosa<\/strong>. Esa enfermedad intestinal lo hab\u00eda obligado a renunciar durante su primer per\u00edodo como primer ministro en 2007.<\/p>\n\n\n\n<p>Fue sucedido por Yoshihide Suga, un cercano aliado de su partido, pero continu\u00f3 siendo una<strong>\u00a0poderosa figura<\/strong>\u00a0en la pol\u00edtica japonesa despu\u00e9s de su dimisi\u00f3n.<\/p>\n\n\n\n<h2 class=\"wp-block-heading\">Ascenso al poder<\/h2>\n\n\n\n<p>Apodado &#8220;el Pr\u00edncipe&#8221;, Shinzo Abe fue miembro de una dinast\u00eda pol\u00edtica; hijo del exministro de Relaciones Exterioriores Shintaro Abe y nieto del exprimer ministro Nobusuke Kishi.<\/p>\n\n\n\n<p>Abe fue elegido al Parlamento por primera vez en 1993, e integr\u00f3 el gabinete del primer ministro Junichiro Koizumi, cuando en 2005 fue nombrado como&nbsp;<strong>secretario en jefe del Gabinete.<\/strong><\/p>\n\n\n\n<p>Su ascenso pareci\u00f3 haber llegado a su punto culminante en 2006 cuando se convirti\u00f3 en<strong>&nbsp;el primer ministro m\u00e1s joven de Jap\u00f3n en la posguerra.<\/strong><\/p>\n\n\n\n<p>Sin embargo, una serie de esc\u00e1ndalos -incluyendo la p\u00e9rdida de los registros de pensiones por parte del gobierno, que afect\u00f3 los derechos de unos 50 millones- golpe\u00f3 a su gobierno.<\/p>\n\n\n\n<figure class=\"wp-block-image\"><img decoding=\"async\" src=\"https:\/\/www.informador.mx\/export\/sites\/elinformador\/img\/2022\/07\/08\/quien_fue_shinzo_abe_x_x8306485x.jpg_1150884414.jpg\" alt=\"\" title=\"\"\/><figcaption>Abe, fotografiado aqu\u00ed tras su primera elecci\u00f3n en 2006, era miembro de una dinast\u00eda pol\u00edtica. GETTY IMAGES&nbsp;<\/figcaption><\/figure>\n\n\n\n<p>Como consecuencia, su Partido Liberal Democr\u00e1tico LDP sostuvo una fuerte derrota en la C\u00e1mara Alta durante las elecciones de julio de 2007, y en septiembre del mismo a\u00f1o renunci\u00f3, acusando una colitis ulcerosa.<\/p>\n\n\n\n<p>En 2012, Abe regres\u00f3 al cargo de primer ministro, declarando que hab\u00eda podido superar la enfermedad gracias al tratamiento con medicamentos.<\/p>\n\n\n\n<p>Despu\u00e9s fue reelegido en 2014 y en 2017, para convertirse en el primer ministro que m\u00e1s tiempo haya sostenido el cargo.<\/p>\n\n\n\n<p>Aunque la popularidad de Abe fluctu\u00f3,&nbsp;<strong>se mantuvo pr\u00e1cticamente sin oposici\u00f3n<\/strong>&nbsp;como primer ministro debido a su influencia en el LDP, que modific\u00f3 sus reglas para permitirle servir un tercer per\u00edodo como l\u00edder del partido.<\/p>\n\n\n\n<h2 class=\"wp-block-heading\">Un nacionalista pol\u00e9mico<\/h2>\n\n\n\n<p>Abe, que ten\u00eda 67 a\u00f1os al momento del ataque, era reconocido por su postura de l\u00ednea dura en temas de defensa y relaciones exteriores, y por dedicarse a buscar enmendar la Constituci\u00f3n pacifista de Jap\u00f3n de la posguerra. Los conservadores ven la Constituci\u00f3n -que fue redactada por Estados Unidos- como un recuerdo de la humillante derrota de las tropas japonesas en la Segunda Guerra Mundial.<\/p>\n\n\n\n<p>Sus opiniones nacionalistas frecuentemente aumentaron la tensi\u00f3n con China y Corea del Sur, particularmente despu\u00e9s de su visita en 2013 al&nbsp;<strong>santuario de Yasukuni<\/strong>, en Tokio, un pol\u00e9mico monumento vinculado al militarismo de Jap\u00f3n antes y durante la Segunda Guerra Mundial.<\/p>\n\n\n\n<p>Las repetidas visitas al santuario tambi\u00e9n irritaron a las facciones de izquierda en Jap\u00f3n, que las interpretaban como un intento de Abe por encubrir las atrocidades japonesas cometidas durante la guerra.<\/p>\n\n\n\n<figure class=\"wp-block-image\"><img decoding=\"async\" src=\"https:\/\/www.informador.mx\/export\/sites\/elinformador\/img\/2022\/07\/08\/quien_fue_shinzo_abe_x_x8306486x.jpg_348344665.jpg\" alt=\"\" title=\"\"\/><figcaption>Nacionalistas en Jap\u00f3n conmemorando a los ca\u00eddos en la guerra en el santuario de Yasukuni. La visita de Abe al monumento caus\u00f3 indignaci\u00f3n. EPA&nbsp;<\/figcaption><\/figure>\n\n\n\n<p>En 2015, abog\u00f3 por el derecho colectivo a la defensa propia, que permitir\u00eda a Jap\u00f3n el despliegue de tropas en el exterior para su defensa y la de sus aliados que estuvieran bajo ataque.<\/p>\n\n\n\n<p>A pesar de la oposici\u00f3n de los pa\u00edses vecinos y hasta del p\u00fablico japon\u00e9s, el Parlamento aprob\u00f3 el pol\u00e9mico cambio.<\/p>\n\n\n\n<p><strong>La meta m\u00e1s amplia de reformar la Constituci\u00f3n para reconocer formalmente al ej\u00e9rcito de Jap\u00f3n no se pudo cumplir<\/strong>, y ese tema contin\u00faa causando divisiones en el pa\u00eds.<\/p>\n\n\n\n<p>Tampoco pudo asegurar la retorno de lo que Jap\u00f3n llama los Territorios del Norte -una cadena de islas en disputa frente a la costa de la prefectura norte\u00f1a de Hokkaido que son reclamadas por Jap\u00f3n y Rusia.<\/p>\n\n\n\n<p>Las&nbsp;<strong>buenas relaciones de Abe con el otrora presidente de EE.UU. Donald Trump<\/strong>&nbsp;lograron proteger a Jap\u00f3n de sufrir da\u00f1inos aranceles comerciales, y de tener que aportar m\u00e1s dinero para sostener la presencia de tropas estadounidenses en el pa\u00eds.<\/p>\n\n\n\n<h2 class=\"wp-block-heading\">Haciendo frente a la econom\u00eda y la pandemia<\/h2>\n\n\n\n<p>Al fallecido exprimer ministro se le recordar\u00e1 por la llamada &#8220;abenomics&#8221;, su emblem\u00e1tica pol\u00edtica econ\u00f3mica basada en la expansi\u00f3n cuantitativa, est\u00edmulo fiscal y reformas estructurales.<\/p>\n\n\n\n<p>Esas medidas generaron crecimiento durante su primer per\u00edodo, pero las subsiguientes ralentizaciones plantearon dudas sobre la efectividad de &#8220;abenomics&#8221;.<\/p>\n\n\n\n<p>Sus esfuerzos por revitalizar la econom\u00eda tambi\u00e9n enfrentaron retos cuando,&nbsp;<strong>en la primavera de 2020, Jap\u00f3n entr\u00f3 en recesi\u00f3n por primera vez desde 2015.<\/strong><\/p>\n\n\n\n<figure class=\"wp-block-image\"><img decoding=\"async\" src=\"https:\/\/www.informador.mx\/export\/sites\/elinformador\/img\/2022\/07\/08\/quien_fue_shinzo_abe_x_x8306487x.jpg_1150884414.jpg\" alt=\"\" title=\"\"\/><figcaption>Shinzo Abe anunci\u00f3 que renunciar\u00eda como primer ministro en 2020. EPA&nbsp;<\/figcaption><\/figure>\n\n\n\n<p>La popularidad de Abe sufri\u00f3 otro golpe en torno a su manejo de la pandemia de covid-19.<\/p>\n\n\n\n<p>Tambi\u00e9n hubo preocupaciones de que las campa\u00f1as destinadas a promover el turismo interno del pa\u00eds contribuyeron al resurgimiento de la infecci\u00f3n.<\/p>\n\n\n\n<p>Los cr\u00edticos se\u00f1alan que otras promesas de su pol\u00edtica econ\u00f3mica -como el empoderamiento de las mujeres en la fuerza laboral, medidas contra el nepotismo y el cambio de culturas laborales insanas- tampoco se cumplieron.<\/p>\n\n\n\n<p>No obstante, se le reconoce&nbsp;<strong>que&nbsp;pudo mantener vigente el Acuerdo Transpac\u00edfico de Cooperaci\u00f3n Econ\u00f3mica<\/strong>, particularmente despu\u00e9s de que EE.UU. se retirara de ese tratado comercial.<\/p>\n\n\n\n<h2 class=\"wp-block-heading\">Renuncia y muerte<\/h2>\n\n\n\n<p>Cuando Abe anunci\u00f3 que renunciaba el 28 de agosto de 2020, se produjo un pulso interno entre las facciones del LDP, porque rehus\u00f3 nombrar a un sucesor.<\/p>\n\n\n\n<p>Finalmente fue sucedido por Yoshihide Suga, un pol\u00edtico veterano que durante mucho tiempo fue miembro de su gabinete. Pero Abe&nbsp;<strong>continu\u00f3 dominando la pol\u00edtica interior de Jap\u00f3n<\/strong>, incluso despu\u00e9s de que Suga fuera reemplazado por el actual primer ministro Fumio Kishida.<\/p>\n\n\n\n<p>Este 8 de julio de 2022, Abe estaba dando un discurso en apoyo de un candidato a la C\u00e1mara Alta en la ciudad de Nara, en un distrito occidental de Jap\u00f3n, cuando fue atacado a tiros a eso de las 11:30 am (hora local).<\/p>\n\n\n\n<p>El atacante, un exmiembro de la marina japonesa que fue neutralizado y arrestado en la escena de los hechos, expres\u00f3 que estaba insatisfecho con las pol\u00edticas de Abe.<\/p>\n\n\n\n<p>Abe cay\u00f3 inmediatamente al suelo y se le vio ensangrentado. Todav\u00eda consciente, fue llevado a un hospital cercano, pero&nbsp;<strong>fue pronunciado muerto poco despu\u00e9s.<\/strong><\/p>\n\n\n\n<p>El asesinato ha causado conmoci\u00f3n en un pa\u00eds que no est\u00e1 acostumbrado a la violencia de las armas y con una de las tasas de crimen m\u00e1s bajas en el mundo.<\/p>\n\n\n\n<p>Con informaci\u00f3n de BBC News Mundo<\/p>\n","protected":false},"excerpt":{"rendered":"<p>Por Carolina Alonso Romei Internacionalista Shinzo Abe fue el primer ministro de Jap\u00f3n que ocup\u00f3&#8230;<\/p>\n","protected":false},"author":2,"featured_media":93561,"comment_status":"open","ping_status":"open","sticky":false,"template":"","format":"standard","meta":{"_monsterinsights_skip_tracking":false,"_monsterinsights_sitenote_active":false,"_monsterinsights_sitenote_note":"","_monsterinsights_sitenote_category":0,"footnotes":""},"categories":[1],"tags":[],"class_list":["post-93560","post","type-post","status-publish","format-standard","has-post-thumbnail","hentry","category-sin-categoria"],"yoast_head":"<!-- This site is optimized with the Yoast SEO plugin v27.3 - https:\/\/yoast.com\/product\/yoast-seo-wordpress\/ -->\n<title>Internacionales\/\/\/Carolina Alonso Romei\/\/\/Qui\u00e9n fue Shinzo Abe, el &quot;halc\u00f3n&quot; que trajo estabilidad pol\u00edtica a Jap\u00f3n y cre\u00f3 la &quot;Abenomics&quot; -<\/title>\n<meta name=\"robots\" content=\"index, follow, max-snippet:-1, max-image-preview:large, max-video-preview:-1\" \/>\n<link rel=\"canonical\" href=\"https:\/\/quehacerpolitico.mx\/?p=93560\" \/>\n<meta property=\"og:locale\" content=\"es_MX\" \/>\n<meta property=\"og:type\" content=\"article\" \/>\n<meta property=\"og:title\" content=\"Internacionales\/\/\/Carolina Alonso Romei\/\/\/Qui\u00e9n fue Shinzo Abe, el &quot;halc\u00f3n&quot; que trajo estabilidad pol\u00edtica a Jap\u00f3n y cre\u00f3 la &quot;Abenomics&quot; -\" \/>\n<meta property=\"og:description\" content=\"Por Carolina Alonso Romei Internacionalista Shinzo Abe fue el primer ministro de Jap\u00f3n que ocup\u00f3...\" \/>\n<meta property=\"og:url\" content=\"https:\/\/quehacerpolitico.mx\/?p=93560\" \/>\n<meta property=\"article:published_time\" content=\"2022-07-08T14:59:11+00:00\" \/>\n<meta property=\"article:modified_time\" content=\"2022-07-08T14:59:14+00:00\" \/>\n<meta property=\"og:image\" content=\"https:\/\/quehacerpolitico.mx\/wp-content\/uploads\/2022\/07\/4D0D04FD-AA5D-406C-8AA2-6612A7930B95.jpeg\" \/>\n\t<meta property=\"og:image:width\" content=\"640\" \/>\n\t<meta property=\"og:image:height\" content=\"360\" \/>\n\t<meta property=\"og:image:type\" content=\"image\/jpeg\" \/>\n<meta name=\"author\" content=\"Redacci\u00f3n QP\" \/>\n<meta name=\"twitter:card\" content=\"summary_large_image\" \/>\n<meta name=\"twitter:label1\" content=\"Escrito por\" \/>\n\t<meta name=\"twitter:data1\" content=\"Redacci\u00f3n QP\" \/>\n\t<meta name=\"twitter:label2\" content=\"Tiempo de lectura\" \/>\n\t<meta name=\"twitter:data2\" content=\"7 minutos\" \/>\n<script type=\"application\/ld+json\" class=\"yoast-schema-graph\">{\"@context\":\"https:\\\/\\\/schema.org\",\"@graph\":[{\"@type\":\"Article\",\"@id\":\"https:\\\/\\\/quehacerpolitico.mx\\\/?p=93560#article\",\"isPartOf\":{\"@id\":\"https:\\\/\\\/quehacerpolitico.mx\\\/?p=93560\"},\"author\":{\"name\":\"Redacci\u00f3n QP\",\"@id\":\"https:\\\/\\\/quehacerpolitico.mx\\\/#\\\/schema\\\/person\\\/496d8ad2d1d3f8036101dca7ee39e585\"},\"headline\":\"Internacionales\\\/\\\/\\\/Carolina Alonso Romei\\\/\\\/\\\/Qui\u00e9n fue Shinzo Abe, el &#8220;halc\u00f3n&#8221; que trajo estabilidad pol\u00edtica a Jap\u00f3n y cre\u00f3 la &#8220;Abenomics&#8221;\",\"datePublished\":\"2022-07-08T14:59:11+00:00\",\"dateModified\":\"2022-07-08T14:59:14+00:00\",\"mainEntityOfPage\":{\"@id\":\"https:\\\/\\\/quehacerpolitico.mx\\\/?p=93560\"},\"wordCount\":1406,\"commentCount\":0,\"image\":{\"@id\":\"https:\\\/\\\/quehacerpolitico.mx\\\/?p=93560#primaryimage\"},\"thumbnailUrl\":\"https:\\\/\\\/quehacerpolitico.mx\\\/wp-content\\\/uploads\\\/2022\\\/07\\\/4D0D04FD-AA5D-406C-8AA2-6612A7930B95.jpeg\",\"articleSection\":[\"Internacionales\"],\"inLanguage\":\"es\",\"potentialAction\":[{\"@type\":\"CommentAction\",\"name\":\"Comment\",\"target\":[\"https:\\\/\\\/quehacerpolitico.mx\\\/?p=93560#respond\"]}]},{\"@type\":\"WebPage\",\"@id\":\"https:\\\/\\\/quehacerpolitico.mx\\\/?p=93560\",\"url\":\"https:\\\/\\\/quehacerpolitico.mx\\\/?p=93560\",\"name\":\"Internacionales\\\/\\\/\\\/Carolina Alonso Romei\\\/\\\/\\\/Qui\u00e9n fue Shinzo Abe, el \\\"halc\u00f3n\\\" que trajo estabilidad pol\u00edtica a Jap\u00f3n y cre\u00f3 la \\\"Abenomics\\\" -\",\"isPartOf\":{\"@id\":\"https:\\\/\\\/quehacerpolitico.mx\\\/#website\"},\"primaryImageOfPage\":{\"@id\":\"https:\\\/\\\/quehacerpolitico.mx\\\/?p=93560#primaryimage\"},\"image\":{\"@id\":\"https:\\\/\\\/quehacerpolitico.mx\\\/?p=93560#primaryimage\"},\"thumbnailUrl\":\"https:\\\/\\\/quehacerpolitico.mx\\\/wp-content\\\/uploads\\\/2022\\\/07\\\/4D0D04FD-AA5D-406C-8AA2-6612A7930B95.jpeg\",\"datePublished\":\"2022-07-08T14:59:11+00:00\",\"dateModified\":\"2022-07-08T14:59:14+00:00\",\"author\":{\"@id\":\"https:\\\/\\\/quehacerpolitico.mx\\\/#\\\/schema\\\/person\\\/496d8ad2d1d3f8036101dca7ee39e585\"},\"breadcrumb\":{\"@id\":\"https:\\\/\\\/quehacerpolitico.mx\\\/?p=93560#breadcrumb\"},\"inLanguage\":\"es\",\"potentialAction\":[{\"@type\":\"ReadAction\",\"target\":[\"https:\\\/\\\/quehacerpolitico.mx\\\/?p=93560\"]}]},{\"@type\":\"ImageObject\",\"inLanguage\":\"es\",\"@id\":\"https:\\\/\\\/quehacerpolitico.mx\\\/?p=93560#primaryimage\",\"url\":\"https:\\\/\\\/quehacerpolitico.mx\\\/wp-content\\\/uploads\\\/2022\\\/07\\\/4D0D04FD-AA5D-406C-8AA2-6612A7930B95.jpeg\",\"contentUrl\":\"https:\\\/\\\/quehacerpolitico.mx\\\/wp-content\\\/uploads\\\/2022\\\/07\\\/4D0D04FD-AA5D-406C-8AA2-6612A7930B95.jpeg\",\"width\":640,\"height\":360},{\"@type\":\"BreadcrumbList\",\"@id\":\"https:\\\/\\\/quehacerpolitico.mx\\\/?p=93560#breadcrumb\",\"itemListElement\":[{\"@type\":\"ListItem\",\"position\":1,\"name\":\"Inicio\",\"item\":\"https:\\\/\\\/quehacerpolitico.mx\\\/\"},{\"@type\":\"ListItem\",\"position\":2,\"name\":\"Internacionales\\\/\\\/\\\/Carolina Alonso Romei\\\/\\\/\\\/Qui\u00e9n fue Shinzo Abe, el &#8220;halc\u00f3n&#8221; que trajo estabilidad pol\u00edtica a Jap\u00f3n y cre\u00f3 la &#8220;Abenomics&#8221;\"}]},{\"@type\":\"WebSite\",\"@id\":\"https:\\\/\\\/quehacerpolitico.mx\\\/#website\",\"url\":\"https:\\\/\\\/quehacerpolitico.mx\\\/\",\"name\":\"\",\"description\":\"\",\"potentialAction\":[{\"@type\":\"SearchAction\",\"target\":{\"@type\":\"EntryPoint\",\"urlTemplate\":\"https:\\\/\\\/quehacerpolitico.mx\\\/?s={search_term_string}\"},\"query-input\":{\"@type\":\"PropertyValueSpecification\",\"valueRequired\":true,\"valueName\":\"search_term_string\"}}],\"inLanguage\":\"es\"},{\"@type\":\"Person\",\"@id\":\"https:\\\/\\\/quehacerpolitico.mx\\\/#\\\/schema\\\/person\\\/496d8ad2d1d3f8036101dca7ee39e585\",\"name\":\"Redacci\u00f3n QP\",\"image\":{\"@type\":\"ImageObject\",\"inLanguage\":\"es\",\"@id\":\"https:\\\/\\\/secure.gravatar.com\\\/avatar\\\/c7164ed6fdec453195284ad24a5ae5b6e1eed2b848477fa2a4787ba9adf39a41?s=96&d=mm&r=g\",\"url\":\"https:\\\/\\\/secure.gravatar.com\\\/avatar\\\/c7164ed6fdec453195284ad24a5ae5b6e1eed2b848477fa2a4787ba9adf39a41?s=96&d=mm&r=g\",\"contentUrl\":\"https:\\\/\\\/secure.gravatar.com\\\/avatar\\\/c7164ed6fdec453195284ad24a5ae5b6e1eed2b848477fa2a4787ba9adf39a41?s=96&d=mm&r=g\",\"caption\":\"Redacci\u00f3n QP\"},\"url\":\"https:\\\/\\\/quehacerpolitico.mx\\\/?author=2\"}]}<\/script>\n<!-- \/ Yoast SEO plugin. -->","yoast_head_json":{"title":"Internacionales\/\/\/Carolina Alonso Romei\/\/\/Qui\u00e9n fue Shinzo Abe, el \"halc\u00f3n\" que trajo estabilidad pol\u00edtica a Jap\u00f3n y cre\u00f3 la \"Abenomics\" -","robots":{"index":"index","follow":"follow","max-snippet":"max-snippet:-1","max-image-preview":"max-image-preview:large","max-video-preview":"max-video-preview:-1"},"canonical":"https:\/\/quehacerpolitico.mx\/?p=93560","og_locale":"es_MX","og_type":"article","og_title":"Internacionales\/\/\/Carolina Alonso Romei\/\/\/Qui\u00e9n fue Shinzo Abe, el \"halc\u00f3n\" que trajo estabilidad pol\u00edtica a Jap\u00f3n y cre\u00f3 la \"Abenomics\" -","og_description":"Por Carolina Alonso Romei Internacionalista Shinzo Abe fue el primer ministro de Jap\u00f3n que ocup\u00f3...","og_url":"https:\/\/quehacerpolitico.mx\/?p=93560","article_published_time":"2022-07-08T14:59:11+00:00","article_modified_time":"2022-07-08T14:59:14+00:00","og_image":[{"width":640,"height":360,"url":"https:\/\/quehacerpolitico.mx\/wp-content\/uploads\/2022\/07\/4D0D04FD-AA5D-406C-8AA2-6612A7930B95.jpeg","type":"image\/jpeg"}],"author":"Redacci\u00f3n QP","twitter_card":"summary_large_image","twitter_misc":{"Escrito por":"Redacci\u00f3n QP","Tiempo de lectura":"7 minutos"},"schema":{"@context":"https:\/\/schema.org","@graph":[{"@type":"Article","@id":"https:\/\/quehacerpolitico.mx\/?p=93560#article","isPartOf":{"@id":"https:\/\/quehacerpolitico.mx\/?p=93560"},"author":{"name":"Redacci\u00f3n QP","@id":"https:\/\/quehacerpolitico.mx\/#\/schema\/person\/496d8ad2d1d3f8036101dca7ee39e585"},"headline":"Internacionales\/\/\/Carolina Alonso Romei\/\/\/Qui\u00e9n fue Shinzo Abe, el &#8220;halc\u00f3n&#8221; que trajo estabilidad pol\u00edtica a Jap\u00f3n y cre\u00f3 la &#8220;Abenomics&#8221;","datePublished":"2022-07-08T14:59:11+00:00","dateModified":"2022-07-08T14:59:14+00:00","mainEntityOfPage":{"@id":"https:\/\/quehacerpolitico.mx\/?p=93560"},"wordCount":1406,"commentCount":0,"image":{"@id":"https:\/\/quehacerpolitico.mx\/?p=93560#primaryimage"},"thumbnailUrl":"https:\/\/quehacerpolitico.mx\/wp-content\/uploads\/2022\/07\/4D0D04FD-AA5D-406C-8AA2-6612A7930B95.jpeg","articleSection":["Internacionales"],"inLanguage":"es","potentialAction":[{"@type":"CommentAction","name":"Comment","target":["https:\/\/quehacerpolitico.mx\/?p=93560#respond"]}]},{"@type":"WebPage","@id":"https:\/\/quehacerpolitico.mx\/?p=93560","url":"https:\/\/quehacerpolitico.mx\/?p=93560","name":"Internacionales\/\/\/Carolina Alonso Romei\/\/\/Qui\u00e9n fue Shinzo Abe, el \"halc\u00f3n\" que trajo estabilidad pol\u00edtica a Jap\u00f3n y cre\u00f3 la \"Abenomics\" -","isPartOf":{"@id":"https:\/\/quehacerpolitico.mx\/#website"},"primaryImageOfPage":{"@id":"https:\/\/quehacerpolitico.mx\/?p=93560#primaryimage"},"image":{"@id":"https:\/\/quehacerpolitico.mx\/?p=93560#primaryimage"},"thumbnailUrl":"https:\/\/quehacerpolitico.mx\/wp-content\/uploads\/2022\/07\/4D0D04FD-AA5D-406C-8AA2-6612A7930B95.jpeg","datePublished":"2022-07-08T14:59:11+00:00","dateModified":"2022-07-08T14:59:14+00:00","author":{"@id":"https:\/\/quehacerpolitico.mx\/#\/schema\/person\/496d8ad2d1d3f8036101dca7ee39e585"},"breadcrumb":{"@id":"https:\/\/quehacerpolitico.mx\/?p=93560#breadcrumb"},"inLanguage":"es","potentialAction":[{"@type":"ReadAction","target":["https:\/\/quehacerpolitico.mx\/?p=93560"]}]},{"@type":"ImageObject","inLanguage":"es","@id":"https:\/\/quehacerpolitico.mx\/?p=93560#primaryimage","url":"https:\/\/quehacerpolitico.mx\/wp-content\/uploads\/2022\/07\/4D0D04FD-AA5D-406C-8AA2-6612A7930B95.jpeg","contentUrl":"https:\/\/quehacerpolitico.mx\/wp-content\/uploads\/2022\/07\/4D0D04FD-AA5D-406C-8AA2-6612A7930B95.jpeg","width":640,"height":360},{"@type":"BreadcrumbList","@id":"https:\/\/quehacerpolitico.mx\/?p=93560#breadcrumb","itemListElement":[{"@type":"ListItem","position":1,"name":"Inicio","item":"https:\/\/quehacerpolitico.mx\/"},{"@type":"ListItem","position":2,"name":"Internacionales\/\/\/Carolina Alonso Romei\/\/\/Qui\u00e9n fue Shinzo Abe, el &#8220;halc\u00f3n&#8221; que trajo estabilidad pol\u00edtica a Jap\u00f3n y cre\u00f3 la &#8220;Abenomics&#8221;"}]},{"@type":"WebSite","@id":"https:\/\/quehacerpolitico.mx\/#website","url":"https:\/\/quehacerpolitico.mx\/","name":"","description":"","potentialAction":[{"@type":"SearchAction","target":{"@type":"EntryPoint","urlTemplate":"https:\/\/quehacerpolitico.mx\/?s={search_term_string}"},"query-input":{"@type":"PropertyValueSpecification","valueRequired":true,"valueName":"search_term_string"}}],"inLanguage":"es"},{"@type":"Person","@id":"https:\/\/quehacerpolitico.mx\/#\/schema\/person\/496d8ad2d1d3f8036101dca7ee39e585","name":"Redacci\u00f3n QP","image":{"@type":"ImageObject","inLanguage":"es","@id":"https:\/\/secure.gravatar.com\/avatar\/c7164ed6fdec453195284ad24a5ae5b6e1eed2b848477fa2a4787ba9adf39a41?s=96&d=mm&r=g","url":"https:\/\/secure.gravatar.com\/avatar\/c7164ed6fdec453195284ad24a5ae5b6e1eed2b848477fa2a4787ba9adf39a41?s=96&d=mm&r=g","contentUrl":"https:\/\/secure.gravatar.com\/avatar\/c7164ed6fdec453195284ad24a5ae5b6e1eed2b848477fa2a4787ba9adf39a41?s=96&d=mm&r=g","caption":"Redacci\u00f3n QP"},"url":"https:\/\/quehacerpolitico.mx\/?author=2"}]}},"featured_image_urls":{"full":["https:\/\/quehacerpolitico.mx\/wp-content\/uploads\/2022\/07\/4D0D04FD-AA5D-406C-8AA2-6612A7930B95.jpeg",640,360,false],"thumbnail":["https:\/\/quehacerpolitico.mx\/wp-content\/uploads\/2022\/07\/4D0D04FD-AA5D-406C-8AA2-6612A7930B95-150x150.jpeg",150,150,true],"medium":["https:\/\/quehacerpolitico.mx\/wp-content\/uploads\/2022\/07\/4D0D04FD-AA5D-406C-8AA2-6612A7930B95-300x169.jpeg",300,169,true],"medium_large":["https:\/\/quehacerpolitico.mx\/wp-content\/uploads\/2022\/07\/4D0D04FD-AA5D-406C-8AA2-6612A7930B95.jpeg",640,360,false],"large":["https:\/\/quehacerpolitico.mx\/wp-content\/uploads\/2022\/07\/4D0D04FD-AA5D-406C-8AA2-6612A7930B95.jpeg",640,360,false],"1536x1536":["https:\/\/quehacerpolitico.mx\/wp-content\/uploads\/2022\/07\/4D0D04FD-AA5D-406C-8AA2-6612A7930B95.jpeg",640,360,false],"2048x2048":["https:\/\/quehacerpolitico.mx\/wp-content\/uploads\/2022\/07\/4D0D04FD-AA5D-406C-8AA2-6612A7930B95.jpeg",640,360,false],"covernews-featured":["https:\/\/quehacerpolitico.mx\/wp-content\/uploads\/2022\/07\/4D0D04FD-AA5D-406C-8AA2-6612A7930B95.jpeg",640,360,false],"covernews-medium":["https:\/\/quehacerpolitico.mx\/wp-content\/uploads\/2022\/07\/4D0D04FD-AA5D-406C-8AA2-6612A7930B95.jpeg",540,304,false]},"author_info":{"display_name":"Redacci\u00f3n QP","author_link":"https:\/\/quehacerpolitico.mx\/?author=2"},"category_info":"<a href=\"https:\/\/quehacerpolitico.mx\/?cat=1\" rel=\"category\">Internacionales<\/a>","tag_info":"Internacionales","comment_count":"0","_links":{"self":[{"href":"https:\/\/quehacerpolitico.mx\/index.php?rest_route=\/wp\/v2\/posts\/93560","targetHints":{"allow":["GET"]}}],"collection":[{"href":"https:\/\/quehacerpolitico.mx\/index.php?rest_route=\/wp\/v2\/posts"}],"about":[{"href":"https:\/\/quehacerpolitico.mx\/index.php?rest_route=\/wp\/v2\/types\/post"}],"author":[{"embeddable":true,"href":"https:\/\/quehacerpolitico.mx\/index.php?rest_route=\/wp\/v2\/users\/2"}],"replies":[{"embeddable":true,"href":"https:\/\/quehacerpolitico.mx\/index.php?rest_route=%2Fwp%2Fv2%2Fcomments&post=93560"}],"version-history":[{"count":1,"href":"https:\/\/quehacerpolitico.mx\/index.php?rest_route=\/wp\/v2\/posts\/93560\/revisions"}],"predecessor-version":[{"id":93562,"href":"https:\/\/quehacerpolitico.mx\/index.php?rest_route=\/wp\/v2\/posts\/93560\/revisions\/93562"}],"wp:featuredmedia":[{"embeddable":true,"href":"https:\/\/quehacerpolitico.mx\/index.php?rest_route=\/wp\/v2\/media\/93561"}],"wp:attachment":[{"href":"https:\/\/quehacerpolitico.mx\/index.php?rest_route=%2Fwp%2Fv2%2Fmedia&parent=93560"}],"wp:term":[{"taxonomy":"category","embeddable":true,"href":"https:\/\/quehacerpolitico.mx\/index.php?rest_route=%2Fwp%2Fv2%2Fcategories&post=93560"},{"taxonomy":"post_tag","embeddable":true,"href":"https:\/\/quehacerpolitico.mx\/index.php?rest_route=%2Fwp%2Fv2%2Ftags&post=93560"}],"curies":[{"name":"wp","href":"https:\/\/api.w.org\/{rel}","templated":true}]}}