{"id":93553,"date":"2022-07-08T14:32:52","date_gmt":"2022-07-08T14:32:52","guid":{"rendered":"https:\/\/quehacerpolitico.mx\/?p=93553"},"modified":"2022-07-08T14:32:53","modified_gmt":"2022-07-08T14:32:53","slug":"internacionales-carolina-alonso-romei-asesinan-a-shinzo-abe-ex-primer-ministro-de-japon","status":"publish","type":"post","link":"https:\/\/quehacerpolitico.mx\/?p=93553","title":{"rendered":"Internacionales\/\/\/Carolina Alonso Romei\/\/\/Asesinan a Shinzo Abe, ex primer ministro de Jap\u00f3n"},"content":{"rendered":"\n<p>Por Carolina Alonso Romei<\/p>\n\n\n\n<p>Internacionalista <\/p>\n\n\n\n<p>El ex primer ministro de Jap\u00f3n fue herido en un aparente ataque con arma de fuego durante un acto de campa\u00f1a.<\/p>\n\n\n\n<p>El ex primer ministro de Jap\u00f3n<strong>\u00a0Shinzo Abe\u00a0<\/strong>muri\u00f3 luego de ser atacado con una arma de fuego durante un acto de campa\u00f1a para las elecciones parlamentarias de este domingo, informaron la cadena p\u00fablica NHK y la agencia de noticias Jiji.<\/p>\n\n\n\n<figure class=\"wp-block-embed is-type-video is-provider-youtube wp-block-embed-youtube wp-embed-aspect-16-9 wp-has-aspect-ratio\"><div class=\"wp-block-embed__wrapper\">\n<iframe loading=\"lazy\" title=\"SHINZO ABE: ASESINADO el EXPRIMER MINISTRO JAPON\u00c9S tras RECIBIR varios DISPAROS en un MITIN | RTVE\" width=\"640\" height=\"360\" src=\"https:\/\/www.youtube.com\/embed\/FmlnOEJqdDo?feature=oembed\" frameborder=\"0\" allow=\"accelerometer; autoplay; clipboard-write; encrypted-media; gyroscope; picture-in-picture; web-share\" referrerpolicy=\"strict-origin-when-cross-origin\" allowfullscreen><\/iframe>\n<\/div><\/figure>\n\n\n\n<p>&#8220;Seg\u00fan un alto funcionario del PLD (<strong>Partido Liberal Democr\u00e1tico<\/strong>, en el poder en Jap\u00f3n), el\u00a0<strong>ex primer ministro Abe\u00a0<\/strong>muri\u00f3 en el hospital&#8221; de la ciudad de Kashihara, en la regi\u00f3n de Nara, donde estaba recibiendo asistencia m\u00e9dica tras el ataque&#8221;, dijo NHK. Ten\u00eda 67 a\u00f1os.<\/p>\n\n\n\n<figure class=\"wp-block-image size-large\"><img loading=\"lazy\" decoding=\"async\" width=\"1024\" height=\"683\" src=\"https:\/\/quehacerpolitico.mx\/wp-content\/uploads\/2022\/07\/image-37-1024x683.jpeg\" alt=\"\" class=\"wp-image-93557\" srcset=\"https:\/\/quehacerpolitico.mx\/wp-content\/uploads\/2022\/07\/image-37-1024x683.jpeg 1024w, https:\/\/quehacerpolitico.mx\/wp-content\/uploads\/2022\/07\/image-37-300x200.jpeg 300w, https:\/\/quehacerpolitico.mx\/wp-content\/uploads\/2022\/07\/image-37-768x513.jpeg 768w, https:\/\/quehacerpolitico.mx\/wp-content\/uploads\/2022\/07\/image-37-219x146.jpeg 219w, https:\/\/quehacerpolitico.mx\/wp-content\/uploads\/2022\/07\/image-37-50x33.jpeg 50w, https:\/\/quehacerpolitico.mx\/wp-content\/uploads\/2022\/07\/image-37-112x75.jpeg 112w, https:\/\/quehacerpolitico.mx\/wp-content\/uploads\/2022\/07\/image-37.jpeg 1440w\" sizes=\"auto, (max-width: 1024px) 100vw, 1024px\" \/><\/figure>\n\n\n\n<figure class=\"wp-block-image size-large\"><img loading=\"lazy\" decoding=\"async\" width=\"1024\" height=\"683\" src=\"https:\/\/quehacerpolitico.mx\/wp-content\/uploads\/2022\/07\/image-36-1024x683.jpeg\" alt=\"\" class=\"wp-image-93556\" srcset=\"https:\/\/quehacerpolitico.mx\/wp-content\/uploads\/2022\/07\/image-36-1024x683.jpeg 1024w, https:\/\/quehacerpolitico.mx\/wp-content\/uploads\/2022\/07\/image-36-300x200.jpeg 300w, https:\/\/quehacerpolitico.mx\/wp-content\/uploads\/2022\/07\/image-36-768x512.jpeg 768w, https:\/\/quehacerpolitico.mx\/wp-content\/uploads\/2022\/07\/image-36-219x146.jpeg 219w, https:\/\/quehacerpolitico.mx\/wp-content\/uploads\/2022\/07\/image-36-50x33.jpeg 50w, https:\/\/quehacerpolitico.mx\/wp-content\/uploads\/2022\/07\/image-36-113x75.jpeg 113w, https:\/\/quehacerpolitico.mx\/wp-content\/uploads\/2022\/07\/image-36.jpeg 1440w\" sizes=\"auto, (max-width: 1024px) 100vw, 1024px\" \/><\/figure>\n\n\n\n<figure class=\"wp-block-embed is-type-video is-provider-youtube wp-block-embed-youtube wp-embed-aspect-16-9 wp-has-aspect-ratio\"><div class=\"wp-block-embed__wrapper\">\n<iframe loading=\"lazy\" title=\"Ex primer ministro japon\u00e9s Shinzo Abe asesinado en pleno mitin | AFP\" width=\"640\" height=\"360\" src=\"https:\/\/www.youtube.com\/embed\/uGg4lkoKARY?feature=oembed\" frameborder=\"0\" allow=\"accelerometer; autoplay; clipboard-write; encrypted-media; gyroscope; picture-in-picture; web-share\" referrerpolicy=\"strict-origin-when-cross-origin\" allowfullscreen><\/iframe>\n<\/div><\/figure>\n\n\n\n<p>La noticia fue confirmada por el\u00a0<strong>secretario de Relaciones Exteriores de M\u00e9xico, Marcelo Ebrard<\/strong>, quien conden\u00f3 en su cuenta de Twitter la muerte y envi\u00f3 condolencias a familiares de Shinzo Abe.<\/p>\n\n\n\n<figure class=\"wp-block-embed is-type-rich is-provider-twitter wp-block-embed-twitter\"><div class=\"wp-block-embed__wrapper\">\n<blockquote class=\"twitter-tweet\" data-width=\"550\" data-dnt=\"true\"><p lang=\"es\" dir=\"ltr\">Me informa nuestra embajadora en Jap\u00f3n, Melba Pria, le han confirmado la muerte del Ex-Primer Ministro Shinzo Abe. Nuestras sinceras condolencias a su familia, amigos y al pueblo japon\u00e9s por su enorme p\u00e9rdida acaecida el d\u00eda de hoy. Descanse en paz.<\/p>&mdash; Marcelo Ebrard C. (@m_ebrard) <a href=\"https:\/\/twitter.com\/m_ebrard\/status\/1545335003126460422?ref_src=twsrc%5Etfw\">July 8, 2022<\/a><\/blockquote><script async src=\"https:\/\/platform.twitter.com\/widgets.js\" charset=\"utf-8\"><\/script>\n<\/div><\/figure>\n\n\n\n<p>Tras el ataque, el ex mandatario se derrumb\u00f3 sangrando y tuvo insuficiencia card\u00edaca, informaron medios de comunicaci\u00f3n.&nbsp;<\/p>\n\n\n\n<h2 class=\"wp-block-heading\">Detienen a autor material de atentado contra Shinzo Abe&nbsp;<\/h2>\n\n\n\n<p>Un hombre fue arrestado por intento de asesinato luego de que el ex primer ministro japon\u00e9s\u00a0<strong>Shinzo Abe<\/strong>aparentemente fue atacado con arma de fuego durante un mitin pol\u00edtico este jueves viernes, inform\u00f3 la prensa local.<\/p>\n\n\n\n<figure class=\"wp-block-image size-large\"><img loading=\"lazy\" decoding=\"async\" width=\"1024\" height=\"799\" src=\"https:\/\/quehacerpolitico.mx\/wp-content\/uploads\/2022\/07\/image-35-1024x799.jpeg\" alt=\"\" class=\"wp-image-93555\" srcset=\"https:\/\/quehacerpolitico.mx\/wp-content\/uploads\/2022\/07\/image-35-1024x799.jpeg 1024w, https:\/\/quehacerpolitico.mx\/wp-content\/uploads\/2022\/07\/image-35-300x234.jpeg 300w, https:\/\/quehacerpolitico.mx\/wp-content\/uploads\/2022\/07\/image-35-768x599.jpeg 768w, https:\/\/quehacerpolitico.mx\/wp-content\/uploads\/2022\/07\/image-35-1536x1198.jpeg 1536w, https:\/\/quehacerpolitico.mx\/wp-content\/uploads\/2022\/07\/image-35-187x146.jpeg 187w, https:\/\/quehacerpolitico.mx\/wp-content\/uploads\/2022\/07\/image-35-50x39.jpeg 50w, https:\/\/quehacerpolitico.mx\/wp-content\/uploads\/2022\/07\/image-35-96x75.jpeg 96w, https:\/\/quehacerpolitico.mx\/wp-content\/uploads\/2022\/07\/image-35-1280x1000.jpeg 1280w, https:\/\/quehacerpolitico.mx\/wp-content\/uploads\/2022\/07\/image-35.jpeg 2000w\" sizes=\"auto, (max-width: 1024px) 100vw, 1024px\" \/><\/figure>\n\n\n\n<figure class=\"wp-block-image size-large\"><img loading=\"lazy\" decoding=\"async\" width=\"1024\" height=\"683\" src=\"https:\/\/quehacerpolitico.mx\/wp-content\/uploads\/2022\/07\/image-34-1024x683.jpeg\" alt=\"\" class=\"wp-image-93554\" srcset=\"https:\/\/quehacerpolitico.mx\/wp-content\/uploads\/2022\/07\/image-34-1024x683.jpeg 1024w, https:\/\/quehacerpolitico.mx\/wp-content\/uploads\/2022\/07\/image-34-300x200.jpeg 300w, https:\/\/quehacerpolitico.mx\/wp-content\/uploads\/2022\/07\/image-34-768x513.jpeg 768w, https:\/\/quehacerpolitico.mx\/wp-content\/uploads\/2022\/07\/image-34-219x146.jpeg 219w, https:\/\/quehacerpolitico.mx\/wp-content\/uploads\/2022\/07\/image-34-50x33.jpeg 50w, https:\/\/quehacerpolitico.mx\/wp-content\/uploads\/2022\/07\/image-34-112x75.jpeg 112w, https:\/\/quehacerpolitico.mx\/wp-content\/uploads\/2022\/07\/image-34.jpeg 1440w\" sizes=\"auto, (max-width: 1024px) 100vw, 1024px\" \/><\/figure>\n\n\n\n<p>El presunto agresor aparenta tener unos 40 a\u00f1os, de acuerdo con la&nbsp;<strong>red p\u00fablica NHK<\/strong>&nbsp;que cit\u00f3 fuentes policiales. La polic\u00eda local inicialmente no pudo comentar sobre la detenci\u00f3n al ser consultada por la AFP.<\/p>\n","protected":false},"excerpt":{"rendered":"<p>Por Carolina Alonso Romei Internacionalista El ex primer ministro de Jap\u00f3n fue herido en un&#8230;<\/p>\n","protected":false},"author":2,"featured_media":93558,"comment_status":"open","ping_status":"open","sticky":false,"template":"","format":"standard","meta":{"_monsterinsights_skip_tracking":false,"_monsterinsights_sitenote_active":false,"_monsterinsights_sitenote_note":"","_monsterinsights_sitenote_category":0,"footnotes":""},"categories":[1],"tags":[],"class_list":["post-93553","post","type-post","status-publish","format-standard","has-post-thumbnail","hentry","category-sin-categoria"],"yoast_head":"<!-- This site is optimized with the Yoast SEO plugin v27.3 - https:\/\/yoast.com\/product\/yoast-seo-wordpress\/ -->\n<title>Internacionales\/\/\/Carolina Alonso Romei\/\/\/Asesinan a Shinzo Abe, ex primer ministro de Jap\u00f3n -<\/title>\n<meta name=\"robots\" content=\"index, follow, max-snippet:-1, max-image-preview:large, max-video-preview:-1\" \/>\n<link rel=\"canonical\" href=\"https:\/\/quehacerpolitico.mx\/?p=93553\" \/>\n<meta property=\"og:locale\" content=\"es_MX\" \/>\n<meta property=\"og:type\" content=\"article\" \/>\n<meta property=\"og:title\" content=\"Internacionales\/\/\/Carolina Alonso Romei\/\/\/Asesinan a Shinzo Abe, ex primer ministro de Jap\u00f3n -\" \/>\n<meta property=\"og:description\" content=\"Por Carolina Alonso Romei Internacionalista El ex primer ministro de Jap\u00f3n fue herido en un...\" \/>\n<meta property=\"og:url\" content=\"https:\/\/quehacerpolitico.mx\/?p=93553\" \/>\n<meta property=\"article:published_time\" content=\"2022-07-08T14:32:52+00:00\" \/>\n<meta property=\"article:modified_time\" content=\"2022-07-08T14:32:53+00:00\" \/>\n<meta property=\"og:image\" content=\"https:\/\/quehacerpolitico.mx\/wp-content\/uploads\/2022\/07\/BD9DDF09-77F0-47FE-9FFB-2638636C6131.jpeg\" \/>\n\t<meta property=\"og:image:width\" content=\"970\" \/>\n\t<meta property=\"og:image:height\" content=\"648\" \/>\n\t<meta property=\"og:image:type\" content=\"image\/jpeg\" \/>\n<meta name=\"author\" content=\"Redacci\u00f3n QP\" \/>\n<meta name=\"twitter:card\" content=\"summary_large_image\" \/>\n<meta name=\"twitter:label1\" content=\"Escrito por\" \/>\n\t<meta name=\"twitter:data1\" content=\"Redacci\u00f3n QP\" \/>\n\t<meta name=\"twitter:label2\" content=\"Tiempo de lectura\" \/>\n\t<meta name=\"twitter:data2\" content=\"1 minuto\" \/>\n<script type=\"application\/ld+json\" class=\"yoast-schema-graph\">{\"@context\":\"https:\\\/\\\/schema.org\",\"@graph\":[{\"@type\":\"Article\",\"@id\":\"https:\\\/\\\/quehacerpolitico.mx\\\/?p=93553#article\",\"isPartOf\":{\"@id\":\"https:\\\/\\\/quehacerpolitico.mx\\\/?p=93553\"},\"author\":{\"name\":\"Redacci\u00f3n QP\",\"@id\":\"https:\\\/\\\/quehacerpolitico.mx\\\/#\\\/schema\\\/person\\\/496d8ad2d1d3f8036101dca7ee39e585\"},\"headline\":\"Internacionales\\\/\\\/\\\/Carolina Alonso Romei\\\/\\\/\\\/Asesinan a Shinzo Abe, ex primer ministro de Jap\u00f3n\",\"datePublished\":\"2022-07-08T14:32:52+00:00\",\"dateModified\":\"2022-07-08T14:32:53+00:00\",\"mainEntityOfPage\":{\"@id\":\"https:\\\/\\\/quehacerpolitico.mx\\\/?p=93553\"},\"wordCount\":297,\"commentCount\":0,\"image\":{\"@id\":\"https:\\\/\\\/quehacerpolitico.mx\\\/?p=93553#primaryimage\"},\"thumbnailUrl\":\"https:\\\/\\\/quehacerpolitico.mx\\\/wp-content\\\/uploads\\\/2022\\\/07\\\/BD9DDF09-77F0-47FE-9FFB-2638636C6131.jpeg\",\"articleSection\":[\"Internacionales\"],\"inLanguage\":\"es\",\"potentialAction\":[{\"@type\":\"CommentAction\",\"name\":\"Comment\",\"target\":[\"https:\\\/\\\/quehacerpolitico.mx\\\/?p=93553#respond\"]}]},{\"@type\":\"WebPage\",\"@id\":\"https:\\\/\\\/quehacerpolitico.mx\\\/?p=93553\",\"url\":\"https:\\\/\\\/quehacerpolitico.mx\\\/?p=93553\",\"name\":\"Internacionales\\\/\\\/\\\/Carolina Alonso Romei\\\/\\\/\\\/Asesinan a Shinzo Abe, ex primer ministro de Jap\u00f3n -\",\"isPartOf\":{\"@id\":\"https:\\\/\\\/quehacerpolitico.mx\\\/#website\"},\"primaryImageOfPage\":{\"@id\":\"https:\\\/\\\/quehacerpolitico.mx\\\/?p=93553#primaryimage\"},\"image\":{\"@id\":\"https:\\\/\\\/quehacerpolitico.mx\\\/?p=93553#primaryimage\"},\"thumbnailUrl\":\"https:\\\/\\\/quehacerpolitico.mx\\\/wp-content\\\/uploads\\\/2022\\\/07\\\/BD9DDF09-77F0-47FE-9FFB-2638636C6131.jpeg\",\"datePublished\":\"2022-07-08T14:32:52+00:00\",\"dateModified\":\"2022-07-08T14:32:53+00:00\",\"author\":{\"@id\":\"https:\\\/\\\/quehacerpolitico.mx\\\/#\\\/schema\\\/person\\\/496d8ad2d1d3f8036101dca7ee39e585\"},\"breadcrumb\":{\"@id\":\"https:\\\/\\\/quehacerpolitico.mx\\\/?p=93553#breadcrumb\"},\"inLanguage\":\"es\",\"potentialAction\":[{\"@type\":\"ReadAction\",\"target\":[\"https:\\\/\\\/quehacerpolitico.mx\\\/?p=93553\"]}]},{\"@type\":\"ImageObject\",\"inLanguage\":\"es\",\"@id\":\"https:\\\/\\\/quehacerpolitico.mx\\\/?p=93553#primaryimage\",\"url\":\"https:\\\/\\\/quehacerpolitico.mx\\\/wp-content\\\/uploads\\\/2022\\\/07\\\/BD9DDF09-77F0-47FE-9FFB-2638636C6131.jpeg\",\"contentUrl\":\"https:\\\/\\\/quehacerpolitico.mx\\\/wp-content\\\/uploads\\\/2022\\\/07\\\/BD9DDF09-77F0-47FE-9FFB-2638636C6131.jpeg\",\"width\":970,\"height\":648},{\"@type\":\"BreadcrumbList\",\"@id\":\"https:\\\/\\\/quehacerpolitico.mx\\\/?p=93553#breadcrumb\",\"itemListElement\":[{\"@type\":\"ListItem\",\"position\":1,\"name\":\"Inicio\",\"item\":\"https:\\\/\\\/quehacerpolitico.mx\\\/\"},{\"@type\":\"ListItem\",\"position\":2,\"name\":\"Internacionales\\\/\\\/\\\/Carolina Alonso Romei\\\/\\\/\\\/Asesinan a Shinzo Abe, ex primer ministro de Jap\u00f3n\"}]},{\"@type\":\"WebSite\",\"@id\":\"https:\\\/\\\/quehacerpolitico.mx\\\/#website\",\"url\":\"https:\\\/\\\/quehacerpolitico.mx\\\/\",\"name\":\"\",\"description\":\"\",\"potentialAction\":[{\"@type\":\"SearchAction\",\"target\":{\"@type\":\"EntryPoint\",\"urlTemplate\":\"https:\\\/\\\/quehacerpolitico.mx\\\/?s={search_term_string}\"},\"query-input\":{\"@type\":\"PropertyValueSpecification\",\"valueRequired\":true,\"valueName\":\"search_term_string\"}}],\"inLanguage\":\"es\"},{\"@type\":\"Person\",\"@id\":\"https:\\\/\\\/quehacerpolitico.mx\\\/#\\\/schema\\\/person\\\/496d8ad2d1d3f8036101dca7ee39e585\",\"name\":\"Redacci\u00f3n QP\",\"image\":{\"@type\":\"ImageObject\",\"inLanguage\":\"es\",\"@id\":\"https:\\\/\\\/secure.gravatar.com\\\/avatar\\\/c7164ed6fdec453195284ad24a5ae5b6e1eed2b848477fa2a4787ba9adf39a41?s=96&d=mm&r=g\",\"url\":\"https:\\\/\\\/secure.gravatar.com\\\/avatar\\\/c7164ed6fdec453195284ad24a5ae5b6e1eed2b848477fa2a4787ba9adf39a41?s=96&d=mm&r=g\",\"contentUrl\":\"https:\\\/\\\/secure.gravatar.com\\\/avatar\\\/c7164ed6fdec453195284ad24a5ae5b6e1eed2b848477fa2a4787ba9adf39a41?s=96&d=mm&r=g\",\"caption\":\"Redacci\u00f3n QP\"},\"url\":\"https:\\\/\\\/quehacerpolitico.mx\\\/?author=2\"}]}<\/script>\n<!-- \/ Yoast SEO plugin. -->","yoast_head_json":{"title":"Internacionales\/\/\/Carolina Alonso Romei\/\/\/Asesinan a Shinzo Abe, ex primer ministro de Jap\u00f3n -","robots":{"index":"index","follow":"follow","max-snippet":"max-snippet:-1","max-image-preview":"max-image-preview:large","max-video-preview":"max-video-preview:-1"},"canonical":"https:\/\/quehacerpolitico.mx\/?p=93553","og_locale":"es_MX","og_type":"article","og_title":"Internacionales\/\/\/Carolina Alonso Romei\/\/\/Asesinan a Shinzo Abe, ex primer ministro de Jap\u00f3n -","og_description":"Por Carolina Alonso Romei Internacionalista El ex primer ministro de Jap\u00f3n fue herido en un...","og_url":"https:\/\/quehacerpolitico.mx\/?p=93553","article_published_time":"2022-07-08T14:32:52+00:00","article_modified_time":"2022-07-08T14:32:53+00:00","og_image":[{"width":970,"height":648,"url":"https:\/\/quehacerpolitico.mx\/wp-content\/uploads\/2022\/07\/BD9DDF09-77F0-47FE-9FFB-2638636C6131.jpeg","type":"image\/jpeg"}],"author":"Redacci\u00f3n QP","twitter_card":"summary_large_image","twitter_misc":{"Escrito por":"Redacci\u00f3n QP","Tiempo de lectura":"1 minuto"},"schema":{"@context":"https:\/\/schema.org","@graph":[{"@type":"Article","@id":"https:\/\/quehacerpolitico.mx\/?p=93553#article","isPartOf":{"@id":"https:\/\/quehacerpolitico.mx\/?p=93553"},"author":{"name":"Redacci\u00f3n QP","@id":"https:\/\/quehacerpolitico.mx\/#\/schema\/person\/496d8ad2d1d3f8036101dca7ee39e585"},"headline":"Internacionales\/\/\/Carolina Alonso Romei\/\/\/Asesinan a Shinzo Abe, ex primer ministro de Jap\u00f3n","datePublished":"2022-07-08T14:32:52+00:00","dateModified":"2022-07-08T14:32:53+00:00","mainEntityOfPage":{"@id":"https:\/\/quehacerpolitico.mx\/?p=93553"},"wordCount":297,"commentCount":0,"image":{"@id":"https:\/\/quehacerpolitico.mx\/?p=93553#primaryimage"},"thumbnailUrl":"https:\/\/quehacerpolitico.mx\/wp-content\/uploads\/2022\/07\/BD9DDF09-77F0-47FE-9FFB-2638636C6131.jpeg","articleSection":["Internacionales"],"inLanguage":"es","potentialAction":[{"@type":"CommentAction","name":"Comment","target":["https:\/\/quehacerpolitico.mx\/?p=93553#respond"]}]},{"@type":"WebPage","@id":"https:\/\/quehacerpolitico.mx\/?p=93553","url":"https:\/\/quehacerpolitico.mx\/?p=93553","name":"Internacionales\/\/\/Carolina Alonso Romei\/\/\/Asesinan a Shinzo Abe, ex primer ministro de Jap\u00f3n -","isPartOf":{"@id":"https:\/\/quehacerpolitico.mx\/#website"},"primaryImageOfPage":{"@id":"https:\/\/quehacerpolitico.mx\/?p=93553#primaryimage"},"image":{"@id":"https:\/\/quehacerpolitico.mx\/?p=93553#primaryimage"},"thumbnailUrl":"https:\/\/quehacerpolitico.mx\/wp-content\/uploads\/2022\/07\/BD9DDF09-77F0-47FE-9FFB-2638636C6131.jpeg","datePublished":"2022-07-08T14:32:52+00:00","dateModified":"2022-07-08T14:32:53+00:00","author":{"@id":"https:\/\/quehacerpolitico.mx\/#\/schema\/person\/496d8ad2d1d3f8036101dca7ee39e585"},"breadcrumb":{"@id":"https:\/\/quehacerpolitico.mx\/?p=93553#breadcrumb"},"inLanguage":"es","potentialAction":[{"@type":"ReadAction","target":["https:\/\/quehacerpolitico.mx\/?p=93553"]}]},{"@type":"ImageObject","inLanguage":"es","@id":"https:\/\/quehacerpolitico.mx\/?p=93553#primaryimage","url":"https:\/\/quehacerpolitico.mx\/wp-content\/uploads\/2022\/07\/BD9DDF09-77F0-47FE-9FFB-2638636C6131.jpeg","contentUrl":"https:\/\/quehacerpolitico.mx\/wp-content\/uploads\/2022\/07\/BD9DDF09-77F0-47FE-9FFB-2638636C6131.jpeg","width":970,"height":648},{"@type":"BreadcrumbList","@id":"https:\/\/quehacerpolitico.mx\/?p=93553#breadcrumb","itemListElement":[{"@type":"ListItem","position":1,"name":"Inicio","item":"https:\/\/quehacerpolitico.mx\/"},{"@type":"ListItem","position":2,"name":"Internacionales\/\/\/Carolina Alonso Romei\/\/\/Asesinan a Shinzo Abe, ex primer ministro de Jap\u00f3n"}]},{"@type":"WebSite","@id":"https:\/\/quehacerpolitico.mx\/#website","url":"https:\/\/quehacerpolitico.mx\/","name":"","description":"","potentialAction":[{"@type":"SearchAction","target":{"@type":"EntryPoint","urlTemplate":"https:\/\/quehacerpolitico.mx\/?s={search_term_string}"},"query-input":{"@type":"PropertyValueSpecification","valueRequired":true,"valueName":"search_term_string"}}],"inLanguage":"es"},{"@type":"Person","@id":"https:\/\/quehacerpolitico.mx\/#\/schema\/person\/496d8ad2d1d3f8036101dca7ee39e585","name":"Redacci\u00f3n QP","image":{"@type":"ImageObject","inLanguage":"es","@id":"https:\/\/secure.gravatar.com\/avatar\/c7164ed6fdec453195284ad24a5ae5b6e1eed2b848477fa2a4787ba9adf39a41?s=96&d=mm&r=g","url":"https:\/\/secure.gravatar.com\/avatar\/c7164ed6fdec453195284ad24a5ae5b6e1eed2b848477fa2a4787ba9adf39a41?s=96&d=mm&r=g","contentUrl":"https:\/\/secure.gravatar.com\/avatar\/c7164ed6fdec453195284ad24a5ae5b6e1eed2b848477fa2a4787ba9adf39a41?s=96&d=mm&r=g","caption":"Redacci\u00f3n QP"},"url":"https:\/\/quehacerpolitico.mx\/?author=2"}]}},"featured_image_urls":{"full":["https:\/\/quehacerpolitico.mx\/wp-content\/uploads\/2022\/07\/BD9DDF09-77F0-47FE-9FFB-2638636C6131.jpeg",970,648,false],"thumbnail":["https:\/\/quehacerpolitico.mx\/wp-content\/uploads\/2022\/07\/BD9DDF09-77F0-47FE-9FFB-2638636C6131-150x150.jpeg",150,150,true],"medium":["https:\/\/quehacerpolitico.mx\/wp-content\/uploads\/2022\/07\/BD9DDF09-77F0-47FE-9FFB-2638636C6131-300x200.jpeg",300,200,true],"medium_large":["https:\/\/quehacerpolitico.mx\/wp-content\/uploads\/2022\/07\/BD9DDF09-77F0-47FE-9FFB-2638636C6131-768x513.jpeg",640,428,true],"large":["https:\/\/quehacerpolitico.mx\/wp-content\/uploads\/2022\/07\/BD9DDF09-77F0-47FE-9FFB-2638636C6131.jpeg",640,428,false],"1536x1536":["https:\/\/quehacerpolitico.mx\/wp-content\/uploads\/2022\/07\/BD9DDF09-77F0-47FE-9FFB-2638636C6131.jpeg",970,648,false],"2048x2048":["https:\/\/quehacerpolitico.mx\/wp-content\/uploads\/2022\/07\/BD9DDF09-77F0-47FE-9FFB-2638636C6131.jpeg",970,648,false],"covernews-featured":["https:\/\/quehacerpolitico.mx\/wp-content\/uploads\/2022\/07\/BD9DDF09-77F0-47FE-9FFB-2638636C6131.jpeg",970,648,false],"covernews-medium":["https:\/\/quehacerpolitico.mx\/wp-content\/uploads\/2022\/07\/BD9DDF09-77F0-47FE-9FFB-2638636C6131.jpeg",509,340,false]},"author_info":{"display_name":"Redacci\u00f3n QP","author_link":"https:\/\/quehacerpolitico.mx\/?author=2"},"category_info":"<a href=\"https:\/\/quehacerpolitico.mx\/?cat=1\" rel=\"category\">Internacionales<\/a>","tag_info":"Internacionales","comment_count":"0","_links":{"self":[{"href":"https:\/\/quehacerpolitico.mx\/index.php?rest_route=\/wp\/v2\/posts\/93553","targetHints":{"allow":["GET"]}}],"collection":[{"href":"https:\/\/quehacerpolitico.mx\/index.php?rest_route=\/wp\/v2\/posts"}],"about":[{"href":"https:\/\/quehacerpolitico.mx\/index.php?rest_route=\/wp\/v2\/types\/post"}],"author":[{"embeddable":true,"href":"https:\/\/quehacerpolitico.mx\/index.php?rest_route=\/wp\/v2\/users\/2"}],"replies":[{"embeddable":true,"href":"https:\/\/quehacerpolitico.mx\/index.php?rest_route=%2Fwp%2Fv2%2Fcomments&post=93553"}],"version-history":[{"count":1,"href":"https:\/\/quehacerpolitico.mx\/index.php?rest_route=\/wp\/v2\/posts\/93553\/revisions"}],"predecessor-version":[{"id":93559,"href":"https:\/\/quehacerpolitico.mx\/index.php?rest_route=\/wp\/v2\/posts\/93553\/revisions\/93559"}],"wp:featuredmedia":[{"embeddable":true,"href":"https:\/\/quehacerpolitico.mx\/index.php?rest_route=\/wp\/v2\/media\/93558"}],"wp:attachment":[{"href":"https:\/\/quehacerpolitico.mx\/index.php?rest_route=%2Fwp%2Fv2%2Fmedia&parent=93553"}],"wp:term":[{"taxonomy":"category","embeddable":true,"href":"https:\/\/quehacerpolitico.mx\/index.php?rest_route=%2Fwp%2Fv2%2Fcategories&post=93553"},{"taxonomy":"post_tag","embeddable":true,"href":"https:\/\/quehacerpolitico.mx\/index.php?rest_route=%2Fwp%2Fv2%2Ftags&post=93553"}],"curies":[{"name":"wp","href":"https:\/\/api.w.org\/{rel}","templated":true}]}}